{"id":282690,"date":"2026-03-10T20:36:56","date_gmt":"2026-03-10T20:36:56","guid":{"rendered":"https:\/\/soleyantonio.es\/financiacion-para-estudiar-fp-en-realizacion-de-proyectos-audiovisuales-y-espectaculos-plazos-cuotas-y-opciones-sin-letra-pequena\/"},"modified":"2026-04-15T13:00:37","modified_gmt":"2026-04-15T11:00:37","slug":"financiacion-para-estudiar-fp-en-realizacion-de-proyectos-audiovisuales-y-espectaculos-plazos-cuotas-y-opciones-sin-letra-pequena-blog","status":"publish","type":"post","link":"https:\/\/fpsuperiorufv.es\/blog\/financiacion-para-estudiar-fp-en-realizacion-de-proyectos-audiovisuales-y-espectaculos-plazos-cuotas-y-opciones-sin-letra-pequena-blog\/","title":{"rendered":"Financiaci\u00f3n para estudiar FP en Realizaci\u00f3n de Proyectos Audiovisuales y Espect\u00e1culos: plazos cuotas y opciones (sin letra peque\u00f1a)"},"content":{"rendered":"<h2>Financiaci\u00f3n para estudiar FP en Realizaci\u00f3n de Proyectos Audiovisuales y Espect\u00e1culos<\/h2>\n<p>\u00bfTe apasiona el mundo audiovisual y quieres dar un paso adelante en tu formaci\u00f3n? En la FP Superior Francisco de Vitoria, ofrecemos un Ciclo Formativo en Realizaci\u00f3n de Proyectos Audiovisuales y Espect\u00e1culos que te preparar\u00e1 para destacar en esta industria. Pero, \u00bfc\u00f3mo puedes financiar tus estudios? En este art\u00edculo, vamos a desglosar las opciones de financiaci\u00f3n, plazos y cuotas, para que puedas concentrarte en lo que realmente importa: tu futuro.<\/p>\n<h2>Curiosidades y datos interesantes sobre la financiaci\u00f3n de la FP<\/h2>\n<ul>\n<li>M\u00e1s del 50% de los estudiantes de FP utilizan alg\u00fan tipo de financiaci\u00f3n para cubrir sus estudios.<\/li>\n<li>Los pr\u00e9stamos para estudiantes suelen tener tipos de inter\u00e9s m\u00e1s bajos que los pr\u00e9stamos personales.<\/li>\n<li>El 70% de los estudiantes de FP en Espa\u00f1a considera que la financiaci\u00f3n es un aspecto clave en su decisi\u00f3n de matricularse.<\/li>\n<li>Las becas y ayudas pueden reducir considerablemente el coste de la formaci\u00f3n.<\/li>\n<li>El sector audiovisual es uno de los m\u00e1s din\u00e1micos y con mayor crecimiento en el mercado laboral.<\/li>\n<\/ul>\n<h2>Opciones de financiaci\u00f3n para estudiar FP<\/h2>\n<p>Cuando se trata de financiar tu formaci\u00f3n, tienes varias alternativas disponibles. Aqu\u00ed te presentamos las opciones m\u00e1s comunes que puedes considerar:<\/p>\n<h3>1. Becas y ayudas<\/h3>\n<p>Existen diferentes tipos de becas que pueden ayudarte a financiar tus estudios:<\/p>\n<ul>\n<li><strong>Becas del Ministerio de Educaci\u00f3n:<\/strong> Estas becas est\u00e1n dirigidas a estudiantes con necesidades econ\u00f3micas.<\/li>\n<li><strong>Becas de la Comunidad de Madrid:<\/strong> Ofrecen ayudas espec\u00edficas para estudios en la regi\u00f3n.<\/li>\n<li><strong>Becas de la Universidad Francisco de Vitoria:<\/strong> Estas becas son exclusivas para nuestros estudiantes.<\/li>\n<\/ul>\n<h3>2. Pr\u00e9stamos educativos<\/h3>\n<p>Los pr\u00e9stamos para estudiantes son una opci\u00f3n popular. Algunas caracter\u00edsticas son:<\/p>\n<ul>\n<li><strong>Tipos de inter\u00e9s bajos:<\/strong> Generalmente, se ofrecen a tasas m\u00e1s atractivas que los pr\u00e9stamos personales.<\/li>\n<li><strong>Condiciones flexibles:<\/strong> Puedes encontrar pr\u00e9stamos que te permitan ajustar los plazos de pago.<\/li>\n<li><strong>Posibilidad de aplazamiento:<\/strong> Algunos pr\u00e9stamos permiten empezar a pagar despu\u00e9s de finalizar tus estudios.<\/li>\n<\/ul>\n<h3>3. Planes de pago a plazos<\/h3>\n<p>En nuestra FP Superior, ofrecemos la posibilidad de pagar tu matr\u00edcula a plazos. Esto puede facilitarte la gesti\u00f3n de tus finanzas:<\/p>\n<ul>\n<li><strong>Flexibilidad:<\/strong> Puedes elegir el n\u00famero de cuotas que mejor se adapte a tu situaci\u00f3n.<\/li>\n<li><strong>Sin intereses adicionales:<\/strong> En muchos casos, no se aplican intereses por el fraccionamiento del pago.<\/li>\n<\/ul>\n<h2>Plazos y cuotas de matr\u00edcula<\/h2>\n<p>Es importante que conozcas los plazos y cuotas de matr\u00edcula para que puedas organizarte mejor:<\/p>\n<h3>Plazos de matr\u00edcula<\/h3>\n<p>Los plazos de matr\u00edcula suelen ser los siguientes:<\/p>\n<ul>\n<li><strong>Primera convocatoria:<\/strong> Abierta desde junio hasta septiembre.<\/li>\n<li><strong>Segunda convocatoria:<\/strong> En caso de plazas disponibles, se abrir\u00e1 en octubre.<\/li>\n<\/ul>\n<h3>Cuotas de matr\u00edcula<\/h3>\n<p>Las cuotas pueden variar seg\u00fan si optas por el pago \u00fanico o el pago a plazos. Aqu\u00ed te dejamos un ejemplo:<\/p>\n<ul>\n<li><strong>Pago \u00fanico:<\/strong> 3.000 \u20ac (descuento del 5% si se paga antes de la fecha l\u00edmite).<\/li>\n<li><strong>Pago a plazos:<\/strong> 3.300 \u20ac en 12 mensualidades de 275 \u20ac.<\/li>\n<\/ul>\n<h2>Ejemplos de financiaci\u00f3n<\/h2>\n<p>Veamos un par de ejemplos concretos para que te hagas una idea de c\u00f3mo gestionar la financiaci\u00f3n:<\/p>\n<h3>Ejemplo 1: Con beca del Ministerio<\/h3>\n<p>Imagina que consigues una beca que cubre el 50% de la matr\u00edcula. En este caso:<\/p>\n<ul>\n<li>Precio total: 3.000 \u20ac<\/li>\n<li>Beca: -1.500 \u20ac<\/li>\n<li>Total a pagar: 1.500 \u20ac<\/li>\n<li>Si eliges pagar a plazos: 12 mensualidades de 125 \u20ac.<\/li>\n<\/ul>\n<h3>Ejemplo 2: Pr\u00e9stamo educativo<\/h3>\n<p>Si decides solicitar un pr\u00e9stamo educativo por el total de la matr\u00edcula, as\u00ed podr\u00eda quedar:<\/p>\n<ul>\n<li>Precio total: 3.000 \u20ac<\/li>\n<li>Pr\u00e9stamo: 3.000 \u20ac a un inter\u00e9s del 3% a 5 a\u00f1os.<\/li>\n<li>Cuota mensual aproximada: 60 \u20ac.<\/li>\n<\/ul>\n<h2>Preguntas frecuentes<\/h2>\n<h2>\u00bfQu\u00e9 requisitos necesito para solicitar una beca?<\/h2>\n<p>Normalmente, necesitar\u00e1s demostrar tu situaci\u00f3n econ\u00f3mica, as\u00ed como cumplir con los criterios acad\u00e9micos establecidos por cada tipo de beca.<\/p>\n<h2>\u00bfEs posible combinar becas y pr\u00e9stamos?<\/h2>\n<p>S\u00ed, puedes combinar ambas opciones para optimizar la financiaci\u00f3n de tus estudios. Es recomendable que investigues cada opci\u00f3n para maximizar tu ayuda econ\u00f3mica.<\/p>\n<h2>\u00bfC\u00f3mo puedo matricularme en el Ciclo Formativo?<\/h2>\n<p>Puedes consultar toda la informaci\u00f3n sobre el proceso de admisi\u00f3n en nuestra p\u00e1gina web: <a href=https:\/\/fpsuperiorufv.es\/secretaria-admision-y-ayuda\/>Proceso de Admisi\u00f3n<\/a>.<\/p>\n<h2>\u00bfPuedo financiar mis estudios si soy extranjero?<\/h2>\n<p>S\u00ed, los estudiantes extranjeros tambi\u00e9n pueden acceder a opciones de financiaci\u00f3n, aunque es posible que haya diferencias en los requisitos. Te aconsejamos que te informes bien sobre las becas y ayudas disponibles.<\/p>\n<h2>Conclusi\u00f3n<\/h2>\n<p>Estudiar un Ciclo Formativo de FP Superior en Realizaci\u00f3n de Proyectos Audiovisuales y Espect\u00e1culos es una oportunidad apasionante que puede abrirte muchas puertas en el sector audiovisual. Con las opciones de financiaci\u00f3n que hemos presentado, esperamos haberte ayudado a ver que estudiar no solo es posible, sino tambi\u00e9n accesible. No dudes en ponerte en contacto con nosotros si tienes m\u00e1s preguntas o quieres matricularte.<\/p>\n","protected":false},"excerpt":{"rendered":"<p>Financiaci\u00f3n para estudiar FP en Realizaci\u00f3n de Proyectos Audiovisuales y Espect\u00e1culos \u00bfTe apasiona el mundo audiovisual y quieres dar un paso adelante en tu formaci\u00f3n? En la FP Superior Francisco de Vitoria, ofrecemos un Ciclo Formativo en Realizaci\u00f3n de Proyectos Audiovisuales y Espect\u00e1culos que te preparar\u00e1 para destacar en esta industria. Pero, \u00bfc\u00f3mo puedes financiar [&hellip;]<\/p>\n","protected":false},"author":1,"featured_media":2728,"comment_status":"open","ping_status":"open","sticky":false,"template":"","format":"standard","meta":{"inline_featured_image":false,"footnotes":""},"categories":[393,388],"tags":[],"class_list":["post-282690","post","type-post","status-publish","format-standard","has-post-thumbnail","hentry","category-preguntas-frecuentes","category-realizacion-de-proyectos-audiovisuales-y-espectaculos"],"yoast_head":"<!-- This site is optimized with the Yoast SEO plugin v27.4 - https:\/\/yoast.com\/product\/yoast-seo-wordpress\/ -->\n<title>Financiaci\u00f3n para estudiar FP en Realizaci\u00f3n de Proyectos Audiovisuales y Espect\u00e1culos: plazos cuotas y opciones (sin letra peque\u00f1a) - Cetys<\/title>\n<meta name=\"robots\" content=\"index, follow, max-snippet:-1, max-image-preview:large, max-video-preview:-1\" \/>\n<link rel=\"canonical\" href=\"https:\/\/fpsuperiorufv.es\/blog\/financiacion-para-estudiar-fp-en-realizacion-de-proyectos-audiovisuales-y-espectaculos-plazos-cuotas-y-opciones-sin-letra-pequena-blog\/\" \/>\n<meta property=\"og:locale\" content=\"es_ES\" \/>\n<meta property=\"og:type\" content=\"article\" \/>\n<meta property=\"og:title\" content=\"Financiaci\u00f3n para estudiar FP en Realizaci\u00f3n de Proyectos Audiovisuales y Espect\u00e1culos: plazos cuotas y opciones (sin letra peque\u00f1a) - Cetys\" \/>\n<meta property=\"og:description\" content=\"Financiaci\u00f3n para estudiar FP en Realizaci\u00f3n de Proyectos Audiovisuales y Espect\u00e1culos \u00bfTe apasiona el mundo audiovisual y quieres dar un paso adelante en tu formaci\u00f3n? En la FP Superior Francisco de Vitoria, ofrecemos un Ciclo Formativo en Realizaci\u00f3n de Proyectos Audiovisuales y Espect\u00e1culos que te preparar\u00e1 para destacar en esta industria. Pero, \u00bfc\u00f3mo puedes financiar [&hellip;]\" \/>\n<meta property=\"og:url\" content=\"https:\/\/fpsuperiorufv.es\/blog\/financiacion-para-estudiar-fp-en-realizacion-de-proyectos-audiovisuales-y-espectaculos-plazos-cuotas-y-opciones-sin-letra-pequena-blog\/\" \/>\n<meta property=\"og:site_name\" content=\"Cetys\" \/>\n<meta property=\"article:published_time\" content=\"2026-03-10T20:36:56+00:00\" \/>\n<meta property=\"article:modified_time\" content=\"2026-04-15T11:00:37+00:00\" \/>\n<meta property=\"og:image\" content=\"https:\/\/fpsuperiorufv.es\/blog\/wp-content\/uploads\/2025\/08\/DSC1088-scaled-1.jpg\" \/>\n\t<meta property=\"og:image:width\" content=\"2560\" \/>\n\t<meta property=\"og:image:height\" content=\"1707\" \/>\n\t<meta property=\"og:image:type\" content=\"image\/jpeg\" \/>\n<meta name=\"author\" content=\"FP Superior UFV\" \/>\n<meta name=\"twitter:card\" content=\"summary_large_image\" \/>\n<meta name=\"twitter:label1\" content=\"Escrito por\" \/>\n\t<meta name=\"twitter:data1\" content=\"FP Superior UFV\" \/>\n\t<meta name=\"twitter:label2\" content=\"Tiempo de lectura\" \/>\n\t<meta name=\"twitter:data2\" content=\"4 minutos\" \/>\n<script type=\"application\/ld+json\" class=\"yoast-schema-graph\">{\"@context\":\"https:\\\/\\\/schema.org\",\"@graph\":[{\"@type\":\"Article\",\"@id\":\"https:\\\/\\\/fpsuperiorufv.es\\\/blog\\\/financiacion-para-estudiar-fp-en-realizacion-de-proyectos-audiovisuales-y-espectaculos-plazos-cuotas-y-opciones-sin-letra-pequena-blog\\\/#article\",\"isPartOf\":{\"@id\":\"https:\\\/\\\/fpsuperiorufv.es\\\/blog\\\/financiacion-para-estudiar-fp-en-realizacion-de-proyectos-audiovisuales-y-espectaculos-plazos-cuotas-y-opciones-sin-letra-pequena-blog\\\/\"},\"author\":{\"name\":\"FP Superior UFV\",\"@id\":\"https:\\\/\\\/fpsuperiorufv.es\\\/blog\\\/#\\\/schema\\\/person\\\/c7ac6e2e7af298050da8d956ac824347\"},\"headline\":\"Financiaci\u00f3n para estudiar FP en Realizaci\u00f3n de Proyectos Audiovisuales y Espect\u00e1culos: plazos cuotas y opciones (sin letra peque\u00f1a)\",\"datePublished\":\"2026-03-10T20:36:56+00:00\",\"dateModified\":\"2026-04-15T11:00:37+00:00\",\"mainEntityOfPage\":{\"@id\":\"https:\\\/\\\/fpsuperiorufv.es\\\/blog\\\/financiacion-para-estudiar-fp-en-realizacion-de-proyectos-audiovisuales-y-espectaculos-plazos-cuotas-y-opciones-sin-letra-pequena-blog\\\/\"},\"wordCount\":831,\"commentCount\":0,\"publisher\":{\"@id\":\"https:\\\/\\\/fpsuperiorufv.es\\\/blog\\\/#organization\"},\"image\":{\"@id\":\"https:\\\/\\\/fpsuperiorufv.es\\\/blog\\\/financiacion-para-estudiar-fp-en-realizacion-de-proyectos-audiovisuales-y-espectaculos-plazos-cuotas-y-opciones-sin-letra-pequena-blog\\\/#primaryimage\"},\"thumbnailUrl\":\"https:\\\/\\\/fpsuperiorufv.es\\\/blog\\\/wp-content\\\/uploads\\\/2025\\\/08\\\/DSC1088-scaled-1.jpg\",\"articleSection\":[\"Preguntas frecuentes\",\"Realizaci\u00f3n de Proyectos Audiovisuales y Espect\u00e1culos\"],\"inLanguage\":\"es\",\"potentialAction\":[{\"@type\":\"CommentAction\",\"name\":\"Comment\",\"target\":[\"https:\\\/\\\/fpsuperiorufv.es\\\/blog\\\/financiacion-para-estudiar-fp-en-realizacion-de-proyectos-audiovisuales-y-espectaculos-plazos-cuotas-y-opciones-sin-letra-pequena-blog\\\/#respond\"]}]},{\"@type\":\"WebPage\",\"@id\":\"https:\\\/\\\/fpsuperiorufv.es\\\/blog\\\/financiacion-para-estudiar-fp-en-realizacion-de-proyectos-audiovisuales-y-espectaculos-plazos-cuotas-y-opciones-sin-letra-pequena-blog\\\/\",\"url\":\"https:\\\/\\\/fpsuperiorufv.es\\\/blog\\\/financiacion-para-estudiar-fp-en-realizacion-de-proyectos-audiovisuales-y-espectaculos-plazos-cuotas-y-opciones-sin-letra-pequena-blog\\\/\",\"name\":\"Financiaci\u00f3n para estudiar FP en Realizaci\u00f3n de Proyectos Audiovisuales y Espect\u00e1culos: plazos cuotas y opciones (sin letra peque\u00f1a) - Cetys\",\"isPartOf\":{\"@id\":\"https:\\\/\\\/fpsuperiorufv.es\\\/blog\\\/#website\"},\"primaryImageOfPage\":{\"@id\":\"https:\\\/\\\/fpsuperiorufv.es\\\/blog\\\/financiacion-para-estudiar-fp-en-realizacion-de-proyectos-audiovisuales-y-espectaculos-plazos-cuotas-y-opciones-sin-letra-pequena-blog\\\/#primaryimage\"},\"image\":{\"@id\":\"https:\\\/\\\/fpsuperiorufv.es\\\/blog\\\/financiacion-para-estudiar-fp-en-realizacion-de-proyectos-audiovisuales-y-espectaculos-plazos-cuotas-y-opciones-sin-letra-pequena-blog\\\/#primaryimage\"},\"thumbnailUrl\":\"https:\\\/\\\/fpsuperiorufv.es\\\/blog\\\/wp-content\\\/uploads\\\/2025\\\/08\\\/DSC1088-scaled-1.jpg\",\"datePublished\":\"2026-03-10T20:36:56+00:00\",\"dateModified\":\"2026-04-15T11:00:37+00:00\",\"breadcrumb\":{\"@id\":\"https:\\\/\\\/fpsuperiorufv.es\\\/blog\\\/financiacion-para-estudiar-fp-en-realizacion-de-proyectos-audiovisuales-y-espectaculos-plazos-cuotas-y-opciones-sin-letra-pequena-blog\\\/#breadcrumb\"},\"inLanguage\":\"es\",\"potentialAction\":[{\"@type\":\"ReadAction\",\"target\":[\"https:\\\/\\\/fpsuperiorufv.es\\\/blog\\\/financiacion-para-estudiar-fp-en-realizacion-de-proyectos-audiovisuales-y-espectaculos-plazos-cuotas-y-opciones-sin-letra-pequena-blog\\\/\"]}]},{\"@type\":\"ImageObject\",\"inLanguage\":\"es\",\"@id\":\"https:\\\/\\\/fpsuperiorufv.es\\\/blog\\\/financiacion-para-estudiar-fp-en-realizacion-de-proyectos-audiovisuales-y-espectaculos-plazos-cuotas-y-opciones-sin-letra-pequena-blog\\\/#primaryimage\",\"url\":\"https:\\\/\\\/fpsuperiorufv.es\\\/blog\\\/wp-content\\\/uploads\\\/2025\\\/08\\\/DSC1088-scaled-1.jpg\",\"contentUrl\":\"https:\\\/\\\/fpsuperiorufv.es\\\/blog\\\/wp-content\\\/uploads\\\/2025\\\/08\\\/DSC1088-scaled-1.jpg\",\"width\":2560,\"height\":1707},{\"@type\":\"BreadcrumbList\",\"@id\":\"https:\\\/\\\/fpsuperiorufv.es\\\/blog\\\/financiacion-para-estudiar-fp-en-realizacion-de-proyectos-audiovisuales-y-espectaculos-plazos-cuotas-y-opciones-sin-letra-pequena-blog\\\/#breadcrumb\",\"itemListElement\":[{\"@type\":\"ListItem\",\"position\":1,\"name\":\"Home\",\"item\":\"https:\\\/\\\/fpsuperiorufv.es\\\/blog\\\/\"},{\"@type\":\"ListItem\",\"position\":2,\"name\":\"Financiaci\u00f3n para estudiar FP en Realizaci\u00f3n de Proyectos Audiovisuales y Espect\u00e1culos: plazos cuotas y opciones (sin letra peque\u00f1a)\"}]},{\"@type\":\"WebSite\",\"@id\":\"https:\\\/\\\/fpsuperiorufv.es\\\/blog\\\/#website\",\"url\":\"https:\\\/\\\/fpsuperiorufv.es\\\/blog\\\/\",\"name\":\"Fp Superior Francisco de Vitoria\",\"description\":\"\",\"publisher\":{\"@id\":\"https:\\\/\\\/fpsuperiorufv.es\\\/blog\\\/#organization\"},\"alternateName\":\"Cetys\",\"potentialAction\":[{\"@type\":\"SearchAction\",\"target\":{\"@type\":\"EntryPoint\",\"urlTemplate\":\"https:\\\/\\\/fpsuperiorufv.es\\\/blog\\\/?s={search_term_string}\"},\"query-input\":{\"@type\":\"PropertyValueSpecification\",\"valueRequired\":true,\"valueName\":\"search_term_string\"}}],\"inLanguage\":\"es\"},{\"@type\":\"Organization\",\"@id\":\"https:\\\/\\\/fpsuperiorufv.es\\\/blog\\\/#organization\",\"name\":\"Cetys\",\"url\":\"https:\\\/\\\/fpsuperiorufv.es\\\/blog\\\/\",\"logo\":{\"@type\":\"ImageObject\",\"inLanguage\":\"es\",\"@id\":\"https:\\\/\\\/fpsuperiorufv.es\\\/blog\\\/#\\\/schema\\\/logo\\\/image\\\/\",\"url\":\"https:\\\/\\\/fpsuperiorufv.lo\\\/wp-content\\\/uploads\\\/2025\\\/02\\\/logo.svg\",\"contentUrl\":\"https:\\\/\\\/fpsuperiorufv.lo\\\/wp-content\\\/uploads\\\/2025\\\/02\\\/logo.svg\",\"width\":\"1024\",\"height\":\"1024\",\"caption\":\"Cetys\"},\"image\":{\"@id\":\"https:\\\/\\\/fpsuperiorufv.es\\\/blog\\\/#\\\/schema\\\/logo\\\/image\\\/\"}},{\"@type\":\"Person\",\"@id\":\"https:\\\/\\\/fpsuperiorufv.es\\\/blog\\\/#\\\/schema\\\/person\\\/c7ac6e2e7af298050da8d956ac824347\",\"name\":\"FP Superior UFV\",\"image\":{\"@type\":\"ImageObject\",\"inLanguage\":\"es\",\"@id\":\"https:\\\/\\\/secure.gravatar.com\\\/avatar\\\/002af9a4377d87096f281de7725cae2f359bff0b0b7439b98b80936e58af2d91?s=96&d=mm&r=g\",\"url\":\"https:\\\/\\\/secure.gravatar.com\\\/avatar\\\/002af9a4377d87096f281de7725cae2f359bff0b0b7439b98b80936e58af2d91?s=96&d=mm&r=g\",\"contentUrl\":\"https:\\\/\\\/secure.gravatar.com\\\/avatar\\\/002af9a4377d87096f281de7725cae2f359bff0b0b7439b98b80936e58af2d91?s=96&d=mm&r=g\",\"caption\":\"FP Superior UFV\"},\"sameAs\":[\"https:\\\/\\\/fpsuperiorufv.lo\"],\"url\":\"https:\\\/\\\/fpsuperiorufv.es\\\/blog\\\/author\\\/administrador\\\/\"}]}<\/script>\n<!-- \/ Yoast SEO plugin. -->","yoast_head_json":{"title":"Financiaci\u00f3n para estudiar FP en Realizaci\u00f3n de Proyectos Audiovisuales y Espect\u00e1culos: plazos cuotas y opciones (sin letra peque\u00f1a) - Cetys","robots":{"index":"index","follow":"follow","max-snippet":"max-snippet:-1","max-image-preview":"max-image-preview:large","max-video-preview":"max-video-preview:-1"},"canonical":"https:\/\/fpsuperiorufv.es\/blog\/financiacion-para-estudiar-fp-en-realizacion-de-proyectos-audiovisuales-y-espectaculos-plazos-cuotas-y-opciones-sin-letra-pequena-blog\/","og_locale":"es_ES","og_type":"article","og_title":"Financiaci\u00f3n para estudiar FP en Realizaci\u00f3n de Proyectos Audiovisuales y Espect\u00e1culos: plazos cuotas y opciones (sin letra peque\u00f1a) - Cetys","og_description":"Financiaci\u00f3n para estudiar FP en Realizaci\u00f3n de Proyectos Audiovisuales y Espect\u00e1culos \u00bfTe apasiona el mundo audiovisual y quieres dar un paso adelante en tu formaci\u00f3n? En la FP Superior Francisco de Vitoria, ofrecemos un Ciclo Formativo en Realizaci\u00f3n de Proyectos Audiovisuales y Espect\u00e1culos que te preparar\u00e1 para destacar en esta industria. Pero, \u00bfc\u00f3mo puedes financiar [&hellip;]","og_url":"https:\/\/fpsuperiorufv.es\/blog\/financiacion-para-estudiar-fp-en-realizacion-de-proyectos-audiovisuales-y-espectaculos-plazos-cuotas-y-opciones-sin-letra-pequena-blog\/","og_site_name":"Cetys","article_published_time":"2026-03-10T20:36:56+00:00","article_modified_time":"2026-04-15T11:00:37+00:00","og_image":[{"width":2560,"height":1707,"url":"https:\/\/fpsuperiorufv.es\/blog\/wp-content\/uploads\/2025\/08\/DSC1088-scaled-1.jpg","type":"image\/jpeg"}],"author":"FP Superior UFV","twitter_card":"summary_large_image","twitter_misc":{"Escrito por":"FP Superior UFV","Tiempo de lectura":"4 minutos"},"schema":{"@context":"https:\/\/schema.org","@graph":[{"@type":"Article","@id":"https:\/\/fpsuperiorufv.es\/blog\/financiacion-para-estudiar-fp-en-realizacion-de-proyectos-audiovisuales-y-espectaculos-plazos-cuotas-y-opciones-sin-letra-pequena-blog\/#article","isPartOf":{"@id":"https:\/\/fpsuperiorufv.es\/blog\/financiacion-para-estudiar-fp-en-realizacion-de-proyectos-audiovisuales-y-espectaculos-plazos-cuotas-y-opciones-sin-letra-pequena-blog\/"},"author":{"name":"FP Superior UFV","@id":"https:\/\/fpsuperiorufv.es\/blog\/#\/schema\/person\/c7ac6e2e7af298050da8d956ac824347"},"headline":"Financiaci\u00f3n para estudiar FP en Realizaci\u00f3n de Proyectos Audiovisuales y Espect\u00e1culos: plazos cuotas y opciones (sin letra peque\u00f1a)","datePublished":"2026-03-10T20:36:56+00:00","dateModified":"2026-04-15T11:00:37+00:00","mainEntityOfPage":{"@id":"https:\/\/fpsuperiorufv.es\/blog\/financiacion-para-estudiar-fp-en-realizacion-de-proyectos-audiovisuales-y-espectaculos-plazos-cuotas-y-opciones-sin-letra-pequena-blog\/"},"wordCount":831,"commentCount":0,"publisher":{"@id":"https:\/\/fpsuperiorufv.es\/blog\/#organization"},"image":{"@id":"https:\/\/fpsuperiorufv.es\/blog\/financiacion-para-estudiar-fp-en-realizacion-de-proyectos-audiovisuales-y-espectaculos-plazos-cuotas-y-opciones-sin-letra-pequena-blog\/#primaryimage"},"thumbnailUrl":"https:\/\/fpsuperiorufv.es\/blog\/wp-content\/uploads\/2025\/08\/DSC1088-scaled-1.jpg","articleSection":["Preguntas frecuentes","Realizaci\u00f3n de Proyectos Audiovisuales y Espect\u00e1culos"],"inLanguage":"es","potentialAction":[{"@type":"CommentAction","name":"Comment","target":["https:\/\/fpsuperiorufv.es\/blog\/financiacion-para-estudiar-fp-en-realizacion-de-proyectos-audiovisuales-y-espectaculos-plazos-cuotas-y-opciones-sin-letra-pequena-blog\/#respond"]}]},{"@type":"WebPage","@id":"https:\/\/fpsuperiorufv.es\/blog\/financiacion-para-estudiar-fp-en-realizacion-de-proyectos-audiovisuales-y-espectaculos-plazos-cuotas-y-opciones-sin-letra-pequena-blog\/","url":"https:\/\/fpsuperiorufv.es\/blog\/financiacion-para-estudiar-fp-en-realizacion-de-proyectos-audiovisuales-y-espectaculos-plazos-cuotas-y-opciones-sin-letra-pequena-blog\/","name":"Financiaci\u00f3n para estudiar FP en Realizaci\u00f3n de Proyectos Audiovisuales y Espect\u00e1culos: plazos cuotas y opciones (sin letra peque\u00f1a) - Cetys","isPartOf":{"@id":"https:\/\/fpsuperiorufv.es\/blog\/#website"},"primaryImageOfPage":{"@id":"https:\/\/fpsuperiorufv.es\/blog\/financiacion-para-estudiar-fp-en-realizacion-de-proyectos-audiovisuales-y-espectaculos-plazos-cuotas-y-opciones-sin-letra-pequena-blog\/#primaryimage"},"image":{"@id":"https:\/\/fpsuperiorufv.es\/blog\/financiacion-para-estudiar-fp-en-realizacion-de-proyectos-audiovisuales-y-espectaculos-plazos-cuotas-y-opciones-sin-letra-pequena-blog\/#primaryimage"},"thumbnailUrl":"https:\/\/fpsuperiorufv.es\/blog\/wp-content\/uploads\/2025\/08\/DSC1088-scaled-1.jpg","datePublished":"2026-03-10T20:36:56+00:00","dateModified":"2026-04-15T11:00:37+00:00","breadcrumb":{"@id":"https:\/\/fpsuperiorufv.es\/blog\/financiacion-para-estudiar-fp-en-realizacion-de-proyectos-audiovisuales-y-espectaculos-plazos-cuotas-y-opciones-sin-letra-pequena-blog\/#breadcrumb"},"inLanguage":"es","potentialAction":[{"@type":"ReadAction","target":["https:\/\/fpsuperiorufv.es\/blog\/financiacion-para-estudiar-fp-en-realizacion-de-proyectos-audiovisuales-y-espectaculos-plazos-cuotas-y-opciones-sin-letra-pequena-blog\/"]}]},{"@type":"ImageObject","inLanguage":"es","@id":"https:\/\/fpsuperiorufv.es\/blog\/financiacion-para-estudiar-fp-en-realizacion-de-proyectos-audiovisuales-y-espectaculos-plazos-cuotas-y-opciones-sin-letra-pequena-blog\/#primaryimage","url":"https:\/\/fpsuperiorufv.es\/blog\/wp-content\/uploads\/2025\/08\/DSC1088-scaled-1.jpg","contentUrl":"https:\/\/fpsuperiorufv.es\/blog\/wp-content\/uploads\/2025\/08\/DSC1088-scaled-1.jpg","width":2560,"height":1707},{"@type":"BreadcrumbList","@id":"https:\/\/fpsuperiorufv.es\/blog\/financiacion-para-estudiar-fp-en-realizacion-de-proyectos-audiovisuales-y-espectaculos-plazos-cuotas-y-opciones-sin-letra-pequena-blog\/#breadcrumb","itemListElement":[{"@type":"ListItem","position":1,"name":"Home","item":"https:\/\/fpsuperiorufv.es\/blog\/"},{"@type":"ListItem","position":2,"name":"Financiaci\u00f3n para estudiar FP en Realizaci\u00f3n de Proyectos Audiovisuales y Espect\u00e1culos: plazos cuotas y opciones (sin letra peque\u00f1a)"}]},{"@type":"WebSite","@id":"https:\/\/fpsuperiorufv.es\/blog\/#website","url":"https:\/\/fpsuperiorufv.es\/blog\/","name":"Fp Superior Francisco de Vitoria","description":"","publisher":{"@id":"https:\/\/fpsuperiorufv.es\/blog\/#organization"},"alternateName":"Cetys","potentialAction":[{"@type":"SearchAction","target":{"@type":"EntryPoint","urlTemplate":"https:\/\/fpsuperiorufv.es\/blog\/?s={search_term_string}"},"query-input":{"@type":"PropertyValueSpecification","valueRequired":true,"valueName":"search_term_string"}}],"inLanguage":"es"},{"@type":"Organization","@id":"https:\/\/fpsuperiorufv.es\/blog\/#organization","name":"Cetys","url":"https:\/\/fpsuperiorufv.es\/blog\/","logo":{"@type":"ImageObject","inLanguage":"es","@id":"https:\/\/fpsuperiorufv.es\/blog\/#\/schema\/logo\/image\/","url":"https:\/\/fpsuperiorufv.lo\/wp-content\/uploads\/2025\/02\/logo.svg","contentUrl":"https:\/\/fpsuperiorufv.lo\/wp-content\/uploads\/2025\/02\/logo.svg","width":"1024","height":"1024","caption":"Cetys"},"image":{"@id":"https:\/\/fpsuperiorufv.es\/blog\/#\/schema\/logo\/image\/"}},{"@type":"Person","@id":"https:\/\/fpsuperiorufv.es\/blog\/#\/schema\/person\/c7ac6e2e7af298050da8d956ac824347","name":"FP Superior UFV","image":{"@type":"ImageObject","inLanguage":"es","@id":"https:\/\/secure.gravatar.com\/avatar\/002af9a4377d87096f281de7725cae2f359bff0b0b7439b98b80936e58af2d91?s=96&d=mm&r=g","url":"https:\/\/secure.gravatar.com\/avatar\/002af9a4377d87096f281de7725cae2f359bff0b0b7439b98b80936e58af2d91?s=96&d=mm&r=g","contentUrl":"https:\/\/secure.gravatar.com\/avatar\/002af9a4377d87096f281de7725cae2f359bff0b0b7439b98b80936e58af2d91?s=96&d=mm&r=g","caption":"FP Superior UFV"},"sameAs":["https:\/\/fpsuperiorufv.lo"],"url":"https:\/\/fpsuperiorufv.es\/blog\/author\/administrador\/"}]}},"_links":{"self":[{"href":"https:\/\/fpsuperiorufv.es\/blog\/wp-json\/wp\/v2\/posts\/282690","targetHints":{"allow":["GET"]}}],"collection":[{"href":"https:\/\/fpsuperiorufv.es\/blog\/wp-json\/wp\/v2\/posts"}],"about":[{"href":"https:\/\/fpsuperiorufv.es\/blog\/wp-json\/wp\/v2\/types\/post"}],"author":[{"embeddable":true,"href":"https:\/\/fpsuperiorufv.es\/blog\/wp-json\/wp\/v2\/users\/1"}],"replies":[{"embeddable":true,"href":"https:\/\/fpsuperiorufv.es\/blog\/wp-json\/wp\/v2\/comments?post=282690"}],"version-history":[{"count":1,"href":"https:\/\/fpsuperiorufv.es\/blog\/wp-json\/wp\/v2\/posts\/282690\/revisions"}],"predecessor-version":[{"id":283354,"href":"https:\/\/fpsuperiorufv.es\/blog\/wp-json\/wp\/v2\/posts\/282690\/revisions\/283354"}],"wp:featuredmedia":[{"embeddable":true,"href":"https:\/\/fpsuperiorufv.es\/blog\/wp-json\/wp\/v2\/media\/2728"}],"wp:attachment":[{"href":"https:\/\/fpsuperiorufv.es\/blog\/wp-json\/wp\/v2\/media?parent=282690"}],"wp:term":[{"taxonomy":"category","embeddable":true,"href":"https:\/\/fpsuperiorufv.es\/blog\/wp-json\/wp\/v2\/categories?post=282690"},{"taxonomy":"post_tag","embeddable":true,"href":"https:\/\/fpsuperiorufv.es\/blog\/wp-json\/wp\/v2\/tags?post=282690"}],"curies":[{"name":"wp","href":"https:\/\/api.w.org\/{rel}","templated":true}]}}