{"id":282700,"date":"2026-03-12T02:39:55","date_gmt":"2026-03-12T02:39:55","guid":{"rendered":"https:\/\/soleyantonio.es\/fp-online-vs-presencial-para-fp-en-asesoria-de-imagen-personal-y-corporativa-cual-te-conviene-segun-tu-perfil\/"},"modified":"2026-04-15T12:03:50","modified_gmt":"2026-04-15T10:03:50","slug":"fp-online-vs-presencial-para-fp-en-asesoria-de-imagen-personal-y-corporativa-cual-te-conviene-segun-tu-perfil-blog","status":"publish","type":"post","link":"https:\/\/fpsuperiorufv.es\/blog\/fp-online-vs-presencial-para-fp-en-asesoria-de-imagen-personal-y-corporativa-cual-te-conviene-segun-tu-perfil-blog\/","title":{"rendered":"FP Online vs Presencial para FP en Asesor\u00eda de Imagen Personal y Corporativa: cu\u00e1l te conviene seg\u00fan tu perfil"},"content":{"rendered":"<h2>FP Online vs Presencial en Asesor\u00eda de Imagen Personal y Corporativa: \u00bfCu\u00e1l te conviene seg\u00fan tu perfil?<\/h2>\n<p>Si est\u00e1s considerando formarte en Asesor\u00eda de Imagen Personal y Corporativa, seguro que te has preguntado si es mejor optar por un ciclo formativo online o presencial. Ambos formatos tienen sus ventajas y desventajas, y la elecci\u00f3n puede depender de tu estilo de vida, tus objetivos y tus preferencias personales. En este art\u00edculo, vamos a explorar las diferencias entre la FP Online y la FP Presencial, para que puedas tomar la mejor decisi\u00f3n para tu futuro profesional.<\/p>\n<h2>Curiosidades y estad\u00edsticas sobre FP Online vs Presencial<\/h2>\n<ul>\n<li>El 70% de los estudiantes de FP Online afirma que el formato les permite conciliar mejor sus estudios con su vida personal.<\/li>\n<li>El 80% de los graduados en FP Presencial se sienten m\u00e1s conectados con sus compa\u00f1eros y profesores.<\/li>\n<li>Las tasas de empleabilidad para graduados en Asesor\u00eda de Imagen Personal y Corporativa superan el 90% en ambos formatos.<\/li>\n<li>El aprendizaje pr\u00e1ctico es m\u00e1s evidente en la FP Presencial, donde se realizan talleres y actividades grupales.<\/li>\n<li>La FP Online te permite acceder a una variedad de recursos digitales que pueden enriquecer tu aprendizaje.<\/li>\n<\/ul>\n<h2>Ventajas de la FP Online<\/h2>\n<p>Optar por la FP Online puede ser una excelente opci\u00f3n para aquellos que buscan flexibilidad y autonom\u00eda en su aprendizaje. Aqu\u00ed te dejamos algunas de sus principales ventajas:<\/p>\n<ul>\n<li><strong>Flexibilidad horaria:<\/strong> Puedes estudiar a tu ritmo y adaptar tus horarios a tus necesidades.<\/li>\n<li><strong>Acceso a recursos digitales:<\/strong> Tienes acceso a una gran variedad de materiales en l\u00ednea, que pueden enriquecer tu formaci\u00f3n.<\/li>\n<li><strong>Convivencia con otras responsabilidades:<\/strong> Es ideal para quienes trabajan o tienen otras obligaciones que deben compaginar con sus estudios.<\/li>\n<li><strong>Menores costos:<\/strong> A menudo, los programas online pueden ser m\u00e1s econ\u00f3micos, ya que eliminas gastos de desplazamiento y materiales impresos.<\/li>\n<\/ul>\n<h2>Desventajas de la FP Online<\/h2>\n<p>Sin embargo, tambi\u00e9n hay algunas desventajas que debes considerar:<\/p>\n<ul>\n<li><strong>Falta de interacci\u00f3n personal:<\/strong> Puede resultar complicado establecer conexiones significativas con compa\u00f1eros y profesores.<\/li>\n<li><strong>Autodisciplina necesaria:<\/strong> Requiere un alto nivel de motivaci\u00f3n y organizaci\u00f3n personal para mantener el ritmo de estudio.<\/li>\n<li><strong>Menos pr\u00e1ctica presencial:<\/strong> Aunque hay simulaciones, la falta de pr\u00e1cticas en un entorno real puede limitar tu experiencia.<\/li>\n<\/ul>\n<h2>Ventajas de la FP Presencial<\/h2>\n<p>Elegir la FP Presencial tambi\u00e9n tiene sus beneficios, especialmente si valoras la interacci\u00f3n directa y el aprendizaje pr\u00e1ctico:<\/p>\n<ul>\n<li><strong>Interacci\u00f3n directa:<\/strong> Puedes compartir experiencias y conocimientos en un entorno colaborativo con tus compa\u00f1eros y profesores.<\/li>\n<li><strong>Pr\u00e1cticas en el aula:<\/strong> La formaci\u00f3n incluye actividades pr\u00e1cticas que te preparan mejor para el mercado laboral.<\/li>\n<li><strong>Supervisi\u00f3n constante:<\/strong> Tienes la posibilidad de recibir feedback inmediato y orientaci\u00f3n personalizada.<\/li>\n<li><strong>Ambiente de estudio estructurado:<\/strong> La rutina del horario te ayuda a mantenerte enfocado y motivado.<\/li>\n<\/ul>\n<h2>Desventajas de la FP Presencial<\/h2>\n<p>Por otro lado, tambi\u00e9n existen algunos inconvenientes que debes tener en cuenta:<\/p>\n<ul>\n<li><strong>Menos flexibilidad:<\/strong> Los horarios son r\u00edgidos y puede ser complicado compaginarlo con otras responsabilidades.<\/li>\n<li><strong>Desplazamientos:<\/strong> Necesitar\u00e1s invertir tiempo y dinero en desplazamientos para asistir a clases.<\/li>\n<li><strong>Costos adicionales:<\/strong> Puede haber gastos adicionales en materiales y actividades fuera del aula.<\/li>\n<\/ul>\n<h2>\u00bfQu\u00e9 perfil se adapta mejor a cada modalidad?<\/h2>\n<p>La elecci\u00f3n entre FP Online y FP Presencial depende en gran medida de tu perfil personal y profesional. A continuaci\u00f3n, analizamos qu\u00e9 tipo de estudiante puede beneficiarse m\u00e1s de cada modalidad.<\/p>\n<h3>Perfil para FP Online<\/h3>\n<ul>\n<li>Estudiantes que trabajan o tienen otras obligaciones y necesitan flexibilidad.<\/li>\n<li>Personas con un alto nivel de autodisciplina y motivaci\u00f3n personal.<\/li>\n<li>Quienes prefieren aprender a su propio ritmo y tener acceso a recursos digitales variados.<\/li>\n<li>Estudiantes que desean evitar desplazamientos y costes asociados.<\/li>\n<\/ul>\n<h3>Perfil para FP Presencial<\/h3>\n<ul>\n<li>Estudiantes que valoran la interacci\u00f3n social y el aprendizaje en grupo.<\/li>\n<li>Personas que se benefician de la supervisi\u00f3n directa y el feedback inmediato.<\/li>\n<li>Quienes quieren experimentar la pr\u00e1ctica en un entorno real y recibir orientaci\u00f3n constante.<\/li>\n<li>Estudiantes que prefieren un ambiente de estudio estructurado.<\/li>\n<\/ul>\n<h2>\u00bfC\u00f3mo decidir entre FP Online y Presencial?<\/h2>\n<p>Tomar la decisi\u00f3n correcta implica reflexionar sobre tus necesidades y objetivos. Aqu\u00ed hay algunos consejos que pueden ayudarte:<\/p>\n<ul>\n<li><strong>Eval\u00faa tu estilo de vida:<\/strong> Considera cu\u00e1nto tiempo puedes dedicar al estudio y qu\u00e9 compromisos tienes.<\/li>\n<li><strong>Pondera tus habilidades:<\/strong> Si eres autodidacta y te sientes c\u00f3modo con la tecnolog\u00eda, la modalidad online puede ser ideal.<\/li>\n<li><strong>Piensa en tus metas profesionales:<\/strong> Si quieres trabajar en un entorno que requiera mucha interacci\u00f3n, la formaci\u00f3n presencial podr\u00eda ser m\u00e1s beneficiosa.<\/li>\n<li><strong>Consulta opiniones:<\/strong> Habla con antiguos alumnos de ambas modalidades para conocer sus experiencias.<\/li>\n<\/ul>\n<h2>Preguntas frecuentes<\/h2>\n<h2>\u00bfEs posible cambiar de modalidad una vez comenzado el ciclo? <\/h2>\n<p>S\u00ed, en muchos casos es posible cambiar de modalidad, pero puede depender de las pol\u00edticas de la instituci\u00f3n. Te recomendamos que consultes con nuestro equipo para obtener m\u00e1s informaci\u00f3n.<\/p>\n<h2>\u00bfQu\u00e9 tipo de recursos se ofrecen en la FP Online?<\/h2>\n<p>En la FP Online, ofrecemos una variedad de recursos como v\u00eddeos, foros de discusi\u00f3n, materiales descargables y acceso a plataformas interactivas para enriquecer tu aprendizaje.<\/p>\n<h2>\u00bfC\u00f3mo se llevan a cabo las evaluaciones en cada modalidad?<\/h2>\n<p>En la FP Presencial, las evaluaciones suelen ser en forma de ex\u00e1menes presenciales y proyectos grupales. En la FP Online, las evaluaciones pueden incluir trabajos escritos, ex\u00e1menes en l\u00ednea y participaci\u00f3n en foros.<\/p>\n<h2>\u00bfQu\u00e9 titulaci\u00f3n obtengo al finalizar el ciclo formativo?<\/h2>\n<p>Al finalizar el ciclo formativo, obtendr\u00e1s un T\u00edtulo de T\u00e9cnico Superior en Asesor\u00eda de Imagen Personal y Corporativa, que te habilita para ejercer en el sector.<\/p>\n<p>Si te interesa matricularte en uno de nuestros ciclos formativos, no dudes en consultar nuestro <a href=https:\/\/fpsuperiorufv.es\/secretaria-admision-y-ayuda\/>Proceso de Admisi\u00f3n<\/a>. Estamos aqu\u00ed para ayudarte a dar el siguiente paso en tu formaci\u00f3n profesional.<\/p>\n","protected":false},"excerpt":{"rendered":"<p>FP Online vs Presencial en Asesor\u00eda de Imagen Personal y Corporativa: \u00bfCu\u00e1l te conviene seg\u00fan tu perfil? Si est\u00e1s considerando formarte en Asesor\u00eda de Imagen Personal y Corporativa, seguro que te has preguntado si es mejor optar por un ciclo formativo online o presencial. Ambos formatos tienen sus ventajas y desventajas, y la elecci\u00f3n puede [&hellip;]<\/p>\n","protected":false},"author":1,"featured_media":2624,"comment_status":"open","ping_status":"open","sticky":false,"template":"","format":"standard","meta":{"inline_featured_image":false,"footnotes":""},"categories":[377,385,393],"tags":[],"class_list":["post-282700","post","type-post","status-publish","format-standard","has-post-thumbnail","hentry","category-asesoria-de-imagen-personal-y-corporativa","category-grados-superiores-a-distancia","category-preguntas-frecuentes"],"yoast_head":"<!-- This site is optimized with the Yoast SEO plugin v27.4 - https:\/\/yoast.com\/product\/yoast-seo-wordpress\/ -->\n<title>FP Online vs Presencial para FP en Asesor\u00eda de Imagen Personal y Corporativa: cu\u00e1l te conviene seg\u00fan tu perfil - Cetys<\/title>\n<meta name=\"robots\" content=\"index, follow, max-snippet:-1, max-image-preview:large, max-video-preview:-1\" \/>\n<link rel=\"canonical\" href=\"https:\/\/fpsuperiorufv.es\/blog\/fp-online-vs-presencial-para-fp-en-asesoria-de-imagen-personal-y-corporativa-cual-te-conviene-segun-tu-perfil-blog\/\" \/>\n<meta property=\"og:locale\" content=\"es_ES\" \/>\n<meta property=\"og:type\" content=\"article\" \/>\n<meta property=\"og:title\" content=\"FP Online vs Presencial para FP en Asesor\u00eda de Imagen Personal y Corporativa: cu\u00e1l te conviene seg\u00fan tu perfil - Cetys\" \/>\n<meta property=\"og:description\" content=\"FP Online vs Presencial en Asesor\u00eda de Imagen Personal y Corporativa: \u00bfCu\u00e1l te conviene seg\u00fan tu perfil? Si est\u00e1s considerando formarte en Asesor\u00eda de Imagen Personal y Corporativa, seguro que te has preguntado si es mejor optar por un ciclo formativo online o presencial. Ambos formatos tienen sus ventajas y desventajas, y la elecci\u00f3n puede [&hellip;]\" \/>\n<meta property=\"og:url\" content=\"https:\/\/fpsuperiorufv.es\/blog\/fp-online-vs-presencial-para-fp-en-asesoria-de-imagen-personal-y-corporativa-cual-te-conviene-segun-tu-perfil-blog\/\" \/>\n<meta property=\"og:site_name\" content=\"Cetys\" \/>\n<meta property=\"article:published_time\" content=\"2026-03-12T02:39:55+00:00\" \/>\n<meta property=\"article:modified_time\" content=\"2026-04-15T10:03:50+00:00\" \/>\n<meta property=\"og:image\" content=\"https:\/\/fpsuperiorufv.es\/blog\/wp-content\/uploads\/2025\/08\/DSC8439-1-scaled-1.jpg\" \/>\n\t<meta property=\"og:image:width\" content=\"2560\" \/>\n\t<meta property=\"og:image:height\" content=\"1920\" \/>\n\t<meta property=\"og:image:type\" content=\"image\/jpeg\" \/>\n<meta name=\"author\" content=\"FP Superior UFV\" \/>\n<meta name=\"twitter:card\" content=\"summary_large_image\" \/>\n<meta name=\"twitter:label1\" content=\"Escrito por\" \/>\n\t<meta name=\"twitter:data1\" content=\"FP Superior UFV\" \/>\n\t<meta name=\"twitter:label2\" content=\"Tiempo de lectura\" \/>\n\t<meta name=\"twitter:data2\" content=\"5 minutos\" \/>\n<script type=\"application\/ld+json\" class=\"yoast-schema-graph\">{\"@context\":\"https:\\\/\\\/schema.org\",\"@graph\":[{\"@type\":\"Article\",\"@id\":\"https:\\\/\\\/fpsuperiorufv.es\\\/blog\\\/fp-online-vs-presencial-para-fp-en-asesoria-de-imagen-personal-y-corporativa-cual-te-conviene-segun-tu-perfil-blog\\\/#article\",\"isPartOf\":{\"@id\":\"https:\\\/\\\/fpsuperiorufv.es\\\/blog\\\/fp-online-vs-presencial-para-fp-en-asesoria-de-imagen-personal-y-corporativa-cual-te-conviene-segun-tu-perfil-blog\\\/\"},\"author\":{\"name\":\"FP Superior UFV\",\"@id\":\"https:\\\/\\\/fpsuperiorufv.es\\\/blog\\\/#\\\/schema\\\/person\\\/c7ac6e2e7af298050da8d956ac824347\"},\"headline\":\"FP Online vs Presencial para FP en Asesor\u00eda de Imagen Personal y Corporativa: cu\u00e1l te conviene seg\u00fan tu perfil\",\"datePublished\":\"2026-03-12T02:39:55+00:00\",\"dateModified\":\"2026-04-15T10:03:50+00:00\",\"mainEntityOfPage\":{\"@id\":\"https:\\\/\\\/fpsuperiorufv.es\\\/blog\\\/fp-online-vs-presencial-para-fp-en-asesoria-de-imagen-personal-y-corporativa-cual-te-conviene-segun-tu-perfil-blog\\\/\"},\"wordCount\":1008,\"commentCount\":0,\"publisher\":{\"@id\":\"https:\\\/\\\/fpsuperiorufv.es\\\/blog\\\/#organization\"},\"image\":{\"@id\":\"https:\\\/\\\/fpsuperiorufv.es\\\/blog\\\/fp-online-vs-presencial-para-fp-en-asesoria-de-imagen-personal-y-corporativa-cual-te-conviene-segun-tu-perfil-blog\\\/#primaryimage\"},\"thumbnailUrl\":\"https:\\\/\\\/fpsuperiorufv.es\\\/blog\\\/wp-content\\\/uploads\\\/2025\\\/08\\\/DSC8439-1-scaled-1.jpg\",\"articleSection\":[\"Asesor\u00eda de Imagen Personal y Corporativa\",\"Grados superiores a distancia\",\"Preguntas frecuentes\"],\"inLanguage\":\"es\",\"potentialAction\":[{\"@type\":\"CommentAction\",\"name\":\"Comment\",\"target\":[\"https:\\\/\\\/fpsuperiorufv.es\\\/blog\\\/fp-online-vs-presencial-para-fp-en-asesoria-de-imagen-personal-y-corporativa-cual-te-conviene-segun-tu-perfil-blog\\\/#respond\"]}]},{\"@type\":\"WebPage\",\"@id\":\"https:\\\/\\\/fpsuperiorufv.es\\\/blog\\\/fp-online-vs-presencial-para-fp-en-asesoria-de-imagen-personal-y-corporativa-cual-te-conviene-segun-tu-perfil-blog\\\/\",\"url\":\"https:\\\/\\\/fpsuperiorufv.es\\\/blog\\\/fp-online-vs-presencial-para-fp-en-asesoria-de-imagen-personal-y-corporativa-cual-te-conviene-segun-tu-perfil-blog\\\/\",\"name\":\"FP Online vs Presencial para FP en Asesor\u00eda de Imagen Personal y Corporativa: cu\u00e1l te conviene seg\u00fan tu perfil - Cetys\",\"isPartOf\":{\"@id\":\"https:\\\/\\\/fpsuperiorufv.es\\\/blog\\\/#website\"},\"primaryImageOfPage\":{\"@id\":\"https:\\\/\\\/fpsuperiorufv.es\\\/blog\\\/fp-online-vs-presencial-para-fp-en-asesoria-de-imagen-personal-y-corporativa-cual-te-conviene-segun-tu-perfil-blog\\\/#primaryimage\"},\"image\":{\"@id\":\"https:\\\/\\\/fpsuperiorufv.es\\\/blog\\\/fp-online-vs-presencial-para-fp-en-asesoria-de-imagen-personal-y-corporativa-cual-te-conviene-segun-tu-perfil-blog\\\/#primaryimage\"},\"thumbnailUrl\":\"https:\\\/\\\/fpsuperiorufv.es\\\/blog\\\/wp-content\\\/uploads\\\/2025\\\/08\\\/DSC8439-1-scaled-1.jpg\",\"datePublished\":\"2026-03-12T02:39:55+00:00\",\"dateModified\":\"2026-04-15T10:03:50+00:00\",\"breadcrumb\":{\"@id\":\"https:\\\/\\\/fpsuperiorufv.es\\\/blog\\\/fp-online-vs-presencial-para-fp-en-asesoria-de-imagen-personal-y-corporativa-cual-te-conviene-segun-tu-perfil-blog\\\/#breadcrumb\"},\"inLanguage\":\"es\",\"potentialAction\":[{\"@type\":\"ReadAction\",\"target\":[\"https:\\\/\\\/fpsuperiorufv.es\\\/blog\\\/fp-online-vs-presencial-para-fp-en-asesoria-de-imagen-personal-y-corporativa-cual-te-conviene-segun-tu-perfil-blog\\\/\"]}]},{\"@type\":\"ImageObject\",\"inLanguage\":\"es\",\"@id\":\"https:\\\/\\\/fpsuperiorufv.es\\\/blog\\\/fp-online-vs-presencial-para-fp-en-asesoria-de-imagen-personal-y-corporativa-cual-te-conviene-segun-tu-perfil-blog\\\/#primaryimage\",\"url\":\"https:\\\/\\\/fpsuperiorufv.es\\\/blog\\\/wp-content\\\/uploads\\\/2025\\\/08\\\/DSC8439-1-scaled-1.jpg\",\"contentUrl\":\"https:\\\/\\\/fpsuperiorufv.es\\\/blog\\\/wp-content\\\/uploads\\\/2025\\\/08\\\/DSC8439-1-scaled-1.jpg\",\"width\":2560,\"height\":1920},{\"@type\":\"BreadcrumbList\",\"@id\":\"https:\\\/\\\/fpsuperiorufv.es\\\/blog\\\/fp-online-vs-presencial-para-fp-en-asesoria-de-imagen-personal-y-corporativa-cual-te-conviene-segun-tu-perfil-blog\\\/#breadcrumb\",\"itemListElement\":[{\"@type\":\"ListItem\",\"position\":1,\"name\":\"Home\",\"item\":\"https:\\\/\\\/fpsuperiorufv.es\\\/blog\\\/\"},{\"@type\":\"ListItem\",\"position\":2,\"name\":\"FP Online vs Presencial para FP en Asesor\u00eda de Imagen Personal y Corporativa: cu\u00e1l te conviene seg\u00fan tu perfil\"}]},{\"@type\":\"WebSite\",\"@id\":\"https:\\\/\\\/fpsuperiorufv.es\\\/blog\\\/#website\",\"url\":\"https:\\\/\\\/fpsuperiorufv.es\\\/blog\\\/\",\"name\":\"Fp Superior Francisco de Vitoria\",\"description\":\"\",\"publisher\":{\"@id\":\"https:\\\/\\\/fpsuperiorufv.es\\\/blog\\\/#organization\"},\"alternateName\":\"Cetys\",\"potentialAction\":[{\"@type\":\"SearchAction\",\"target\":{\"@type\":\"EntryPoint\",\"urlTemplate\":\"https:\\\/\\\/fpsuperiorufv.es\\\/blog\\\/?s={search_term_string}\"},\"query-input\":{\"@type\":\"PropertyValueSpecification\",\"valueRequired\":true,\"valueName\":\"search_term_string\"}}],\"inLanguage\":\"es\"},{\"@type\":\"Organization\",\"@id\":\"https:\\\/\\\/fpsuperiorufv.es\\\/blog\\\/#organization\",\"name\":\"Cetys\",\"url\":\"https:\\\/\\\/fpsuperiorufv.es\\\/blog\\\/\",\"logo\":{\"@type\":\"ImageObject\",\"inLanguage\":\"es\",\"@id\":\"https:\\\/\\\/fpsuperiorufv.es\\\/blog\\\/#\\\/schema\\\/logo\\\/image\\\/\",\"url\":\"https:\\\/\\\/fpsuperiorufv.lo\\\/wp-content\\\/uploads\\\/2025\\\/02\\\/logo.svg\",\"contentUrl\":\"https:\\\/\\\/fpsuperiorufv.lo\\\/wp-content\\\/uploads\\\/2025\\\/02\\\/logo.svg\",\"width\":\"1024\",\"height\":\"1024\",\"caption\":\"Cetys\"},\"image\":{\"@id\":\"https:\\\/\\\/fpsuperiorufv.es\\\/blog\\\/#\\\/schema\\\/logo\\\/image\\\/\"}},{\"@type\":\"Person\",\"@id\":\"https:\\\/\\\/fpsuperiorufv.es\\\/blog\\\/#\\\/schema\\\/person\\\/c7ac6e2e7af298050da8d956ac824347\",\"name\":\"FP Superior UFV\",\"image\":{\"@type\":\"ImageObject\",\"inLanguage\":\"es\",\"@id\":\"https:\\\/\\\/secure.gravatar.com\\\/avatar\\\/002af9a4377d87096f281de7725cae2f359bff0b0b7439b98b80936e58af2d91?s=96&d=mm&r=g\",\"url\":\"https:\\\/\\\/secure.gravatar.com\\\/avatar\\\/002af9a4377d87096f281de7725cae2f359bff0b0b7439b98b80936e58af2d91?s=96&d=mm&r=g\",\"contentUrl\":\"https:\\\/\\\/secure.gravatar.com\\\/avatar\\\/002af9a4377d87096f281de7725cae2f359bff0b0b7439b98b80936e58af2d91?s=96&d=mm&r=g\",\"caption\":\"FP Superior UFV\"},\"sameAs\":[\"https:\\\/\\\/fpsuperiorufv.lo\"],\"url\":\"https:\\\/\\\/fpsuperiorufv.es\\\/blog\\\/author\\\/administrador\\\/\"}]}<\/script>\n<!-- \/ Yoast SEO plugin. -->","yoast_head_json":{"title":"FP Online vs Presencial para FP en Asesor\u00eda de Imagen Personal y Corporativa: cu\u00e1l te conviene seg\u00fan tu perfil - Cetys","robots":{"index":"index","follow":"follow","max-snippet":"max-snippet:-1","max-image-preview":"max-image-preview:large","max-video-preview":"max-video-preview:-1"},"canonical":"https:\/\/fpsuperiorufv.es\/blog\/fp-online-vs-presencial-para-fp-en-asesoria-de-imagen-personal-y-corporativa-cual-te-conviene-segun-tu-perfil-blog\/","og_locale":"es_ES","og_type":"article","og_title":"FP Online vs Presencial para FP en Asesor\u00eda de Imagen Personal y Corporativa: cu\u00e1l te conviene seg\u00fan tu perfil - Cetys","og_description":"FP Online vs Presencial en Asesor\u00eda de Imagen Personal y Corporativa: \u00bfCu\u00e1l te conviene seg\u00fan tu perfil? Si est\u00e1s considerando formarte en Asesor\u00eda de Imagen Personal y Corporativa, seguro que te has preguntado si es mejor optar por un ciclo formativo online o presencial. Ambos formatos tienen sus ventajas y desventajas, y la elecci\u00f3n puede [&hellip;]","og_url":"https:\/\/fpsuperiorufv.es\/blog\/fp-online-vs-presencial-para-fp-en-asesoria-de-imagen-personal-y-corporativa-cual-te-conviene-segun-tu-perfil-blog\/","og_site_name":"Cetys","article_published_time":"2026-03-12T02:39:55+00:00","article_modified_time":"2026-04-15T10:03:50+00:00","og_image":[{"width":2560,"height":1920,"url":"https:\/\/fpsuperiorufv.es\/blog\/wp-content\/uploads\/2025\/08\/DSC8439-1-scaled-1.jpg","type":"image\/jpeg"}],"author":"FP Superior UFV","twitter_card":"summary_large_image","twitter_misc":{"Escrito por":"FP Superior UFV","Tiempo de lectura":"5 minutos"},"schema":{"@context":"https:\/\/schema.org","@graph":[{"@type":"Article","@id":"https:\/\/fpsuperiorufv.es\/blog\/fp-online-vs-presencial-para-fp-en-asesoria-de-imagen-personal-y-corporativa-cual-te-conviene-segun-tu-perfil-blog\/#article","isPartOf":{"@id":"https:\/\/fpsuperiorufv.es\/blog\/fp-online-vs-presencial-para-fp-en-asesoria-de-imagen-personal-y-corporativa-cual-te-conviene-segun-tu-perfil-blog\/"},"author":{"name":"FP Superior UFV","@id":"https:\/\/fpsuperiorufv.es\/blog\/#\/schema\/person\/c7ac6e2e7af298050da8d956ac824347"},"headline":"FP Online vs Presencial para FP en Asesor\u00eda de Imagen Personal y Corporativa: cu\u00e1l te conviene seg\u00fan tu perfil","datePublished":"2026-03-12T02:39:55+00:00","dateModified":"2026-04-15T10:03:50+00:00","mainEntityOfPage":{"@id":"https:\/\/fpsuperiorufv.es\/blog\/fp-online-vs-presencial-para-fp-en-asesoria-de-imagen-personal-y-corporativa-cual-te-conviene-segun-tu-perfil-blog\/"},"wordCount":1008,"commentCount":0,"publisher":{"@id":"https:\/\/fpsuperiorufv.es\/blog\/#organization"},"image":{"@id":"https:\/\/fpsuperiorufv.es\/blog\/fp-online-vs-presencial-para-fp-en-asesoria-de-imagen-personal-y-corporativa-cual-te-conviene-segun-tu-perfil-blog\/#primaryimage"},"thumbnailUrl":"https:\/\/fpsuperiorufv.es\/blog\/wp-content\/uploads\/2025\/08\/DSC8439-1-scaled-1.jpg","articleSection":["Asesor\u00eda de Imagen Personal y Corporativa","Grados superiores a distancia","Preguntas frecuentes"],"inLanguage":"es","potentialAction":[{"@type":"CommentAction","name":"Comment","target":["https:\/\/fpsuperiorufv.es\/blog\/fp-online-vs-presencial-para-fp-en-asesoria-de-imagen-personal-y-corporativa-cual-te-conviene-segun-tu-perfil-blog\/#respond"]}]},{"@type":"WebPage","@id":"https:\/\/fpsuperiorufv.es\/blog\/fp-online-vs-presencial-para-fp-en-asesoria-de-imagen-personal-y-corporativa-cual-te-conviene-segun-tu-perfil-blog\/","url":"https:\/\/fpsuperiorufv.es\/blog\/fp-online-vs-presencial-para-fp-en-asesoria-de-imagen-personal-y-corporativa-cual-te-conviene-segun-tu-perfil-blog\/","name":"FP Online vs Presencial para FP en Asesor\u00eda de Imagen Personal y Corporativa: cu\u00e1l te conviene seg\u00fan tu perfil - Cetys","isPartOf":{"@id":"https:\/\/fpsuperiorufv.es\/blog\/#website"},"primaryImageOfPage":{"@id":"https:\/\/fpsuperiorufv.es\/blog\/fp-online-vs-presencial-para-fp-en-asesoria-de-imagen-personal-y-corporativa-cual-te-conviene-segun-tu-perfil-blog\/#primaryimage"},"image":{"@id":"https:\/\/fpsuperiorufv.es\/blog\/fp-online-vs-presencial-para-fp-en-asesoria-de-imagen-personal-y-corporativa-cual-te-conviene-segun-tu-perfil-blog\/#primaryimage"},"thumbnailUrl":"https:\/\/fpsuperiorufv.es\/blog\/wp-content\/uploads\/2025\/08\/DSC8439-1-scaled-1.jpg","datePublished":"2026-03-12T02:39:55+00:00","dateModified":"2026-04-15T10:03:50+00:00","breadcrumb":{"@id":"https:\/\/fpsuperiorufv.es\/blog\/fp-online-vs-presencial-para-fp-en-asesoria-de-imagen-personal-y-corporativa-cual-te-conviene-segun-tu-perfil-blog\/#breadcrumb"},"inLanguage":"es","potentialAction":[{"@type":"ReadAction","target":["https:\/\/fpsuperiorufv.es\/blog\/fp-online-vs-presencial-para-fp-en-asesoria-de-imagen-personal-y-corporativa-cual-te-conviene-segun-tu-perfil-blog\/"]}]},{"@type":"ImageObject","inLanguage":"es","@id":"https:\/\/fpsuperiorufv.es\/blog\/fp-online-vs-presencial-para-fp-en-asesoria-de-imagen-personal-y-corporativa-cual-te-conviene-segun-tu-perfil-blog\/#primaryimage","url":"https:\/\/fpsuperiorufv.es\/blog\/wp-content\/uploads\/2025\/08\/DSC8439-1-scaled-1.jpg","contentUrl":"https:\/\/fpsuperiorufv.es\/blog\/wp-content\/uploads\/2025\/08\/DSC8439-1-scaled-1.jpg","width":2560,"height":1920},{"@type":"BreadcrumbList","@id":"https:\/\/fpsuperiorufv.es\/blog\/fp-online-vs-presencial-para-fp-en-asesoria-de-imagen-personal-y-corporativa-cual-te-conviene-segun-tu-perfil-blog\/#breadcrumb","itemListElement":[{"@type":"ListItem","position":1,"name":"Home","item":"https:\/\/fpsuperiorufv.es\/blog\/"},{"@type":"ListItem","position":2,"name":"FP Online vs Presencial para FP en Asesor\u00eda de Imagen Personal y Corporativa: cu\u00e1l te conviene seg\u00fan tu perfil"}]},{"@type":"WebSite","@id":"https:\/\/fpsuperiorufv.es\/blog\/#website","url":"https:\/\/fpsuperiorufv.es\/blog\/","name":"Fp Superior Francisco de Vitoria","description":"","publisher":{"@id":"https:\/\/fpsuperiorufv.es\/blog\/#organization"},"alternateName":"Cetys","potentialAction":[{"@type":"SearchAction","target":{"@type":"EntryPoint","urlTemplate":"https:\/\/fpsuperiorufv.es\/blog\/?s={search_term_string}"},"query-input":{"@type":"PropertyValueSpecification","valueRequired":true,"valueName":"search_term_string"}}],"inLanguage":"es"},{"@type":"Organization","@id":"https:\/\/fpsuperiorufv.es\/blog\/#organization","name":"Cetys","url":"https:\/\/fpsuperiorufv.es\/blog\/","logo":{"@type":"ImageObject","inLanguage":"es","@id":"https:\/\/fpsuperiorufv.es\/blog\/#\/schema\/logo\/image\/","url":"https:\/\/fpsuperiorufv.lo\/wp-content\/uploads\/2025\/02\/logo.svg","contentUrl":"https:\/\/fpsuperiorufv.lo\/wp-content\/uploads\/2025\/02\/logo.svg","width":"1024","height":"1024","caption":"Cetys"},"image":{"@id":"https:\/\/fpsuperiorufv.es\/blog\/#\/schema\/logo\/image\/"}},{"@type":"Person","@id":"https:\/\/fpsuperiorufv.es\/blog\/#\/schema\/person\/c7ac6e2e7af298050da8d956ac824347","name":"FP Superior UFV","image":{"@type":"ImageObject","inLanguage":"es","@id":"https:\/\/secure.gravatar.com\/avatar\/002af9a4377d87096f281de7725cae2f359bff0b0b7439b98b80936e58af2d91?s=96&d=mm&r=g","url":"https:\/\/secure.gravatar.com\/avatar\/002af9a4377d87096f281de7725cae2f359bff0b0b7439b98b80936e58af2d91?s=96&d=mm&r=g","contentUrl":"https:\/\/secure.gravatar.com\/avatar\/002af9a4377d87096f281de7725cae2f359bff0b0b7439b98b80936e58af2d91?s=96&d=mm&r=g","caption":"FP Superior UFV"},"sameAs":["https:\/\/fpsuperiorufv.lo"],"url":"https:\/\/fpsuperiorufv.es\/blog\/author\/administrador\/"}]}},"_links":{"self":[{"href":"https:\/\/fpsuperiorufv.es\/blog\/wp-json\/wp\/v2\/posts\/282700","targetHints":{"allow":["GET"]}}],"collection":[{"href":"https:\/\/fpsuperiorufv.es\/blog\/wp-json\/wp\/v2\/posts"}],"about":[{"href":"https:\/\/fpsuperiorufv.es\/blog\/wp-json\/wp\/v2\/types\/post"}],"author":[{"embeddable":true,"href":"https:\/\/fpsuperiorufv.es\/blog\/wp-json\/wp\/v2\/users\/1"}],"replies":[{"embeddable":true,"href":"https:\/\/fpsuperiorufv.es\/blog\/wp-json\/wp\/v2\/comments?post=282700"}],"version-history":[{"count":1,"href":"https:\/\/fpsuperiorufv.es\/blog\/wp-json\/wp\/v2\/posts\/282700\/revisions"}],"predecessor-version":[{"id":283314,"href":"https:\/\/fpsuperiorufv.es\/blog\/wp-json\/wp\/v2\/posts\/282700\/revisions\/283314"}],"wp:featuredmedia":[{"embeddable":true,"href":"https:\/\/fpsuperiorufv.es\/blog\/wp-json\/wp\/v2\/media\/2624"}],"wp:attachment":[{"href":"https:\/\/fpsuperiorufv.es\/blog\/wp-json\/wp\/v2\/media?parent=282700"}],"wp:term":[{"taxonomy":"category","embeddable":true,"href":"https:\/\/fpsuperiorufv.es\/blog\/wp-json\/wp\/v2\/categories?post=282700"},{"taxonomy":"post_tag","embeddable":true,"href":"https:\/\/fpsuperiorufv.es\/blog\/wp-json\/wp\/v2\/tags?post=282700"}],"curies":[{"name":"wp","href":"https:\/\/api.w.org\/{rel}","templated":true}]}}