{"id":282702,"date":"2026-03-11T22:17:07","date_gmt":"2026-03-11T22:17:07","guid":{"rendered":"https:\/\/soleyantonio.es\/fp-asesoria-de-imagen-personal-y-corporativa-cerca-de-majadahonda-opciones-y-como-elegir-centro\/"},"modified":"2026-04-15T12:09:06","modified_gmt":"2026-04-15T10:09:06","slug":"fp-asesoria-de-imagen-personal-y-corporativa-cerca-de-majadahonda-opciones-y-como-elegir-centro-blog","status":"publish","type":"post","link":"https:\/\/fpsuperiorufv.es\/blog\/fp-asesoria-de-imagen-personal-y-corporativa-cerca-de-majadahonda-opciones-y-como-elegir-centro-blog\/","title":{"rendered":"FP Asesor\u00eda de Imagen Personal y Corporativa cerca de Majadahonda: opciones y c\u00f3mo elegir centro"},"content":{"rendered":"<h2>FP Asesor\u00eda de Imagen Personal y Corporativa cerca de Majadahonda: Opciones y C\u00f3mo Elegir Centro<\/h2>\n<p>\u00bfTe apasiona la moda, la est\u00e9tica y ayudar a otros a mejorar su imagen? La FP en Asesor\u00eda de Imagen Personal y Corporativa puede ser el camino perfecto para ti. En este art\u00edculo, vamos a explorar todas las opciones que tienes cerca de Majadahonda y c\u00f3mo elegir el centro adecuado para ti.<\/p>\n<h2>Curiosidades y Datos Interesantes sobre la FP en Asesor\u00eda de Imagen Personal y Corporativa<\/h2>\n<ul>\n<li>La demanda de profesionales en asesor\u00eda de imagen ha crecido un <strong>20%<\/strong> en los \u00faltimos a\u00f1os.<\/li>\n<li>Este ciclo formativo combina <strong>teor\u00eda y pr\u00e1ctica<\/strong>, preparando a los estudiantes para el mundo laboral.<\/li>\n<li>Los titulados pueden trabajar en <strong>salones de belleza, agencias de moda<\/strong> o como freelance.<\/li>\n<li>El ciclo tiene una duraci\u00f3n de <strong>2 a\u00f1os<\/strong>, incluyendo pr\u00e1cticas en empresas.<\/li>\n<li>Las habilidades que adquieres abarcan desde el <strong>maquillaje<\/strong> hasta la <strong>asesor\u00eda de estilismo<\/strong>.<\/li>\n<\/ul>\n<h2>\u00bfQu\u00e9 es la FP en Asesor\u00eda de Imagen Personal y Corporativa?<\/h2>\n<p>Este ciclo formativo te prepara para asesorar a personas y empresas sobre su imagen y estilo. Aprender\u00e1s a identificar necesidades, crear looks personalizados y entender c\u00f3mo la imagen afecta a la percepci\u00f3n p\u00fablica.<\/p>\n<h2>\u00bfPor qu\u00e9 elegir un Ciclo Formativo de FP Superior en Asesor\u00eda de Imagen Personal y Corporativa?<\/h2>\n<p>Elegir un Ciclo Formativo de FP Superior en este \u00e1mbito te brinda m\u00faltiples ventajas:<\/p>\n<ul>\n<li>Formaci\u00f3n integral: obtendr\u00e1s conocimientos en moda, est\u00e9tica y comunicaci\u00f3n.<\/li>\n<li>Salidas laborales diversas: podr\u00e1s trabajar en distintos sectores, desde la moda hasta la publicidad.<\/li>\n<li>Formaci\u00f3n pr\u00e1ctica: contar\u00e1s con pr\u00e1cticas en empresas que te permitir\u00e1n adquirir experiencia real.<\/li>\n<\/ul>\n<h2>Opciones de Estudio cerca de Majadahonda<\/h2>\n<p>En la zona de Majadahonda, existen varias instituciones donde puedes cursar esta formaci\u00f3n. A continuaci\u00f3n, te presentamos algunas opciones destacadas:<\/p>\n<h3>1. FP Superior Francisco de Vitoria<\/h3>\n<p>En nuestra instituci\u00f3n, ofrecemos un enfoque pr\u00e1ctico y personalizado, con un equipo docente altamente cualificado. Aqu\u00ed, no solo aprender\u00e1s sobre asesor\u00eda de imagen, sino que tambi\u00e9n desarrollar\u00e1s habilidades interpersonales y de comunicaci\u00f3n.<\/p>\n<h3>2. Otros centros de formaci\u00f3n<\/h3>\n<p>Adem\u00e1s de nosotros, hay otras opciones en Majadahonda y sus alrededores. Aseg\u00farate de investigar sobre los programas que ofrecen y las instalaciones disponibles.<\/p>\n<h2>Consejos para Elegir el Centro Adecuado<\/h2>\n<p>Elegir el centro de formaci\u00f3n adecuado es crucial para tu futura carrera. Aqu\u00ed te dejamos algunos consejos que pueden ayudarte:<\/p>\n<ul>\n<li><strong>Revisa la calidad educativa:<\/strong> Investiga sobre la titulaci\u00f3n del profesorado y la metodolog\u00eda de ense\u00f1anza.<\/li>\n<li><strong>Consulta las instalaciones:<\/strong> Un buen centro debe contar con aulas y talleres equipados.<\/li>\n<li><strong>Practicas en empresas:<\/strong> Aseg\u00farate de que el centro ofrezca oportunidades de pr\u00e1cticas.<\/li>\n<li><strong>Opiniones de alumnos:<\/strong> Busca rese\u00f1as y testimonios de antiguos estudiantes.<\/li>\n<li><strong>Proximidad geogr\u00e1fica:<\/strong> Considera la ubicaci\u00f3n del centro para facilitar tu acceso.<\/li>\n<\/ul>\n<h2>\u00bfQu\u00e9 Aprender\u00e1s en la FP de Asesor\u00eda de Imagen Personal y Corporativa?<\/h2>\n<p>El temario del ciclo incluye \u00e1reas como:<\/p>\n<ul>\n<li>Estilismo personal y corporativo.<\/li>\n<li>Maquillaje y t\u00e9cnicas est\u00e9ticas.<\/li>\n<li>Comunicaci\u00f3n visual y marketing.<\/li>\n<li>Gesti\u00f3n de la imagen p\u00fablica.<\/li>\n<li>Dise\u00f1o de looks y asesor\u00eda de moda.<\/li>\n<\/ul>\n<h2>Perspectivas Laborales<\/h2>\n<p>Una vez que completes tu formaci\u00f3n, tendr\u00e1s m\u00faltiples salidas laborales, tales como:<\/p>\n<ul>\n<li>Asesor de imagen personal.<\/li>\n<li>Consultor de moda para empresas.<\/li>\n<li>Estilista en producciones audiovisuales.<\/li>\n<li>Formador en talleres de imagen personal.<\/li>\n<\/ul>\n<h2>Proceso de Admisi\u00f3n<\/h2>\n<p>Si te interesa matricularte en nuestro Ciclo Formativo de FP Superior en Asesor\u00eda de Imagen Personal y Corporativa, te invitamos a que consultes el <a href=\"https:\/\/fpsuperiorufv.es\/secretaria-admision-y-ayuda\/\">Proceso de Admisi\u00f3n<\/a>. Aqu\u00ed encontrar\u00e1s toda la informaci\u00f3n necesaria para dar el primer paso hacia tu futuro profesional.<\/p>\n<h2>Preguntas Frecuentes<\/h2>\n<h2>\u00bfQu\u00e9 requisitos necesito para acceder al ciclo formativo?<\/h2>\n<p>Para acceder, necesitas tener el t\u00edtulo de Bachillerato, un t\u00edtulo de FP de grado medio o una titulaci\u00f3n equivalente. Si tienes dudas, no dudes en contactarnos.<\/p>\n<h2>\u00bfSe pueden realizar pr\u00e1cticas durante el ciclo?<\/h2>\n<p>S\u00ed, en nuestro ciclo formativo incluimos pr\u00e1cticas en empresas, lo que te permite aplicar lo aprendido y adquirir experiencia en el campo.<\/p>\n<h2>\u00bfQu\u00e9 salida laboral tiene este ciclo formativo?<\/h2>\n<p>Las salidas laborales son diversas, pudiendo trabajar en el \u00e1mbito personal, empresarial o incluso como aut\u00f3nomo en el \u00e1rea de asesor\u00eda de imagen y moda.<\/p>\n<h2>\u00bfCu\u00e1nto tiempo dura el ciclo formativo?<\/h2>\n<p>El ciclo formativo tiene una duraci\u00f3n de 2 a\u00f1os, donde se combinan clases te\u00f3ricas y pr\u00e1cticas.<\/p>\n<h2>Conclusi\u00f3n<\/h2>\n<p>La FP en Asesor\u00eda de Imagen Personal y Corporativa es una excelente opci\u00f3n para aquellos que desean desarrollar su pasi\u00f3n por la moda y la est\u00e9tica. En FP Superior Francisco de Vitoria, estamos comprometidos a brindarte la mejor formaci\u00f3n y ayudarte a alcanzar tus metas profesionales. \u00a1No esperes m\u00e1s y da el primer paso hacia tu futuro!<\/p>\n","protected":false},"excerpt":{"rendered":"<p>FP Asesor\u00eda de Imagen Personal y Corporativa cerca de Majadahonda: Opciones y C\u00f3mo Elegir Centro \u00bfTe apasiona la moda, la est\u00e9tica y ayudar a otros a mejorar su imagen? La FP en Asesor\u00eda de Imagen Personal y Corporativa puede ser el camino perfecto para ti. En este art\u00edculo, vamos a explorar todas las opciones que [&hellip;]<\/p>\n","protected":false},"author":1,"featured_media":2669,"comment_status":"open","ping_status":"open","sticky":false,"template":"","format":"standard","meta":{"inline_featured_image":false,"footnotes":""},"categories":[377,393],"tags":[],"class_list":["post-282702","post","type-post","status-publish","format-standard","has-post-thumbnail","hentry","category-asesoria-de-imagen-personal-y-corporativa","category-preguntas-frecuentes"],"yoast_head":"<!-- This site is optimized with the Yoast SEO plugin v27.4 - https:\/\/yoast.com\/product\/yoast-seo-wordpress\/ -->\n<title>FP Asesor\u00eda de Imagen Personal y Corporativa cerca de Majadahonda: opciones y c\u00f3mo elegir centro - Cetys<\/title>\n<meta name=\"robots\" content=\"index, follow, max-snippet:-1, max-image-preview:large, max-video-preview:-1\" \/>\n<link rel=\"canonical\" href=\"https:\/\/fpsuperiorufv.es\/blog\/fp-asesoria-de-imagen-personal-y-corporativa-cerca-de-majadahonda-opciones-y-como-elegir-centro-blog\/\" \/>\n<meta property=\"og:locale\" content=\"es_ES\" \/>\n<meta property=\"og:type\" content=\"article\" \/>\n<meta property=\"og:title\" content=\"FP Asesor\u00eda de Imagen Personal y Corporativa cerca de Majadahonda: opciones y c\u00f3mo elegir centro - Cetys\" \/>\n<meta property=\"og:description\" content=\"FP Asesor\u00eda de Imagen Personal y Corporativa cerca de Majadahonda: Opciones y C\u00f3mo Elegir Centro \u00bfTe apasiona la moda, la est\u00e9tica y ayudar a otros a mejorar su imagen? La FP en Asesor\u00eda de Imagen Personal y Corporativa puede ser el camino perfecto para ti. En este art\u00edculo, vamos a explorar todas las opciones que [&hellip;]\" \/>\n<meta property=\"og:url\" content=\"https:\/\/fpsuperiorufv.es\/blog\/fp-asesoria-de-imagen-personal-y-corporativa-cerca-de-majadahonda-opciones-y-como-elegir-centro-blog\/\" \/>\n<meta property=\"og:site_name\" content=\"Cetys\" \/>\n<meta property=\"article:published_time\" content=\"2026-03-11T22:17:07+00:00\" \/>\n<meta property=\"article:modified_time\" content=\"2026-04-15T10:09:06+00:00\" \/>\n<meta property=\"og:image\" content=\"https:\/\/fpsuperiorufv.es\/blog\/wp-content\/uploads\/2025\/08\/Maquillaje060-scaled-1.jpg\" \/>\n\t<meta property=\"og:image:width\" content=\"2560\" \/>\n\t<meta property=\"og:image:height\" content=\"1707\" \/>\n\t<meta property=\"og:image:type\" content=\"image\/jpeg\" \/>\n<meta name=\"author\" content=\"FP Superior UFV\" \/>\n<meta name=\"twitter:card\" content=\"summary_large_image\" \/>\n<meta name=\"twitter:label1\" content=\"Escrito por\" \/>\n\t<meta name=\"twitter:data1\" content=\"FP Superior UFV\" \/>\n\t<meta name=\"twitter:label2\" content=\"Tiempo de lectura\" \/>\n\t<meta name=\"twitter:data2\" content=\"4 minutos\" \/>\n<script type=\"application\/ld+json\" class=\"yoast-schema-graph\">{\"@context\":\"https:\\\/\\\/schema.org\",\"@graph\":[{\"@type\":\"Article\",\"@id\":\"https:\\\/\\\/fpsuperiorufv.es\\\/blog\\\/fp-asesoria-de-imagen-personal-y-corporativa-cerca-de-majadahonda-opciones-y-como-elegir-centro-blog\\\/#article\",\"isPartOf\":{\"@id\":\"https:\\\/\\\/fpsuperiorufv.es\\\/blog\\\/fp-asesoria-de-imagen-personal-y-corporativa-cerca-de-majadahonda-opciones-y-como-elegir-centro-blog\\\/\"},\"author\":{\"name\":\"FP Superior UFV\",\"@id\":\"https:\\\/\\\/fpsuperiorufv.es\\\/blog\\\/#\\\/schema\\\/person\\\/c7ac6e2e7af298050da8d956ac824347\"},\"headline\":\"FP Asesor\u00eda de Imagen Personal y Corporativa cerca de Majadahonda: opciones y c\u00f3mo elegir centro\",\"datePublished\":\"2026-03-11T22:17:07+00:00\",\"dateModified\":\"2026-04-15T10:09:06+00:00\",\"mainEntityOfPage\":{\"@id\":\"https:\\\/\\\/fpsuperiorufv.es\\\/blog\\\/fp-asesoria-de-imagen-personal-y-corporativa-cerca-de-majadahonda-opciones-y-como-elegir-centro-blog\\\/\"},\"wordCount\":839,\"commentCount\":0,\"publisher\":{\"@id\":\"https:\\\/\\\/fpsuperiorufv.es\\\/blog\\\/#organization\"},\"image\":{\"@id\":\"https:\\\/\\\/fpsuperiorufv.es\\\/blog\\\/fp-asesoria-de-imagen-personal-y-corporativa-cerca-de-majadahonda-opciones-y-como-elegir-centro-blog\\\/#primaryimage\"},\"thumbnailUrl\":\"https:\\\/\\\/fpsuperiorufv.es\\\/blog\\\/wp-content\\\/uploads\\\/2025\\\/08\\\/Maquillaje060-scaled-1.jpg\",\"articleSection\":[\"Asesor\u00eda de Imagen Personal y Corporativa\",\"Preguntas frecuentes\"],\"inLanguage\":\"es\",\"potentialAction\":[{\"@type\":\"CommentAction\",\"name\":\"Comment\",\"target\":[\"https:\\\/\\\/fpsuperiorufv.es\\\/blog\\\/fp-asesoria-de-imagen-personal-y-corporativa-cerca-de-majadahonda-opciones-y-como-elegir-centro-blog\\\/#respond\"]}]},{\"@type\":\"WebPage\",\"@id\":\"https:\\\/\\\/fpsuperiorufv.es\\\/blog\\\/fp-asesoria-de-imagen-personal-y-corporativa-cerca-de-majadahonda-opciones-y-como-elegir-centro-blog\\\/\",\"url\":\"https:\\\/\\\/fpsuperiorufv.es\\\/blog\\\/fp-asesoria-de-imagen-personal-y-corporativa-cerca-de-majadahonda-opciones-y-como-elegir-centro-blog\\\/\",\"name\":\"FP Asesor\u00eda de Imagen Personal y Corporativa cerca de Majadahonda: opciones y c\u00f3mo elegir centro - Cetys\",\"isPartOf\":{\"@id\":\"https:\\\/\\\/fpsuperiorufv.es\\\/blog\\\/#website\"},\"primaryImageOfPage\":{\"@id\":\"https:\\\/\\\/fpsuperiorufv.es\\\/blog\\\/fp-asesoria-de-imagen-personal-y-corporativa-cerca-de-majadahonda-opciones-y-como-elegir-centro-blog\\\/#primaryimage\"},\"image\":{\"@id\":\"https:\\\/\\\/fpsuperiorufv.es\\\/blog\\\/fp-asesoria-de-imagen-personal-y-corporativa-cerca-de-majadahonda-opciones-y-como-elegir-centro-blog\\\/#primaryimage\"},\"thumbnailUrl\":\"https:\\\/\\\/fpsuperiorufv.es\\\/blog\\\/wp-content\\\/uploads\\\/2025\\\/08\\\/Maquillaje060-scaled-1.jpg\",\"datePublished\":\"2026-03-11T22:17:07+00:00\",\"dateModified\":\"2026-04-15T10:09:06+00:00\",\"breadcrumb\":{\"@id\":\"https:\\\/\\\/fpsuperiorufv.es\\\/blog\\\/fp-asesoria-de-imagen-personal-y-corporativa-cerca-de-majadahonda-opciones-y-como-elegir-centro-blog\\\/#breadcrumb\"},\"inLanguage\":\"es\",\"potentialAction\":[{\"@type\":\"ReadAction\",\"target\":[\"https:\\\/\\\/fpsuperiorufv.es\\\/blog\\\/fp-asesoria-de-imagen-personal-y-corporativa-cerca-de-majadahonda-opciones-y-como-elegir-centro-blog\\\/\"]}]},{\"@type\":\"ImageObject\",\"inLanguage\":\"es\",\"@id\":\"https:\\\/\\\/fpsuperiorufv.es\\\/blog\\\/fp-asesoria-de-imagen-personal-y-corporativa-cerca-de-majadahonda-opciones-y-como-elegir-centro-blog\\\/#primaryimage\",\"url\":\"https:\\\/\\\/fpsuperiorufv.es\\\/blog\\\/wp-content\\\/uploads\\\/2025\\\/08\\\/Maquillaje060-scaled-1.jpg\",\"contentUrl\":\"https:\\\/\\\/fpsuperiorufv.es\\\/blog\\\/wp-content\\\/uploads\\\/2025\\\/08\\\/Maquillaje060-scaled-1.jpg\",\"width\":2560,\"height\":1707},{\"@type\":\"BreadcrumbList\",\"@id\":\"https:\\\/\\\/fpsuperiorufv.es\\\/blog\\\/fp-asesoria-de-imagen-personal-y-corporativa-cerca-de-majadahonda-opciones-y-como-elegir-centro-blog\\\/#breadcrumb\",\"itemListElement\":[{\"@type\":\"ListItem\",\"position\":1,\"name\":\"Home\",\"item\":\"https:\\\/\\\/fpsuperiorufv.es\\\/blog\\\/\"},{\"@type\":\"ListItem\",\"position\":2,\"name\":\"FP Asesor\u00eda de Imagen Personal y Corporativa cerca de Majadahonda: opciones y c\u00f3mo elegir centro\"}]},{\"@type\":\"WebSite\",\"@id\":\"https:\\\/\\\/fpsuperiorufv.es\\\/blog\\\/#website\",\"url\":\"https:\\\/\\\/fpsuperiorufv.es\\\/blog\\\/\",\"name\":\"Fp Superior Francisco de Vitoria\",\"description\":\"\",\"publisher\":{\"@id\":\"https:\\\/\\\/fpsuperiorufv.es\\\/blog\\\/#organization\"},\"alternateName\":\"Cetys\",\"potentialAction\":[{\"@type\":\"SearchAction\",\"target\":{\"@type\":\"EntryPoint\",\"urlTemplate\":\"https:\\\/\\\/fpsuperiorufv.es\\\/blog\\\/?s={search_term_string}\"},\"query-input\":{\"@type\":\"PropertyValueSpecification\",\"valueRequired\":true,\"valueName\":\"search_term_string\"}}],\"inLanguage\":\"es\"},{\"@type\":\"Organization\",\"@id\":\"https:\\\/\\\/fpsuperiorufv.es\\\/blog\\\/#organization\",\"name\":\"Cetys\",\"url\":\"https:\\\/\\\/fpsuperiorufv.es\\\/blog\\\/\",\"logo\":{\"@type\":\"ImageObject\",\"inLanguage\":\"es\",\"@id\":\"https:\\\/\\\/fpsuperiorufv.es\\\/blog\\\/#\\\/schema\\\/logo\\\/image\\\/\",\"url\":\"https:\\\/\\\/fpsuperiorufv.lo\\\/wp-content\\\/uploads\\\/2025\\\/02\\\/logo.svg\",\"contentUrl\":\"https:\\\/\\\/fpsuperiorufv.lo\\\/wp-content\\\/uploads\\\/2025\\\/02\\\/logo.svg\",\"width\":\"1024\",\"height\":\"1024\",\"caption\":\"Cetys\"},\"image\":{\"@id\":\"https:\\\/\\\/fpsuperiorufv.es\\\/blog\\\/#\\\/schema\\\/logo\\\/image\\\/\"}},{\"@type\":\"Person\",\"@id\":\"https:\\\/\\\/fpsuperiorufv.es\\\/blog\\\/#\\\/schema\\\/person\\\/c7ac6e2e7af298050da8d956ac824347\",\"name\":\"FP Superior UFV\",\"image\":{\"@type\":\"ImageObject\",\"inLanguage\":\"es\",\"@id\":\"https:\\\/\\\/secure.gravatar.com\\\/avatar\\\/002af9a4377d87096f281de7725cae2f359bff0b0b7439b98b80936e58af2d91?s=96&d=mm&r=g\",\"url\":\"https:\\\/\\\/secure.gravatar.com\\\/avatar\\\/002af9a4377d87096f281de7725cae2f359bff0b0b7439b98b80936e58af2d91?s=96&d=mm&r=g\",\"contentUrl\":\"https:\\\/\\\/secure.gravatar.com\\\/avatar\\\/002af9a4377d87096f281de7725cae2f359bff0b0b7439b98b80936e58af2d91?s=96&d=mm&r=g\",\"caption\":\"FP Superior UFV\"},\"sameAs\":[\"https:\\\/\\\/fpsuperiorufv.lo\"],\"url\":\"https:\\\/\\\/fpsuperiorufv.es\\\/blog\\\/author\\\/administrador\\\/\"}]}<\/script>\n<!-- \/ Yoast SEO plugin. -->","yoast_head_json":{"title":"FP Asesor\u00eda de Imagen Personal y Corporativa cerca de Majadahonda: opciones y c\u00f3mo elegir centro - Cetys","robots":{"index":"index","follow":"follow","max-snippet":"max-snippet:-1","max-image-preview":"max-image-preview:large","max-video-preview":"max-video-preview:-1"},"canonical":"https:\/\/fpsuperiorufv.es\/blog\/fp-asesoria-de-imagen-personal-y-corporativa-cerca-de-majadahonda-opciones-y-como-elegir-centro-blog\/","og_locale":"es_ES","og_type":"article","og_title":"FP Asesor\u00eda de Imagen Personal y Corporativa cerca de Majadahonda: opciones y c\u00f3mo elegir centro - Cetys","og_description":"FP Asesor\u00eda de Imagen Personal y Corporativa cerca de Majadahonda: Opciones y C\u00f3mo Elegir Centro \u00bfTe apasiona la moda, la est\u00e9tica y ayudar a otros a mejorar su imagen? La FP en Asesor\u00eda de Imagen Personal y Corporativa puede ser el camino perfecto para ti. En este art\u00edculo, vamos a explorar todas las opciones que [&hellip;]","og_url":"https:\/\/fpsuperiorufv.es\/blog\/fp-asesoria-de-imagen-personal-y-corporativa-cerca-de-majadahonda-opciones-y-como-elegir-centro-blog\/","og_site_name":"Cetys","article_published_time":"2026-03-11T22:17:07+00:00","article_modified_time":"2026-04-15T10:09:06+00:00","og_image":[{"width":2560,"height":1707,"url":"https:\/\/fpsuperiorufv.es\/blog\/wp-content\/uploads\/2025\/08\/Maquillaje060-scaled-1.jpg","type":"image\/jpeg"}],"author":"FP Superior UFV","twitter_card":"summary_large_image","twitter_misc":{"Escrito por":"FP Superior UFV","Tiempo de lectura":"4 minutos"},"schema":{"@context":"https:\/\/schema.org","@graph":[{"@type":"Article","@id":"https:\/\/fpsuperiorufv.es\/blog\/fp-asesoria-de-imagen-personal-y-corporativa-cerca-de-majadahonda-opciones-y-como-elegir-centro-blog\/#article","isPartOf":{"@id":"https:\/\/fpsuperiorufv.es\/blog\/fp-asesoria-de-imagen-personal-y-corporativa-cerca-de-majadahonda-opciones-y-como-elegir-centro-blog\/"},"author":{"name":"FP Superior UFV","@id":"https:\/\/fpsuperiorufv.es\/blog\/#\/schema\/person\/c7ac6e2e7af298050da8d956ac824347"},"headline":"FP Asesor\u00eda de Imagen Personal y Corporativa cerca de Majadahonda: opciones y c\u00f3mo elegir centro","datePublished":"2026-03-11T22:17:07+00:00","dateModified":"2026-04-15T10:09:06+00:00","mainEntityOfPage":{"@id":"https:\/\/fpsuperiorufv.es\/blog\/fp-asesoria-de-imagen-personal-y-corporativa-cerca-de-majadahonda-opciones-y-como-elegir-centro-blog\/"},"wordCount":839,"commentCount":0,"publisher":{"@id":"https:\/\/fpsuperiorufv.es\/blog\/#organization"},"image":{"@id":"https:\/\/fpsuperiorufv.es\/blog\/fp-asesoria-de-imagen-personal-y-corporativa-cerca-de-majadahonda-opciones-y-como-elegir-centro-blog\/#primaryimage"},"thumbnailUrl":"https:\/\/fpsuperiorufv.es\/blog\/wp-content\/uploads\/2025\/08\/Maquillaje060-scaled-1.jpg","articleSection":["Asesor\u00eda de Imagen Personal y Corporativa","Preguntas frecuentes"],"inLanguage":"es","potentialAction":[{"@type":"CommentAction","name":"Comment","target":["https:\/\/fpsuperiorufv.es\/blog\/fp-asesoria-de-imagen-personal-y-corporativa-cerca-de-majadahonda-opciones-y-como-elegir-centro-blog\/#respond"]}]},{"@type":"WebPage","@id":"https:\/\/fpsuperiorufv.es\/blog\/fp-asesoria-de-imagen-personal-y-corporativa-cerca-de-majadahonda-opciones-y-como-elegir-centro-blog\/","url":"https:\/\/fpsuperiorufv.es\/blog\/fp-asesoria-de-imagen-personal-y-corporativa-cerca-de-majadahonda-opciones-y-como-elegir-centro-blog\/","name":"FP Asesor\u00eda de Imagen Personal y Corporativa cerca de Majadahonda: opciones y c\u00f3mo elegir centro - Cetys","isPartOf":{"@id":"https:\/\/fpsuperiorufv.es\/blog\/#website"},"primaryImageOfPage":{"@id":"https:\/\/fpsuperiorufv.es\/blog\/fp-asesoria-de-imagen-personal-y-corporativa-cerca-de-majadahonda-opciones-y-como-elegir-centro-blog\/#primaryimage"},"image":{"@id":"https:\/\/fpsuperiorufv.es\/blog\/fp-asesoria-de-imagen-personal-y-corporativa-cerca-de-majadahonda-opciones-y-como-elegir-centro-blog\/#primaryimage"},"thumbnailUrl":"https:\/\/fpsuperiorufv.es\/blog\/wp-content\/uploads\/2025\/08\/Maquillaje060-scaled-1.jpg","datePublished":"2026-03-11T22:17:07+00:00","dateModified":"2026-04-15T10:09:06+00:00","breadcrumb":{"@id":"https:\/\/fpsuperiorufv.es\/blog\/fp-asesoria-de-imagen-personal-y-corporativa-cerca-de-majadahonda-opciones-y-como-elegir-centro-blog\/#breadcrumb"},"inLanguage":"es","potentialAction":[{"@type":"ReadAction","target":["https:\/\/fpsuperiorufv.es\/blog\/fp-asesoria-de-imagen-personal-y-corporativa-cerca-de-majadahonda-opciones-y-como-elegir-centro-blog\/"]}]},{"@type":"ImageObject","inLanguage":"es","@id":"https:\/\/fpsuperiorufv.es\/blog\/fp-asesoria-de-imagen-personal-y-corporativa-cerca-de-majadahonda-opciones-y-como-elegir-centro-blog\/#primaryimage","url":"https:\/\/fpsuperiorufv.es\/blog\/wp-content\/uploads\/2025\/08\/Maquillaje060-scaled-1.jpg","contentUrl":"https:\/\/fpsuperiorufv.es\/blog\/wp-content\/uploads\/2025\/08\/Maquillaje060-scaled-1.jpg","width":2560,"height":1707},{"@type":"BreadcrumbList","@id":"https:\/\/fpsuperiorufv.es\/blog\/fp-asesoria-de-imagen-personal-y-corporativa-cerca-de-majadahonda-opciones-y-como-elegir-centro-blog\/#breadcrumb","itemListElement":[{"@type":"ListItem","position":1,"name":"Home","item":"https:\/\/fpsuperiorufv.es\/blog\/"},{"@type":"ListItem","position":2,"name":"FP Asesor\u00eda de Imagen Personal y Corporativa cerca de Majadahonda: opciones y c\u00f3mo elegir centro"}]},{"@type":"WebSite","@id":"https:\/\/fpsuperiorufv.es\/blog\/#website","url":"https:\/\/fpsuperiorufv.es\/blog\/","name":"Fp Superior Francisco de Vitoria","description":"","publisher":{"@id":"https:\/\/fpsuperiorufv.es\/blog\/#organization"},"alternateName":"Cetys","potentialAction":[{"@type":"SearchAction","target":{"@type":"EntryPoint","urlTemplate":"https:\/\/fpsuperiorufv.es\/blog\/?s={search_term_string}"},"query-input":{"@type":"PropertyValueSpecification","valueRequired":true,"valueName":"search_term_string"}}],"inLanguage":"es"},{"@type":"Organization","@id":"https:\/\/fpsuperiorufv.es\/blog\/#organization","name":"Cetys","url":"https:\/\/fpsuperiorufv.es\/blog\/","logo":{"@type":"ImageObject","inLanguage":"es","@id":"https:\/\/fpsuperiorufv.es\/blog\/#\/schema\/logo\/image\/","url":"https:\/\/fpsuperiorufv.lo\/wp-content\/uploads\/2025\/02\/logo.svg","contentUrl":"https:\/\/fpsuperiorufv.lo\/wp-content\/uploads\/2025\/02\/logo.svg","width":"1024","height":"1024","caption":"Cetys"},"image":{"@id":"https:\/\/fpsuperiorufv.es\/blog\/#\/schema\/logo\/image\/"}},{"@type":"Person","@id":"https:\/\/fpsuperiorufv.es\/blog\/#\/schema\/person\/c7ac6e2e7af298050da8d956ac824347","name":"FP Superior UFV","image":{"@type":"ImageObject","inLanguage":"es","@id":"https:\/\/secure.gravatar.com\/avatar\/002af9a4377d87096f281de7725cae2f359bff0b0b7439b98b80936e58af2d91?s=96&d=mm&r=g","url":"https:\/\/secure.gravatar.com\/avatar\/002af9a4377d87096f281de7725cae2f359bff0b0b7439b98b80936e58af2d91?s=96&d=mm&r=g","contentUrl":"https:\/\/secure.gravatar.com\/avatar\/002af9a4377d87096f281de7725cae2f359bff0b0b7439b98b80936e58af2d91?s=96&d=mm&r=g","caption":"FP Superior UFV"},"sameAs":["https:\/\/fpsuperiorufv.lo"],"url":"https:\/\/fpsuperiorufv.es\/blog\/author\/administrador\/"}]}},"_links":{"self":[{"href":"https:\/\/fpsuperiorufv.es\/blog\/wp-json\/wp\/v2\/posts\/282702","targetHints":{"allow":["GET"]}}],"collection":[{"href":"https:\/\/fpsuperiorufv.es\/blog\/wp-json\/wp\/v2\/posts"}],"about":[{"href":"https:\/\/fpsuperiorufv.es\/blog\/wp-json\/wp\/v2\/types\/post"}],"author":[{"embeddable":true,"href":"https:\/\/fpsuperiorufv.es\/blog\/wp-json\/wp\/v2\/users\/1"}],"replies":[{"embeddable":true,"href":"https:\/\/fpsuperiorufv.es\/blog\/wp-json\/wp\/v2\/comments?post=282702"}],"version-history":[{"count":1,"href":"https:\/\/fpsuperiorufv.es\/blog\/wp-json\/wp\/v2\/posts\/282702\/revisions"}],"predecessor-version":[{"id":283320,"href":"https:\/\/fpsuperiorufv.es\/blog\/wp-json\/wp\/v2\/posts\/282702\/revisions\/283320"}],"wp:featuredmedia":[{"embeddable":true,"href":"https:\/\/fpsuperiorufv.es\/blog\/wp-json\/wp\/v2\/media\/2669"}],"wp:attachment":[{"href":"https:\/\/fpsuperiorufv.es\/blog\/wp-json\/wp\/v2\/media?parent=282702"}],"wp:term":[{"taxonomy":"category","embeddable":true,"href":"https:\/\/fpsuperiorufv.es\/blog\/wp-json\/wp\/v2\/categories?post=282702"},{"taxonomy":"post_tag","embeddable":true,"href":"https:\/\/fpsuperiorufv.es\/blog\/wp-json\/wp\/v2\/tags?post=282702"}],"curies":[{"name":"wp","href":"https:\/\/api.w.org\/{rel}","templated":true}]}}