{"id":282707,"date":"2026-03-11T21:42:08","date_gmt":"2026-03-11T21:42:08","guid":{"rendered":"https:\/\/soleyantonio.es\/entrevistas-para-puestos-de-fp-en-comercio-internacional-preguntas-tipicas-y-como-responder\/"},"modified":"2026-04-15T12:11:52","modified_gmt":"2026-04-15T10:11:52","slug":"entrevistas-para-puestos-de-fp-en-comercio-internacional-preguntas-tipicas-y-como-responder-blog","status":"publish","type":"post","link":"https:\/\/fpsuperiorufv.es\/blog\/entrevistas-para-puestos-de-fp-en-comercio-internacional-preguntas-tipicas-y-como-responder-blog\/","title":{"rendered":"Entrevistas para puestos de FP en Comercio Internacional: preguntas t\u00edpicas y c\u00f3mo responder"},"content":{"rendered":"<h2>Entrevistas para puestos de FP en Comercio Internacional: preguntas t\u00edpicas y c\u00f3mo responder<\/h2>\n<p>\u00a1Bienvenido! Si est\u00e1s interesado en el mundo del Comercio Internacional y te has preparado a trav\u00e9s de un Ciclo Formativo de Grado Superior, este art\u00edculo es para ti. Te proporcionaremos informaci\u00f3n valiosa sobre c\u00f3mo enfrentarte a las entrevistas de trabajo en este sector, incluyendo las preguntas m\u00e1s comunes y estrategias para responderlas de manera efectiva.<\/p>\n<h2>Curiosidades y estad\u00edsticas sobre las entrevistas en Comercio Internacional<\/h2>\n<ul>\n<li>Seg\u00fan estudios, el 70% de los candidatos no se preparan adecuadamente para las entrevistas.<\/li>\n<li>El 85% de los empleadores busca habilidades interpersonales y de comunicaci\u00f3n en candidatos de Comercio Internacional.<\/li>\n<li>Las entrevistas pueden durar entre 30 minutos y 2 horas, dependiendo de la empresa y el puesto.<\/li>\n<li>M\u00e1s del 60% de las decisiones de contrataci\u00f3n se toman en los primeros 10 minutos de la entrevista.<\/li>\n<li>El 50% de las preguntas en entrevistas de Comercio Internacional son sobre experiencias previas y habilidades espec\u00edficas.<\/li>\n<\/ul>\n<h2>Prepar\u00e1ndote para la entrevista<\/h2>\n<p>Antes de enfrentarte a una entrevista, es crucial que te prepares. Aqu\u00ed hay algunos consejos que te ayudar\u00e1n a destacar:<\/p>\n<ul>\n<li>Investiga sobre la empresa y su cultura.<\/li>\n<li>Practica tus respuestas a preguntas comunes.<\/li>\n<li>Prep\u00e1rate para hablar de tus experiencias previas en el sector.<\/li>\n<li>Desarrolla preguntas para hacerle al entrevistador.<\/li>\n<\/ul>\n<h2>Preguntas t\u00edpicas en entrevistas de Comercio Internacional<\/h2>\n<p>Las entrevistas en Comercio Internacional suelen incluir preguntas espec\u00edficas que buscan evaluar tus competencias y conocimientos. Aqu\u00ed te mostramos algunas de las m\u00e1s comunes:<\/p>\n<h3>1. \u00bfPor qu\u00e9 elegiste el Comercio Internacional como carrera?<\/h3>\n<p>Esta pregunta busca conocer tus motivaciones. Responde destacando tu inter\u00e9s por el comercio global y c\u00f3mo te apasiona contribuir a la internacionalizaci\u00f3n de empresas.<\/p>\n<h3>2. \u00bfQu\u00e9 habilidades consideras fundamentales para trabajar en Comercio Internacional?<\/h3>\n<p>Es importante mencionar habilidades como la comunicaci\u00f3n, la negociaci\u00f3n y el an\u00e1lisis de mercados. Puedes dar ejemplos de c\u00f3mo has desarrollado estas habilidades en tu formaci\u00f3n o experiencias previas.<\/p>\n<h3>3. \u00bfC\u00f3mo manejas los desaf\u00edos culturales en un entorno internacional?<\/h3>\n<p>Responde mencionando tu capacidad para adaptarte y aprender sobre diferentes culturas. Puedes compartir una an\u00e9cdota personal que ilustre tu habilidad para resolver conflictos interculturales.<\/p>\n<h3>4. \u00bfTienes experiencia en negociaci\u00f3n? Cu\u00e9ntanos sobre una ocasi\u00f3n en la que tuviste que negociar.<\/h3>\n<p>Aqu\u00ed es donde puedes resaltar experiencias previas. Describe una situaci\u00f3n espec\u00edfica, las estrategias que utilizaste y el resultado de la negociaci\u00f3n.<\/p>\n<h3>5. \u00bfC\u00f3mo te mantienes actualizado sobre las tendencias en Comercio Internacional?<\/h3>\n<p>Habla sobre recursos que utilizas, como revistas especializadas, webinars, y c\u00f3mo participas en redes profesionales. Esto demuestra tu compromiso con el aprendizaje continuo.<\/p>\n<h2>C\u00f3mo responder a las preguntas<\/h2>\n<p>Al responder a las preguntas de la entrevista, es fundamental seguir algunos principios:<\/p>\n<ul>\n<li><strong>S\u00e9 claro y conciso:<\/strong> No te extiendas demasiado. Ve al grano.<\/li>\n<li><strong>Usa ejemplos concretos:<\/strong> Las an\u00e9cdotas concretas ayudan a ilustrar tus puntos de vista.<\/li>\n<li><strong>Muestra confianza:<\/strong> Practica tus respuestas y mant\u00e9n un tono seguro.<\/li>\n<li><strong>Haz preguntas:<\/strong> Esto demuestra tu inter\u00e9s y te ayudar\u00e1 a evaluar si la empresa es adecuada para ti.<\/li>\n<\/ul>\n<h2>Errores comunes que debes evitar<\/h2>\n<p>Algunos errores pueden costarte la oportunidad. Aqu\u00ed hay algunos que debes evitar:<\/p>\n<ul>\n<li>No investigar sobre la empresa.<\/li>\n<li>Hablar negativamente de experiencias pasadas.<\/li>\n<li>No preparar preguntas para el entrevistador.<\/li>\n<li>Llegar tarde o desorganizado.<\/li>\n<\/ul>\n<h2>Preguntas frecuentes<\/h2>\n<h3>\u00bfC\u00f3mo puedo mejorar mis habilidades de entrevista?<\/h3>\n<p>Practica con amigos o familiares, investiga sobre las preguntas comunes y graba tus respuestas para analizarlas. Tambi\u00e9n puedes buscar talleres de preparaci\u00f3n de entrevistas.<\/p>\n<h3>\u00bfQu\u00e9 tipo de preguntas deber\u00eda hacer al final de la entrevista?<\/h3>\n<p>Puedes preguntar sobre la cultura de la empresa, las oportunidades de crecimiento profesional, o las expectativas del puesto. Esto muestra tu inter\u00e9s y te ayudar\u00e1 a entender mejor el entorno laboral.<\/p>\n<h3>\u00bfEs importante la apariencia en una entrevista?<\/h3>\n<p>S\u00ed, la primera impresi\u00f3n cuenta. Aseg\u00farate de vestirte de manera profesional y adecuada al entorno de la empresa.<\/p>\n<h3>\u00bfD\u00f3nde puedo encontrar m\u00e1s informaci\u00f3n sobre el proceso de admisi\u00f3n?<\/h3>\n<p>Puedes consultar el <a href=https:\/\/fpsuperiorufv.es\/secretaria-admision-y-ayuda\/>Proceso de Admisi\u00f3n<\/a> en nuestra web para obtener toda la informaci\u00f3n que necesitas.<\/p>\n","protected":false},"excerpt":{"rendered":"<p>Entrevistas para puestos de FP en Comercio Internacional: preguntas t\u00edpicas y c\u00f3mo responder \u00a1Bienvenido! Si est\u00e1s interesado en el mundo del Comercio Internacional y te has preparado a trav\u00e9s de un Ciclo Formativo de Grado Superior, este art\u00edculo es para ti. Te proporcionaremos informaci\u00f3n valiosa sobre c\u00f3mo enfrentarte a las entrevistas de trabajo en este [&hellip;]<\/p>\n","protected":false},"author":1,"featured_media":1232,"comment_status":"open","ping_status":"open","sticky":false,"template":"","format":"standard","meta":{"inline_featured_image":false,"footnotes":""},"categories":[379,393],"tags":[],"class_list":["post-282707","post","type-post","status-publish","format-standard","has-post-thumbnail","hentry","category-comercio-internacional","category-preguntas-frecuentes"],"yoast_head":"<!-- This site is optimized with the Yoast SEO plugin v27.4 - https:\/\/yoast.com\/product\/yoast-seo-wordpress\/ -->\n<title>Entrevistas para puestos de FP en Comercio Internacional: preguntas t\u00edpicas y c\u00f3mo responder - Cetys<\/title>\n<meta name=\"robots\" content=\"index, follow, max-snippet:-1, max-image-preview:large, max-video-preview:-1\" \/>\n<link rel=\"canonical\" href=\"https:\/\/fpsuperiorufv.es\/blog\/entrevistas-para-puestos-de-fp-en-comercio-internacional-preguntas-tipicas-y-como-responder-blog\/\" \/>\n<meta property=\"og:locale\" content=\"es_ES\" \/>\n<meta property=\"og:type\" content=\"article\" \/>\n<meta property=\"og:title\" content=\"Entrevistas para puestos de FP en Comercio Internacional: preguntas t\u00edpicas y c\u00f3mo responder - Cetys\" \/>\n<meta property=\"og:description\" content=\"Entrevistas para puestos de FP en Comercio Internacional: preguntas t\u00edpicas y c\u00f3mo responder \u00a1Bienvenido! Si est\u00e1s interesado en el mundo del Comercio Internacional y te has preparado a trav\u00e9s de un Ciclo Formativo de Grado Superior, este art\u00edculo es para ti. Te proporcionaremos informaci\u00f3n valiosa sobre c\u00f3mo enfrentarte a las entrevistas de trabajo en este [&hellip;]\" \/>\n<meta property=\"og:url\" content=\"https:\/\/fpsuperiorufv.es\/blog\/entrevistas-para-puestos-de-fp-en-comercio-internacional-preguntas-tipicas-y-como-responder-blog\/\" \/>\n<meta property=\"og:site_name\" content=\"Cetys\" \/>\n<meta property=\"article:published_time\" content=\"2026-03-11T21:42:08+00:00\" \/>\n<meta property=\"article:modified_time\" content=\"2026-04-15T10:11:52+00:00\" \/>\n<meta property=\"og:image\" content=\"https:\/\/fpsuperiorufv.es\/blog\/wp-content\/uploads\/2025\/07\/hombre-tiro-medio-hablando-telefono-scaled-1.jpg\" \/>\n\t<meta property=\"og:image:width\" content=\"2560\" \/>\n\t<meta property=\"og:image:height\" content=\"1440\" \/>\n\t<meta property=\"og:image:type\" content=\"image\/jpeg\" \/>\n<meta name=\"author\" content=\"FP Superior UFV\" \/>\n<meta name=\"twitter:card\" content=\"summary_large_image\" \/>\n<meta name=\"twitter:label1\" content=\"Escrito por\" \/>\n\t<meta name=\"twitter:data1\" content=\"FP Superior UFV\" \/>\n\t<meta name=\"twitter:label2\" content=\"Tiempo de lectura\" \/>\n\t<meta name=\"twitter:data2\" content=\"4 minutos\" \/>\n<script type=\"application\/ld+json\" class=\"yoast-schema-graph\">{\"@context\":\"https:\\\/\\\/schema.org\",\"@graph\":[{\"@type\":\"Article\",\"@id\":\"https:\\\/\\\/fpsuperiorufv.es\\\/blog\\\/entrevistas-para-puestos-de-fp-en-comercio-internacional-preguntas-tipicas-y-como-responder-blog\\\/#article\",\"isPartOf\":{\"@id\":\"https:\\\/\\\/fpsuperiorufv.es\\\/blog\\\/entrevistas-para-puestos-de-fp-en-comercio-internacional-preguntas-tipicas-y-como-responder-blog\\\/\"},\"author\":{\"name\":\"FP Superior UFV\",\"@id\":\"https:\\\/\\\/fpsuperiorufv.es\\\/blog\\\/#\\\/schema\\\/person\\\/c7ac6e2e7af298050da8d956ac824347\"},\"headline\":\"Entrevistas para puestos de FP en Comercio Internacional: preguntas t\u00edpicas y c\u00f3mo responder\",\"datePublished\":\"2026-03-11T21:42:08+00:00\",\"dateModified\":\"2026-04-15T10:11:52+00:00\",\"mainEntityOfPage\":{\"@id\":\"https:\\\/\\\/fpsuperiorufv.es\\\/blog\\\/entrevistas-para-puestos-de-fp-en-comercio-internacional-preguntas-tipicas-y-como-responder-blog\\\/\"},\"wordCount\":711,\"commentCount\":0,\"publisher\":{\"@id\":\"https:\\\/\\\/fpsuperiorufv.es\\\/blog\\\/#organization\"},\"image\":{\"@id\":\"https:\\\/\\\/fpsuperiorufv.es\\\/blog\\\/entrevistas-para-puestos-de-fp-en-comercio-internacional-preguntas-tipicas-y-como-responder-blog\\\/#primaryimage\"},\"thumbnailUrl\":\"https:\\\/\\\/fpsuperiorufv.es\\\/blog\\\/wp-content\\\/uploads\\\/2025\\\/07\\\/hombre-tiro-medio-hablando-telefono-scaled-1.jpg\",\"articleSection\":[\"comercio internacional\",\"Preguntas frecuentes\"],\"inLanguage\":\"es\",\"potentialAction\":[{\"@type\":\"CommentAction\",\"name\":\"Comment\",\"target\":[\"https:\\\/\\\/fpsuperiorufv.es\\\/blog\\\/entrevistas-para-puestos-de-fp-en-comercio-internacional-preguntas-tipicas-y-como-responder-blog\\\/#respond\"]}]},{\"@type\":\"WebPage\",\"@id\":\"https:\\\/\\\/fpsuperiorufv.es\\\/blog\\\/entrevistas-para-puestos-de-fp-en-comercio-internacional-preguntas-tipicas-y-como-responder-blog\\\/\",\"url\":\"https:\\\/\\\/fpsuperiorufv.es\\\/blog\\\/entrevistas-para-puestos-de-fp-en-comercio-internacional-preguntas-tipicas-y-como-responder-blog\\\/\",\"name\":\"Entrevistas para puestos de FP en Comercio Internacional: preguntas t\u00edpicas y c\u00f3mo responder - Cetys\",\"isPartOf\":{\"@id\":\"https:\\\/\\\/fpsuperiorufv.es\\\/blog\\\/#website\"},\"primaryImageOfPage\":{\"@id\":\"https:\\\/\\\/fpsuperiorufv.es\\\/blog\\\/entrevistas-para-puestos-de-fp-en-comercio-internacional-preguntas-tipicas-y-como-responder-blog\\\/#primaryimage\"},\"image\":{\"@id\":\"https:\\\/\\\/fpsuperiorufv.es\\\/blog\\\/entrevistas-para-puestos-de-fp-en-comercio-internacional-preguntas-tipicas-y-como-responder-blog\\\/#primaryimage\"},\"thumbnailUrl\":\"https:\\\/\\\/fpsuperiorufv.es\\\/blog\\\/wp-content\\\/uploads\\\/2025\\\/07\\\/hombre-tiro-medio-hablando-telefono-scaled-1.jpg\",\"datePublished\":\"2026-03-11T21:42:08+00:00\",\"dateModified\":\"2026-04-15T10:11:52+00:00\",\"breadcrumb\":{\"@id\":\"https:\\\/\\\/fpsuperiorufv.es\\\/blog\\\/entrevistas-para-puestos-de-fp-en-comercio-internacional-preguntas-tipicas-y-como-responder-blog\\\/#breadcrumb\"},\"inLanguage\":\"es\",\"potentialAction\":[{\"@type\":\"ReadAction\",\"target\":[\"https:\\\/\\\/fpsuperiorufv.es\\\/blog\\\/entrevistas-para-puestos-de-fp-en-comercio-internacional-preguntas-tipicas-y-como-responder-blog\\\/\"]}]},{\"@type\":\"ImageObject\",\"inLanguage\":\"es\",\"@id\":\"https:\\\/\\\/fpsuperiorufv.es\\\/blog\\\/entrevistas-para-puestos-de-fp-en-comercio-internacional-preguntas-tipicas-y-como-responder-blog\\\/#primaryimage\",\"url\":\"https:\\\/\\\/fpsuperiorufv.es\\\/blog\\\/wp-content\\\/uploads\\\/2025\\\/07\\\/hombre-tiro-medio-hablando-telefono-scaled-1.jpg\",\"contentUrl\":\"https:\\\/\\\/fpsuperiorufv.es\\\/blog\\\/wp-content\\\/uploads\\\/2025\\\/07\\\/hombre-tiro-medio-hablando-telefono-scaled-1.jpg\",\"width\":2560,\"height\":1440},{\"@type\":\"BreadcrumbList\",\"@id\":\"https:\\\/\\\/fpsuperiorufv.es\\\/blog\\\/entrevistas-para-puestos-de-fp-en-comercio-internacional-preguntas-tipicas-y-como-responder-blog\\\/#breadcrumb\",\"itemListElement\":[{\"@type\":\"ListItem\",\"position\":1,\"name\":\"Home\",\"item\":\"https:\\\/\\\/fpsuperiorufv.es\\\/blog\\\/\"},{\"@type\":\"ListItem\",\"position\":2,\"name\":\"Entrevistas para puestos de FP en Comercio Internacional: preguntas t\u00edpicas y c\u00f3mo responder\"}]},{\"@type\":\"WebSite\",\"@id\":\"https:\\\/\\\/fpsuperiorufv.es\\\/blog\\\/#website\",\"url\":\"https:\\\/\\\/fpsuperiorufv.es\\\/blog\\\/\",\"name\":\"Fp Superior Francisco de Vitoria\",\"description\":\"\",\"publisher\":{\"@id\":\"https:\\\/\\\/fpsuperiorufv.es\\\/blog\\\/#organization\"},\"alternateName\":\"Cetys\",\"potentialAction\":[{\"@type\":\"SearchAction\",\"target\":{\"@type\":\"EntryPoint\",\"urlTemplate\":\"https:\\\/\\\/fpsuperiorufv.es\\\/blog\\\/?s={search_term_string}\"},\"query-input\":{\"@type\":\"PropertyValueSpecification\",\"valueRequired\":true,\"valueName\":\"search_term_string\"}}],\"inLanguage\":\"es\"},{\"@type\":\"Organization\",\"@id\":\"https:\\\/\\\/fpsuperiorufv.es\\\/blog\\\/#organization\",\"name\":\"Cetys\",\"url\":\"https:\\\/\\\/fpsuperiorufv.es\\\/blog\\\/\",\"logo\":{\"@type\":\"ImageObject\",\"inLanguage\":\"es\",\"@id\":\"https:\\\/\\\/fpsuperiorufv.es\\\/blog\\\/#\\\/schema\\\/logo\\\/image\\\/\",\"url\":\"https:\\\/\\\/fpsuperiorufv.lo\\\/wp-content\\\/uploads\\\/2025\\\/02\\\/logo.svg\",\"contentUrl\":\"https:\\\/\\\/fpsuperiorufv.lo\\\/wp-content\\\/uploads\\\/2025\\\/02\\\/logo.svg\",\"width\":\"1024\",\"height\":\"1024\",\"caption\":\"Cetys\"},\"image\":{\"@id\":\"https:\\\/\\\/fpsuperiorufv.es\\\/blog\\\/#\\\/schema\\\/logo\\\/image\\\/\"}},{\"@type\":\"Person\",\"@id\":\"https:\\\/\\\/fpsuperiorufv.es\\\/blog\\\/#\\\/schema\\\/person\\\/c7ac6e2e7af298050da8d956ac824347\",\"name\":\"FP Superior UFV\",\"image\":{\"@type\":\"ImageObject\",\"inLanguage\":\"es\",\"@id\":\"https:\\\/\\\/secure.gravatar.com\\\/avatar\\\/002af9a4377d87096f281de7725cae2f359bff0b0b7439b98b80936e58af2d91?s=96&d=mm&r=g\",\"url\":\"https:\\\/\\\/secure.gravatar.com\\\/avatar\\\/002af9a4377d87096f281de7725cae2f359bff0b0b7439b98b80936e58af2d91?s=96&d=mm&r=g\",\"contentUrl\":\"https:\\\/\\\/secure.gravatar.com\\\/avatar\\\/002af9a4377d87096f281de7725cae2f359bff0b0b7439b98b80936e58af2d91?s=96&d=mm&r=g\",\"caption\":\"FP Superior UFV\"},\"sameAs\":[\"https:\\\/\\\/fpsuperiorufv.lo\"],\"url\":\"https:\\\/\\\/fpsuperiorufv.es\\\/blog\\\/author\\\/administrador\\\/\"}]}<\/script>\n<!-- \/ Yoast SEO plugin. -->","yoast_head_json":{"title":"Entrevistas para puestos de FP en Comercio Internacional: preguntas t\u00edpicas y c\u00f3mo responder - Cetys","robots":{"index":"index","follow":"follow","max-snippet":"max-snippet:-1","max-image-preview":"max-image-preview:large","max-video-preview":"max-video-preview:-1"},"canonical":"https:\/\/fpsuperiorufv.es\/blog\/entrevistas-para-puestos-de-fp-en-comercio-internacional-preguntas-tipicas-y-como-responder-blog\/","og_locale":"es_ES","og_type":"article","og_title":"Entrevistas para puestos de FP en Comercio Internacional: preguntas t\u00edpicas y c\u00f3mo responder - Cetys","og_description":"Entrevistas para puestos de FP en Comercio Internacional: preguntas t\u00edpicas y c\u00f3mo responder \u00a1Bienvenido! Si est\u00e1s interesado en el mundo del Comercio Internacional y te has preparado a trav\u00e9s de un Ciclo Formativo de Grado Superior, este art\u00edculo es para ti. Te proporcionaremos informaci\u00f3n valiosa sobre c\u00f3mo enfrentarte a las entrevistas de trabajo en este [&hellip;]","og_url":"https:\/\/fpsuperiorufv.es\/blog\/entrevistas-para-puestos-de-fp-en-comercio-internacional-preguntas-tipicas-y-como-responder-blog\/","og_site_name":"Cetys","article_published_time":"2026-03-11T21:42:08+00:00","article_modified_time":"2026-04-15T10:11:52+00:00","og_image":[{"width":2560,"height":1440,"url":"https:\/\/fpsuperiorufv.es\/blog\/wp-content\/uploads\/2025\/07\/hombre-tiro-medio-hablando-telefono-scaled-1.jpg","type":"image\/jpeg"}],"author":"FP Superior UFV","twitter_card":"summary_large_image","twitter_misc":{"Escrito por":"FP Superior UFV","Tiempo de lectura":"4 minutos"},"schema":{"@context":"https:\/\/schema.org","@graph":[{"@type":"Article","@id":"https:\/\/fpsuperiorufv.es\/blog\/entrevistas-para-puestos-de-fp-en-comercio-internacional-preguntas-tipicas-y-como-responder-blog\/#article","isPartOf":{"@id":"https:\/\/fpsuperiorufv.es\/blog\/entrevistas-para-puestos-de-fp-en-comercio-internacional-preguntas-tipicas-y-como-responder-blog\/"},"author":{"name":"FP Superior UFV","@id":"https:\/\/fpsuperiorufv.es\/blog\/#\/schema\/person\/c7ac6e2e7af298050da8d956ac824347"},"headline":"Entrevistas para puestos de FP en Comercio Internacional: preguntas t\u00edpicas y c\u00f3mo responder","datePublished":"2026-03-11T21:42:08+00:00","dateModified":"2026-04-15T10:11:52+00:00","mainEntityOfPage":{"@id":"https:\/\/fpsuperiorufv.es\/blog\/entrevistas-para-puestos-de-fp-en-comercio-internacional-preguntas-tipicas-y-como-responder-blog\/"},"wordCount":711,"commentCount":0,"publisher":{"@id":"https:\/\/fpsuperiorufv.es\/blog\/#organization"},"image":{"@id":"https:\/\/fpsuperiorufv.es\/blog\/entrevistas-para-puestos-de-fp-en-comercio-internacional-preguntas-tipicas-y-como-responder-blog\/#primaryimage"},"thumbnailUrl":"https:\/\/fpsuperiorufv.es\/blog\/wp-content\/uploads\/2025\/07\/hombre-tiro-medio-hablando-telefono-scaled-1.jpg","articleSection":["comercio internacional","Preguntas frecuentes"],"inLanguage":"es","potentialAction":[{"@type":"CommentAction","name":"Comment","target":["https:\/\/fpsuperiorufv.es\/blog\/entrevistas-para-puestos-de-fp-en-comercio-internacional-preguntas-tipicas-y-como-responder-blog\/#respond"]}]},{"@type":"WebPage","@id":"https:\/\/fpsuperiorufv.es\/blog\/entrevistas-para-puestos-de-fp-en-comercio-internacional-preguntas-tipicas-y-como-responder-blog\/","url":"https:\/\/fpsuperiorufv.es\/blog\/entrevistas-para-puestos-de-fp-en-comercio-internacional-preguntas-tipicas-y-como-responder-blog\/","name":"Entrevistas para puestos de FP en Comercio Internacional: preguntas t\u00edpicas y c\u00f3mo responder - Cetys","isPartOf":{"@id":"https:\/\/fpsuperiorufv.es\/blog\/#website"},"primaryImageOfPage":{"@id":"https:\/\/fpsuperiorufv.es\/blog\/entrevistas-para-puestos-de-fp-en-comercio-internacional-preguntas-tipicas-y-como-responder-blog\/#primaryimage"},"image":{"@id":"https:\/\/fpsuperiorufv.es\/blog\/entrevistas-para-puestos-de-fp-en-comercio-internacional-preguntas-tipicas-y-como-responder-blog\/#primaryimage"},"thumbnailUrl":"https:\/\/fpsuperiorufv.es\/blog\/wp-content\/uploads\/2025\/07\/hombre-tiro-medio-hablando-telefono-scaled-1.jpg","datePublished":"2026-03-11T21:42:08+00:00","dateModified":"2026-04-15T10:11:52+00:00","breadcrumb":{"@id":"https:\/\/fpsuperiorufv.es\/blog\/entrevistas-para-puestos-de-fp-en-comercio-internacional-preguntas-tipicas-y-como-responder-blog\/#breadcrumb"},"inLanguage":"es","potentialAction":[{"@type":"ReadAction","target":["https:\/\/fpsuperiorufv.es\/blog\/entrevistas-para-puestos-de-fp-en-comercio-internacional-preguntas-tipicas-y-como-responder-blog\/"]}]},{"@type":"ImageObject","inLanguage":"es","@id":"https:\/\/fpsuperiorufv.es\/blog\/entrevistas-para-puestos-de-fp-en-comercio-internacional-preguntas-tipicas-y-como-responder-blog\/#primaryimage","url":"https:\/\/fpsuperiorufv.es\/blog\/wp-content\/uploads\/2025\/07\/hombre-tiro-medio-hablando-telefono-scaled-1.jpg","contentUrl":"https:\/\/fpsuperiorufv.es\/blog\/wp-content\/uploads\/2025\/07\/hombre-tiro-medio-hablando-telefono-scaled-1.jpg","width":2560,"height":1440},{"@type":"BreadcrumbList","@id":"https:\/\/fpsuperiorufv.es\/blog\/entrevistas-para-puestos-de-fp-en-comercio-internacional-preguntas-tipicas-y-como-responder-blog\/#breadcrumb","itemListElement":[{"@type":"ListItem","position":1,"name":"Home","item":"https:\/\/fpsuperiorufv.es\/blog\/"},{"@type":"ListItem","position":2,"name":"Entrevistas para puestos de FP en Comercio Internacional: preguntas t\u00edpicas y c\u00f3mo responder"}]},{"@type":"WebSite","@id":"https:\/\/fpsuperiorufv.es\/blog\/#website","url":"https:\/\/fpsuperiorufv.es\/blog\/","name":"Fp Superior Francisco de Vitoria","description":"","publisher":{"@id":"https:\/\/fpsuperiorufv.es\/blog\/#organization"},"alternateName":"Cetys","potentialAction":[{"@type":"SearchAction","target":{"@type":"EntryPoint","urlTemplate":"https:\/\/fpsuperiorufv.es\/blog\/?s={search_term_string}"},"query-input":{"@type":"PropertyValueSpecification","valueRequired":true,"valueName":"search_term_string"}}],"inLanguage":"es"},{"@type":"Organization","@id":"https:\/\/fpsuperiorufv.es\/blog\/#organization","name":"Cetys","url":"https:\/\/fpsuperiorufv.es\/blog\/","logo":{"@type":"ImageObject","inLanguage":"es","@id":"https:\/\/fpsuperiorufv.es\/blog\/#\/schema\/logo\/image\/","url":"https:\/\/fpsuperiorufv.lo\/wp-content\/uploads\/2025\/02\/logo.svg","contentUrl":"https:\/\/fpsuperiorufv.lo\/wp-content\/uploads\/2025\/02\/logo.svg","width":"1024","height":"1024","caption":"Cetys"},"image":{"@id":"https:\/\/fpsuperiorufv.es\/blog\/#\/schema\/logo\/image\/"}},{"@type":"Person","@id":"https:\/\/fpsuperiorufv.es\/blog\/#\/schema\/person\/c7ac6e2e7af298050da8d956ac824347","name":"FP Superior UFV","image":{"@type":"ImageObject","inLanguage":"es","@id":"https:\/\/secure.gravatar.com\/avatar\/002af9a4377d87096f281de7725cae2f359bff0b0b7439b98b80936e58af2d91?s=96&d=mm&r=g","url":"https:\/\/secure.gravatar.com\/avatar\/002af9a4377d87096f281de7725cae2f359bff0b0b7439b98b80936e58af2d91?s=96&d=mm&r=g","contentUrl":"https:\/\/secure.gravatar.com\/avatar\/002af9a4377d87096f281de7725cae2f359bff0b0b7439b98b80936e58af2d91?s=96&d=mm&r=g","caption":"FP Superior UFV"},"sameAs":["https:\/\/fpsuperiorufv.lo"],"url":"https:\/\/fpsuperiorufv.es\/blog\/author\/administrador\/"}]}},"_links":{"self":[{"href":"https:\/\/fpsuperiorufv.es\/blog\/wp-json\/wp\/v2\/posts\/282707","targetHints":{"allow":["GET"]}}],"collection":[{"href":"https:\/\/fpsuperiorufv.es\/blog\/wp-json\/wp\/v2\/posts"}],"about":[{"href":"https:\/\/fpsuperiorufv.es\/blog\/wp-json\/wp\/v2\/types\/post"}],"author":[{"embeddable":true,"href":"https:\/\/fpsuperiorufv.es\/blog\/wp-json\/wp\/v2\/users\/1"}],"replies":[{"embeddable":true,"href":"https:\/\/fpsuperiorufv.es\/blog\/wp-json\/wp\/v2\/comments?post=282707"}],"version-history":[{"count":1,"href":"https:\/\/fpsuperiorufv.es\/blog\/wp-json\/wp\/v2\/posts\/282707\/revisions"}],"predecessor-version":[{"id":283322,"href":"https:\/\/fpsuperiorufv.es\/blog\/wp-json\/wp\/v2\/posts\/282707\/revisions\/283322"}],"wp:featuredmedia":[{"embeddable":true,"href":"https:\/\/fpsuperiorufv.es\/blog\/wp-json\/wp\/v2\/media\/1232"}],"wp:attachment":[{"href":"https:\/\/fpsuperiorufv.es\/blog\/wp-json\/wp\/v2\/media?parent=282707"}],"wp:term":[{"taxonomy":"category","embeddable":true,"href":"https:\/\/fpsuperiorufv.es\/blog\/wp-json\/wp\/v2\/categories?post=282707"},{"taxonomy":"post_tag","embeddable":true,"href":"https:\/\/fpsuperiorufv.es\/blog\/wp-json\/wp\/v2\/tags?post=282707"}],"curies":[{"name":"wp","href":"https:\/\/api.w.org\/{rel}","templated":true}]}}