{"id":282708,"date":"2026-03-12T03:40:01","date_gmt":"2026-03-12T03:40:01","guid":{"rendered":"https:\/\/soleyantonio.es\/entrevistas-para-puestos-de-fp-en-marketing-y-publicidad-preguntas-tipicas-y-como-responder\/"},"modified":"2026-04-15T11:51:42","modified_gmt":"2026-04-15T09:51:42","slug":"entrevistas-para-puestos-de-fp-en-marketing-y-publicidad-preguntas-tipicas-y-como-responder-blog","status":"publish","type":"post","link":"https:\/\/fpsuperiorufv.es\/blog\/entrevistas-para-puestos-de-fp-en-marketing-y-publicidad-preguntas-tipicas-y-como-responder-blog\/","title":{"rendered":"Entrevistas para puestos de FP en Marketing y Publicidad: preguntas t\u00edpicas y c\u00f3mo responder"},"content":{"rendered":"<h2>Entrevistas para puestos de FP en Marketing y Publicidad: preguntas t\u00edpicas y c\u00f3mo responder<\/h2>\n<section>\n<p>Si est\u00e1s pensando en dar el salto hacia una carrera en Marketing y Publicidad, es fundamental que te prepares para las entrevistas. Esto no solo te ayudar\u00e1 a destacar frente a otros candidatos, sino que tambi\u00e9n te dar\u00e1 confianza en tus habilidades. En este art\u00edculo, te guiaremos a trav\u00e9s de preguntas t\u00edpicas y c\u00f3mo responderlas para que puedas brillar en tu entrevista.<\/p>\n<\/section>\n<section>\n<h2>Curiosidades y estad\u00edsticas sobre entrevistas en Marketing y Publicidad<\/h2>\n<ul>\n<li>El 75% de los empleadores considera que la experiencia previa en marketing es crucial durante el proceso de selecci\u00f3n.<\/li>\n<li>Las entrevistas en marketing suelen durar entre 30 y 60 minutos.<\/li>\n<li>M\u00e1s del 50% de los candidatos no investigan a la empresa antes de la entrevista.<\/li>\n<li>Las preguntas sobre trabajo en equipo son las m\u00e1s comunes en este \u00e1mbito.<\/li>\n<li>El 80% de los reclutadores considera que una buena presentaci\u00f3n personal es clave para causar una buena impresi\u00f3n.<\/li>\n<\/ul>\n<\/section>\n<section>\n<h2>Preguntas comunes en entrevistas de Marketing y Publicidad<\/h2>\n<p>En las entrevistas para puestos en Marketing y Publicidad, es probable que te enfrentes a una variedad de preguntas. Aqu\u00ed te dejamos algunas de las m\u00e1s comunes y consejos sobre c\u00f3mo responderlas:<\/p>\n<h3>1. \u00bfPor qu\u00e9 elegiste estudiar Marketing y Publicidad?<\/h3>\n<p>Esta pregunta busca entender tu motivaci\u00f3n. Responde de manera honesta, hablando de tus intereses y c\u00f3mo se alinean con la carrera.<\/p>\n<h3>2. \u00bfQu\u00e9 campa\u00f1as publicitarias te han impresionado recientemente?<\/h3>\n<p>Es importante demostrar que est\u00e1s al tanto de las tendencias del sector. Elige una o dos campa\u00f1as que realmente te impactaron y explica por qu\u00e9.<\/p>\n<h3>3. \u00bfC\u00f3mo manejas el trabajo en equipo?<\/h3>\n<p>Aqu\u00ed puedes dar ejemplos concretos de situaciones pasadas donde colaboraste eficazmente con otros.<\/p>\n<h3>4. \u00bfCu\u00e1l es tu experiencia con herramientas de marketing digital?<\/h3>\n<p>Si has trabajado con herramientas como Google Analytics o SEO, aseg\u00farate de mencionarlas y dar ejemplos de c\u00f3mo las has utilizado.<\/p>\n<h3>5. \u00bfC\u00f3mo te mantienes actualizado sobre las tendencias del marketing?<\/h3>\n<p>Habla sobre blogs, podcasts, cursos o redes sociales que sigues para mantenerte informado.<\/p>\n<\/section>\n<section>\n<h2>Consejos para responder preguntas en entrevistas<\/h2>\n<p>Las respuestas que des en la entrevista pueden marcar la diferencia. Aqu\u00ed tienes algunos consejos clave:<\/p>\n<h3>1. S\u00e9 aut\u00e9ntico<\/h3>\n<p>No intentes ser alguien que no eres. La autenticidad se valora mucho en el marketing.<\/p>\n<h3>2. Prepara ejemplos concretos<\/h3>\n<p>Utiliza la t\u00e9cnica STAR (Situaci\u00f3n, Tarea, Acci\u00f3n, Resultado) para estructurar tus respuestas.<\/p>\n<h3>3. Escucha activamente<\/h3>\n<p>Es vital que escuches las preguntas y reflexiones antes de responder.<\/p>\n<h3>4. Practica con antelaci\u00f3n<\/h3>\n<p>Realiza simulacros de entrevista con amigos o familiares para ganar confianza.<\/p>\n<h3>5. Haz preguntas al final<\/h3>\n<p>Demuestra tu inter\u00e9s en la empresa haciendo preguntas relevantes sobre su cultura y proyectos futuros.<\/p>\n<\/section>\n<section>\n<h2>Errores comunes que debes evitar<\/h2>\n<p>Para asegurarte de que tu entrevista sea un \u00e9xito, evita los siguientes errores:<\/p>\n<ul>\n<li>No investigar sobre la empresa.<\/li>\n<li>Hablar negativamente de experiencias pasadas.<\/li>\n<li>No hacer preguntas al final de la entrevista.<\/li>\n<li>Faltar a la puntualidad.<\/li>\n<li>Vestirse inapropiadamente para la ocasi\u00f3n.<\/li>\n<\/ul>\n<\/section>\n<section>\n<h2>Ejemplos de respuestas efectivas<\/h2>\n<p>A continuaci\u00f3n, te mostramos unos ejemplos de c\u00f3mo podr\u00edas responder a algunas preguntas comunes:<\/p>\n<h3>Ejemplo 1: \u00bfPor qu\u00e9 elegiste estudiar Marketing y Publicidad?<\/h3>\n<p>Eleg\u00ed estudiar Marketing porque siempre me ha fascinado c\u00f3mo las marcas pueden contar historias que conectan con las personas. Me encanta la creatividad que se requiere y c\u00f3mo se puede usar para hacer una diferencia positiva.<\/p>\n<h3>Ejemplo 2: \u00bfCu\u00e1l es tu experiencia con herramientas de marketing digital?<\/h3>\n<p>He trabajado con Google Analytics en varios proyectos de la universidad, donde analic\u00e9 el tr\u00e1fico del sitio web y ayud\u00e9 a optimizar el contenido basado en los datos obtenidos. Tambi\u00e9n he usado herramientas de SEO para mejorar la visibilidad de nuestros blogs.<\/p>\n<\/section>\n<section>\n<h2>Preguntas Frecuentes<\/h2>\n<h3>\u00bfCu\u00e1nto tiempo suele durar una entrevista?<\/h3>\n<p>Las entrevistas en marketing y publicidad suelen durar entre 30 y 60 minutos, aunque esto puede variar seg\u00fan la empresa.<\/p>\n<h3>\u00bfQu\u00e9 tipo de vestimenta es apropiada para una entrevista en este sector?<\/h3>\n<p>Es recomendable optar por un estilo profesional pero creativo. Un traje cl\u00e1sico o un conjunto bien combinado son opciones seguras.<\/p>\n<h3>\u00bfQu\u00e9 debo hacer si me siento nervioso antes de la entrevista?<\/h3>\n<p>Practicar respuestas a preguntas comunes y realizar ejercicios de respiraci\u00f3n puede ayudarte a calmar los nervios.<\/p>\n<h3>\u00bfPuedo hacer preguntas durante la entrevista?<\/h3>\n<p>S\u00ed, es esencial hacer preguntas al final de la entrevista para mostrar tu inter\u00e9s y curiosidad por la empresa.<\/p>\n<\/section>\n<footer>\n<p>Si est\u00e1s interesado en comenzar tu camino en Marketing y Publicidad, no dudes en visitar nuestra p\u00e1gina sobre el <a href=https:\/\/fpsuperiorufv.es\/secretaria-admision-y-ayuda\/>Proceso de Admisi\u00f3n<\/a>. \u00a1Te esperamos en el Ciclo Formativo de FP Superior Francisco de Vitoria!<\/p>\n<\/footer>\n","protected":false},"excerpt":{"rendered":"<p>Entrevistas para puestos de FP en Marketing y Publicidad: preguntas t\u00edpicas y c\u00f3mo responder Si est\u00e1s pensando en dar el salto hacia una carrera en Marketing y Publicidad, es fundamental que te prepares para las entrevistas. Esto no solo te ayudar\u00e1 a destacar frente a otros candidatos, sino que tambi\u00e9n te dar\u00e1 confianza en tus [&hellip;]<\/p>\n","protected":false},"author":1,"featured_media":2610,"comment_status":"open","ping_status":"open","sticky":false,"template":"","format":"standard","meta":{"inline_featured_image":false,"footnotes":""},"categories":[374,393],"tags":[],"class_list":["post-282708","post","type-post","status-publish","format-standard","has-post-thumbnail","hentry","category-marketing","category-preguntas-frecuentes"],"yoast_head":"<!-- This site is optimized with the Yoast SEO plugin v27.4 - https:\/\/yoast.com\/product\/yoast-seo-wordpress\/ -->\n<title>Entrevistas para puestos de FP en Marketing y Publicidad: preguntas t\u00edpicas y c\u00f3mo responder - Cetys<\/title>\n<meta name=\"robots\" content=\"index, follow, max-snippet:-1, max-image-preview:large, max-video-preview:-1\" \/>\n<link rel=\"canonical\" href=\"https:\/\/fpsuperiorufv.es\/blog\/entrevistas-para-puestos-de-fp-en-marketing-y-publicidad-preguntas-tipicas-y-como-responder-blog\/\" \/>\n<meta property=\"og:locale\" content=\"es_ES\" \/>\n<meta property=\"og:type\" content=\"article\" \/>\n<meta property=\"og:title\" content=\"Entrevistas para puestos de FP en Marketing y Publicidad: preguntas t\u00edpicas y c\u00f3mo responder - Cetys\" \/>\n<meta property=\"og:description\" content=\"Entrevistas para puestos de FP en Marketing y Publicidad: preguntas t\u00edpicas y c\u00f3mo responder Si est\u00e1s pensando en dar el salto hacia una carrera en Marketing y Publicidad, es fundamental que te prepares para las entrevistas. Esto no solo te ayudar\u00e1 a destacar frente a otros candidatos, sino que tambi\u00e9n te dar\u00e1 confianza en tus [&hellip;]\" \/>\n<meta property=\"og:url\" content=\"https:\/\/fpsuperiorufv.es\/blog\/entrevistas-para-puestos-de-fp-en-marketing-y-publicidad-preguntas-tipicas-y-como-responder-blog\/\" \/>\n<meta property=\"og:site_name\" content=\"Cetys\" \/>\n<meta property=\"article:published_time\" content=\"2026-03-12T03:40:01+00:00\" \/>\n<meta property=\"article:modified_time\" content=\"2026-04-15T09:51:42+00:00\" \/>\n<meta property=\"og:image\" content=\"https:\/\/fpsuperiorufv.es\/blog\/wp-content\/uploads\/2025\/08\/grupo-hombres-negocios-ocasional-vestidos-que-discuten-ideas-oficina-1-scaled-1.jpg\" \/>\n\t<meta property=\"og:image:width\" content=\"2560\" \/>\n\t<meta property=\"og:image:height\" content=\"1440\" \/>\n\t<meta property=\"og:image:type\" content=\"image\/jpeg\" \/>\n<meta name=\"author\" content=\"FP Superior UFV\" \/>\n<meta name=\"twitter:card\" content=\"summary_large_image\" \/>\n<meta name=\"twitter:label1\" content=\"Escrito por\" \/>\n\t<meta name=\"twitter:data1\" content=\"FP Superior UFV\" \/>\n\t<meta name=\"twitter:label2\" content=\"Tiempo de lectura\" \/>\n\t<meta name=\"twitter:data2\" content=\"4 minutos\" \/>\n<script type=\"application\/ld+json\" class=\"yoast-schema-graph\">{\"@context\":\"https:\\\/\\\/schema.org\",\"@graph\":[{\"@type\":\"Article\",\"@id\":\"https:\\\/\\\/fpsuperiorufv.es\\\/blog\\\/entrevistas-para-puestos-de-fp-en-marketing-y-publicidad-preguntas-tipicas-y-como-responder-blog\\\/#article\",\"isPartOf\":{\"@id\":\"https:\\\/\\\/fpsuperiorufv.es\\\/blog\\\/entrevistas-para-puestos-de-fp-en-marketing-y-publicidad-preguntas-tipicas-y-como-responder-blog\\\/\"},\"author\":{\"name\":\"FP Superior UFV\",\"@id\":\"https:\\\/\\\/fpsuperiorufv.es\\\/blog\\\/#\\\/schema\\\/person\\\/c7ac6e2e7af298050da8d956ac824347\"},\"headline\":\"Entrevistas para puestos de FP en Marketing y Publicidad: preguntas t\u00edpicas y c\u00f3mo responder\",\"datePublished\":\"2026-03-12T03:40:01+00:00\",\"dateModified\":\"2026-04-15T09:51:42+00:00\",\"mainEntityOfPage\":{\"@id\":\"https:\\\/\\\/fpsuperiorufv.es\\\/blog\\\/entrevistas-para-puestos-de-fp-en-marketing-y-publicidad-preguntas-tipicas-y-como-responder-blog\\\/\"},\"wordCount\":795,\"commentCount\":0,\"publisher\":{\"@id\":\"https:\\\/\\\/fpsuperiorufv.es\\\/blog\\\/#organization\"},\"image\":{\"@id\":\"https:\\\/\\\/fpsuperiorufv.es\\\/blog\\\/entrevistas-para-puestos-de-fp-en-marketing-y-publicidad-preguntas-tipicas-y-como-responder-blog\\\/#primaryimage\"},\"thumbnailUrl\":\"https:\\\/\\\/fpsuperiorufv.es\\\/blog\\\/wp-content\\\/uploads\\\/2025\\\/08\\\/grupo-hombres-negocios-ocasional-vestidos-que-discuten-ideas-oficina-1-scaled-1.jpg\",\"articleSection\":[\"Marketing\",\"Preguntas frecuentes\"],\"inLanguage\":\"es\",\"potentialAction\":[{\"@type\":\"CommentAction\",\"name\":\"Comment\",\"target\":[\"https:\\\/\\\/fpsuperiorufv.es\\\/blog\\\/entrevistas-para-puestos-de-fp-en-marketing-y-publicidad-preguntas-tipicas-y-como-responder-blog\\\/#respond\"]}]},{\"@type\":\"WebPage\",\"@id\":\"https:\\\/\\\/fpsuperiorufv.es\\\/blog\\\/entrevistas-para-puestos-de-fp-en-marketing-y-publicidad-preguntas-tipicas-y-como-responder-blog\\\/\",\"url\":\"https:\\\/\\\/fpsuperiorufv.es\\\/blog\\\/entrevistas-para-puestos-de-fp-en-marketing-y-publicidad-preguntas-tipicas-y-como-responder-blog\\\/\",\"name\":\"Entrevistas para puestos de FP en Marketing y Publicidad: preguntas t\u00edpicas y c\u00f3mo responder - Cetys\",\"isPartOf\":{\"@id\":\"https:\\\/\\\/fpsuperiorufv.es\\\/blog\\\/#website\"},\"primaryImageOfPage\":{\"@id\":\"https:\\\/\\\/fpsuperiorufv.es\\\/blog\\\/entrevistas-para-puestos-de-fp-en-marketing-y-publicidad-preguntas-tipicas-y-como-responder-blog\\\/#primaryimage\"},\"image\":{\"@id\":\"https:\\\/\\\/fpsuperiorufv.es\\\/blog\\\/entrevistas-para-puestos-de-fp-en-marketing-y-publicidad-preguntas-tipicas-y-como-responder-blog\\\/#primaryimage\"},\"thumbnailUrl\":\"https:\\\/\\\/fpsuperiorufv.es\\\/blog\\\/wp-content\\\/uploads\\\/2025\\\/08\\\/grupo-hombres-negocios-ocasional-vestidos-que-discuten-ideas-oficina-1-scaled-1.jpg\",\"datePublished\":\"2026-03-12T03:40:01+00:00\",\"dateModified\":\"2026-04-15T09:51:42+00:00\",\"breadcrumb\":{\"@id\":\"https:\\\/\\\/fpsuperiorufv.es\\\/blog\\\/entrevistas-para-puestos-de-fp-en-marketing-y-publicidad-preguntas-tipicas-y-como-responder-blog\\\/#breadcrumb\"},\"inLanguage\":\"es\",\"potentialAction\":[{\"@type\":\"ReadAction\",\"target\":[\"https:\\\/\\\/fpsuperiorufv.es\\\/blog\\\/entrevistas-para-puestos-de-fp-en-marketing-y-publicidad-preguntas-tipicas-y-como-responder-blog\\\/\"]}]},{\"@type\":\"ImageObject\",\"inLanguage\":\"es\",\"@id\":\"https:\\\/\\\/fpsuperiorufv.es\\\/blog\\\/entrevistas-para-puestos-de-fp-en-marketing-y-publicidad-preguntas-tipicas-y-como-responder-blog\\\/#primaryimage\",\"url\":\"https:\\\/\\\/fpsuperiorufv.es\\\/blog\\\/wp-content\\\/uploads\\\/2025\\\/08\\\/grupo-hombres-negocios-ocasional-vestidos-que-discuten-ideas-oficina-1-scaled-1.jpg\",\"contentUrl\":\"https:\\\/\\\/fpsuperiorufv.es\\\/blog\\\/wp-content\\\/uploads\\\/2025\\\/08\\\/grupo-hombres-negocios-ocasional-vestidos-que-discuten-ideas-oficina-1-scaled-1.jpg\",\"width\":2560,\"height\":1440},{\"@type\":\"BreadcrumbList\",\"@id\":\"https:\\\/\\\/fpsuperiorufv.es\\\/blog\\\/entrevistas-para-puestos-de-fp-en-marketing-y-publicidad-preguntas-tipicas-y-como-responder-blog\\\/#breadcrumb\",\"itemListElement\":[{\"@type\":\"ListItem\",\"position\":1,\"name\":\"Home\",\"item\":\"https:\\\/\\\/fpsuperiorufv.es\\\/blog\\\/\"},{\"@type\":\"ListItem\",\"position\":2,\"name\":\"Entrevistas para puestos de FP en Marketing y Publicidad: preguntas t\u00edpicas y c\u00f3mo responder\"}]},{\"@type\":\"WebSite\",\"@id\":\"https:\\\/\\\/fpsuperiorufv.es\\\/blog\\\/#website\",\"url\":\"https:\\\/\\\/fpsuperiorufv.es\\\/blog\\\/\",\"name\":\"Fp Superior Francisco de Vitoria\",\"description\":\"\",\"publisher\":{\"@id\":\"https:\\\/\\\/fpsuperiorufv.es\\\/blog\\\/#organization\"},\"alternateName\":\"Cetys\",\"potentialAction\":[{\"@type\":\"SearchAction\",\"target\":{\"@type\":\"EntryPoint\",\"urlTemplate\":\"https:\\\/\\\/fpsuperiorufv.es\\\/blog\\\/?s={search_term_string}\"},\"query-input\":{\"@type\":\"PropertyValueSpecification\",\"valueRequired\":true,\"valueName\":\"search_term_string\"}}],\"inLanguage\":\"es\"},{\"@type\":\"Organization\",\"@id\":\"https:\\\/\\\/fpsuperiorufv.es\\\/blog\\\/#organization\",\"name\":\"Cetys\",\"url\":\"https:\\\/\\\/fpsuperiorufv.es\\\/blog\\\/\",\"logo\":{\"@type\":\"ImageObject\",\"inLanguage\":\"es\",\"@id\":\"https:\\\/\\\/fpsuperiorufv.es\\\/blog\\\/#\\\/schema\\\/logo\\\/image\\\/\",\"url\":\"https:\\\/\\\/fpsuperiorufv.lo\\\/wp-content\\\/uploads\\\/2025\\\/02\\\/logo.svg\",\"contentUrl\":\"https:\\\/\\\/fpsuperiorufv.lo\\\/wp-content\\\/uploads\\\/2025\\\/02\\\/logo.svg\",\"width\":\"1024\",\"height\":\"1024\",\"caption\":\"Cetys\"},\"image\":{\"@id\":\"https:\\\/\\\/fpsuperiorufv.es\\\/blog\\\/#\\\/schema\\\/logo\\\/image\\\/\"}},{\"@type\":\"Person\",\"@id\":\"https:\\\/\\\/fpsuperiorufv.es\\\/blog\\\/#\\\/schema\\\/person\\\/c7ac6e2e7af298050da8d956ac824347\",\"name\":\"FP Superior UFV\",\"image\":{\"@type\":\"ImageObject\",\"inLanguage\":\"es\",\"@id\":\"https:\\\/\\\/secure.gravatar.com\\\/avatar\\\/002af9a4377d87096f281de7725cae2f359bff0b0b7439b98b80936e58af2d91?s=96&d=mm&r=g\",\"url\":\"https:\\\/\\\/secure.gravatar.com\\\/avatar\\\/002af9a4377d87096f281de7725cae2f359bff0b0b7439b98b80936e58af2d91?s=96&d=mm&r=g\",\"contentUrl\":\"https:\\\/\\\/secure.gravatar.com\\\/avatar\\\/002af9a4377d87096f281de7725cae2f359bff0b0b7439b98b80936e58af2d91?s=96&d=mm&r=g\",\"caption\":\"FP Superior UFV\"},\"sameAs\":[\"https:\\\/\\\/fpsuperiorufv.lo\"],\"url\":\"https:\\\/\\\/fpsuperiorufv.es\\\/blog\\\/author\\\/administrador\\\/\"}]}<\/script>\n<!-- \/ Yoast SEO plugin. -->","yoast_head_json":{"title":"Entrevistas para puestos de FP en Marketing y Publicidad: preguntas t\u00edpicas y c\u00f3mo responder - Cetys","robots":{"index":"index","follow":"follow","max-snippet":"max-snippet:-1","max-image-preview":"max-image-preview:large","max-video-preview":"max-video-preview:-1"},"canonical":"https:\/\/fpsuperiorufv.es\/blog\/entrevistas-para-puestos-de-fp-en-marketing-y-publicidad-preguntas-tipicas-y-como-responder-blog\/","og_locale":"es_ES","og_type":"article","og_title":"Entrevistas para puestos de FP en Marketing y Publicidad: preguntas t\u00edpicas y c\u00f3mo responder - Cetys","og_description":"Entrevistas para puestos de FP en Marketing y Publicidad: preguntas t\u00edpicas y c\u00f3mo responder Si est\u00e1s pensando en dar el salto hacia una carrera en Marketing y Publicidad, es fundamental que te prepares para las entrevistas. Esto no solo te ayudar\u00e1 a destacar frente a otros candidatos, sino que tambi\u00e9n te dar\u00e1 confianza en tus [&hellip;]","og_url":"https:\/\/fpsuperiorufv.es\/blog\/entrevistas-para-puestos-de-fp-en-marketing-y-publicidad-preguntas-tipicas-y-como-responder-blog\/","og_site_name":"Cetys","article_published_time":"2026-03-12T03:40:01+00:00","article_modified_time":"2026-04-15T09:51:42+00:00","og_image":[{"width":2560,"height":1440,"url":"https:\/\/fpsuperiorufv.es\/blog\/wp-content\/uploads\/2025\/08\/grupo-hombres-negocios-ocasional-vestidos-que-discuten-ideas-oficina-1-scaled-1.jpg","type":"image\/jpeg"}],"author":"FP Superior UFV","twitter_card":"summary_large_image","twitter_misc":{"Escrito por":"FP Superior UFV","Tiempo de lectura":"4 minutos"},"schema":{"@context":"https:\/\/schema.org","@graph":[{"@type":"Article","@id":"https:\/\/fpsuperiorufv.es\/blog\/entrevistas-para-puestos-de-fp-en-marketing-y-publicidad-preguntas-tipicas-y-como-responder-blog\/#article","isPartOf":{"@id":"https:\/\/fpsuperiorufv.es\/blog\/entrevistas-para-puestos-de-fp-en-marketing-y-publicidad-preguntas-tipicas-y-como-responder-blog\/"},"author":{"name":"FP Superior UFV","@id":"https:\/\/fpsuperiorufv.es\/blog\/#\/schema\/person\/c7ac6e2e7af298050da8d956ac824347"},"headline":"Entrevistas para puestos de FP en Marketing y Publicidad: preguntas t\u00edpicas y c\u00f3mo responder","datePublished":"2026-03-12T03:40:01+00:00","dateModified":"2026-04-15T09:51:42+00:00","mainEntityOfPage":{"@id":"https:\/\/fpsuperiorufv.es\/blog\/entrevistas-para-puestos-de-fp-en-marketing-y-publicidad-preguntas-tipicas-y-como-responder-blog\/"},"wordCount":795,"commentCount":0,"publisher":{"@id":"https:\/\/fpsuperiorufv.es\/blog\/#organization"},"image":{"@id":"https:\/\/fpsuperiorufv.es\/blog\/entrevistas-para-puestos-de-fp-en-marketing-y-publicidad-preguntas-tipicas-y-como-responder-blog\/#primaryimage"},"thumbnailUrl":"https:\/\/fpsuperiorufv.es\/blog\/wp-content\/uploads\/2025\/08\/grupo-hombres-negocios-ocasional-vestidos-que-discuten-ideas-oficina-1-scaled-1.jpg","articleSection":["Marketing","Preguntas frecuentes"],"inLanguage":"es","potentialAction":[{"@type":"CommentAction","name":"Comment","target":["https:\/\/fpsuperiorufv.es\/blog\/entrevistas-para-puestos-de-fp-en-marketing-y-publicidad-preguntas-tipicas-y-como-responder-blog\/#respond"]}]},{"@type":"WebPage","@id":"https:\/\/fpsuperiorufv.es\/blog\/entrevistas-para-puestos-de-fp-en-marketing-y-publicidad-preguntas-tipicas-y-como-responder-blog\/","url":"https:\/\/fpsuperiorufv.es\/blog\/entrevistas-para-puestos-de-fp-en-marketing-y-publicidad-preguntas-tipicas-y-como-responder-blog\/","name":"Entrevistas para puestos de FP en Marketing y Publicidad: preguntas t\u00edpicas y c\u00f3mo responder - Cetys","isPartOf":{"@id":"https:\/\/fpsuperiorufv.es\/blog\/#website"},"primaryImageOfPage":{"@id":"https:\/\/fpsuperiorufv.es\/blog\/entrevistas-para-puestos-de-fp-en-marketing-y-publicidad-preguntas-tipicas-y-como-responder-blog\/#primaryimage"},"image":{"@id":"https:\/\/fpsuperiorufv.es\/blog\/entrevistas-para-puestos-de-fp-en-marketing-y-publicidad-preguntas-tipicas-y-como-responder-blog\/#primaryimage"},"thumbnailUrl":"https:\/\/fpsuperiorufv.es\/blog\/wp-content\/uploads\/2025\/08\/grupo-hombres-negocios-ocasional-vestidos-que-discuten-ideas-oficina-1-scaled-1.jpg","datePublished":"2026-03-12T03:40:01+00:00","dateModified":"2026-04-15T09:51:42+00:00","breadcrumb":{"@id":"https:\/\/fpsuperiorufv.es\/blog\/entrevistas-para-puestos-de-fp-en-marketing-y-publicidad-preguntas-tipicas-y-como-responder-blog\/#breadcrumb"},"inLanguage":"es","potentialAction":[{"@type":"ReadAction","target":["https:\/\/fpsuperiorufv.es\/blog\/entrevistas-para-puestos-de-fp-en-marketing-y-publicidad-preguntas-tipicas-y-como-responder-blog\/"]}]},{"@type":"ImageObject","inLanguage":"es","@id":"https:\/\/fpsuperiorufv.es\/blog\/entrevistas-para-puestos-de-fp-en-marketing-y-publicidad-preguntas-tipicas-y-como-responder-blog\/#primaryimage","url":"https:\/\/fpsuperiorufv.es\/blog\/wp-content\/uploads\/2025\/08\/grupo-hombres-negocios-ocasional-vestidos-que-discuten-ideas-oficina-1-scaled-1.jpg","contentUrl":"https:\/\/fpsuperiorufv.es\/blog\/wp-content\/uploads\/2025\/08\/grupo-hombres-negocios-ocasional-vestidos-que-discuten-ideas-oficina-1-scaled-1.jpg","width":2560,"height":1440},{"@type":"BreadcrumbList","@id":"https:\/\/fpsuperiorufv.es\/blog\/entrevistas-para-puestos-de-fp-en-marketing-y-publicidad-preguntas-tipicas-y-como-responder-blog\/#breadcrumb","itemListElement":[{"@type":"ListItem","position":1,"name":"Home","item":"https:\/\/fpsuperiorufv.es\/blog\/"},{"@type":"ListItem","position":2,"name":"Entrevistas para puestos de FP en Marketing y Publicidad: preguntas t\u00edpicas y c\u00f3mo responder"}]},{"@type":"WebSite","@id":"https:\/\/fpsuperiorufv.es\/blog\/#website","url":"https:\/\/fpsuperiorufv.es\/blog\/","name":"Fp Superior Francisco de Vitoria","description":"","publisher":{"@id":"https:\/\/fpsuperiorufv.es\/blog\/#organization"},"alternateName":"Cetys","potentialAction":[{"@type":"SearchAction","target":{"@type":"EntryPoint","urlTemplate":"https:\/\/fpsuperiorufv.es\/blog\/?s={search_term_string}"},"query-input":{"@type":"PropertyValueSpecification","valueRequired":true,"valueName":"search_term_string"}}],"inLanguage":"es"},{"@type":"Organization","@id":"https:\/\/fpsuperiorufv.es\/blog\/#organization","name":"Cetys","url":"https:\/\/fpsuperiorufv.es\/blog\/","logo":{"@type":"ImageObject","inLanguage":"es","@id":"https:\/\/fpsuperiorufv.es\/blog\/#\/schema\/logo\/image\/","url":"https:\/\/fpsuperiorufv.lo\/wp-content\/uploads\/2025\/02\/logo.svg","contentUrl":"https:\/\/fpsuperiorufv.lo\/wp-content\/uploads\/2025\/02\/logo.svg","width":"1024","height":"1024","caption":"Cetys"},"image":{"@id":"https:\/\/fpsuperiorufv.es\/blog\/#\/schema\/logo\/image\/"}},{"@type":"Person","@id":"https:\/\/fpsuperiorufv.es\/blog\/#\/schema\/person\/c7ac6e2e7af298050da8d956ac824347","name":"FP Superior UFV","image":{"@type":"ImageObject","inLanguage":"es","@id":"https:\/\/secure.gravatar.com\/avatar\/002af9a4377d87096f281de7725cae2f359bff0b0b7439b98b80936e58af2d91?s=96&d=mm&r=g","url":"https:\/\/secure.gravatar.com\/avatar\/002af9a4377d87096f281de7725cae2f359bff0b0b7439b98b80936e58af2d91?s=96&d=mm&r=g","contentUrl":"https:\/\/secure.gravatar.com\/avatar\/002af9a4377d87096f281de7725cae2f359bff0b0b7439b98b80936e58af2d91?s=96&d=mm&r=g","caption":"FP Superior UFV"},"sameAs":["https:\/\/fpsuperiorufv.lo"],"url":"https:\/\/fpsuperiorufv.es\/blog\/author\/administrador\/"}]}},"_links":{"self":[{"href":"https:\/\/fpsuperiorufv.es\/blog\/wp-json\/wp\/v2\/posts\/282708","targetHints":{"allow":["GET"]}}],"collection":[{"href":"https:\/\/fpsuperiorufv.es\/blog\/wp-json\/wp\/v2\/posts"}],"about":[{"href":"https:\/\/fpsuperiorufv.es\/blog\/wp-json\/wp\/v2\/types\/post"}],"author":[{"embeddable":true,"href":"https:\/\/fpsuperiorufv.es\/blog\/wp-json\/wp\/v2\/users\/1"}],"replies":[{"embeddable":true,"href":"https:\/\/fpsuperiorufv.es\/blog\/wp-json\/wp\/v2\/comments?post=282708"}],"version-history":[{"count":1,"href":"https:\/\/fpsuperiorufv.es\/blog\/wp-json\/wp\/v2\/posts\/282708\/revisions"}],"predecessor-version":[{"id":283312,"href":"https:\/\/fpsuperiorufv.es\/blog\/wp-json\/wp\/v2\/posts\/282708\/revisions\/283312"}],"wp:featuredmedia":[{"embeddable":true,"href":"https:\/\/fpsuperiorufv.es\/blog\/wp-json\/wp\/v2\/media\/2610"}],"wp:attachment":[{"href":"https:\/\/fpsuperiorufv.es\/blog\/wp-json\/wp\/v2\/media?parent=282708"}],"wp:term":[{"taxonomy":"category","embeddable":true,"href":"https:\/\/fpsuperiorufv.es\/blog\/wp-json\/wp\/v2\/categories?post=282708"},{"taxonomy":"post_tag","embeddable":true,"href":"https:\/\/fpsuperiorufv.es\/blog\/wp-json\/wp\/v2\/tags?post=282708"}],"curies":[{"name":"wp","href":"https:\/\/api.w.org\/{rel}","templated":true}]}}