{"id":282715,"date":"2026-03-11T08:00:32","date_gmt":"2026-03-11T08:00:32","guid":{"rendered":"https:\/\/soleyantonio.es\/financiacion-para-estudiar-fp-en-asesoria-de-imagen-personal-y-corporativa-plazos-cuotas-y-opciones-sin-letra-pequena\/"},"modified":"2026-04-15T12:41:40","modified_gmt":"2026-04-15T10:41:40","slug":"financiacion-para-estudiar-fp-en-asesoria-de-imagen-personal-y-corporativa-plazos-cuotas-y-opciones-sin-letra-pequena-blog","status":"publish","type":"post","link":"https:\/\/fpsuperiorufv.es\/blog\/financiacion-para-estudiar-fp-en-asesoria-de-imagen-personal-y-corporativa-plazos-cuotas-y-opciones-sin-letra-pequena-blog\/","title":{"rendered":"Financiaci\u00f3n para estudiar FP en Asesor\u00eda de Imagen Personal y Corporativa: plazos cuotas y opciones (sin letra peque\u00f1a)"},"content":{"rendered":"<h2>Financiaci\u00f3n para estudiar FP en Asesor\u00eda de Imagen Personal y Corporativa<\/h2>\n<article>\n<p>\u00bfEst\u00e1s pensando en dar un paso hacia tu futuro profesional en el campo de la asesor\u00eda de imagen? La Formaci\u00f3n Profesional (FP) Superior en Asesor\u00eda de Imagen Personal y Corporativa que ofrecemos en la Universidad Francisco de Vitoria es una excelente opci\u00f3n. Pero, \u00bfte has preguntado c\u00f3mo puedes financiar tus estudios? Aqu\u00ed desglosamos todo lo que necesitas saber sobre las opciones de financiaci\u00f3n, plazos, cuotas y m\u00e1s, \u00a1sin letra peque\u00f1a!<\/p>\n<h2>Curiosidades sobre la financiaci\u00f3n de la FP<\/h2>\n<ul>\n<li>El 70% de los estudiantes de FP optan por alguna forma de financiaci\u00f3n para completar sus estudios.<\/li>\n<li>Las becas y ayudas pueden cubrir hasta el 100% del coste de la matr\u00edcula en algunos casos.<\/li>\n<li>La FP tiene una alta tasa de inserci\u00f3n laboral, lo que la convierte en una inversi\u00f3n segura.<\/li>\n<li>Existen planes de financiaci\u00f3n a plazos que permiten pagar la matr\u00edcula de manera c\u00f3moda.<\/li>\n<li>M\u00e1s del 80% de los alumnos que financian sus estudios consideran que es una decisi\u00f3n acertada.<\/li>\n<\/ul>\n<h2>Opciones de financiaci\u00f3n disponibles<\/h2>\n<p>Existen diversas alternativas para ayudarte a financiar tus estudios en FP. Te explicamos las m\u00e1s comunes:<\/p>\n<h3>Becas y ayudas<\/h3>\n<p>Las becas son una de las mejores formas de financiaci\u00f3n. En nuestro caso, ofrecemos varias opciones:<\/p>\n<ul>\n<li><strong>Becas del Ministerio de Educaci\u00f3n:<\/strong> Puedes solicitar ayudas que cubren parte de la matr\u00edcula.<\/li>\n<li><strong>Becas propias de la Universidad:<\/strong> Ofrecemos ayudas espec\u00edficas para nuestros estudiantes.<\/li>\n<li><strong>Becas de instituciones y fundaciones:<\/strong> Muchas organizaciones ofrecen becas para estudiantes de FP.<\/li>\n<\/ul>\n<h3>Pr\u00e9stamos y financiaci\u00f3n a plazos<\/h3>\n<p>Si prefieres no depender de becas, tambi\u00e9n puedes optar por pr\u00e9stamos. Algunos aspectos clave son:<\/p>\n<ul>\n<li><strong>Pr\u00e9stamos bancarios:<\/strong> Muchos bancos ofrecen condiciones especiales para estudiantes.<\/li>\n<li><strong>Financiaci\u00f3n a plazos:<\/strong> Ofrecemos planes de pago que se ajustan a tus necesidades, permiti\u00e9ndote pagar en cuotas mensuales.<\/li>\n<\/ul>\n<h2>Plazos y cuotas<\/h2>\n<p>Es esencial que conozcas los plazos y las cuotas para que puedas planificar tu financiaci\u00f3n adecuadamente. Aqu\u00ed te dejamos un desglose:<\/p>\n<h3>Plazos de matr\u00edcula<\/h3>\n<p>Generalmente, el proceso de matr\u00edcula se lleva a cabo en dos fases:<\/p>\n<ul>\n<li><strong>Primera fase:<\/strong> Inscripci\u00f3n entre junio y julio.<\/li>\n<li><strong>Segunda fase:<\/strong> Inscripci\u00f3n en septiembre, para aquellos que no pudieron hacerlo en la primera.<\/li>\n<\/ul>\n<h3>Cuotas mensuales<\/h3>\n<p>Las cuotas mensuales depender\u00e1n del plan de financiaci\u00f3n que elijas. Por ejemplo:<\/p>\n<ul>\n<li><strong>Pago \u00fanico:<\/strong> Puedes optar por pagar toda la matr\u00edcula al inicio.<\/li>\n<li><strong>Financiaci\u00f3n a 12 meses:<\/strong> Cuotas mensuales que te permiten distribuir el coste de manera m\u00e1s manejable.<\/li>\n<li><strong>Financiaci\u00f3n a 24 meses:<\/strong> Para aquellos que necesiten un plazo m\u00e1s amplio.<\/li>\n<\/ul>\n<h2>Ejemplo de financiaci\u00f3n<\/h2>\n<p>Imaginemos que la matr\u00edcula tiene un coste de 3,000 euros. Aqu\u00ed te mostramos c\u00f3mo podr\u00edas financiarlo:<\/p>\n<ul>\n<li>Si eliges pagar en un \u00fanico pago, abonar\u00edas 3,000 euros al inicio del curso.<\/li>\n<li>Si optas por 12 meses, pagar\u00edas 250 euros al mes.<\/li>\n<li>Si decides extenderlo a 24 meses, las cuotas ser\u00edan de 125 euros al mes.<\/li>\n<\/ul>\n<h2>Ventajas de financiar tus estudios<\/h2>\n<p>Financiar tus estudios en FP tiene m\u00faltiples beneficios:<\/p>\n<ul>\n<li><strong>Acceso inmediato:<\/strong> Puedes empezar tus estudios sin esperar a ahorrar toda la matr\u00edcula.<\/li>\n<li><strong>Facilidad de pago:<\/strong> Las cuotas se adaptan a tu situaci\u00f3n econ\u00f3mica.<\/li>\n<li><strong>Inversi\u00f3n en tu futuro:<\/strong> La FP tiene altas tasas de empleabilidad, lo que convierte esta inversi\u00f3n en una decisi\u00f3n inteligente.<\/li>\n<\/ul>\n<h2>Pasos para solicitar financiaci\u00f3n<\/h2>\n<p>Si ya est\u00e1s decidido a dar el paso, aqu\u00ed tienes los pasos para solicitar financiaci\u00f3n:<\/p>\n<ol>\n<li>Inf\u00f3rmate sobre las diferentes becas y ayudas disponibles en nuestra p\u00e1gina.<\/li>\n<li>Contacta con entidades bancarias para conocer las opciones de pr\u00e9stamos.<\/li>\n<li>Re\u00fane la documentaci\u00f3n necesaria para la solicitud de becas o pr\u00e9stamos.<\/li>\n<li>Completa tu inscripci\u00f3n en el ciclo formativo a trav\u00e9s de nuestro <a href=https:\/\/fpsuperiorufv.es\/secretaria-admision-y-ayuda\/>Proceso de Admisi\u00f3n<\/a>.<\/li>\n<\/ol>\n<h2>Preguntas frecuentes<\/h2>\n<h2>\u00bfPuedo compaginar un trabajo con mis estudios?<\/h2>\n<p>\u00a1Por supuesto! Muchos de nuestros estudiantes trabajan mientras estudian. La flexibilidad de las clases te permite gestionar ambas actividades.<\/p>\n<h2>\u00bfQu\u00e9 pasa si no obtengo una beca?<\/h2>\n<p>No te preocupes. Tienes otras opciones de financiaci\u00f3n, como pr\u00e9stamos o planes de pago a plazos.<\/p>\n<h2>\u00bfLas becas son solo para estudiantes con buen expediente acad\u00e9mico?<\/h2>\n<p>No necesariamente. Existen becas por diferentes motivos, como necesidades econ\u00f3micas. Es importante informarte sobre todas las opciones disponibles.<\/p>\n<h2>\u00bfQu\u00e9 requisitos debo cumplir para acceder a las becas?<\/h2>\n<p>Los requisitos var\u00edan seg\u00fan la beca. Generalmente, se valoran aspectos como la situaci\u00f3n econ\u00f3mica y el rendimiento acad\u00e9mico. Te recomendamos revisar las bases de cada beca.<\/p>\n<h2>Conclusi\u00f3n<\/h2>\n<p>Estudiar un Ciclo Formativo de Grado Superior en Asesor\u00eda de Imagen Personal y Corporativa es un paso clave para tu futuro profesional. Con diversas opciones de financiaci\u00f3n a tu disposici\u00f3n, no hay excusas para no empezar. Recuerda que la inversi\u00f3n en tu educaci\u00f3n es una de las m\u00e1s valiosas que puedes hacer. \u00a1Esperamos verte pronto en nuestras aulas!<\/p>\n<\/article>\n","protected":false},"excerpt":{"rendered":"<p>Financiaci\u00f3n para estudiar FP en Asesor\u00eda de Imagen Personal y Corporativa \u00bfEst\u00e1s pensando en dar un paso hacia tu futuro profesional en el campo de la asesor\u00eda de imagen? La Formaci\u00f3n Profesional (FP) Superior en Asesor\u00eda de Imagen Personal y Corporativa que ofrecemos en la Universidad Francisco de Vitoria es una excelente opci\u00f3n. Pero, \u00bfte [&hellip;]<\/p>\n","protected":false},"author":1,"featured_media":2627,"comment_status":"open","ping_status":"open","sticky":false,"template":"","format":"standard","meta":{"inline_featured_image":false,"footnotes":""},"categories":[377,393],"tags":[],"class_list":["post-282715","post","type-post","status-publish","format-standard","has-post-thumbnail","hentry","category-asesoria-de-imagen-personal-y-corporativa","category-preguntas-frecuentes"],"yoast_head":"<!-- This site is optimized with the Yoast SEO plugin v27.4 - https:\/\/yoast.com\/product\/yoast-seo-wordpress\/ -->\n<title>Financiaci\u00f3n para estudiar FP en Asesor\u00eda de Imagen Personal y Corporativa: plazos cuotas y opciones (sin letra peque\u00f1a) - Cetys<\/title>\n<meta name=\"robots\" content=\"index, follow, max-snippet:-1, max-image-preview:large, max-video-preview:-1\" \/>\n<link rel=\"canonical\" href=\"https:\/\/fpsuperiorufv.es\/blog\/financiacion-para-estudiar-fp-en-asesoria-de-imagen-personal-y-corporativa-plazos-cuotas-y-opciones-sin-letra-pequena-blog\/\" \/>\n<meta property=\"og:locale\" content=\"es_ES\" \/>\n<meta property=\"og:type\" content=\"article\" \/>\n<meta property=\"og:title\" content=\"Financiaci\u00f3n para estudiar FP en Asesor\u00eda de Imagen Personal y Corporativa: plazos cuotas y opciones (sin letra peque\u00f1a) - Cetys\" \/>\n<meta property=\"og:description\" content=\"Financiaci\u00f3n para estudiar FP en Asesor\u00eda de Imagen Personal y Corporativa \u00bfEst\u00e1s pensando en dar un paso hacia tu futuro profesional en el campo de la asesor\u00eda de imagen? La Formaci\u00f3n Profesional (FP) Superior en Asesor\u00eda de Imagen Personal y Corporativa que ofrecemos en la Universidad Francisco de Vitoria es una excelente opci\u00f3n. Pero, \u00bfte [&hellip;]\" \/>\n<meta property=\"og:url\" content=\"https:\/\/fpsuperiorufv.es\/blog\/financiacion-para-estudiar-fp-en-asesoria-de-imagen-personal-y-corporativa-plazos-cuotas-y-opciones-sin-letra-pequena-blog\/\" \/>\n<meta property=\"og:site_name\" content=\"Cetys\" \/>\n<meta property=\"article:published_time\" content=\"2026-03-11T08:00:32+00:00\" \/>\n<meta property=\"article:modified_time\" content=\"2026-04-15T10:41:40+00:00\" \/>\n<meta property=\"og:image\" content=\"https:\/\/fpsuperiorufv.es\/blog\/wp-content\/uploads\/2025\/08\/DSC8106-scaled-1.jpg\" \/>\n\t<meta property=\"og:image:width\" content=\"1920\" \/>\n\t<meta property=\"og:image:height\" content=\"2560\" \/>\n\t<meta property=\"og:image:type\" content=\"image\/jpeg\" \/>\n<meta name=\"author\" content=\"FP Superior UFV\" \/>\n<meta name=\"twitter:card\" content=\"summary_large_image\" \/>\n<meta name=\"twitter:label1\" content=\"Escrito por\" \/>\n\t<meta name=\"twitter:data1\" content=\"FP Superior UFV\" \/>\n\t<meta name=\"twitter:label2\" content=\"Tiempo de lectura\" \/>\n\t<meta name=\"twitter:data2\" content=\"4 minutos\" \/>\n<script type=\"application\/ld+json\" class=\"yoast-schema-graph\">{\"@context\":\"https:\\\/\\\/schema.org\",\"@graph\":[{\"@type\":\"Article\",\"@id\":\"https:\\\/\\\/fpsuperiorufv.es\\\/blog\\\/financiacion-para-estudiar-fp-en-asesoria-de-imagen-personal-y-corporativa-plazos-cuotas-y-opciones-sin-letra-pequena-blog\\\/#article\",\"isPartOf\":{\"@id\":\"https:\\\/\\\/fpsuperiorufv.es\\\/blog\\\/financiacion-para-estudiar-fp-en-asesoria-de-imagen-personal-y-corporativa-plazos-cuotas-y-opciones-sin-letra-pequena-blog\\\/\"},\"author\":{\"name\":\"FP Superior UFV\",\"@id\":\"https:\\\/\\\/fpsuperiorufv.es\\\/blog\\\/#\\\/schema\\\/person\\\/c7ac6e2e7af298050da8d956ac824347\"},\"headline\":\"Financiaci\u00f3n para estudiar FP en Asesor\u00eda de Imagen Personal y Corporativa: plazos cuotas y opciones (sin letra peque\u00f1a)\",\"datePublished\":\"2026-03-11T08:00:32+00:00\",\"dateModified\":\"2026-04-15T10:41:40+00:00\",\"mainEntityOfPage\":{\"@id\":\"https:\\\/\\\/fpsuperiorufv.es\\\/blog\\\/financiacion-para-estudiar-fp-en-asesoria-de-imagen-personal-y-corporativa-plazos-cuotas-y-opciones-sin-letra-pequena-blog\\\/\"},\"wordCount\":856,\"commentCount\":0,\"publisher\":{\"@id\":\"https:\\\/\\\/fpsuperiorufv.es\\\/blog\\\/#organization\"},\"image\":{\"@id\":\"https:\\\/\\\/fpsuperiorufv.es\\\/blog\\\/financiacion-para-estudiar-fp-en-asesoria-de-imagen-personal-y-corporativa-plazos-cuotas-y-opciones-sin-letra-pequena-blog\\\/#primaryimage\"},\"thumbnailUrl\":\"https:\\\/\\\/fpsuperiorufv.es\\\/blog\\\/wp-content\\\/uploads\\\/2025\\\/08\\\/DSC8106-scaled-1.jpg\",\"articleSection\":[\"Asesor\u00eda de Imagen Personal y Corporativa\",\"Preguntas frecuentes\"],\"inLanguage\":\"es\",\"potentialAction\":[{\"@type\":\"CommentAction\",\"name\":\"Comment\",\"target\":[\"https:\\\/\\\/fpsuperiorufv.es\\\/blog\\\/financiacion-para-estudiar-fp-en-asesoria-de-imagen-personal-y-corporativa-plazos-cuotas-y-opciones-sin-letra-pequena-blog\\\/#respond\"]}]},{\"@type\":\"WebPage\",\"@id\":\"https:\\\/\\\/fpsuperiorufv.es\\\/blog\\\/financiacion-para-estudiar-fp-en-asesoria-de-imagen-personal-y-corporativa-plazos-cuotas-y-opciones-sin-letra-pequena-blog\\\/\",\"url\":\"https:\\\/\\\/fpsuperiorufv.es\\\/blog\\\/financiacion-para-estudiar-fp-en-asesoria-de-imagen-personal-y-corporativa-plazos-cuotas-y-opciones-sin-letra-pequena-blog\\\/\",\"name\":\"Financiaci\u00f3n para estudiar FP en Asesor\u00eda de Imagen Personal y Corporativa: plazos cuotas y opciones (sin letra peque\u00f1a) - Cetys\",\"isPartOf\":{\"@id\":\"https:\\\/\\\/fpsuperiorufv.es\\\/blog\\\/#website\"},\"primaryImageOfPage\":{\"@id\":\"https:\\\/\\\/fpsuperiorufv.es\\\/blog\\\/financiacion-para-estudiar-fp-en-asesoria-de-imagen-personal-y-corporativa-plazos-cuotas-y-opciones-sin-letra-pequena-blog\\\/#primaryimage\"},\"image\":{\"@id\":\"https:\\\/\\\/fpsuperiorufv.es\\\/blog\\\/financiacion-para-estudiar-fp-en-asesoria-de-imagen-personal-y-corporativa-plazos-cuotas-y-opciones-sin-letra-pequena-blog\\\/#primaryimage\"},\"thumbnailUrl\":\"https:\\\/\\\/fpsuperiorufv.es\\\/blog\\\/wp-content\\\/uploads\\\/2025\\\/08\\\/DSC8106-scaled-1.jpg\",\"datePublished\":\"2026-03-11T08:00:32+00:00\",\"dateModified\":\"2026-04-15T10:41:40+00:00\",\"breadcrumb\":{\"@id\":\"https:\\\/\\\/fpsuperiorufv.es\\\/blog\\\/financiacion-para-estudiar-fp-en-asesoria-de-imagen-personal-y-corporativa-plazos-cuotas-y-opciones-sin-letra-pequena-blog\\\/#breadcrumb\"},\"inLanguage\":\"es\",\"potentialAction\":[{\"@type\":\"ReadAction\",\"target\":[\"https:\\\/\\\/fpsuperiorufv.es\\\/blog\\\/financiacion-para-estudiar-fp-en-asesoria-de-imagen-personal-y-corporativa-plazos-cuotas-y-opciones-sin-letra-pequena-blog\\\/\"]}]},{\"@type\":\"ImageObject\",\"inLanguage\":\"es\",\"@id\":\"https:\\\/\\\/fpsuperiorufv.es\\\/blog\\\/financiacion-para-estudiar-fp-en-asesoria-de-imagen-personal-y-corporativa-plazos-cuotas-y-opciones-sin-letra-pequena-blog\\\/#primaryimage\",\"url\":\"https:\\\/\\\/fpsuperiorufv.es\\\/blog\\\/wp-content\\\/uploads\\\/2025\\\/08\\\/DSC8106-scaled-1.jpg\",\"contentUrl\":\"https:\\\/\\\/fpsuperiorufv.es\\\/blog\\\/wp-content\\\/uploads\\\/2025\\\/08\\\/DSC8106-scaled-1.jpg\",\"width\":1920,\"height\":2560},{\"@type\":\"BreadcrumbList\",\"@id\":\"https:\\\/\\\/fpsuperiorufv.es\\\/blog\\\/financiacion-para-estudiar-fp-en-asesoria-de-imagen-personal-y-corporativa-plazos-cuotas-y-opciones-sin-letra-pequena-blog\\\/#breadcrumb\",\"itemListElement\":[{\"@type\":\"ListItem\",\"position\":1,\"name\":\"Home\",\"item\":\"https:\\\/\\\/fpsuperiorufv.es\\\/blog\\\/\"},{\"@type\":\"ListItem\",\"position\":2,\"name\":\"Financiaci\u00f3n para estudiar FP en Asesor\u00eda de Imagen Personal y Corporativa: plazos cuotas y opciones (sin letra peque\u00f1a)\"}]},{\"@type\":\"WebSite\",\"@id\":\"https:\\\/\\\/fpsuperiorufv.es\\\/blog\\\/#website\",\"url\":\"https:\\\/\\\/fpsuperiorufv.es\\\/blog\\\/\",\"name\":\"Fp Superior Francisco de Vitoria\",\"description\":\"\",\"publisher\":{\"@id\":\"https:\\\/\\\/fpsuperiorufv.es\\\/blog\\\/#organization\"},\"alternateName\":\"Cetys\",\"potentialAction\":[{\"@type\":\"SearchAction\",\"target\":{\"@type\":\"EntryPoint\",\"urlTemplate\":\"https:\\\/\\\/fpsuperiorufv.es\\\/blog\\\/?s={search_term_string}\"},\"query-input\":{\"@type\":\"PropertyValueSpecification\",\"valueRequired\":true,\"valueName\":\"search_term_string\"}}],\"inLanguage\":\"es\"},{\"@type\":\"Organization\",\"@id\":\"https:\\\/\\\/fpsuperiorufv.es\\\/blog\\\/#organization\",\"name\":\"Cetys\",\"url\":\"https:\\\/\\\/fpsuperiorufv.es\\\/blog\\\/\",\"logo\":{\"@type\":\"ImageObject\",\"inLanguage\":\"es\",\"@id\":\"https:\\\/\\\/fpsuperiorufv.es\\\/blog\\\/#\\\/schema\\\/logo\\\/image\\\/\",\"url\":\"https:\\\/\\\/fpsuperiorufv.lo\\\/wp-content\\\/uploads\\\/2025\\\/02\\\/logo.svg\",\"contentUrl\":\"https:\\\/\\\/fpsuperiorufv.lo\\\/wp-content\\\/uploads\\\/2025\\\/02\\\/logo.svg\",\"width\":\"1024\",\"height\":\"1024\",\"caption\":\"Cetys\"},\"image\":{\"@id\":\"https:\\\/\\\/fpsuperiorufv.es\\\/blog\\\/#\\\/schema\\\/logo\\\/image\\\/\"}},{\"@type\":\"Person\",\"@id\":\"https:\\\/\\\/fpsuperiorufv.es\\\/blog\\\/#\\\/schema\\\/person\\\/c7ac6e2e7af298050da8d956ac824347\",\"name\":\"FP Superior UFV\",\"image\":{\"@type\":\"ImageObject\",\"inLanguage\":\"es\",\"@id\":\"https:\\\/\\\/secure.gravatar.com\\\/avatar\\\/002af9a4377d87096f281de7725cae2f359bff0b0b7439b98b80936e58af2d91?s=96&d=mm&r=g\",\"url\":\"https:\\\/\\\/secure.gravatar.com\\\/avatar\\\/002af9a4377d87096f281de7725cae2f359bff0b0b7439b98b80936e58af2d91?s=96&d=mm&r=g\",\"contentUrl\":\"https:\\\/\\\/secure.gravatar.com\\\/avatar\\\/002af9a4377d87096f281de7725cae2f359bff0b0b7439b98b80936e58af2d91?s=96&d=mm&r=g\",\"caption\":\"FP Superior UFV\"},\"sameAs\":[\"https:\\\/\\\/fpsuperiorufv.lo\"],\"url\":\"https:\\\/\\\/fpsuperiorufv.es\\\/blog\\\/author\\\/administrador\\\/\"}]}<\/script>\n<!-- \/ Yoast SEO plugin. -->","yoast_head_json":{"title":"Financiaci\u00f3n para estudiar FP en Asesor\u00eda de Imagen Personal y Corporativa: plazos cuotas y opciones (sin letra peque\u00f1a) - Cetys","robots":{"index":"index","follow":"follow","max-snippet":"max-snippet:-1","max-image-preview":"max-image-preview:large","max-video-preview":"max-video-preview:-1"},"canonical":"https:\/\/fpsuperiorufv.es\/blog\/financiacion-para-estudiar-fp-en-asesoria-de-imagen-personal-y-corporativa-plazos-cuotas-y-opciones-sin-letra-pequena-blog\/","og_locale":"es_ES","og_type":"article","og_title":"Financiaci\u00f3n para estudiar FP en Asesor\u00eda de Imagen Personal y Corporativa: plazos cuotas y opciones (sin letra peque\u00f1a) - Cetys","og_description":"Financiaci\u00f3n para estudiar FP en Asesor\u00eda de Imagen Personal y Corporativa \u00bfEst\u00e1s pensando en dar un paso hacia tu futuro profesional en el campo de la asesor\u00eda de imagen? La Formaci\u00f3n Profesional (FP) Superior en Asesor\u00eda de Imagen Personal y Corporativa que ofrecemos en la Universidad Francisco de Vitoria es una excelente opci\u00f3n. Pero, \u00bfte [&hellip;]","og_url":"https:\/\/fpsuperiorufv.es\/blog\/financiacion-para-estudiar-fp-en-asesoria-de-imagen-personal-y-corporativa-plazos-cuotas-y-opciones-sin-letra-pequena-blog\/","og_site_name":"Cetys","article_published_time":"2026-03-11T08:00:32+00:00","article_modified_time":"2026-04-15T10:41:40+00:00","og_image":[{"width":1920,"height":2560,"url":"https:\/\/fpsuperiorufv.es\/blog\/wp-content\/uploads\/2025\/08\/DSC8106-scaled-1.jpg","type":"image\/jpeg"}],"author":"FP Superior UFV","twitter_card":"summary_large_image","twitter_misc":{"Escrito por":"FP Superior UFV","Tiempo de lectura":"4 minutos"},"schema":{"@context":"https:\/\/schema.org","@graph":[{"@type":"Article","@id":"https:\/\/fpsuperiorufv.es\/blog\/financiacion-para-estudiar-fp-en-asesoria-de-imagen-personal-y-corporativa-plazos-cuotas-y-opciones-sin-letra-pequena-blog\/#article","isPartOf":{"@id":"https:\/\/fpsuperiorufv.es\/blog\/financiacion-para-estudiar-fp-en-asesoria-de-imagen-personal-y-corporativa-plazos-cuotas-y-opciones-sin-letra-pequena-blog\/"},"author":{"name":"FP Superior UFV","@id":"https:\/\/fpsuperiorufv.es\/blog\/#\/schema\/person\/c7ac6e2e7af298050da8d956ac824347"},"headline":"Financiaci\u00f3n para estudiar FP en Asesor\u00eda de Imagen Personal y Corporativa: plazos cuotas y opciones (sin letra peque\u00f1a)","datePublished":"2026-03-11T08:00:32+00:00","dateModified":"2026-04-15T10:41:40+00:00","mainEntityOfPage":{"@id":"https:\/\/fpsuperiorufv.es\/blog\/financiacion-para-estudiar-fp-en-asesoria-de-imagen-personal-y-corporativa-plazos-cuotas-y-opciones-sin-letra-pequena-blog\/"},"wordCount":856,"commentCount":0,"publisher":{"@id":"https:\/\/fpsuperiorufv.es\/blog\/#organization"},"image":{"@id":"https:\/\/fpsuperiorufv.es\/blog\/financiacion-para-estudiar-fp-en-asesoria-de-imagen-personal-y-corporativa-plazos-cuotas-y-opciones-sin-letra-pequena-blog\/#primaryimage"},"thumbnailUrl":"https:\/\/fpsuperiorufv.es\/blog\/wp-content\/uploads\/2025\/08\/DSC8106-scaled-1.jpg","articleSection":["Asesor\u00eda de Imagen Personal y Corporativa","Preguntas frecuentes"],"inLanguage":"es","potentialAction":[{"@type":"CommentAction","name":"Comment","target":["https:\/\/fpsuperiorufv.es\/blog\/financiacion-para-estudiar-fp-en-asesoria-de-imagen-personal-y-corporativa-plazos-cuotas-y-opciones-sin-letra-pequena-blog\/#respond"]}]},{"@type":"WebPage","@id":"https:\/\/fpsuperiorufv.es\/blog\/financiacion-para-estudiar-fp-en-asesoria-de-imagen-personal-y-corporativa-plazos-cuotas-y-opciones-sin-letra-pequena-blog\/","url":"https:\/\/fpsuperiorufv.es\/blog\/financiacion-para-estudiar-fp-en-asesoria-de-imagen-personal-y-corporativa-plazos-cuotas-y-opciones-sin-letra-pequena-blog\/","name":"Financiaci\u00f3n para estudiar FP en Asesor\u00eda de Imagen Personal y Corporativa: plazos cuotas y opciones (sin letra peque\u00f1a) - Cetys","isPartOf":{"@id":"https:\/\/fpsuperiorufv.es\/blog\/#website"},"primaryImageOfPage":{"@id":"https:\/\/fpsuperiorufv.es\/blog\/financiacion-para-estudiar-fp-en-asesoria-de-imagen-personal-y-corporativa-plazos-cuotas-y-opciones-sin-letra-pequena-blog\/#primaryimage"},"image":{"@id":"https:\/\/fpsuperiorufv.es\/blog\/financiacion-para-estudiar-fp-en-asesoria-de-imagen-personal-y-corporativa-plazos-cuotas-y-opciones-sin-letra-pequena-blog\/#primaryimage"},"thumbnailUrl":"https:\/\/fpsuperiorufv.es\/blog\/wp-content\/uploads\/2025\/08\/DSC8106-scaled-1.jpg","datePublished":"2026-03-11T08:00:32+00:00","dateModified":"2026-04-15T10:41:40+00:00","breadcrumb":{"@id":"https:\/\/fpsuperiorufv.es\/blog\/financiacion-para-estudiar-fp-en-asesoria-de-imagen-personal-y-corporativa-plazos-cuotas-y-opciones-sin-letra-pequena-blog\/#breadcrumb"},"inLanguage":"es","potentialAction":[{"@type":"ReadAction","target":["https:\/\/fpsuperiorufv.es\/blog\/financiacion-para-estudiar-fp-en-asesoria-de-imagen-personal-y-corporativa-plazos-cuotas-y-opciones-sin-letra-pequena-blog\/"]}]},{"@type":"ImageObject","inLanguage":"es","@id":"https:\/\/fpsuperiorufv.es\/blog\/financiacion-para-estudiar-fp-en-asesoria-de-imagen-personal-y-corporativa-plazos-cuotas-y-opciones-sin-letra-pequena-blog\/#primaryimage","url":"https:\/\/fpsuperiorufv.es\/blog\/wp-content\/uploads\/2025\/08\/DSC8106-scaled-1.jpg","contentUrl":"https:\/\/fpsuperiorufv.es\/blog\/wp-content\/uploads\/2025\/08\/DSC8106-scaled-1.jpg","width":1920,"height":2560},{"@type":"BreadcrumbList","@id":"https:\/\/fpsuperiorufv.es\/blog\/financiacion-para-estudiar-fp-en-asesoria-de-imagen-personal-y-corporativa-plazos-cuotas-y-opciones-sin-letra-pequena-blog\/#breadcrumb","itemListElement":[{"@type":"ListItem","position":1,"name":"Home","item":"https:\/\/fpsuperiorufv.es\/blog\/"},{"@type":"ListItem","position":2,"name":"Financiaci\u00f3n para estudiar FP en Asesor\u00eda de Imagen Personal y Corporativa: plazos cuotas y opciones (sin letra peque\u00f1a)"}]},{"@type":"WebSite","@id":"https:\/\/fpsuperiorufv.es\/blog\/#website","url":"https:\/\/fpsuperiorufv.es\/blog\/","name":"Fp Superior Francisco de Vitoria","description":"","publisher":{"@id":"https:\/\/fpsuperiorufv.es\/blog\/#organization"},"alternateName":"Cetys","potentialAction":[{"@type":"SearchAction","target":{"@type":"EntryPoint","urlTemplate":"https:\/\/fpsuperiorufv.es\/blog\/?s={search_term_string}"},"query-input":{"@type":"PropertyValueSpecification","valueRequired":true,"valueName":"search_term_string"}}],"inLanguage":"es"},{"@type":"Organization","@id":"https:\/\/fpsuperiorufv.es\/blog\/#organization","name":"Cetys","url":"https:\/\/fpsuperiorufv.es\/blog\/","logo":{"@type":"ImageObject","inLanguage":"es","@id":"https:\/\/fpsuperiorufv.es\/blog\/#\/schema\/logo\/image\/","url":"https:\/\/fpsuperiorufv.lo\/wp-content\/uploads\/2025\/02\/logo.svg","contentUrl":"https:\/\/fpsuperiorufv.lo\/wp-content\/uploads\/2025\/02\/logo.svg","width":"1024","height":"1024","caption":"Cetys"},"image":{"@id":"https:\/\/fpsuperiorufv.es\/blog\/#\/schema\/logo\/image\/"}},{"@type":"Person","@id":"https:\/\/fpsuperiorufv.es\/blog\/#\/schema\/person\/c7ac6e2e7af298050da8d956ac824347","name":"FP Superior UFV","image":{"@type":"ImageObject","inLanguage":"es","@id":"https:\/\/secure.gravatar.com\/avatar\/002af9a4377d87096f281de7725cae2f359bff0b0b7439b98b80936e58af2d91?s=96&d=mm&r=g","url":"https:\/\/secure.gravatar.com\/avatar\/002af9a4377d87096f281de7725cae2f359bff0b0b7439b98b80936e58af2d91?s=96&d=mm&r=g","contentUrl":"https:\/\/secure.gravatar.com\/avatar\/002af9a4377d87096f281de7725cae2f359bff0b0b7439b98b80936e58af2d91?s=96&d=mm&r=g","caption":"FP Superior UFV"},"sameAs":["https:\/\/fpsuperiorufv.lo"],"url":"https:\/\/fpsuperiorufv.es\/blog\/author\/administrador\/"}]}},"_links":{"self":[{"href":"https:\/\/fpsuperiorufv.es\/blog\/wp-json\/wp\/v2\/posts\/282715","targetHints":{"allow":["GET"]}}],"collection":[{"href":"https:\/\/fpsuperiorufv.es\/blog\/wp-json\/wp\/v2\/posts"}],"about":[{"href":"https:\/\/fpsuperiorufv.es\/blog\/wp-json\/wp\/v2\/types\/post"}],"author":[{"embeddable":true,"href":"https:\/\/fpsuperiorufv.es\/blog\/wp-json\/wp\/v2\/users\/1"}],"replies":[{"embeddable":true,"href":"https:\/\/fpsuperiorufv.es\/blog\/wp-json\/wp\/v2\/comments?post=282715"}],"version-history":[{"count":1,"href":"https:\/\/fpsuperiorufv.es\/blog\/wp-json\/wp\/v2\/posts\/282715\/revisions"}],"predecessor-version":[{"id":283339,"href":"https:\/\/fpsuperiorufv.es\/blog\/wp-json\/wp\/v2\/posts\/282715\/revisions\/283339"}],"wp:featuredmedia":[{"embeddable":true,"href":"https:\/\/fpsuperiorufv.es\/blog\/wp-json\/wp\/v2\/media\/2627"}],"wp:attachment":[{"href":"https:\/\/fpsuperiorufv.es\/blog\/wp-json\/wp\/v2\/media?parent=282715"}],"wp:term":[{"taxonomy":"category","embeddable":true,"href":"https:\/\/fpsuperiorufv.es\/blog\/wp-json\/wp\/v2\/categories?post=282715"},{"taxonomy":"post_tag","embeddable":true,"href":"https:\/\/fpsuperiorufv.es\/blog\/wp-json\/wp\/v2\/tags?post=282715"}],"curies":[{"name":"wp","href":"https:\/\/api.w.org\/{rel}","templated":true}]}}