{"id":282751,"date":"2026-03-13T22:37:28","date_gmt":"2026-03-13T22:37:28","guid":{"rendered":"https:\/\/soleyantonio.es\/fp-acondicionamiento-fisico-en-madrid-donde-estudiar-requisitos-y-plazos-2026-2027\/"},"modified":"2026-04-14T13:41:11","modified_gmt":"2026-04-14T11:41:11","slug":"fp-acondicionamiento-fisico-en-madrid-donde-estudiar-requisitos-y-plazos-2026-2027-blog","status":"publish","type":"post","link":"https:\/\/fpsuperiorufv.es\/blog\/fp-acondicionamiento-fisico-en-madrid-donde-estudiar-requisitos-y-plazos-2026-2027-blog\/","title":{"rendered":"FP Acondicionamiento F\u00edsico en Madrid: d\u00f3nde estudiar requisitos y plazos 2026\/2027"},"content":{"rendered":"<h2>FP Acondicionamiento F\u00edsico en Madrid: D\u00f3nde Estudiar, Requisitos y Plazos 2026\/2027<\/h2>\n<p>\u00bfEst\u00e1s pensando en dedicarte al mundo del acondicionamiento f\u00edsico? En la FP Superior Francisco de Vitoria, ofrecemos un Ciclo Formativo en Acondicionamiento F\u00edsico que te prepara para ser un profesional en este apasionante sector. En este art\u00edculo, te contamos todo lo que necesitas saber sobre d\u00f3nde estudiar, los requisitos y los plazos para el curso 2026\/2027. \u00a1Tu futuro en el fitness comienza aqu\u00ed!<\/p>\n<h2>Curiosidades y Datos Interesantes sobre la FP Acondicionamiento F\u00edsico<\/h2>\n<ul>\n<li>El sector del acondicionamiento f\u00edsico est\u00e1 en constante crecimiento, con un aumento del 5% en la demanda de profesionales en los \u00faltimos a\u00f1os.<\/li>\n<li>El 80% de los graduados en FP Acondicionamiento F\u00edsico encuentra empleo en menos de seis meses tras finalizar sus estudios.<\/li>\n<li>Los salarios promedio para los profesionales en este campo var\u00edan entre 20.000 y 30.000 euros anuales, dependiendo de la experiencia y la ubicaci\u00f3n.<\/li>\n<li>Las oportunidades laborales abarcan desde entrenadores personales hasta t\u00e9cnicos de actividades f\u00edsicas y deportivas en centros deportivos.<\/li>\n<li>La formaci\u00f3n en acondicionamiento f\u00edsico no solo se centra en la actividad f\u00edsica, sino tambi\u00e9n en aspectos como la nutrici\u00f3n y la salud integral.<\/li>\n<\/ul>\n<h2>\u00bfD\u00f3nde Estudiar FP Acondicionamiento F\u00edsico en Madrid?<\/h2>\n<p>En Madrid, contamos con varias instituciones que ofrecen el Ciclo Formativo de Grado Superior en Acondicionamiento F\u00edsico, pero en la FP Superior Francisco de Vitoria, te ofrecemos una formaci\u00f3n de alta calidad. Nuestra metodolog\u00eda combina teor\u00eda y pr\u00e1ctica, asegurando que obtengas las habilidades necesarias para destacar en el mercado laboral.<\/p>\n<h2>Requisitos para Estudiar Acondicionamiento F\u00edsico<\/h2>\n<p>Para poder acceder al Ciclo Formativo de Grado Superior en Acondicionamiento F\u00edsico, hay ciertos requisitos que debes cumplir:<\/p>\n<ul>\n<li>Tener el t\u00edtulo de Bachillerato o un t\u00edtulo equivalente.<\/li>\n<li>Contar con un t\u00edtulo de Formaci\u00f3n Profesional de Grado Medio.<\/li>\n<li>Superar una prueba de acceso si no cumples con los requisitos anteriores.<\/li>\n<\/ul>\n<p>En caso de que necesites m\u00e1s informaci\u00f3n sobre los requisitos espec\u00edficos, no dudes en consultar nuestra <a href=\"https:\/\/fpsuperiorufv.es\/secretaria-admision-y-ayuda\/\">p\u00e1gina de Proceso de Admisi\u00f3n<\/a>.<\/p>\n<h2>Plazos de Inscripci\u00f3n para el Curso 2026\/2027<\/h2>\n<p>La inscripci\u00f3n para el curso 2026\/2027 se llevar\u00e1 a cabo en los siguientes plazos:<\/p>\n<ul>\n<li>Primera convocatoria: Del 1 de febrero al 30 de abril de 2026.<\/li>\n<li>Segunda convocatoria: Del 1 de mayo al 15 de julio de 2026.<\/li>\n<li>Publicaci\u00f3n de listas de admitidos: 20 de julio de 2026.<\/li>\n<li>Formalizaci\u00f3n de matr\u00edcula: Del 25 de julio al 5 de agosto de 2026.<\/li>\n<\/ul>\n<p>Aseg\u00farate de seguir estos plazos para no perderte la oportunidad de comenzar tu formaci\u00f3n en acondicionamiento f\u00edsico.<\/p>\n<h2>\u00bfQu\u00e9 Aprender\u00e1s en el Ciclo Formativo de Acondicionamiento F\u00edsico?<\/h2>\n<p>Durante tu formaci\u00f3n en la FP Superior Francisco de Vitoria, adquirir\u00e1s una amplia gama de conocimientos y habilidades, tales como:<\/p>\n<ul>\n<li>Dise\u00f1o y programaci\u00f3n de actividades f\u00edsicas y deportivas.<\/li>\n<li>Conocimiento de la anatom\u00eda y fisiolog\u00eda del cuerpo humano.<\/li>\n<li>T\u00e9cnicas de entrenamiento y acondicionamiento f\u00edsico.<\/li>\n<li>Nutrici\u00f3n y h\u00e1bitos saludables para mejorar el rendimiento f\u00edsico.<\/li>\n<li>Gesti\u00f3n de centros deportivos y actividades recreativas.<\/li>\n<\/ul>\n<p>Adem\u00e1s, contar\u00e1s con pr\u00e1cticas en empresas que te permitir\u00e1n aplicar lo aprendido en un entorno real.<\/p>\n<h2>Salidas Profesionales<\/h2>\n<p>Al finalizar el Ciclo Formativo de Grado Superior en Acondicionamiento F\u00edsico, tendr\u00e1s diversas salidas profesionales, tales como:<\/p>\n<ul>\n<li>Entrenador personal.<\/li>\n<li>T\u00e9cnico de actividades f\u00edsicas y deportivas.<\/li>\n<li>Monitor de fitness y wellness.<\/li>\n<li>Gestor de instalaciones deportivas.<\/li>\n<li>Asesor en nutrici\u00f3n y estilo de vida saludable.<\/li>\n<\/ul>\n<p>Con la creciente demanda en el sector, tus posibilidades de empleo ser\u00e1n elevadas.<\/p>\n<h2>Preguntas Frecuentes<\/h2>\n<h2>\u00bfQu\u00e9 t\u00edtulo obtendr\u00e9 al finalizar el ciclo formativo?<\/h2>\n<p>Al finalizar el Ciclo Formativo de Grado Superior en Acondicionamiento F\u00edsico, obtendr\u00e1s el t\u00edtulo oficial que te habilita para trabajar en el \u00e1mbito profesional del acondicionamiento f\u00edsico.<\/p>\n<h2>\u00bfEs necesario tener experiencia previa para acceder al ciclo formativo?<\/h2>\n<p>No es necesario tener experiencia previa, pero contar con conocimientos b\u00e1sicos sobre actividad f\u00edsica puede ser beneficioso. La formaci\u00f3n est\u00e1 dise\u00f1ada para llevarte desde lo m\u00e1s b\u00e1sico hasta niveles avanzados.<\/p>\n<h2>\u00bfCu\u00e1l es la duraci\u00f3n del Ciclo Formativo?<\/h2>\n<p>El Ciclo Formativo de Grado Superior en Acondicionamiento F\u00edsico tiene una duraci\u00f3n de dos a\u00f1os, durante los cuales se combinan clases te\u00f3ricas y pr\u00e1cticas.<\/p>\n<h2>\u00bfPuedo compaginar mis estudios con un trabajo?<\/h2>\n<p>S\u00ed, muchos de nuestros estudiantes compaginan sus estudios con trabajos, especialmente en horarios flexibles. La formaci\u00f3n est\u00e1 dise\u00f1ada para adaptarse a las necesidades de cada estudiante.<\/p>\n<h2>\u00bfD\u00f3nde puedo encontrar m\u00e1s informaci\u00f3n sobre el proceso de admisi\u00f3n?<\/h2>\n<p>Puedes encontrar m\u00e1s informaci\u00f3n sobre el proceso de admisi\u00f3n en nuestra <a href=\"https:\/\/fpsuperiorufv.es\/secretaria-admision-y-ayuda\/\">p\u00e1gina de Proceso de Admisi\u00f3n<\/a>.<\/p>\n<h2>Conclusi\u00f3n<\/h2>\n<p>Si est\u00e1s listo para dar el primer paso hacia una carrera emocionante en el \u00e1mbito del acondicionamiento f\u00edsico, \u00a1no dudes en matricularte en nuestro Ciclo Formativo de Grado Superior en la FP Superior Francisco de Vitoria! Te ofrecemos una formaci\u00f3n integral y pr\u00e1ctica que te preparar\u00e1 para enfrentar los retos del mercado laboral. \u00a1Tu futuro en el fitness comienza hoy!<\/p>\n","protected":false},"excerpt":{"rendered":"<p>FP Acondicionamiento F\u00edsico en Madrid: D\u00f3nde Estudiar, Requisitos y Plazos 2026\/2027 \u00bfEst\u00e1s pensando en dedicarte al mundo del acondicionamiento f\u00edsico? En la FP Superior Francisco de Vitoria, ofrecemos un Ciclo Formativo en Acondicionamiento F\u00edsico que te prepara para ser un profesional en este apasionante sector. En este art\u00edculo, te contamos todo lo que necesitas saber [&hellip;]<\/p>\n","protected":false},"author":1,"featured_media":3030,"comment_status":"open","ping_status":"open","sticky":false,"template":"","format":"standard","meta":{"inline_featured_image":false,"footnotes":""},"categories":[411,393],"tags":[],"class_list":["post-282751","post","type-post","status-publish","format-standard","has-post-thumbnail","hentry","category-acondicionamiento-fisico","category-preguntas-frecuentes"],"yoast_head":"<!-- This site is optimized with the Yoast SEO plugin v27.4 - https:\/\/yoast.com\/product\/yoast-seo-wordpress\/ -->\n<title>FP Acondicionamiento F\u00edsico en Madrid: d\u00f3nde estudiar requisitos y plazos 2026\/2027 - Cetys<\/title>\n<meta name=\"robots\" content=\"index, follow, max-snippet:-1, max-image-preview:large, max-video-preview:-1\" \/>\n<link rel=\"canonical\" href=\"https:\/\/fpsuperiorufv.es\/blog\/fp-acondicionamiento-fisico-en-madrid-donde-estudiar-requisitos-y-plazos-2026-2027-blog\/\" \/>\n<meta property=\"og:locale\" content=\"es_ES\" \/>\n<meta property=\"og:type\" content=\"article\" \/>\n<meta property=\"og:title\" content=\"FP Acondicionamiento F\u00edsico en Madrid: d\u00f3nde estudiar requisitos y plazos 2026\/2027 - Cetys\" \/>\n<meta property=\"og:description\" content=\"FP Acondicionamiento F\u00edsico en Madrid: D\u00f3nde Estudiar, Requisitos y Plazos 2026\/2027 \u00bfEst\u00e1s pensando en dedicarte al mundo del acondicionamiento f\u00edsico? En la FP Superior Francisco de Vitoria, ofrecemos un Ciclo Formativo en Acondicionamiento F\u00edsico que te prepara para ser un profesional en este apasionante sector. En este art\u00edculo, te contamos todo lo que necesitas saber [&hellip;]\" \/>\n<meta property=\"og:url\" content=\"https:\/\/fpsuperiorufv.es\/blog\/fp-acondicionamiento-fisico-en-madrid-donde-estudiar-requisitos-y-plazos-2026-2027-blog\/\" \/>\n<meta property=\"og:site_name\" content=\"Cetys\" \/>\n<meta property=\"article:published_time\" content=\"2026-03-13T22:37:28+00:00\" \/>\n<meta property=\"article:modified_time\" content=\"2026-04-14T11:41:11+00:00\" \/>\n<meta property=\"og:image\" content=\"https:\/\/fpsuperiorufv.es\/blog\/wp-content\/uploads\/2025\/11\/DSC07339-scaled-1.jpg\" \/>\n\t<meta property=\"og:image:width\" content=\"1707\" \/>\n\t<meta property=\"og:image:height\" content=\"2560\" \/>\n\t<meta property=\"og:image:type\" content=\"image\/jpeg\" \/>\n<meta name=\"author\" content=\"FP Superior UFV\" \/>\n<meta name=\"twitter:card\" content=\"summary_large_image\" \/>\n<meta name=\"twitter:label1\" content=\"Escrito por\" \/>\n\t<meta name=\"twitter:data1\" content=\"FP Superior UFV\" \/>\n\t<meta name=\"twitter:label2\" content=\"Tiempo de lectura\" \/>\n\t<meta name=\"twitter:data2\" content=\"4 minutos\" \/>\n<script type=\"application\/ld+json\" class=\"yoast-schema-graph\">{\"@context\":\"https:\\\/\\\/schema.org\",\"@graph\":[{\"@type\":\"Article\",\"@id\":\"https:\\\/\\\/fpsuperiorufv.es\\\/blog\\\/fp-acondicionamiento-fisico-en-madrid-donde-estudiar-requisitos-y-plazos-2026-2027-blog\\\/#article\",\"isPartOf\":{\"@id\":\"https:\\\/\\\/fpsuperiorufv.es\\\/blog\\\/fp-acondicionamiento-fisico-en-madrid-donde-estudiar-requisitos-y-plazos-2026-2027-blog\\\/\"},\"author\":{\"name\":\"FP Superior UFV\",\"@id\":\"https:\\\/\\\/fpsuperiorufv.es\\\/blog\\\/#\\\/schema\\\/person\\\/c7ac6e2e7af298050da8d956ac824347\"},\"headline\":\"FP Acondicionamiento F\u00edsico en Madrid: d\u00f3nde estudiar requisitos y plazos 2026\\\/2027\",\"datePublished\":\"2026-03-13T22:37:28+00:00\",\"dateModified\":\"2026-04-14T11:41:11+00:00\",\"mainEntityOfPage\":{\"@id\":\"https:\\\/\\\/fpsuperiorufv.es\\\/blog\\\/fp-acondicionamiento-fisico-en-madrid-donde-estudiar-requisitos-y-plazos-2026-2027-blog\\\/\"},\"wordCount\":874,\"commentCount\":0,\"publisher\":{\"@id\":\"https:\\\/\\\/fpsuperiorufv.es\\\/blog\\\/#organization\"},\"image\":{\"@id\":\"https:\\\/\\\/fpsuperiorufv.es\\\/blog\\\/fp-acondicionamiento-fisico-en-madrid-donde-estudiar-requisitos-y-plazos-2026-2027-blog\\\/#primaryimage\"},\"thumbnailUrl\":\"https:\\\/\\\/fpsuperiorufv.es\\\/blog\\\/wp-content\\\/uploads\\\/2025\\\/11\\\/DSC07339-scaled-1.jpg\",\"articleSection\":[\"Acondicionamiento F\u00edsico\",\"Preguntas frecuentes\"],\"inLanguage\":\"es\",\"potentialAction\":[{\"@type\":\"CommentAction\",\"name\":\"Comment\",\"target\":[\"https:\\\/\\\/fpsuperiorufv.es\\\/blog\\\/fp-acondicionamiento-fisico-en-madrid-donde-estudiar-requisitos-y-plazos-2026-2027-blog\\\/#respond\"]}]},{\"@type\":\"WebPage\",\"@id\":\"https:\\\/\\\/fpsuperiorufv.es\\\/blog\\\/fp-acondicionamiento-fisico-en-madrid-donde-estudiar-requisitos-y-plazos-2026-2027-blog\\\/\",\"url\":\"https:\\\/\\\/fpsuperiorufv.es\\\/blog\\\/fp-acondicionamiento-fisico-en-madrid-donde-estudiar-requisitos-y-plazos-2026-2027-blog\\\/\",\"name\":\"FP Acondicionamiento F\u00edsico en Madrid: d\u00f3nde estudiar requisitos y plazos 2026\\\/2027 - Cetys\",\"isPartOf\":{\"@id\":\"https:\\\/\\\/fpsuperiorufv.es\\\/blog\\\/#website\"},\"primaryImageOfPage\":{\"@id\":\"https:\\\/\\\/fpsuperiorufv.es\\\/blog\\\/fp-acondicionamiento-fisico-en-madrid-donde-estudiar-requisitos-y-plazos-2026-2027-blog\\\/#primaryimage\"},\"image\":{\"@id\":\"https:\\\/\\\/fpsuperiorufv.es\\\/blog\\\/fp-acondicionamiento-fisico-en-madrid-donde-estudiar-requisitos-y-plazos-2026-2027-blog\\\/#primaryimage\"},\"thumbnailUrl\":\"https:\\\/\\\/fpsuperiorufv.es\\\/blog\\\/wp-content\\\/uploads\\\/2025\\\/11\\\/DSC07339-scaled-1.jpg\",\"datePublished\":\"2026-03-13T22:37:28+00:00\",\"dateModified\":\"2026-04-14T11:41:11+00:00\",\"breadcrumb\":{\"@id\":\"https:\\\/\\\/fpsuperiorufv.es\\\/blog\\\/fp-acondicionamiento-fisico-en-madrid-donde-estudiar-requisitos-y-plazos-2026-2027-blog\\\/#breadcrumb\"},\"inLanguage\":\"es\",\"potentialAction\":[{\"@type\":\"ReadAction\",\"target\":[\"https:\\\/\\\/fpsuperiorufv.es\\\/blog\\\/fp-acondicionamiento-fisico-en-madrid-donde-estudiar-requisitos-y-plazos-2026-2027-blog\\\/\"]}]},{\"@type\":\"ImageObject\",\"inLanguage\":\"es\",\"@id\":\"https:\\\/\\\/fpsuperiorufv.es\\\/blog\\\/fp-acondicionamiento-fisico-en-madrid-donde-estudiar-requisitos-y-plazos-2026-2027-blog\\\/#primaryimage\",\"url\":\"https:\\\/\\\/fpsuperiorufv.es\\\/blog\\\/wp-content\\\/uploads\\\/2025\\\/11\\\/DSC07339-scaled-1.jpg\",\"contentUrl\":\"https:\\\/\\\/fpsuperiorufv.es\\\/blog\\\/wp-content\\\/uploads\\\/2025\\\/11\\\/DSC07339-scaled-1.jpg\",\"width\":1707,\"height\":2560},{\"@type\":\"BreadcrumbList\",\"@id\":\"https:\\\/\\\/fpsuperiorufv.es\\\/blog\\\/fp-acondicionamiento-fisico-en-madrid-donde-estudiar-requisitos-y-plazos-2026-2027-blog\\\/#breadcrumb\",\"itemListElement\":[{\"@type\":\"ListItem\",\"position\":1,\"name\":\"Home\",\"item\":\"https:\\\/\\\/fpsuperiorufv.es\\\/blog\\\/\"},{\"@type\":\"ListItem\",\"position\":2,\"name\":\"FP Acondicionamiento F\u00edsico en Madrid: d\u00f3nde estudiar requisitos y plazos 2026\\\/2027\"}]},{\"@type\":\"WebSite\",\"@id\":\"https:\\\/\\\/fpsuperiorufv.es\\\/blog\\\/#website\",\"url\":\"https:\\\/\\\/fpsuperiorufv.es\\\/blog\\\/\",\"name\":\"Fp Superior Francisco de Vitoria\",\"description\":\"\",\"publisher\":{\"@id\":\"https:\\\/\\\/fpsuperiorufv.es\\\/blog\\\/#organization\"},\"alternateName\":\"Cetys\",\"potentialAction\":[{\"@type\":\"SearchAction\",\"target\":{\"@type\":\"EntryPoint\",\"urlTemplate\":\"https:\\\/\\\/fpsuperiorufv.es\\\/blog\\\/?s={search_term_string}\"},\"query-input\":{\"@type\":\"PropertyValueSpecification\",\"valueRequired\":true,\"valueName\":\"search_term_string\"}}],\"inLanguage\":\"es\"},{\"@type\":\"Organization\",\"@id\":\"https:\\\/\\\/fpsuperiorufv.es\\\/blog\\\/#organization\",\"name\":\"Cetys\",\"url\":\"https:\\\/\\\/fpsuperiorufv.es\\\/blog\\\/\",\"logo\":{\"@type\":\"ImageObject\",\"inLanguage\":\"es\",\"@id\":\"https:\\\/\\\/fpsuperiorufv.es\\\/blog\\\/#\\\/schema\\\/logo\\\/image\\\/\",\"url\":\"https:\\\/\\\/fpsuperiorufv.lo\\\/wp-content\\\/uploads\\\/2025\\\/02\\\/logo.svg\",\"contentUrl\":\"https:\\\/\\\/fpsuperiorufv.lo\\\/wp-content\\\/uploads\\\/2025\\\/02\\\/logo.svg\",\"width\":\"1024\",\"height\":\"1024\",\"caption\":\"Cetys\"},\"image\":{\"@id\":\"https:\\\/\\\/fpsuperiorufv.es\\\/blog\\\/#\\\/schema\\\/logo\\\/image\\\/\"}},{\"@type\":\"Person\",\"@id\":\"https:\\\/\\\/fpsuperiorufv.es\\\/blog\\\/#\\\/schema\\\/person\\\/c7ac6e2e7af298050da8d956ac824347\",\"name\":\"FP Superior UFV\",\"image\":{\"@type\":\"ImageObject\",\"inLanguage\":\"es\",\"@id\":\"https:\\\/\\\/secure.gravatar.com\\\/avatar\\\/002af9a4377d87096f281de7725cae2f359bff0b0b7439b98b80936e58af2d91?s=96&d=mm&r=g\",\"url\":\"https:\\\/\\\/secure.gravatar.com\\\/avatar\\\/002af9a4377d87096f281de7725cae2f359bff0b0b7439b98b80936e58af2d91?s=96&d=mm&r=g\",\"contentUrl\":\"https:\\\/\\\/secure.gravatar.com\\\/avatar\\\/002af9a4377d87096f281de7725cae2f359bff0b0b7439b98b80936e58af2d91?s=96&d=mm&r=g\",\"caption\":\"FP Superior UFV\"},\"sameAs\":[\"https:\\\/\\\/fpsuperiorufv.lo\"],\"url\":\"https:\\\/\\\/fpsuperiorufv.es\\\/blog\\\/author\\\/administrador\\\/\"}]}<\/script>\n<!-- \/ Yoast SEO plugin. -->","yoast_head_json":{"title":"FP Acondicionamiento F\u00edsico en Madrid: d\u00f3nde estudiar requisitos y plazos 2026\/2027 - Cetys","robots":{"index":"index","follow":"follow","max-snippet":"max-snippet:-1","max-image-preview":"max-image-preview:large","max-video-preview":"max-video-preview:-1"},"canonical":"https:\/\/fpsuperiorufv.es\/blog\/fp-acondicionamiento-fisico-en-madrid-donde-estudiar-requisitos-y-plazos-2026-2027-blog\/","og_locale":"es_ES","og_type":"article","og_title":"FP Acondicionamiento F\u00edsico en Madrid: d\u00f3nde estudiar requisitos y plazos 2026\/2027 - Cetys","og_description":"FP Acondicionamiento F\u00edsico en Madrid: D\u00f3nde Estudiar, Requisitos y Plazos 2026\/2027 \u00bfEst\u00e1s pensando en dedicarte al mundo del acondicionamiento f\u00edsico? En la FP Superior Francisco de Vitoria, ofrecemos un Ciclo Formativo en Acondicionamiento F\u00edsico que te prepara para ser un profesional en este apasionante sector. En este art\u00edculo, te contamos todo lo que necesitas saber [&hellip;]","og_url":"https:\/\/fpsuperiorufv.es\/blog\/fp-acondicionamiento-fisico-en-madrid-donde-estudiar-requisitos-y-plazos-2026-2027-blog\/","og_site_name":"Cetys","article_published_time":"2026-03-13T22:37:28+00:00","article_modified_time":"2026-04-14T11:41:11+00:00","og_image":[{"width":1707,"height":2560,"url":"https:\/\/fpsuperiorufv.es\/blog\/wp-content\/uploads\/2025\/11\/DSC07339-scaled-1.jpg","type":"image\/jpeg"}],"author":"FP Superior UFV","twitter_card":"summary_large_image","twitter_misc":{"Escrito por":"FP Superior UFV","Tiempo de lectura":"4 minutos"},"schema":{"@context":"https:\/\/schema.org","@graph":[{"@type":"Article","@id":"https:\/\/fpsuperiorufv.es\/blog\/fp-acondicionamiento-fisico-en-madrid-donde-estudiar-requisitos-y-plazos-2026-2027-blog\/#article","isPartOf":{"@id":"https:\/\/fpsuperiorufv.es\/blog\/fp-acondicionamiento-fisico-en-madrid-donde-estudiar-requisitos-y-plazos-2026-2027-blog\/"},"author":{"name":"FP Superior UFV","@id":"https:\/\/fpsuperiorufv.es\/blog\/#\/schema\/person\/c7ac6e2e7af298050da8d956ac824347"},"headline":"FP Acondicionamiento F\u00edsico en Madrid: d\u00f3nde estudiar requisitos y plazos 2026\/2027","datePublished":"2026-03-13T22:37:28+00:00","dateModified":"2026-04-14T11:41:11+00:00","mainEntityOfPage":{"@id":"https:\/\/fpsuperiorufv.es\/blog\/fp-acondicionamiento-fisico-en-madrid-donde-estudiar-requisitos-y-plazos-2026-2027-blog\/"},"wordCount":874,"commentCount":0,"publisher":{"@id":"https:\/\/fpsuperiorufv.es\/blog\/#organization"},"image":{"@id":"https:\/\/fpsuperiorufv.es\/blog\/fp-acondicionamiento-fisico-en-madrid-donde-estudiar-requisitos-y-plazos-2026-2027-blog\/#primaryimage"},"thumbnailUrl":"https:\/\/fpsuperiorufv.es\/blog\/wp-content\/uploads\/2025\/11\/DSC07339-scaled-1.jpg","articleSection":["Acondicionamiento F\u00edsico","Preguntas frecuentes"],"inLanguage":"es","potentialAction":[{"@type":"CommentAction","name":"Comment","target":["https:\/\/fpsuperiorufv.es\/blog\/fp-acondicionamiento-fisico-en-madrid-donde-estudiar-requisitos-y-plazos-2026-2027-blog\/#respond"]}]},{"@type":"WebPage","@id":"https:\/\/fpsuperiorufv.es\/blog\/fp-acondicionamiento-fisico-en-madrid-donde-estudiar-requisitos-y-plazos-2026-2027-blog\/","url":"https:\/\/fpsuperiorufv.es\/blog\/fp-acondicionamiento-fisico-en-madrid-donde-estudiar-requisitos-y-plazos-2026-2027-blog\/","name":"FP Acondicionamiento F\u00edsico en Madrid: d\u00f3nde estudiar requisitos y plazos 2026\/2027 - Cetys","isPartOf":{"@id":"https:\/\/fpsuperiorufv.es\/blog\/#website"},"primaryImageOfPage":{"@id":"https:\/\/fpsuperiorufv.es\/blog\/fp-acondicionamiento-fisico-en-madrid-donde-estudiar-requisitos-y-plazos-2026-2027-blog\/#primaryimage"},"image":{"@id":"https:\/\/fpsuperiorufv.es\/blog\/fp-acondicionamiento-fisico-en-madrid-donde-estudiar-requisitos-y-plazos-2026-2027-blog\/#primaryimage"},"thumbnailUrl":"https:\/\/fpsuperiorufv.es\/blog\/wp-content\/uploads\/2025\/11\/DSC07339-scaled-1.jpg","datePublished":"2026-03-13T22:37:28+00:00","dateModified":"2026-04-14T11:41:11+00:00","breadcrumb":{"@id":"https:\/\/fpsuperiorufv.es\/blog\/fp-acondicionamiento-fisico-en-madrid-donde-estudiar-requisitos-y-plazos-2026-2027-blog\/#breadcrumb"},"inLanguage":"es","potentialAction":[{"@type":"ReadAction","target":["https:\/\/fpsuperiorufv.es\/blog\/fp-acondicionamiento-fisico-en-madrid-donde-estudiar-requisitos-y-plazos-2026-2027-blog\/"]}]},{"@type":"ImageObject","inLanguage":"es","@id":"https:\/\/fpsuperiorufv.es\/blog\/fp-acondicionamiento-fisico-en-madrid-donde-estudiar-requisitos-y-plazos-2026-2027-blog\/#primaryimage","url":"https:\/\/fpsuperiorufv.es\/blog\/wp-content\/uploads\/2025\/11\/DSC07339-scaled-1.jpg","contentUrl":"https:\/\/fpsuperiorufv.es\/blog\/wp-content\/uploads\/2025\/11\/DSC07339-scaled-1.jpg","width":1707,"height":2560},{"@type":"BreadcrumbList","@id":"https:\/\/fpsuperiorufv.es\/blog\/fp-acondicionamiento-fisico-en-madrid-donde-estudiar-requisitos-y-plazos-2026-2027-blog\/#breadcrumb","itemListElement":[{"@type":"ListItem","position":1,"name":"Home","item":"https:\/\/fpsuperiorufv.es\/blog\/"},{"@type":"ListItem","position":2,"name":"FP Acondicionamiento F\u00edsico en Madrid: d\u00f3nde estudiar requisitos y plazos 2026\/2027"}]},{"@type":"WebSite","@id":"https:\/\/fpsuperiorufv.es\/blog\/#website","url":"https:\/\/fpsuperiorufv.es\/blog\/","name":"Fp Superior Francisco de Vitoria","description":"","publisher":{"@id":"https:\/\/fpsuperiorufv.es\/blog\/#organization"},"alternateName":"Cetys","potentialAction":[{"@type":"SearchAction","target":{"@type":"EntryPoint","urlTemplate":"https:\/\/fpsuperiorufv.es\/blog\/?s={search_term_string}"},"query-input":{"@type":"PropertyValueSpecification","valueRequired":true,"valueName":"search_term_string"}}],"inLanguage":"es"},{"@type":"Organization","@id":"https:\/\/fpsuperiorufv.es\/blog\/#organization","name":"Cetys","url":"https:\/\/fpsuperiorufv.es\/blog\/","logo":{"@type":"ImageObject","inLanguage":"es","@id":"https:\/\/fpsuperiorufv.es\/blog\/#\/schema\/logo\/image\/","url":"https:\/\/fpsuperiorufv.lo\/wp-content\/uploads\/2025\/02\/logo.svg","contentUrl":"https:\/\/fpsuperiorufv.lo\/wp-content\/uploads\/2025\/02\/logo.svg","width":"1024","height":"1024","caption":"Cetys"},"image":{"@id":"https:\/\/fpsuperiorufv.es\/blog\/#\/schema\/logo\/image\/"}},{"@type":"Person","@id":"https:\/\/fpsuperiorufv.es\/blog\/#\/schema\/person\/c7ac6e2e7af298050da8d956ac824347","name":"FP Superior UFV","image":{"@type":"ImageObject","inLanguage":"es","@id":"https:\/\/secure.gravatar.com\/avatar\/002af9a4377d87096f281de7725cae2f359bff0b0b7439b98b80936e58af2d91?s=96&d=mm&r=g","url":"https:\/\/secure.gravatar.com\/avatar\/002af9a4377d87096f281de7725cae2f359bff0b0b7439b98b80936e58af2d91?s=96&d=mm&r=g","contentUrl":"https:\/\/secure.gravatar.com\/avatar\/002af9a4377d87096f281de7725cae2f359bff0b0b7439b98b80936e58af2d91?s=96&d=mm&r=g","caption":"FP Superior UFV"},"sameAs":["https:\/\/fpsuperiorufv.lo"],"url":"https:\/\/fpsuperiorufv.es\/blog\/author\/administrador\/"}]}},"_links":{"self":[{"href":"https:\/\/fpsuperiorufv.es\/blog\/wp-json\/wp\/v2\/posts\/282751","targetHints":{"allow":["GET"]}}],"collection":[{"href":"https:\/\/fpsuperiorufv.es\/blog\/wp-json\/wp\/v2\/posts"}],"about":[{"href":"https:\/\/fpsuperiorufv.es\/blog\/wp-json\/wp\/v2\/types\/post"}],"author":[{"embeddable":true,"href":"https:\/\/fpsuperiorufv.es\/blog\/wp-json\/wp\/v2\/users\/1"}],"replies":[{"embeddable":true,"href":"https:\/\/fpsuperiorufv.es\/blog\/wp-json\/wp\/v2\/comments?post=282751"}],"version-history":[{"count":1,"href":"https:\/\/fpsuperiorufv.es\/blog\/wp-json\/wp\/v2\/posts\/282751\/revisions"}],"predecessor-version":[{"id":283269,"href":"https:\/\/fpsuperiorufv.es\/blog\/wp-json\/wp\/v2\/posts\/282751\/revisions\/283269"}],"wp:featuredmedia":[{"embeddable":true,"href":"https:\/\/fpsuperiorufv.es\/blog\/wp-json\/wp\/v2\/media\/3030"}],"wp:attachment":[{"href":"https:\/\/fpsuperiorufv.es\/blog\/wp-json\/wp\/v2\/media?parent=282751"}],"wp:term":[{"taxonomy":"category","embeddable":true,"href":"https:\/\/fpsuperiorufv.es\/blog\/wp-json\/wp\/v2\/categories?post=282751"},{"taxonomy":"post_tag","embeddable":true,"href":"https:\/\/fpsuperiorufv.es\/blog\/wp-json\/wp\/v2\/tags?post=282751"}],"curies":[{"name":"wp","href":"https:\/\/api.w.org\/{rel}","templated":true}]}}