{"id":282760,"date":"2026-03-14T12:53:47","date_gmt":"2026-03-14T12:53:47","guid":{"rendered":"https:\/\/soleyantonio.es\/entrevistas-para-puestos-de-fp-en-asesoria-de-imagen-personal-y-corporativa-preguntas-tipicas-y-como-responder\/"},"modified":"2026-04-13T13:34:23","modified_gmt":"2026-04-13T11:34:23","slug":"entrevistas-para-puestos-de-fp-en-asesoria-de-imagen-personal-y-corporativa-preguntas-tipicas-y-como-responder-blog","status":"publish","type":"post","link":"https:\/\/fpsuperiorufv.es\/blog\/entrevistas-para-puestos-de-fp-en-asesoria-de-imagen-personal-y-corporativa-preguntas-tipicas-y-como-responder-blog\/","title":{"rendered":"Entrevistas para puestos de FP en Asesor\u00eda de Imagen Personal y Corporativa: preguntas t\u00edpicas y c\u00f3mo responder"},"content":{"rendered":"<h2>Entrevistas para puestos de FP en Asesor\u00eda de Imagen Personal y Corporativa<\/h2>\n<p>Si est\u00e1s considerando una carrera en el apasionante mundo de la Asesor\u00eda de Imagen Personal y Corporativa, es crucial que te prepares adecuadamente para las entrevistas laborales. En este art\u00edculo, vamos a explorar las preguntas m\u00e1s comunes que podr\u00edas enfrentar y c\u00f3mo responderlas de manera efectiva. Te daremos las herramientas necesarias para que te sientas seguro y listo para dar lo mejor de ti.<\/p>\n<h2>Curiosidades y datos interesantes<\/h2>\n<ul>\n<li>El sector de la imagen personal ha crecido un 30% en la \u00faltima d\u00e9cada.<\/li>\n<li>M\u00e1s del 70% de los empleadores valoran la presentaci\u00f3n personal durante una entrevista.<\/li>\n<li>El 60% de los candidatos no se prepara adecuadamente para las preguntas comunes de las entrevistas.<\/li>\n<li>Las habilidades interpersonales son tan importantes como las t\u00e9cnicas en este sector.<\/li>\n<li>El 85% de las ofertas de trabajo se obtienen a trav\u00e9s de contactos personales.<\/li>\n<\/ul>\n<h2>Preguntas t\u00edpicas en una entrevista<\/h2>\n<p>Cuando te enfrentas a una entrevista para un puesto en Asesor\u00eda de Imagen Personal y Corporativa, hay ciertas preguntas que son casi inevitables. A continuaci\u00f3n, te mostramos algunas de las m\u00e1s comunes:<\/p>\n<h2>\u00bfCu\u00e1les son tus fortalezas y debilidades?<\/h2>\n<p>Esta pregunta es cl\u00e1sica en las entrevistas. Es una oportunidad para que hables de tus habilidades m\u00e1s relevantes para el puesto.<\/p>\n<p><strong>Consejo:<\/strong> Al mencionar tus fortalezas, aseg\u00farate de relacionarlas con la asesor\u00eda de imagen. Por ejemplo, puedes decir que eres excelente en la comunicaci\u00f3n visual o que tienes un agudo sentido de la moda.<\/p>\n<p>En cuanto a las debilidades, elige una que no sea cr\u00edtica para el puesto y que est\u00e9s trabajando para mejorar.<\/p>\n<h2>\u00bfPor qu\u00e9 elegiste esta carrera?<\/h2>\n<p>Esta es una pregunta que busca saber sobre tu motivaci\u00f3n. Aqu\u00ed es donde puedes compartir tu pasi\u00f3n por la imagen personal y c\u00f3mo deseas ayudar a otros a mejorar su presentaci\u00f3n.<\/p>\n<p><strong>Ejemplo:<\/strong> Eleg\u00ed esta carrera porque siempre he cre\u00eddo en el poder de una buena presentaci\u00f3n y c\u00f3mo puede influir en la percepci\u00f3n de una persona. <\/p>\n<h2>\u00bfC\u00f3mo manejas el estr\u00e9s y la presi\u00f3n en el trabajo?<\/h2>\n<p>En el mundo de la asesor\u00eda de imagen, a menudo habr\u00e1 situaciones de alta presi\u00f3n. Es esencial que demuestres tu capacidad para manejar estas circunstancias.<\/p>\n<p><strong>Consejo:<\/strong> Habla sobre t\u00e9cnicas que utilizas, como la organizaci\u00f3n, la planificaci\u00f3n o la meditaci\u00f3n, para mantener la calma.<\/p>\n<h2>\u00bfTienes experiencia previa en el sector?<\/h2>\n<p>Si tienes experiencia laboral previa, este es el momento de hablar de ella. Si no, puedes mencionar pr\u00e1cticas o proyectos relevantes que hayas realizado durante tu formaci\u00f3n.<\/p>\n<p><strong>Ejemplo:<\/strong> Durante mis pr\u00e1cticas en una empresa de moda, aprend\u00ed a trabajar con clientes y a entender sus necesidades de imagen. <\/p>\n<h2>\u00bfC\u00f3mo te mantienes actualizado en tendencias de moda y belleza?<\/h2>\n<p>La industria de la imagen personal es muy din\u00e1mica. Los empleadores buscan candidatos que est\u00e9n al d\u00eda con las tendencias actuales.<\/p>\n<p><strong>Consejo:<\/strong> Menciona revistas, blogs, redes sociales o cursos que sigas para mantenerte informado.<\/p>\n<h2>\u00bfC\u00f3mo te describir\u00edan tus amigos o colegas?<\/h2>\n<p>Esta pregunta busca conocer tu autopercepci\u00f3n y c\u00f3mo te relacionas con los dem\u00e1s. Responde con honestidad, pero aseg\u00farate de resaltar cualidades positivas.<\/p>\n<p><strong>Ejemplo:<\/strong> Mis amigos dir\u00edan que soy una persona creativa, confiable y siempre dispuesta a ayudar. <\/p>\n<h2>Consejos para una entrevista exitosa<\/h2>\n<p>Adem\u00e1s de prepararte para las preguntas, hay otras estrategias que pueden ayudarte a sobresalir en tu entrevista:<\/p>\n<ul>\n<li><strong>Investiga:<\/strong> Conoce la empresa y su cultura.<\/li>\n<li><strong>Practica:<\/strong> Realiza simulacros de entrevista con amigos o familiares.<\/li>\n<li><strong>V\u00edstete adecuadamente:<\/strong> Tu presentaci\u00f3n personal es clave en esta industria.<\/li>\n<li><strong>Escucha:<\/strong> Presta atenci\u00f3n a las preguntas y aseg\u00farate de responder lo que se te pregunta.<\/li>\n<li><strong>S\u00e9 aut\u00e9ntico:<\/strong> Las empresas buscan personas genuinas que se alineen con sus valores.<\/li>\n<\/ul>\n<h2>Ejemplos de respuestas efectivas<\/h2>\n<p>Te mostramos algunos ejemplos de respuestas para que te inspires:<\/p>\n<h3>Pregunta: \u00bfCu\u00e1les son tus fortalezas?<\/h3>\n<p><strong>Respuesta:<\/strong> Una de mis principales fortalezas es mi capacidad para entender y adaptarme a diferentes estilos de imagen. Me encanta ayudar a las personas a encontrar su propio estilo que no solo sea atractivo, sino que tambi\u00e9n refleje su personalidad. <\/p>\n<h3>Pregunta: \u00bfC\u00f3mo manejas el estr\u00e9s?<\/h3>\n<p><strong>Respuesta:<\/strong> Cuando me encuentro bajo presi\u00f3n, me enfoco en la organizaci\u00f3n. Hago listas de tareas y priorizo lo que debo hacer, lo que me ayuda a mantenerme en control y a cumplir con mis objetivos. <\/p>\n<h2>Preparaci\u00f3n final antes de la entrevista<\/h2>\n<p>La preparaci\u00f3n es clave para tener \u00e9xito en tu entrevista. Aqu\u00ed hay algunos pasos finales que debes seguir:<\/p>\n<ul>\n<li>Revisa tu curr\u00edculum y aseg\u00farate de que puedes hablar sobre cada experiencia que has mencionado.<\/li>\n<li>Elige un atuendo que te haga sentir seguro y c\u00f3modo.<\/li>\n<li>Practica tus respuestas en voz alta.<\/li>\n<li>Prep\u00e1rate para hacer preguntas al final de la entrevista, lo que demuestra tu inter\u00e9s en la empresa.<\/li>\n<\/ul>\n<h2>Preguntas frecuentes<\/h2>\n<h2>\u00bfQu\u00e9 tipo de preguntas me har\u00e1n en una entrevista para Asesor\u00eda de Imagen Personal y Corporativa?<\/h2>\n<p>Te har\u00e1n preguntas sobre tus habilidades, tu experiencia previa, c\u00f3mo gestionas el estr\u00e9s y tu motivaci\u00f3n para trabajar en este sector.<\/p>\n<h2>\u00bfC\u00f3mo puedo prepararme para una entrevista?<\/h2>\n<p>Investiga la empresa, practica tus respuestas, y aseg\u00farate de tener un atuendo adecuado. Tambi\u00e9n es \u00fatil conocer las tendencias actuales en el mundo de la imagen personal.<\/p>\n<h2>\u00bfQu\u00e9 debo llevar a la entrevista?<\/h2>\n<p>Es recomendable llevar varias copias de tu curr\u00edculum, una lista de referencias y cualquier material adicional que pueda respaldar tu candidatura, como portafolios o muestras de trabajo.<\/p>\n<h2>\u00bfQu\u00e9 hacer si no s\u00e9 responder a una pregunta?<\/h2>\n<p>No hay problema en admitir que no conoces la respuesta. Puedes decir algo como No estoy seguro, pero estoy dispuesto a aprender y a investigar m\u00e1s sobre ello.<\/p>\n<p>Si est\u00e1s interesado en comenzar tu carrera en el fascinante mundo de la Asesor\u00eda de Imagen Personal y Corporativa, no dudes en consultar nuestro <a href=https:\/\/fpsuperiorufv.es\/secretaria-admision-y-ayuda\/>Proceso de Admisi\u00f3n<\/a>. \u00a1Te esperamos!<\/p>\n","protected":false},"excerpt":{"rendered":"<p>Entrevistas para puestos de FP en Asesor\u00eda de Imagen Personal y Corporativa Si est\u00e1s considerando una carrera en el apasionante mundo de la Asesor\u00eda de Imagen Personal y Corporativa, es crucial que te prepares adecuadamente para las entrevistas laborales. En este art\u00edculo, vamos a explorar las preguntas m\u00e1s comunes que podr\u00edas enfrentar y c\u00f3mo responderlas [&hellip;]<\/p>\n","protected":false},"author":1,"featured_media":2737,"comment_status":"open","ping_status":"open","sticky":false,"template":"","format":"standard","meta":{"inline_featured_image":false,"footnotes":""},"categories":[377,393],"tags":[],"class_list":["post-282760","post","type-post","status-publish","format-standard","has-post-thumbnail","hentry","category-asesoria-de-imagen-personal-y-corporativa","category-preguntas-frecuentes"],"yoast_head":"<!-- This site is optimized with the Yoast SEO plugin v27.4 - https:\/\/yoast.com\/product\/yoast-seo-wordpress\/ -->\n<title>Entrevistas para puestos de FP en Asesor\u00eda de Imagen Personal y Corporativa: preguntas t\u00edpicas y c\u00f3mo responder - Cetys<\/title>\n<meta name=\"robots\" content=\"index, follow, max-snippet:-1, max-image-preview:large, max-video-preview:-1\" \/>\n<link rel=\"canonical\" href=\"https:\/\/fpsuperiorufv.es\/blog\/entrevistas-para-puestos-de-fp-en-asesoria-de-imagen-personal-y-corporativa-preguntas-tipicas-y-como-responder-blog\/\" \/>\n<meta property=\"og:locale\" content=\"es_ES\" \/>\n<meta property=\"og:type\" content=\"article\" \/>\n<meta property=\"og:title\" content=\"Entrevistas para puestos de FP en Asesor\u00eda de Imagen Personal y Corporativa: preguntas t\u00edpicas y c\u00f3mo responder - Cetys\" \/>\n<meta property=\"og:description\" content=\"Entrevistas para puestos de FP en Asesor\u00eda de Imagen Personal y Corporativa Si est\u00e1s considerando una carrera en el apasionante mundo de la Asesor\u00eda de Imagen Personal y Corporativa, es crucial que te prepares adecuadamente para las entrevistas laborales. En este art\u00edculo, vamos a explorar las preguntas m\u00e1s comunes que podr\u00edas enfrentar y c\u00f3mo responderlas [&hellip;]\" \/>\n<meta property=\"og:url\" content=\"https:\/\/fpsuperiorufv.es\/blog\/entrevistas-para-puestos-de-fp-en-asesoria-de-imagen-personal-y-corporativa-preguntas-tipicas-y-como-responder-blog\/\" \/>\n<meta property=\"og:site_name\" content=\"Cetys\" \/>\n<meta property=\"article:published_time\" content=\"2026-03-14T12:53:47+00:00\" \/>\n<meta property=\"article:modified_time\" content=\"2026-04-13T11:34:23+00:00\" \/>\n<meta property=\"og:image\" content=\"https:\/\/fpsuperiorufv.es\/blog\/wp-content\/uploads\/2025\/08\/MG_9795-scaled-1.jpg\" \/>\n\t<meta property=\"og:image:width\" content=\"2560\" \/>\n\t<meta property=\"og:image:height\" content=\"1707\" \/>\n\t<meta property=\"og:image:type\" content=\"image\/jpeg\" \/>\n<meta name=\"author\" content=\"FP Superior UFV\" \/>\n<meta name=\"twitter:card\" content=\"summary_large_image\" \/>\n<meta name=\"twitter:label1\" content=\"Escrito por\" \/>\n\t<meta name=\"twitter:data1\" content=\"FP Superior UFV\" \/>\n\t<meta name=\"twitter:label2\" content=\"Tiempo de lectura\" \/>\n\t<meta name=\"twitter:data2\" content=\"5 minutos\" \/>\n<script type=\"application\/ld+json\" class=\"yoast-schema-graph\">{\"@context\":\"https:\\\/\\\/schema.org\",\"@graph\":[{\"@type\":\"Article\",\"@id\":\"https:\\\/\\\/fpsuperiorufv.es\\\/blog\\\/entrevistas-para-puestos-de-fp-en-asesoria-de-imagen-personal-y-corporativa-preguntas-tipicas-y-como-responder-blog\\\/#article\",\"isPartOf\":{\"@id\":\"https:\\\/\\\/fpsuperiorufv.es\\\/blog\\\/entrevistas-para-puestos-de-fp-en-asesoria-de-imagen-personal-y-corporativa-preguntas-tipicas-y-como-responder-blog\\\/\"},\"author\":{\"name\":\"FP Superior UFV\",\"@id\":\"https:\\\/\\\/fpsuperiorufv.es\\\/blog\\\/#\\\/schema\\\/person\\\/c7ac6e2e7af298050da8d956ac824347\"},\"headline\":\"Entrevistas para puestos de FP en Asesor\u00eda de Imagen Personal y Corporativa: preguntas t\u00edpicas y c\u00f3mo responder\",\"datePublished\":\"2026-03-14T12:53:47+00:00\",\"dateModified\":\"2026-04-13T11:34:23+00:00\",\"mainEntityOfPage\":{\"@id\":\"https:\\\/\\\/fpsuperiorufv.es\\\/blog\\\/entrevistas-para-puestos-de-fp-en-asesoria-de-imagen-personal-y-corporativa-preguntas-tipicas-y-como-responder-blog\\\/\"},\"wordCount\":1044,\"commentCount\":0,\"publisher\":{\"@id\":\"https:\\\/\\\/fpsuperiorufv.es\\\/blog\\\/#organization\"},\"image\":{\"@id\":\"https:\\\/\\\/fpsuperiorufv.es\\\/blog\\\/entrevistas-para-puestos-de-fp-en-asesoria-de-imagen-personal-y-corporativa-preguntas-tipicas-y-como-responder-blog\\\/#primaryimage\"},\"thumbnailUrl\":\"https:\\\/\\\/fpsuperiorufv.es\\\/blog\\\/wp-content\\\/uploads\\\/2025\\\/08\\\/MG_9795-scaled-1.jpg\",\"articleSection\":[\"Asesor\u00eda de Imagen Personal y Corporativa\",\"Preguntas frecuentes\"],\"inLanguage\":\"es\",\"potentialAction\":[{\"@type\":\"CommentAction\",\"name\":\"Comment\",\"target\":[\"https:\\\/\\\/fpsuperiorufv.es\\\/blog\\\/entrevistas-para-puestos-de-fp-en-asesoria-de-imagen-personal-y-corporativa-preguntas-tipicas-y-como-responder-blog\\\/#respond\"]}]},{\"@type\":\"WebPage\",\"@id\":\"https:\\\/\\\/fpsuperiorufv.es\\\/blog\\\/entrevistas-para-puestos-de-fp-en-asesoria-de-imagen-personal-y-corporativa-preguntas-tipicas-y-como-responder-blog\\\/\",\"url\":\"https:\\\/\\\/fpsuperiorufv.es\\\/blog\\\/entrevistas-para-puestos-de-fp-en-asesoria-de-imagen-personal-y-corporativa-preguntas-tipicas-y-como-responder-blog\\\/\",\"name\":\"Entrevistas para puestos de FP en Asesor\u00eda de Imagen Personal y Corporativa: preguntas t\u00edpicas y c\u00f3mo responder - Cetys\",\"isPartOf\":{\"@id\":\"https:\\\/\\\/fpsuperiorufv.es\\\/blog\\\/#website\"},\"primaryImageOfPage\":{\"@id\":\"https:\\\/\\\/fpsuperiorufv.es\\\/blog\\\/entrevistas-para-puestos-de-fp-en-asesoria-de-imagen-personal-y-corporativa-preguntas-tipicas-y-como-responder-blog\\\/#primaryimage\"},\"image\":{\"@id\":\"https:\\\/\\\/fpsuperiorufv.es\\\/blog\\\/entrevistas-para-puestos-de-fp-en-asesoria-de-imagen-personal-y-corporativa-preguntas-tipicas-y-como-responder-blog\\\/#primaryimage\"},\"thumbnailUrl\":\"https:\\\/\\\/fpsuperiorufv.es\\\/blog\\\/wp-content\\\/uploads\\\/2025\\\/08\\\/MG_9795-scaled-1.jpg\",\"datePublished\":\"2026-03-14T12:53:47+00:00\",\"dateModified\":\"2026-04-13T11:34:23+00:00\",\"breadcrumb\":{\"@id\":\"https:\\\/\\\/fpsuperiorufv.es\\\/blog\\\/entrevistas-para-puestos-de-fp-en-asesoria-de-imagen-personal-y-corporativa-preguntas-tipicas-y-como-responder-blog\\\/#breadcrumb\"},\"inLanguage\":\"es\",\"potentialAction\":[{\"@type\":\"ReadAction\",\"target\":[\"https:\\\/\\\/fpsuperiorufv.es\\\/blog\\\/entrevistas-para-puestos-de-fp-en-asesoria-de-imagen-personal-y-corporativa-preguntas-tipicas-y-como-responder-blog\\\/\"]}]},{\"@type\":\"ImageObject\",\"inLanguage\":\"es\",\"@id\":\"https:\\\/\\\/fpsuperiorufv.es\\\/blog\\\/entrevistas-para-puestos-de-fp-en-asesoria-de-imagen-personal-y-corporativa-preguntas-tipicas-y-como-responder-blog\\\/#primaryimage\",\"url\":\"https:\\\/\\\/fpsuperiorufv.es\\\/blog\\\/wp-content\\\/uploads\\\/2025\\\/08\\\/MG_9795-scaled-1.jpg\",\"contentUrl\":\"https:\\\/\\\/fpsuperiorufv.es\\\/blog\\\/wp-content\\\/uploads\\\/2025\\\/08\\\/MG_9795-scaled-1.jpg\",\"width\":2560,\"height\":1707},{\"@type\":\"BreadcrumbList\",\"@id\":\"https:\\\/\\\/fpsuperiorufv.es\\\/blog\\\/entrevistas-para-puestos-de-fp-en-asesoria-de-imagen-personal-y-corporativa-preguntas-tipicas-y-como-responder-blog\\\/#breadcrumb\",\"itemListElement\":[{\"@type\":\"ListItem\",\"position\":1,\"name\":\"Home\",\"item\":\"https:\\\/\\\/fpsuperiorufv.es\\\/blog\\\/\"},{\"@type\":\"ListItem\",\"position\":2,\"name\":\"Entrevistas para puestos de FP en Asesor\u00eda de Imagen Personal y Corporativa: preguntas t\u00edpicas y c\u00f3mo responder\"}]},{\"@type\":\"WebSite\",\"@id\":\"https:\\\/\\\/fpsuperiorufv.es\\\/blog\\\/#website\",\"url\":\"https:\\\/\\\/fpsuperiorufv.es\\\/blog\\\/\",\"name\":\"Fp Superior Francisco de Vitoria\",\"description\":\"\",\"publisher\":{\"@id\":\"https:\\\/\\\/fpsuperiorufv.es\\\/blog\\\/#organization\"},\"alternateName\":\"Cetys\",\"potentialAction\":[{\"@type\":\"SearchAction\",\"target\":{\"@type\":\"EntryPoint\",\"urlTemplate\":\"https:\\\/\\\/fpsuperiorufv.es\\\/blog\\\/?s={search_term_string}\"},\"query-input\":{\"@type\":\"PropertyValueSpecification\",\"valueRequired\":true,\"valueName\":\"search_term_string\"}}],\"inLanguage\":\"es\"},{\"@type\":\"Organization\",\"@id\":\"https:\\\/\\\/fpsuperiorufv.es\\\/blog\\\/#organization\",\"name\":\"Cetys\",\"url\":\"https:\\\/\\\/fpsuperiorufv.es\\\/blog\\\/\",\"logo\":{\"@type\":\"ImageObject\",\"inLanguage\":\"es\",\"@id\":\"https:\\\/\\\/fpsuperiorufv.es\\\/blog\\\/#\\\/schema\\\/logo\\\/image\\\/\",\"url\":\"https:\\\/\\\/fpsuperiorufv.lo\\\/wp-content\\\/uploads\\\/2025\\\/02\\\/logo.svg\",\"contentUrl\":\"https:\\\/\\\/fpsuperiorufv.lo\\\/wp-content\\\/uploads\\\/2025\\\/02\\\/logo.svg\",\"width\":\"1024\",\"height\":\"1024\",\"caption\":\"Cetys\"},\"image\":{\"@id\":\"https:\\\/\\\/fpsuperiorufv.es\\\/blog\\\/#\\\/schema\\\/logo\\\/image\\\/\"}},{\"@type\":\"Person\",\"@id\":\"https:\\\/\\\/fpsuperiorufv.es\\\/blog\\\/#\\\/schema\\\/person\\\/c7ac6e2e7af298050da8d956ac824347\",\"name\":\"FP Superior UFV\",\"image\":{\"@type\":\"ImageObject\",\"inLanguage\":\"es\",\"@id\":\"https:\\\/\\\/secure.gravatar.com\\\/avatar\\\/002af9a4377d87096f281de7725cae2f359bff0b0b7439b98b80936e58af2d91?s=96&d=mm&r=g\",\"url\":\"https:\\\/\\\/secure.gravatar.com\\\/avatar\\\/002af9a4377d87096f281de7725cae2f359bff0b0b7439b98b80936e58af2d91?s=96&d=mm&r=g\",\"contentUrl\":\"https:\\\/\\\/secure.gravatar.com\\\/avatar\\\/002af9a4377d87096f281de7725cae2f359bff0b0b7439b98b80936e58af2d91?s=96&d=mm&r=g\",\"caption\":\"FP Superior UFV\"},\"sameAs\":[\"https:\\\/\\\/fpsuperiorufv.lo\"],\"url\":\"https:\\\/\\\/fpsuperiorufv.es\\\/blog\\\/author\\\/administrador\\\/\"}]}<\/script>\n<!-- \/ Yoast SEO plugin. -->","yoast_head_json":{"title":"Entrevistas para puestos de FP en Asesor\u00eda de Imagen Personal y Corporativa: preguntas t\u00edpicas y c\u00f3mo responder - Cetys","robots":{"index":"index","follow":"follow","max-snippet":"max-snippet:-1","max-image-preview":"max-image-preview:large","max-video-preview":"max-video-preview:-1"},"canonical":"https:\/\/fpsuperiorufv.es\/blog\/entrevistas-para-puestos-de-fp-en-asesoria-de-imagen-personal-y-corporativa-preguntas-tipicas-y-como-responder-blog\/","og_locale":"es_ES","og_type":"article","og_title":"Entrevistas para puestos de FP en Asesor\u00eda de Imagen Personal y Corporativa: preguntas t\u00edpicas y c\u00f3mo responder - Cetys","og_description":"Entrevistas para puestos de FP en Asesor\u00eda de Imagen Personal y Corporativa Si est\u00e1s considerando una carrera en el apasionante mundo de la Asesor\u00eda de Imagen Personal y Corporativa, es crucial que te prepares adecuadamente para las entrevistas laborales. En este art\u00edculo, vamos a explorar las preguntas m\u00e1s comunes que podr\u00edas enfrentar y c\u00f3mo responderlas [&hellip;]","og_url":"https:\/\/fpsuperiorufv.es\/blog\/entrevistas-para-puestos-de-fp-en-asesoria-de-imagen-personal-y-corporativa-preguntas-tipicas-y-como-responder-blog\/","og_site_name":"Cetys","article_published_time":"2026-03-14T12:53:47+00:00","article_modified_time":"2026-04-13T11:34:23+00:00","og_image":[{"width":2560,"height":1707,"url":"https:\/\/fpsuperiorufv.es\/blog\/wp-content\/uploads\/2025\/08\/MG_9795-scaled-1.jpg","type":"image\/jpeg"}],"author":"FP Superior UFV","twitter_card":"summary_large_image","twitter_misc":{"Escrito por":"FP Superior UFV","Tiempo de lectura":"5 minutos"},"schema":{"@context":"https:\/\/schema.org","@graph":[{"@type":"Article","@id":"https:\/\/fpsuperiorufv.es\/blog\/entrevistas-para-puestos-de-fp-en-asesoria-de-imagen-personal-y-corporativa-preguntas-tipicas-y-como-responder-blog\/#article","isPartOf":{"@id":"https:\/\/fpsuperiorufv.es\/blog\/entrevistas-para-puestos-de-fp-en-asesoria-de-imagen-personal-y-corporativa-preguntas-tipicas-y-como-responder-blog\/"},"author":{"name":"FP Superior UFV","@id":"https:\/\/fpsuperiorufv.es\/blog\/#\/schema\/person\/c7ac6e2e7af298050da8d956ac824347"},"headline":"Entrevistas para puestos de FP en Asesor\u00eda de Imagen Personal y Corporativa: preguntas t\u00edpicas y c\u00f3mo responder","datePublished":"2026-03-14T12:53:47+00:00","dateModified":"2026-04-13T11:34:23+00:00","mainEntityOfPage":{"@id":"https:\/\/fpsuperiorufv.es\/blog\/entrevistas-para-puestos-de-fp-en-asesoria-de-imagen-personal-y-corporativa-preguntas-tipicas-y-como-responder-blog\/"},"wordCount":1044,"commentCount":0,"publisher":{"@id":"https:\/\/fpsuperiorufv.es\/blog\/#organization"},"image":{"@id":"https:\/\/fpsuperiorufv.es\/blog\/entrevistas-para-puestos-de-fp-en-asesoria-de-imagen-personal-y-corporativa-preguntas-tipicas-y-como-responder-blog\/#primaryimage"},"thumbnailUrl":"https:\/\/fpsuperiorufv.es\/blog\/wp-content\/uploads\/2025\/08\/MG_9795-scaled-1.jpg","articleSection":["Asesor\u00eda de Imagen Personal y Corporativa","Preguntas frecuentes"],"inLanguage":"es","potentialAction":[{"@type":"CommentAction","name":"Comment","target":["https:\/\/fpsuperiorufv.es\/blog\/entrevistas-para-puestos-de-fp-en-asesoria-de-imagen-personal-y-corporativa-preguntas-tipicas-y-como-responder-blog\/#respond"]}]},{"@type":"WebPage","@id":"https:\/\/fpsuperiorufv.es\/blog\/entrevistas-para-puestos-de-fp-en-asesoria-de-imagen-personal-y-corporativa-preguntas-tipicas-y-como-responder-blog\/","url":"https:\/\/fpsuperiorufv.es\/blog\/entrevistas-para-puestos-de-fp-en-asesoria-de-imagen-personal-y-corporativa-preguntas-tipicas-y-como-responder-blog\/","name":"Entrevistas para puestos de FP en Asesor\u00eda de Imagen Personal y Corporativa: preguntas t\u00edpicas y c\u00f3mo responder - Cetys","isPartOf":{"@id":"https:\/\/fpsuperiorufv.es\/blog\/#website"},"primaryImageOfPage":{"@id":"https:\/\/fpsuperiorufv.es\/blog\/entrevistas-para-puestos-de-fp-en-asesoria-de-imagen-personal-y-corporativa-preguntas-tipicas-y-como-responder-blog\/#primaryimage"},"image":{"@id":"https:\/\/fpsuperiorufv.es\/blog\/entrevistas-para-puestos-de-fp-en-asesoria-de-imagen-personal-y-corporativa-preguntas-tipicas-y-como-responder-blog\/#primaryimage"},"thumbnailUrl":"https:\/\/fpsuperiorufv.es\/blog\/wp-content\/uploads\/2025\/08\/MG_9795-scaled-1.jpg","datePublished":"2026-03-14T12:53:47+00:00","dateModified":"2026-04-13T11:34:23+00:00","breadcrumb":{"@id":"https:\/\/fpsuperiorufv.es\/blog\/entrevistas-para-puestos-de-fp-en-asesoria-de-imagen-personal-y-corporativa-preguntas-tipicas-y-como-responder-blog\/#breadcrumb"},"inLanguage":"es","potentialAction":[{"@type":"ReadAction","target":["https:\/\/fpsuperiorufv.es\/blog\/entrevistas-para-puestos-de-fp-en-asesoria-de-imagen-personal-y-corporativa-preguntas-tipicas-y-como-responder-blog\/"]}]},{"@type":"ImageObject","inLanguage":"es","@id":"https:\/\/fpsuperiorufv.es\/blog\/entrevistas-para-puestos-de-fp-en-asesoria-de-imagen-personal-y-corporativa-preguntas-tipicas-y-como-responder-blog\/#primaryimage","url":"https:\/\/fpsuperiorufv.es\/blog\/wp-content\/uploads\/2025\/08\/MG_9795-scaled-1.jpg","contentUrl":"https:\/\/fpsuperiorufv.es\/blog\/wp-content\/uploads\/2025\/08\/MG_9795-scaled-1.jpg","width":2560,"height":1707},{"@type":"BreadcrumbList","@id":"https:\/\/fpsuperiorufv.es\/blog\/entrevistas-para-puestos-de-fp-en-asesoria-de-imagen-personal-y-corporativa-preguntas-tipicas-y-como-responder-blog\/#breadcrumb","itemListElement":[{"@type":"ListItem","position":1,"name":"Home","item":"https:\/\/fpsuperiorufv.es\/blog\/"},{"@type":"ListItem","position":2,"name":"Entrevistas para puestos de FP en Asesor\u00eda de Imagen Personal y Corporativa: preguntas t\u00edpicas y c\u00f3mo responder"}]},{"@type":"WebSite","@id":"https:\/\/fpsuperiorufv.es\/blog\/#website","url":"https:\/\/fpsuperiorufv.es\/blog\/","name":"Fp Superior Francisco de Vitoria","description":"","publisher":{"@id":"https:\/\/fpsuperiorufv.es\/blog\/#organization"},"alternateName":"Cetys","potentialAction":[{"@type":"SearchAction","target":{"@type":"EntryPoint","urlTemplate":"https:\/\/fpsuperiorufv.es\/blog\/?s={search_term_string}"},"query-input":{"@type":"PropertyValueSpecification","valueRequired":true,"valueName":"search_term_string"}}],"inLanguage":"es"},{"@type":"Organization","@id":"https:\/\/fpsuperiorufv.es\/blog\/#organization","name":"Cetys","url":"https:\/\/fpsuperiorufv.es\/blog\/","logo":{"@type":"ImageObject","inLanguage":"es","@id":"https:\/\/fpsuperiorufv.es\/blog\/#\/schema\/logo\/image\/","url":"https:\/\/fpsuperiorufv.lo\/wp-content\/uploads\/2025\/02\/logo.svg","contentUrl":"https:\/\/fpsuperiorufv.lo\/wp-content\/uploads\/2025\/02\/logo.svg","width":"1024","height":"1024","caption":"Cetys"},"image":{"@id":"https:\/\/fpsuperiorufv.es\/blog\/#\/schema\/logo\/image\/"}},{"@type":"Person","@id":"https:\/\/fpsuperiorufv.es\/blog\/#\/schema\/person\/c7ac6e2e7af298050da8d956ac824347","name":"FP Superior UFV","image":{"@type":"ImageObject","inLanguage":"es","@id":"https:\/\/secure.gravatar.com\/avatar\/002af9a4377d87096f281de7725cae2f359bff0b0b7439b98b80936e58af2d91?s=96&d=mm&r=g","url":"https:\/\/secure.gravatar.com\/avatar\/002af9a4377d87096f281de7725cae2f359bff0b0b7439b98b80936e58af2d91?s=96&d=mm&r=g","contentUrl":"https:\/\/secure.gravatar.com\/avatar\/002af9a4377d87096f281de7725cae2f359bff0b0b7439b98b80936e58af2d91?s=96&d=mm&r=g","caption":"FP Superior UFV"},"sameAs":["https:\/\/fpsuperiorufv.lo"],"url":"https:\/\/fpsuperiorufv.es\/blog\/author\/administrador\/"}]}},"_links":{"self":[{"href":"https:\/\/fpsuperiorufv.es\/blog\/wp-json\/wp\/v2\/posts\/282760","targetHints":{"allow":["GET"]}}],"collection":[{"href":"https:\/\/fpsuperiorufv.es\/blog\/wp-json\/wp\/v2\/posts"}],"about":[{"href":"https:\/\/fpsuperiorufv.es\/blog\/wp-json\/wp\/v2\/types\/post"}],"author":[{"embeddable":true,"href":"https:\/\/fpsuperiorufv.es\/blog\/wp-json\/wp\/v2\/users\/1"}],"replies":[{"embeddable":true,"href":"https:\/\/fpsuperiorufv.es\/blog\/wp-json\/wp\/v2\/comments?post=282760"}],"version-history":[{"count":1,"href":"https:\/\/fpsuperiorufv.es\/blog\/wp-json\/wp\/v2\/posts\/282760\/revisions"}],"predecessor-version":[{"id":283248,"href":"https:\/\/fpsuperiorufv.es\/blog\/wp-json\/wp\/v2\/posts\/282760\/revisions\/283248"}],"wp:featuredmedia":[{"embeddable":true,"href":"https:\/\/fpsuperiorufv.es\/blog\/wp-json\/wp\/v2\/media\/2737"}],"wp:attachment":[{"href":"https:\/\/fpsuperiorufv.es\/blog\/wp-json\/wp\/v2\/media?parent=282760"}],"wp:term":[{"taxonomy":"category","embeddable":true,"href":"https:\/\/fpsuperiorufv.es\/blog\/wp-json\/wp\/v2\/categories?post=282760"},{"taxonomy":"post_tag","embeddable":true,"href":"https:\/\/fpsuperiorufv.es\/blog\/wp-json\/wp\/v2\/tags?post=282760"}],"curies":[{"name":"wp","href":"https:\/\/api.w.org\/{rel}","templated":true}]}}