{"id":282795,"date":"2026-03-16T01:25:05","date_gmt":"2026-03-16T01:25:05","guid":{"rendered":"https:\/\/soleyantonio.es\/entrevistas-para-puestos-de-fp-en-fabricacion-de-productos-farmaceuticos-biotecnologicos-y-afines-preguntas-tipicas-y-como-responder\/"},"modified":"2026-04-10T10:25:13","modified_gmt":"2026-04-10T08:25:13","slug":"entrevistas-para-puestos-de-fp-en-fabricacion-de-productos-farmaceuticos-biotecnologicos-y-afines-preguntas-tipicas-y-como-responder-blog","status":"publish","type":"post","link":"https:\/\/fpsuperiorufv.es\/blog\/entrevistas-para-puestos-de-fp-en-fabricacion-de-productos-farmaceuticos-biotecnologicos-y-afines-preguntas-tipicas-y-como-responder-blog\/","title":{"rendered":"Entrevistas para puestos de FP en Fabricaci\u00f3n de Productos Farmac\u00e9uticos Biotecnol\u00f3gicos y Afines: preguntas t\u00edpicas y c\u00f3mo responder"},"content":{"rendered":"<h2>Entrevistas para puestos de FP en Fabricaci\u00f3n de Productos Farmac\u00e9uticos Biotecnol\u00f3gicos y Afines<\/h2>\n<p>Si est\u00e1s interesado en el mundo de la fabricaci\u00f3n de productos farmac\u00e9uticos y biotecnol\u00f3gicos, es fundamental que est\u00e9s preparado para las entrevistas laborales. Aqu\u00ed, te ofrecemos una gu\u00eda completa que te ayudar\u00e1 a enfrentar este proceso con confianza.<\/p>\n<h2>Curiosidades y estad\u00edsticas sobre entrevistas en el sector farmac\u00e9utico<\/h2>\n<ul>\n<li>El sector farmac\u00e9utico en Espa\u00f1a emplea a m\u00e1s de 40.000 personas.<\/li>\n<li>El 70% de los reclutadores considera que las habilidades blandas son tan importantes como las t\u00e9cnicas.<\/li>\n<li>Las entrevistas suelen durar entre 30 minutos y 1 hora, dependiendo de la empresa.<\/li>\n<li>El 80% de los candidatos se siente nervioso antes de una entrevista.<\/li>\n<li>Alrededor del 50% de los empleadores utilizan preguntas situacionales en sus entrevistas.<\/li>\n<\/ul>\n<h2>Tipos de preguntas en las entrevistas<\/h2>\n<p>Conocer las preguntas m\u00e1s comunes que se hacen durante las entrevistas te ayudar\u00e1 a prepararte mejor. Generalmente, las preguntas se dividen en tres categor\u00edas:<\/p>\n<h3>1. Preguntas personales<\/h3>\n<p>En esta secci\u00f3n, se busca conocer m\u00e1s sobre ti como persona y tu trayectoria profesional.<\/p>\n<ul>\n<li>\u00bfPor qu\u00e9 elegiste este ciclo formativo?<\/li>\n<li>\u00bfCu\u00e1les son tus fortalezas y debilidades?<\/li>\n<li>\u00bfD\u00f3nde te ves en cinco a\u00f1os?<\/li>\n<\/ul>\n<h3>2. Preguntas t\u00e9cnicas<\/h3>\n<p>Estas preguntas est\u00e1n dirigidas a evaluar tus conocimientos t\u00e9cnicos y habilidades espec\u00edficas en el \u00e1rea de fabricaci\u00f3n de productos farmac\u00e9uticos.<\/p>\n<ul>\n<li>\u00bfQu\u00e9 t\u00e9cnicas conoces para asegurar la calidad en la producci\u00f3n?<\/li>\n<li>\u00bfC\u00f3mo manejas el cumplimiento de normativas?<\/li>\n<li>\u00bfQu\u00e9 procesos conoces para la elaboraci\u00f3n de productos biotecnol\u00f3gicos?<\/li>\n<\/ul>\n<h3>3. Preguntas situacionales<\/h3>\n<p>En este tipo de preguntas, el entrevistador te plantear\u00e1 situaciones hipot\u00e9ticas para evaluar tu capacidad de resoluci\u00f3n de problemas.<\/p>\n<ul>\n<li>Si te enfrentas a un problema de calidad en la producci\u00f3n, \u00bfc\u00f3mo actuar\u00edas?<\/li>\n<li>\u00bfQu\u00e9 har\u00edas si un compa\u00f1ero no est\u00e1 cumpliendo con sus responsabilidades?<\/li>\n<li>Si tienes que realizar un trabajo bajo presi\u00f3n, \u00bfc\u00f3mo lo gestionar\u00edas?<\/li>\n<\/ul>\n<h2>Consejos para responder preguntas en una entrevista<\/h2>\n<p>Ahora que conoces los tipos de preguntas, aqu\u00ed van algunos consejos \u00fatiles para que tus respuestas sean efectivas:<\/p>\n<h3>1. S\u00e9 claro y conciso<\/h3>\n<p>Evita divagar. Responde directamente a la pregunta y proporciona ejemplos espec\u00edficos.<\/p>\n<h3>2. Utiliza la t\u00e9cnica STAR<\/h3>\n<p>Esta t\u00e9cnica consiste en estructurar tus respuestas de la siguiente manera:<\/p>\n<ul>\n<li><strong>Situci\u00f3n:<\/strong> Describe la situaci\u00f3n en la que te encontrabas.<\/li>\n<li><strong>Tarea:<\/strong> Explica cu\u00e1l era tu tarea o responsabilidad en esa situaci\u00f3n.<\/li>\n<li><strong>Acci\u00f3n:<\/strong> Detalla las acciones que tomaste para abordar el problema.<\/li>\n<li><strong>Resultado:<\/strong> Comparte el resultado de tus acciones y lo que aprendiste de la experiencia.<\/li>\n<\/ul>\n<h3>3. Prep\u00e1rate para preguntas inesperadas<\/h3>\n<p>Es posible que te hagan preguntas inesperadas para evaluar tu capacidad de improvisaci\u00f3n. Mant\u00e9n la calma y responda lo mejor que puedas.<\/p>\n<h3>4. Muestra inter\u00e9s y entusiasmo<\/h3>\n<p>Demuestra tu pasi\u00f3n por el sector y tu deseo de aprender y crecer profesionalmente.<\/p>\n<h2>Ejemplos de respuestas a preguntas comunes<\/h2>\n<p>Para ayudarte a formular tus propias respuestas, aqu\u00ed tienes algunos ejemplos:<\/p>\n<h3>\u00bfPor qu\u00e9 elegiste este ciclo formativo?<\/h3>\n<p>He elegido este ciclo formativo porque me apasiona el \u00e1mbito de la salud y la biotecnolog\u00eda. Creo que la fabricaci\u00f3n de productos farmac\u00e9uticos es fundamental para mejorar la calidad de vida de las personas. Adem\u00e1s, estoy interesado en contribuir a un sector que tiene un gran impacto en la sociedad.<\/p>\n<h3>\u00bfCu\u00e1les son tus fortalezas y debilidades?<\/h3>\n<p>Una de mis fortalezas es mi capacidad para trabajar en equipo. Me gusta colaborar con mis compa\u00f1eros para alcanzar objetivos comunes. En cuanto a mis debilidades, a veces puedo ser un poco perfeccionista, lo que me lleva a dedicar m\u00e1s tiempo del necesario a ciertas tareas. Estoy trabajando en establecer prioridades y gestionar mejor mi tiempo.<\/p>\n<h2>Preparaci\u00f3n para la entrevista<\/h2>\n<p>La preparaci\u00f3n es clave para el \u00e9xito en una entrevista. Aqu\u00ed te dejamos algunos pasos a seguir:<\/p>\n<ul>\n<li><strong>Investiga sobre la empresa:<\/strong> Conoce su historia, misi\u00f3n, visi\u00f3n y productos. Esto te ayudar\u00e1 a responder preguntas espec\u00edficas y a mostrar tu inter\u00e9s en la empresa.<\/li>\n<li><strong>Practica tus respuestas:<\/strong> Realiza simulacros de entrevistas con amigos o familiares. Esto te ayudar\u00e1 a sentirte m\u00e1s c\u00f3modo el d\u00eda de la entrevista.<\/li>\n<li><strong>V\u00edstete adecuadamente:<\/strong> La primera impresi\u00f3n es importante. Aseg\u00farate de vestir de manera profesional y acorde al sector.<\/li>\n<li><strong>Prep\u00e1rate para preguntas sobre tu CV:<\/strong> Aseg\u00farate de poder explicar cualquier experiencia o formaci\u00f3n que aparezca en tu curr\u00edculum.<\/li>\n<\/ul>\n<h2>Preguntas frecuentes<\/h2>\n<h3>\u00bfQu\u00e9 debo llevar a la entrevista?<\/h3>\n<p>Es recomendable llevar copias de tu curr\u00edculum, una lista de referencias y cualquier documento que pueda ser relevante para la entrevista, como t\u00edtulos o certificados.<\/p>\n<h3>\u00bfCu\u00e1nto tiempo dura una entrevista t\u00edpica?<\/h3>\n<p>Normalmente, las entrevistas duran entre 30 minutos y una hora. Sin embargo, esto puede variar seg\u00fan la empresa.<\/p>\n<h3>\u00bfPuedo hacer preguntas al final de la entrevista?<\/h3>\n<p>S\u00ed, al final de la entrevista es muy recomendable que hagas preguntas sobre la empresa o el puesto. Esto demuestra tu inter\u00e9s y te ayudar\u00e1 a decidir si es el lugar adecuado para ti.<\/p>\n<h3>\u00bfQu\u00e9 hago si no s\u00e9 la respuesta a una pregunta?<\/h3>\n<p>Si no sabes la respuesta a una pregunta, es mejor ser honesto y decir que no lo sabes, pero que est\u00e1s dispuesto a aprender. Esto muestra tu actitud positiva y tu disposici\u00f3n para mejorar.<\/p>\n<h3>\u00bfC\u00f3mo puedo mejorar mis habilidades para entrevistas?<\/h3>\n<p>Practicar, recibir retroalimentaci\u00f3n y asumir roles de responsabilidad en proyectos o actividades pueden ayudarte a mejorar tus habilidades para entrevistas. Tambi\u00e9n puedes buscar recursos en l\u00ednea o asistir a talleres de preparaci\u00f3n para entrevistas.<\/p>\n<p>Si est\u00e1s listo para dar el siguiente paso en tu formaci\u00f3n y quieres matricularte en uno de nuestros Ciclos Formativos, visita nuestra p\u00e1gina de <a href=https:\/\/fpsuperiorufv.es\/secretaria-admision-y-ayuda\/>Proceso de Admisi\u00f3n<\/a> y descubre c\u00f3mo iniciar tu camino hacia el \u00e9xito en el sector de la fabricaci\u00f3n de productos farmac\u00e9uticos biotecnol\u00f3gicos y afines.<\/p>\n<\/article>\n","protected":false},"excerpt":{"rendered":"<p>Entrevistas para puestos de FP en Fabricaci\u00f3n de Productos Farmac\u00e9uticos Biotecnol\u00f3gicos y Afines Si est\u00e1s interesado en el mundo de la fabricaci\u00f3n de productos farmac\u00e9uticos y biotecnol\u00f3gicos, es fundamental que est\u00e9s preparado para las entrevistas laborales. Aqu\u00ed, te ofrecemos una gu\u00eda completa que te ayudar\u00e1 a enfrentar este proceso con confianza. Curiosidades y estad\u00edsticas sobre [&hellip;]<\/p>\n","protected":false},"author":1,"featured_media":1254,"comment_status":"open","ping_status":"open","sticky":false,"template":"","format":"standard","meta":{"inline_featured_image":false,"footnotes":""},"categories":[391,393],"tags":[],"class_list":["post-282795","post","type-post","status-publish","format-standard","has-post-thumbnail","hentry","category-fabricacion-de-productos-farmaceuticos","category-preguntas-frecuentes"],"yoast_head":"<!-- This site is optimized with the Yoast SEO plugin v27.4 - https:\/\/yoast.com\/product\/yoast-seo-wordpress\/ -->\n<title>Entrevistas para puestos de FP en Fabricaci\u00f3n de Productos Farmac\u00e9uticos Biotecnol\u00f3gicos y Afines: preguntas t\u00edpicas y c\u00f3mo responder - Cetys<\/title>\n<meta name=\"robots\" content=\"index, follow, max-snippet:-1, max-image-preview:large, max-video-preview:-1\" \/>\n<link rel=\"canonical\" href=\"https:\/\/fpsuperiorufv.es\/blog\/entrevistas-para-puestos-de-fp-en-fabricacion-de-productos-farmaceuticos-biotecnologicos-y-afines-preguntas-tipicas-y-como-responder-blog\/\" \/>\n<meta property=\"og:locale\" content=\"es_ES\" \/>\n<meta property=\"og:type\" content=\"article\" \/>\n<meta property=\"og:title\" content=\"Entrevistas para puestos de FP en Fabricaci\u00f3n de Productos Farmac\u00e9uticos Biotecnol\u00f3gicos y Afines: preguntas t\u00edpicas y c\u00f3mo responder - Cetys\" \/>\n<meta property=\"og:description\" content=\"Entrevistas para puestos de FP en Fabricaci\u00f3n de Productos Farmac\u00e9uticos Biotecnol\u00f3gicos y Afines Si est\u00e1s interesado en el mundo de la fabricaci\u00f3n de productos farmac\u00e9uticos y biotecnol\u00f3gicos, es fundamental que est\u00e9s preparado para las entrevistas laborales. Aqu\u00ed, te ofrecemos una gu\u00eda completa que te ayudar\u00e1 a enfrentar este proceso con confianza. Curiosidades y estad\u00edsticas sobre [&hellip;]\" \/>\n<meta property=\"og:url\" content=\"https:\/\/fpsuperiorufv.es\/blog\/entrevistas-para-puestos-de-fp-en-fabricacion-de-productos-farmaceuticos-biotecnologicos-y-afines-preguntas-tipicas-y-como-responder-blog\/\" \/>\n<meta property=\"og:site_name\" content=\"Cetys\" \/>\n<meta property=\"article:published_time\" content=\"2026-03-16T01:25:05+00:00\" \/>\n<meta property=\"article:modified_time\" content=\"2026-04-10T08:25:13+00:00\" \/>\n<meta property=\"og:image\" content=\"https:\/\/fpsuperiorufv.es\/blog\/wp-content\/uploads\/2025\/07\/cerrar-cientifico-borroso-sosteniendo-placa-petri-scaled-1.jpg\" \/>\n\t<meta property=\"og:image:width\" content=\"2560\" \/>\n\t<meta property=\"og:image:height\" content=\"1440\" \/>\n\t<meta property=\"og:image:type\" content=\"image\/jpeg\" \/>\n<meta name=\"author\" content=\"FP Superior UFV\" \/>\n<meta name=\"twitter:card\" content=\"summary_large_image\" \/>\n<meta name=\"twitter:label1\" content=\"Escrito por\" \/>\n\t<meta name=\"twitter:data1\" content=\"FP Superior UFV\" \/>\n\t<meta name=\"twitter:label2\" content=\"Tiempo de lectura\" \/>\n\t<meta name=\"twitter:data2\" content=\"5 minutos\" \/>\n<script type=\"application\/ld+json\" class=\"yoast-schema-graph\">{\"@context\":\"https:\\\/\\\/schema.org\",\"@graph\":[{\"@type\":\"Article\",\"@id\":\"https:\\\/\\\/fpsuperiorufv.es\\\/blog\\\/entrevistas-para-puestos-de-fp-en-fabricacion-de-productos-farmaceuticos-biotecnologicos-y-afines-preguntas-tipicas-y-como-responder-blog\\\/#article\",\"isPartOf\":{\"@id\":\"https:\\\/\\\/fpsuperiorufv.es\\\/blog\\\/entrevistas-para-puestos-de-fp-en-fabricacion-de-productos-farmaceuticos-biotecnologicos-y-afines-preguntas-tipicas-y-como-responder-blog\\\/\"},\"author\":{\"name\":\"FP Superior UFV\",\"@id\":\"https:\\\/\\\/fpsuperiorufv.es\\\/blog\\\/#\\\/schema\\\/person\\\/c7ac6e2e7af298050da8d956ac824347\"},\"headline\":\"Entrevistas para puestos de FP en Fabricaci\u00f3n de Productos Farmac\u00e9uticos Biotecnol\u00f3gicos y Afines: preguntas t\u00edpicas y c\u00f3mo responder\",\"datePublished\":\"2026-03-16T01:25:05+00:00\",\"dateModified\":\"2026-04-10T08:25:13+00:00\",\"mainEntityOfPage\":{\"@id\":\"https:\\\/\\\/fpsuperiorufv.es\\\/blog\\\/entrevistas-para-puestos-de-fp-en-fabricacion-de-productos-farmaceuticos-biotecnologicos-y-afines-preguntas-tipicas-y-como-responder-blog\\\/\"},\"wordCount\":1025,\"commentCount\":0,\"publisher\":{\"@id\":\"https:\\\/\\\/fpsuperiorufv.es\\\/blog\\\/#organization\"},\"image\":{\"@id\":\"https:\\\/\\\/fpsuperiorufv.es\\\/blog\\\/entrevistas-para-puestos-de-fp-en-fabricacion-de-productos-farmaceuticos-biotecnologicos-y-afines-preguntas-tipicas-y-como-responder-blog\\\/#primaryimage\"},\"thumbnailUrl\":\"https:\\\/\\\/fpsuperiorufv.es\\\/blog\\\/wp-content\\\/uploads\\\/2025\\\/07\\\/cerrar-cientifico-borroso-sosteniendo-placa-petri-scaled-1.jpg\",\"articleSection\":[\"Fabricaci\u00f3n de Productos Farmac\u00e9uticos\",\"Preguntas frecuentes\"],\"inLanguage\":\"es\",\"potentialAction\":[{\"@type\":\"CommentAction\",\"name\":\"Comment\",\"target\":[\"https:\\\/\\\/fpsuperiorufv.es\\\/blog\\\/entrevistas-para-puestos-de-fp-en-fabricacion-de-productos-farmaceuticos-biotecnologicos-y-afines-preguntas-tipicas-y-como-responder-blog\\\/#respond\"]}]},{\"@type\":\"WebPage\",\"@id\":\"https:\\\/\\\/fpsuperiorufv.es\\\/blog\\\/entrevistas-para-puestos-de-fp-en-fabricacion-de-productos-farmaceuticos-biotecnologicos-y-afines-preguntas-tipicas-y-como-responder-blog\\\/\",\"url\":\"https:\\\/\\\/fpsuperiorufv.es\\\/blog\\\/entrevistas-para-puestos-de-fp-en-fabricacion-de-productos-farmaceuticos-biotecnologicos-y-afines-preguntas-tipicas-y-como-responder-blog\\\/\",\"name\":\"Entrevistas para puestos de FP en Fabricaci\u00f3n de Productos Farmac\u00e9uticos Biotecnol\u00f3gicos y Afines: preguntas t\u00edpicas y c\u00f3mo responder - Cetys\",\"isPartOf\":{\"@id\":\"https:\\\/\\\/fpsuperiorufv.es\\\/blog\\\/#website\"},\"primaryImageOfPage\":{\"@id\":\"https:\\\/\\\/fpsuperiorufv.es\\\/blog\\\/entrevistas-para-puestos-de-fp-en-fabricacion-de-productos-farmaceuticos-biotecnologicos-y-afines-preguntas-tipicas-y-como-responder-blog\\\/#primaryimage\"},\"image\":{\"@id\":\"https:\\\/\\\/fpsuperiorufv.es\\\/blog\\\/entrevistas-para-puestos-de-fp-en-fabricacion-de-productos-farmaceuticos-biotecnologicos-y-afines-preguntas-tipicas-y-como-responder-blog\\\/#primaryimage\"},\"thumbnailUrl\":\"https:\\\/\\\/fpsuperiorufv.es\\\/blog\\\/wp-content\\\/uploads\\\/2025\\\/07\\\/cerrar-cientifico-borroso-sosteniendo-placa-petri-scaled-1.jpg\",\"datePublished\":\"2026-03-16T01:25:05+00:00\",\"dateModified\":\"2026-04-10T08:25:13+00:00\",\"breadcrumb\":{\"@id\":\"https:\\\/\\\/fpsuperiorufv.es\\\/blog\\\/entrevistas-para-puestos-de-fp-en-fabricacion-de-productos-farmaceuticos-biotecnologicos-y-afines-preguntas-tipicas-y-como-responder-blog\\\/#breadcrumb\"},\"inLanguage\":\"es\",\"potentialAction\":[{\"@type\":\"ReadAction\",\"target\":[\"https:\\\/\\\/fpsuperiorufv.es\\\/blog\\\/entrevistas-para-puestos-de-fp-en-fabricacion-de-productos-farmaceuticos-biotecnologicos-y-afines-preguntas-tipicas-y-como-responder-blog\\\/\"]}]},{\"@type\":\"ImageObject\",\"inLanguage\":\"es\",\"@id\":\"https:\\\/\\\/fpsuperiorufv.es\\\/blog\\\/entrevistas-para-puestos-de-fp-en-fabricacion-de-productos-farmaceuticos-biotecnologicos-y-afines-preguntas-tipicas-y-como-responder-blog\\\/#primaryimage\",\"url\":\"https:\\\/\\\/fpsuperiorufv.es\\\/blog\\\/wp-content\\\/uploads\\\/2025\\\/07\\\/cerrar-cientifico-borroso-sosteniendo-placa-petri-scaled-1.jpg\",\"contentUrl\":\"https:\\\/\\\/fpsuperiorufv.es\\\/blog\\\/wp-content\\\/uploads\\\/2025\\\/07\\\/cerrar-cientifico-borroso-sosteniendo-placa-petri-scaled-1.jpg\",\"width\":2560,\"height\":1440},{\"@type\":\"BreadcrumbList\",\"@id\":\"https:\\\/\\\/fpsuperiorufv.es\\\/blog\\\/entrevistas-para-puestos-de-fp-en-fabricacion-de-productos-farmaceuticos-biotecnologicos-y-afines-preguntas-tipicas-y-como-responder-blog\\\/#breadcrumb\",\"itemListElement\":[{\"@type\":\"ListItem\",\"position\":1,\"name\":\"Home\",\"item\":\"https:\\\/\\\/fpsuperiorufv.es\\\/blog\\\/\"},{\"@type\":\"ListItem\",\"position\":2,\"name\":\"Entrevistas para puestos de FP en Fabricaci\u00f3n de Productos Farmac\u00e9uticos Biotecnol\u00f3gicos y Afines: preguntas t\u00edpicas y c\u00f3mo responder\"}]},{\"@type\":\"WebSite\",\"@id\":\"https:\\\/\\\/fpsuperiorufv.es\\\/blog\\\/#website\",\"url\":\"https:\\\/\\\/fpsuperiorufv.es\\\/blog\\\/\",\"name\":\"Fp Superior Francisco de Vitoria\",\"description\":\"\",\"publisher\":{\"@id\":\"https:\\\/\\\/fpsuperiorufv.es\\\/blog\\\/#organization\"},\"alternateName\":\"Cetys\",\"potentialAction\":[{\"@type\":\"SearchAction\",\"target\":{\"@type\":\"EntryPoint\",\"urlTemplate\":\"https:\\\/\\\/fpsuperiorufv.es\\\/blog\\\/?s={search_term_string}\"},\"query-input\":{\"@type\":\"PropertyValueSpecification\",\"valueRequired\":true,\"valueName\":\"search_term_string\"}}],\"inLanguage\":\"es\"},{\"@type\":\"Organization\",\"@id\":\"https:\\\/\\\/fpsuperiorufv.es\\\/blog\\\/#organization\",\"name\":\"Cetys\",\"url\":\"https:\\\/\\\/fpsuperiorufv.es\\\/blog\\\/\",\"logo\":{\"@type\":\"ImageObject\",\"inLanguage\":\"es\",\"@id\":\"https:\\\/\\\/fpsuperiorufv.es\\\/blog\\\/#\\\/schema\\\/logo\\\/image\\\/\",\"url\":\"https:\\\/\\\/fpsuperiorufv.lo\\\/wp-content\\\/uploads\\\/2025\\\/02\\\/logo.svg\",\"contentUrl\":\"https:\\\/\\\/fpsuperiorufv.lo\\\/wp-content\\\/uploads\\\/2025\\\/02\\\/logo.svg\",\"width\":\"1024\",\"height\":\"1024\",\"caption\":\"Cetys\"},\"image\":{\"@id\":\"https:\\\/\\\/fpsuperiorufv.es\\\/blog\\\/#\\\/schema\\\/logo\\\/image\\\/\"}},{\"@type\":\"Person\",\"@id\":\"https:\\\/\\\/fpsuperiorufv.es\\\/blog\\\/#\\\/schema\\\/person\\\/c7ac6e2e7af298050da8d956ac824347\",\"name\":\"FP Superior UFV\",\"image\":{\"@type\":\"ImageObject\",\"inLanguage\":\"es\",\"@id\":\"https:\\\/\\\/secure.gravatar.com\\\/avatar\\\/002af9a4377d87096f281de7725cae2f359bff0b0b7439b98b80936e58af2d91?s=96&d=mm&r=g\",\"url\":\"https:\\\/\\\/secure.gravatar.com\\\/avatar\\\/002af9a4377d87096f281de7725cae2f359bff0b0b7439b98b80936e58af2d91?s=96&d=mm&r=g\",\"contentUrl\":\"https:\\\/\\\/secure.gravatar.com\\\/avatar\\\/002af9a4377d87096f281de7725cae2f359bff0b0b7439b98b80936e58af2d91?s=96&d=mm&r=g\",\"caption\":\"FP Superior UFV\"},\"sameAs\":[\"https:\\\/\\\/fpsuperiorufv.lo\"],\"url\":\"https:\\\/\\\/fpsuperiorufv.es\\\/blog\\\/author\\\/administrador\\\/\"}]}<\/script>\n<!-- \/ Yoast SEO plugin. -->","yoast_head_json":{"title":"Entrevistas para puestos de FP en Fabricaci\u00f3n de Productos Farmac\u00e9uticos Biotecnol\u00f3gicos y Afines: preguntas t\u00edpicas y c\u00f3mo responder - Cetys","robots":{"index":"index","follow":"follow","max-snippet":"max-snippet:-1","max-image-preview":"max-image-preview:large","max-video-preview":"max-video-preview:-1"},"canonical":"https:\/\/fpsuperiorufv.es\/blog\/entrevistas-para-puestos-de-fp-en-fabricacion-de-productos-farmaceuticos-biotecnologicos-y-afines-preguntas-tipicas-y-como-responder-blog\/","og_locale":"es_ES","og_type":"article","og_title":"Entrevistas para puestos de FP en Fabricaci\u00f3n de Productos Farmac\u00e9uticos Biotecnol\u00f3gicos y Afines: preguntas t\u00edpicas y c\u00f3mo responder - Cetys","og_description":"Entrevistas para puestos de FP en Fabricaci\u00f3n de Productos Farmac\u00e9uticos Biotecnol\u00f3gicos y Afines Si est\u00e1s interesado en el mundo de la fabricaci\u00f3n de productos farmac\u00e9uticos y biotecnol\u00f3gicos, es fundamental que est\u00e9s preparado para las entrevistas laborales. Aqu\u00ed, te ofrecemos una gu\u00eda completa que te ayudar\u00e1 a enfrentar este proceso con confianza. Curiosidades y estad\u00edsticas sobre [&hellip;]","og_url":"https:\/\/fpsuperiorufv.es\/blog\/entrevistas-para-puestos-de-fp-en-fabricacion-de-productos-farmaceuticos-biotecnologicos-y-afines-preguntas-tipicas-y-como-responder-blog\/","og_site_name":"Cetys","article_published_time":"2026-03-16T01:25:05+00:00","article_modified_time":"2026-04-10T08:25:13+00:00","og_image":[{"width":2560,"height":1440,"url":"https:\/\/fpsuperiorufv.es\/blog\/wp-content\/uploads\/2025\/07\/cerrar-cientifico-borroso-sosteniendo-placa-petri-scaled-1.jpg","type":"image\/jpeg"}],"author":"FP Superior UFV","twitter_card":"summary_large_image","twitter_misc":{"Escrito por":"FP Superior UFV","Tiempo de lectura":"5 minutos"},"schema":{"@context":"https:\/\/schema.org","@graph":[{"@type":"Article","@id":"https:\/\/fpsuperiorufv.es\/blog\/entrevistas-para-puestos-de-fp-en-fabricacion-de-productos-farmaceuticos-biotecnologicos-y-afines-preguntas-tipicas-y-como-responder-blog\/#article","isPartOf":{"@id":"https:\/\/fpsuperiorufv.es\/blog\/entrevistas-para-puestos-de-fp-en-fabricacion-de-productos-farmaceuticos-biotecnologicos-y-afines-preguntas-tipicas-y-como-responder-blog\/"},"author":{"name":"FP Superior UFV","@id":"https:\/\/fpsuperiorufv.es\/blog\/#\/schema\/person\/c7ac6e2e7af298050da8d956ac824347"},"headline":"Entrevistas para puestos de FP en Fabricaci\u00f3n de Productos Farmac\u00e9uticos Biotecnol\u00f3gicos y Afines: preguntas t\u00edpicas y c\u00f3mo responder","datePublished":"2026-03-16T01:25:05+00:00","dateModified":"2026-04-10T08:25:13+00:00","mainEntityOfPage":{"@id":"https:\/\/fpsuperiorufv.es\/blog\/entrevistas-para-puestos-de-fp-en-fabricacion-de-productos-farmaceuticos-biotecnologicos-y-afines-preguntas-tipicas-y-como-responder-blog\/"},"wordCount":1025,"commentCount":0,"publisher":{"@id":"https:\/\/fpsuperiorufv.es\/blog\/#organization"},"image":{"@id":"https:\/\/fpsuperiorufv.es\/blog\/entrevistas-para-puestos-de-fp-en-fabricacion-de-productos-farmaceuticos-biotecnologicos-y-afines-preguntas-tipicas-y-como-responder-blog\/#primaryimage"},"thumbnailUrl":"https:\/\/fpsuperiorufv.es\/blog\/wp-content\/uploads\/2025\/07\/cerrar-cientifico-borroso-sosteniendo-placa-petri-scaled-1.jpg","articleSection":["Fabricaci\u00f3n de Productos Farmac\u00e9uticos","Preguntas frecuentes"],"inLanguage":"es","potentialAction":[{"@type":"CommentAction","name":"Comment","target":["https:\/\/fpsuperiorufv.es\/blog\/entrevistas-para-puestos-de-fp-en-fabricacion-de-productos-farmaceuticos-biotecnologicos-y-afines-preguntas-tipicas-y-como-responder-blog\/#respond"]}]},{"@type":"WebPage","@id":"https:\/\/fpsuperiorufv.es\/blog\/entrevistas-para-puestos-de-fp-en-fabricacion-de-productos-farmaceuticos-biotecnologicos-y-afines-preguntas-tipicas-y-como-responder-blog\/","url":"https:\/\/fpsuperiorufv.es\/blog\/entrevistas-para-puestos-de-fp-en-fabricacion-de-productos-farmaceuticos-biotecnologicos-y-afines-preguntas-tipicas-y-como-responder-blog\/","name":"Entrevistas para puestos de FP en Fabricaci\u00f3n de Productos Farmac\u00e9uticos Biotecnol\u00f3gicos y Afines: preguntas t\u00edpicas y c\u00f3mo responder - Cetys","isPartOf":{"@id":"https:\/\/fpsuperiorufv.es\/blog\/#website"},"primaryImageOfPage":{"@id":"https:\/\/fpsuperiorufv.es\/blog\/entrevistas-para-puestos-de-fp-en-fabricacion-de-productos-farmaceuticos-biotecnologicos-y-afines-preguntas-tipicas-y-como-responder-blog\/#primaryimage"},"image":{"@id":"https:\/\/fpsuperiorufv.es\/blog\/entrevistas-para-puestos-de-fp-en-fabricacion-de-productos-farmaceuticos-biotecnologicos-y-afines-preguntas-tipicas-y-como-responder-blog\/#primaryimage"},"thumbnailUrl":"https:\/\/fpsuperiorufv.es\/blog\/wp-content\/uploads\/2025\/07\/cerrar-cientifico-borroso-sosteniendo-placa-petri-scaled-1.jpg","datePublished":"2026-03-16T01:25:05+00:00","dateModified":"2026-04-10T08:25:13+00:00","breadcrumb":{"@id":"https:\/\/fpsuperiorufv.es\/blog\/entrevistas-para-puestos-de-fp-en-fabricacion-de-productos-farmaceuticos-biotecnologicos-y-afines-preguntas-tipicas-y-como-responder-blog\/#breadcrumb"},"inLanguage":"es","potentialAction":[{"@type":"ReadAction","target":["https:\/\/fpsuperiorufv.es\/blog\/entrevistas-para-puestos-de-fp-en-fabricacion-de-productos-farmaceuticos-biotecnologicos-y-afines-preguntas-tipicas-y-como-responder-blog\/"]}]},{"@type":"ImageObject","inLanguage":"es","@id":"https:\/\/fpsuperiorufv.es\/blog\/entrevistas-para-puestos-de-fp-en-fabricacion-de-productos-farmaceuticos-biotecnologicos-y-afines-preguntas-tipicas-y-como-responder-blog\/#primaryimage","url":"https:\/\/fpsuperiorufv.es\/blog\/wp-content\/uploads\/2025\/07\/cerrar-cientifico-borroso-sosteniendo-placa-petri-scaled-1.jpg","contentUrl":"https:\/\/fpsuperiorufv.es\/blog\/wp-content\/uploads\/2025\/07\/cerrar-cientifico-borroso-sosteniendo-placa-petri-scaled-1.jpg","width":2560,"height":1440},{"@type":"BreadcrumbList","@id":"https:\/\/fpsuperiorufv.es\/blog\/entrevistas-para-puestos-de-fp-en-fabricacion-de-productos-farmaceuticos-biotecnologicos-y-afines-preguntas-tipicas-y-como-responder-blog\/#breadcrumb","itemListElement":[{"@type":"ListItem","position":1,"name":"Home","item":"https:\/\/fpsuperiorufv.es\/blog\/"},{"@type":"ListItem","position":2,"name":"Entrevistas para puestos de FP en Fabricaci\u00f3n de Productos Farmac\u00e9uticos Biotecnol\u00f3gicos y Afines: preguntas t\u00edpicas y c\u00f3mo responder"}]},{"@type":"WebSite","@id":"https:\/\/fpsuperiorufv.es\/blog\/#website","url":"https:\/\/fpsuperiorufv.es\/blog\/","name":"Fp Superior Francisco de Vitoria","description":"","publisher":{"@id":"https:\/\/fpsuperiorufv.es\/blog\/#organization"},"alternateName":"Cetys","potentialAction":[{"@type":"SearchAction","target":{"@type":"EntryPoint","urlTemplate":"https:\/\/fpsuperiorufv.es\/blog\/?s={search_term_string}"},"query-input":{"@type":"PropertyValueSpecification","valueRequired":true,"valueName":"search_term_string"}}],"inLanguage":"es"},{"@type":"Organization","@id":"https:\/\/fpsuperiorufv.es\/blog\/#organization","name":"Cetys","url":"https:\/\/fpsuperiorufv.es\/blog\/","logo":{"@type":"ImageObject","inLanguage":"es","@id":"https:\/\/fpsuperiorufv.es\/blog\/#\/schema\/logo\/image\/","url":"https:\/\/fpsuperiorufv.lo\/wp-content\/uploads\/2025\/02\/logo.svg","contentUrl":"https:\/\/fpsuperiorufv.lo\/wp-content\/uploads\/2025\/02\/logo.svg","width":"1024","height":"1024","caption":"Cetys"},"image":{"@id":"https:\/\/fpsuperiorufv.es\/blog\/#\/schema\/logo\/image\/"}},{"@type":"Person","@id":"https:\/\/fpsuperiorufv.es\/blog\/#\/schema\/person\/c7ac6e2e7af298050da8d956ac824347","name":"FP Superior UFV","image":{"@type":"ImageObject","inLanguage":"es","@id":"https:\/\/secure.gravatar.com\/avatar\/002af9a4377d87096f281de7725cae2f359bff0b0b7439b98b80936e58af2d91?s=96&d=mm&r=g","url":"https:\/\/secure.gravatar.com\/avatar\/002af9a4377d87096f281de7725cae2f359bff0b0b7439b98b80936e58af2d91?s=96&d=mm&r=g","contentUrl":"https:\/\/secure.gravatar.com\/avatar\/002af9a4377d87096f281de7725cae2f359bff0b0b7439b98b80936e58af2d91?s=96&d=mm&r=g","caption":"FP Superior UFV"},"sameAs":["https:\/\/fpsuperiorufv.lo"],"url":"https:\/\/fpsuperiorufv.es\/blog\/author\/administrador\/"}]}},"_links":{"self":[{"href":"https:\/\/fpsuperiorufv.es\/blog\/wp-json\/wp\/v2\/posts\/282795","targetHints":{"allow":["GET"]}}],"collection":[{"href":"https:\/\/fpsuperiorufv.es\/blog\/wp-json\/wp\/v2\/posts"}],"about":[{"href":"https:\/\/fpsuperiorufv.es\/blog\/wp-json\/wp\/v2\/types\/post"}],"author":[{"embeddable":true,"href":"https:\/\/fpsuperiorufv.es\/blog\/wp-json\/wp\/v2\/users\/1"}],"replies":[{"embeddable":true,"href":"https:\/\/fpsuperiorufv.es\/blog\/wp-json\/wp\/v2\/comments?post=282795"}],"version-history":[{"count":1,"href":"https:\/\/fpsuperiorufv.es\/blog\/wp-json\/wp\/v2\/posts\/282795\/revisions"}],"predecessor-version":[{"id":283204,"href":"https:\/\/fpsuperiorufv.es\/blog\/wp-json\/wp\/v2\/posts\/282795\/revisions\/283204"}],"wp:featuredmedia":[{"embeddable":true,"href":"https:\/\/fpsuperiorufv.es\/blog\/wp-json\/wp\/v2\/media\/1254"}],"wp:attachment":[{"href":"https:\/\/fpsuperiorufv.es\/blog\/wp-json\/wp\/v2\/media?parent=282795"}],"wp:term":[{"taxonomy":"category","embeddable":true,"href":"https:\/\/fpsuperiorufv.es\/blog\/wp-json\/wp\/v2\/categories?post=282795"},{"taxonomy":"post_tag","embeddable":true,"href":"https:\/\/fpsuperiorufv.es\/blog\/wp-json\/wp\/v2\/tags?post=282795"}],"curies":[{"name":"wp","href":"https:\/\/api.w.org\/{rel}","templated":true}]}}