{"id":283514,"date":"2026-03-16T08:50:44","date_gmt":"2026-03-16T08:50:44","guid":{"rendered":"https:\/\/soleyantonio.es\/fp-en-educacion-infantil-a-distancia-para-mayores-de-30-40-requisitos-nivel-y-salidas\/"},"modified":"2026-04-24T12:06:16","modified_gmt":"2026-04-24T10:06:16","slug":"fp-en-educacion-infantil-a-distancia-para-mayores-de-30-40-requisitos-nivel-y-salidas-blog","status":"publish","type":"post","link":"https:\/\/fpsuperiorufv.es\/blog\/fp-en-educacion-infantil-a-distancia-para-mayores-de-30-40-requisitos-nivel-y-salidas-blog\/","title":{"rendered":"FP en Educaci\u00f3n Infantil a Distancia para mayores de 30\/40: requisitos nivel y salidas"},"content":{"rendered":"<h2>FP en Educaci\u00f3n Infantil a Distancia para Mayores de 30\/40<\/h2>\n<p>Si est\u00e1s pensando en dar un giro a tu vida profesional y te apasiona trabajar con ni\u00f1os, el Ciclo Formativo de Grado Superior en Educaci\u00f3n Infantil a Distancia puede ser la opci\u00f3n perfecta para ti. En la FP Superior Francisco de Vitoria, te ofrecemos la oportunidad de formarte en un sector en constante crecimiento, adapt\u00e1ndote a tus necesidades y horarios.<\/p>\n<h2>Curiosidades y datos interesantes sobre la FP en Educaci\u00f3n Infantil<\/h2>\n<ul>\n<li>El 70% de los egresados de FP en Educaci\u00f3n Infantil encuentra empleo en menos de seis meses.<\/li>\n<li>El sector educativo est\u00e1 en constante demanda de profesionales cualificados.<\/li>\n<li>La formaci\u00f3n a distancia te permite estudiar desde la comodidad de tu hogar.<\/li>\n<li>M\u00e1s del 50% de los estudiantes de FP son mayores de 30 a\u00f1os.<\/li>\n<li>La FP en Educaci\u00f3n Infantil combina teor\u00eda y pr\u00e1ctica, asegurando una formaci\u00f3n completa.<\/li>\n<li>El salario promedio de un educador infantil en Espa\u00f1a oscila entre 20.000 y 30.000 euros anuales.<\/li>\n<\/ul>\n<h2>\u00bfQu\u00e9 requisitos necesitas para acceder a la FP en Educaci\u00f3n Infantil?<\/h2>\n<p>Para poder matricularte en nuestro Ciclo Formativo de Grado Superior en Educaci\u00f3n Infantil, debes cumplir con algunos requisitos b\u00e1sicos:<\/p>\n<ul>\n<li>Ser mayor de 20 a\u00f1os.<\/li>\n<li>Estar en posesi\u00f3n del t\u00edtulo de Bachillerato o equivalente.<\/li>\n<li>Si no posees el t\u00edtulo de Bachillerato, puedes acceder mediante una prueba de acceso, que puedes realizar a partir de los 19 a\u00f1os.<\/li>\n<li>En caso de ser mayor de 30 a\u00f1os, no es necesario tener el t\u00edtulo de Bachillerato, solo debes superar la prueba de acceso.<\/li>\n<\/ul>\n<h2>Nivel de estudios y formaci\u00f3n necesaria<\/h2>\n<p>La formaci\u00f3n en Educaci\u00f3n Infantil se centra en proporcionar un conocimiento s\u00f3lido sobre el desarrollo y la educaci\u00f3n de los ni\u00f1os desde su nacimiento hasta los seis a\u00f1os. Durante el ciclo, abarcaremos diversas \u00e1reas clave:<\/p>\n<ul>\n<li>Psicolog\u00eda del desarrollo infantil.<\/li>\n<li>Atenci\u00f3n a la diversidad y educaci\u00f3n inclusiva.<\/li>\n<li>Curr\u00edculo educativo y planificaci\u00f3n de actividades.<\/li>\n<li>Primera intervenci\u00f3n educativa y habilidades sociales.<\/li>\n<li>Pr\u00e1cticas en centros educativos.<\/li>\n<\/ul>\n<h2>Salidas profesionales tras finalizar la formaci\u00f3n<\/h2>\n<p>Una vez que completes el Ciclo Formativo de Grado Superior en Educaci\u00f3n Infantil, tendr\u00e1s acceso a diversas salidas laborales. Algunas de ellas incluyen:<\/p>\n<ul>\n<li>Educador\/a infantil en escuelas y guarder\u00edas.<\/li>\n<li>Coordinador\/a de actividades extraescolares.<\/li>\n<li>Atenci\u00f3n a la infancia en instituciones p\u00fablicas y privadas.<\/li>\n<li>Asesor\/a educativo en programas de desarrollo infantil.<\/li>\n<li>Docente en formaci\u00f3n no reglada.<\/li>\n<\/ul>\n<h2>Ventajas de estudiar a distancia<\/h2>\n<p>Elegir una modalidad a distancia tiene m\u00faltiples beneficios, especialmente si eres mayor de 30 o 40 a\u00f1os y buscas compaginar tus estudios con otras responsabilidades. Algunas ventajas son:<\/p>\n<ul>\n<li>Flexibilidad horaria para adaptar tu estudio a tu ritmo de vida.<\/li>\n<li>Acceso a recursos y materiales en l\u00ednea desde cualquier lugar.<\/li>\n<li>Posibilidad de realizar pr\u00e1cticas en centros educativos cerca de tu hogar.<\/li>\n<li>Formaci\u00f3n adaptada a las necesidades del mercado laboral actual.<\/li>\n<\/ul>\n<h2>\u00bfPor qu\u00e9 elegir la FP Superior Francisco de Vitoria?<\/h2>\n<p>En la FP Superior Francisco de Vitoria, nos comprometemos a ofrecerte una formaci\u00f3n de calidad y adaptada a tus necesidades. Algunas razones para elegirnos son:<\/p>\n<ul>\n<li>Docentes con amplia experiencia en el sector educativo.<\/li>\n<li>Programa formativo actualizado y en constante evoluci\u00f3n.<\/li>\n<li>Enfoque pr\u00e1ctico y orientado al empleo.<\/li>\n<li>Amplia red de contactos y colaboraciones con centros educativos y empresas.<\/li>\n<\/ul>\n<h2>Proceso de admisi\u00f3n<\/h2>\n<p>Si est\u00e1s listo para dar el siguiente paso en tu formaci\u00f3n, te invitamos a consultar nuestro <a href=https:\/\/fpsuperiorufv.es\/secretaria-admision-y-ayuda\/>Proceso de Admisi\u00f3n<\/a>. All\u00ed encontrar\u00e1s toda la informaci\u00f3n necesaria para matricularte y empezar tu camino hacia una carrera profesional enriquecedora en el \u00e1mbito de la educaci\u00f3n infantil.<\/p>\n<h2>Preguntas frecuentes<\/h2>\n<h2>\u00bfPuedo estudiar a distancia si tengo un trabajo a tiempo completo?<\/h2>\n<p>\u00a1Claro! La modalidad a distancia est\u00e1 dise\u00f1ada para que puedas compaginar tus estudios con otras responsabilidades, gracias a la flexibilidad en los horarios de estudio.<\/p>\n<h2>\u00bfQu\u00e9 tipo de pr\u00e1cticas realizar\u00e9 durante el curso?<\/h2>\n<p>Realizar\u00e1s pr\u00e1cticas en centros educativos, lo que te permitir\u00e1 aplicar lo aprendido en un entorno real y adquirir experiencia laboral valiosa.<\/p>\n<h2>\u00bfHay alguna ayuda econ\u00f3mica para los estudiantes?<\/h2>\n<p>En nuestra instituci\u00f3n ofrecemos diversas opciones de becas y ayudas econ\u00f3micas. Te invitamos a visitar la secci\u00f3n de ayudas en nuestra web para obtener m\u00e1s informaci\u00f3n.<\/p>\n<h2>\u00bfCu\u00e1l es la duraci\u00f3n del Ciclo Formativo de Grado Superior en Educaci\u00f3n Infantil?<\/h2>\n<p>La duraci\u00f3n del ciclo es de dos a\u00f1os, aunque esto puede variar en funci\u00f3n de tu ritmo de estudio y las asignaturas que elijas.<\/p>\n<h2>\u00bfNecesito tener experiencia previa en el \u00e1mbito educativo?<\/h2>\n<p>No es necesario tener experiencia previa. Nuestro programa est\u00e1 dise\u00f1ado para formarte desde cero en todas las competencias necesarias para ser un profesional en educaci\u00f3n infantil.<\/p>\n<h2>\u00bfC\u00f3mo me ayudar\u00e1 esta FP a encontrar empleo?<\/h2>\n<p>La FP en Educaci\u00f3n Infantil te proporcionar\u00e1 las herramientas y conocimientos necesarios para desempe\u00f1arte con \u00e9xito en el campo laboral. Adem\u00e1s, contamos con una bolsa de empleo activa que te ayudar\u00e1 en la b\u00fasqueda de trabajo.<\/p>\n<\/article>\n","protected":false},"excerpt":{"rendered":"<p>FP en Educaci\u00f3n Infantil a Distancia para Mayores de 30\/40 Si est\u00e1s pensando en dar un giro a tu vida profesional y te apasiona trabajar con ni\u00f1os, el Ciclo Formativo de Grado Superior en Educaci\u00f3n Infantil a Distancia puede ser la opci\u00f3n perfecta para ti. En la FP Superior Francisco de Vitoria, te ofrecemos la [&hellip;]<\/p>\n","protected":false},"author":3,"featured_media":1156,"comment_status":"open","ping_status":"open","sticky":false,"template":"","format":"standard","meta":{"inline_featured_image":false,"footnotes":""},"categories":[376,385,393],"tags":[],"class_list":["post-283514","post","type-post","status-publish","format-standard","has-post-thumbnail","hentry","category-educacion-infantil","category-grados-superiores-a-distancia","category-preguntas-frecuentes"],"yoast_head":"<!-- This site is optimized with the Yoast SEO plugin v27.4 - https:\/\/yoast.com\/product\/yoast-seo-wordpress\/ -->\n<title>FP en Educaci\u00f3n Infantil a Distancia para mayores de 30\/40: requisitos nivel y salidas - Cetys<\/title>\n<meta name=\"robots\" content=\"index, follow, max-snippet:-1, max-image-preview:large, max-video-preview:-1\" \/>\n<link rel=\"canonical\" href=\"https:\/\/fpsuperiorufv.es\/blog\/fp-en-educacion-infantil-a-distancia-para-mayores-de-30-40-requisitos-nivel-y-salidas-blog\/\" \/>\n<meta property=\"og:locale\" content=\"es_ES\" \/>\n<meta property=\"og:type\" content=\"article\" \/>\n<meta property=\"og:title\" content=\"FP en Educaci\u00f3n Infantil a Distancia para mayores de 30\/40: requisitos nivel y salidas - Cetys\" \/>\n<meta property=\"og:description\" content=\"FP en Educaci\u00f3n Infantil a Distancia para Mayores de 30\/40 Si est\u00e1s pensando en dar un giro a tu vida profesional y te apasiona trabajar con ni\u00f1os, el Ciclo Formativo de Grado Superior en Educaci\u00f3n Infantil a Distancia puede ser la opci\u00f3n perfecta para ti. En la FP Superior Francisco de Vitoria, te ofrecemos la [&hellip;]\" \/>\n<meta property=\"og:url\" content=\"https:\/\/fpsuperiorufv.es\/blog\/fp-en-educacion-infantil-a-distancia-para-mayores-de-30-40-requisitos-nivel-y-salidas-blog\/\" \/>\n<meta property=\"og:site_name\" content=\"Cetys\" \/>\n<meta property=\"article:published_time\" content=\"2026-03-16T08:50:44+00:00\" \/>\n<meta property=\"article:modified_time\" content=\"2026-04-24T10:06:16+00:00\" \/>\n<meta property=\"og:image\" content=\"https:\/\/fpsuperiorufv.es\/blog\/wp-content\/uploads\/2025\/07\/teacher-g343cd023a_1280.jpg\" \/>\n\t<meta property=\"og:image:width\" content=\"1280\" \/>\n\t<meta property=\"og:image:height\" content=\"853\" \/>\n\t<meta property=\"og:image:type\" content=\"image\/jpeg\" \/>\n<meta name=\"author\" content=\"FP Superior UFV\" \/>\n<meta name=\"twitter:card\" content=\"summary_large_image\" \/>\n<meta name=\"twitter:label1\" content=\"Escrito por\" \/>\n\t<meta name=\"twitter:data1\" content=\"FP Superior UFV\" \/>\n\t<meta name=\"twitter:label2\" content=\"Tiempo de lectura\" \/>\n\t<meta name=\"twitter:data2\" content=\"4 minutos\" \/>\n<script type=\"application\/ld+json\" class=\"yoast-schema-graph\">{\"@context\":\"https:\\\/\\\/schema.org\",\"@graph\":[{\"@type\":\"Article\",\"@id\":\"https:\\\/\\\/fpsuperiorufv.es\\\/blog\\\/fp-en-educacion-infantil-a-distancia-para-mayores-de-30-40-requisitos-nivel-y-salidas-blog\\\/#article\",\"isPartOf\":{\"@id\":\"https:\\\/\\\/fpsuperiorufv.es\\\/blog\\\/fp-en-educacion-infantil-a-distancia-para-mayores-de-30-40-requisitos-nivel-y-salidas-blog\\\/\"},\"author\":{\"name\":\"FP Superior UFV\",\"@id\":\"https:\\\/\\\/fpsuperiorufv.es\\\/blog\\\/#\\\/schema\\\/person\\\/6eed41dc866f12d961994f51f39f8796\"},\"headline\":\"FP en Educaci\u00f3n Infantil a Distancia para mayores de 30\\\/40: requisitos nivel y salidas\",\"datePublished\":\"2026-03-16T08:50:44+00:00\",\"dateModified\":\"2026-04-24T10:06:16+00:00\",\"mainEntityOfPage\":{\"@id\":\"https:\\\/\\\/fpsuperiorufv.es\\\/blog\\\/fp-en-educacion-infantil-a-distancia-para-mayores-de-30-40-requisitos-nivel-y-salidas-blog\\\/\"},\"wordCount\":872,\"commentCount\":0,\"publisher\":{\"@id\":\"https:\\\/\\\/fpsuperiorufv.es\\\/blog\\\/#organization\"},\"image\":{\"@id\":\"https:\\\/\\\/fpsuperiorufv.es\\\/blog\\\/fp-en-educacion-infantil-a-distancia-para-mayores-de-30-40-requisitos-nivel-y-salidas-blog\\\/#primaryimage\"},\"thumbnailUrl\":\"https:\\\/\\\/fpsuperiorufv.es\\\/blog\\\/wp-content\\\/uploads\\\/2025\\\/07\\\/teacher-g343cd023a_1280.jpg\",\"articleSection\":[\"Educaci\u00f3n Infantil\",\"Grados superiores a distancia\",\"Preguntas frecuentes\"],\"inLanguage\":\"es\",\"potentialAction\":[{\"@type\":\"CommentAction\",\"name\":\"Comment\",\"target\":[\"https:\\\/\\\/fpsuperiorufv.es\\\/blog\\\/fp-en-educacion-infantil-a-distancia-para-mayores-de-30-40-requisitos-nivel-y-salidas-blog\\\/#respond\"]}]},{\"@type\":\"WebPage\",\"@id\":\"https:\\\/\\\/fpsuperiorufv.es\\\/blog\\\/fp-en-educacion-infantil-a-distancia-para-mayores-de-30-40-requisitos-nivel-y-salidas-blog\\\/\",\"url\":\"https:\\\/\\\/fpsuperiorufv.es\\\/blog\\\/fp-en-educacion-infantil-a-distancia-para-mayores-de-30-40-requisitos-nivel-y-salidas-blog\\\/\",\"name\":\"FP en Educaci\u00f3n Infantil a Distancia para mayores de 30\\\/40: requisitos nivel y salidas - Cetys\",\"isPartOf\":{\"@id\":\"https:\\\/\\\/fpsuperiorufv.es\\\/blog\\\/#website\"},\"primaryImageOfPage\":{\"@id\":\"https:\\\/\\\/fpsuperiorufv.es\\\/blog\\\/fp-en-educacion-infantil-a-distancia-para-mayores-de-30-40-requisitos-nivel-y-salidas-blog\\\/#primaryimage\"},\"image\":{\"@id\":\"https:\\\/\\\/fpsuperiorufv.es\\\/blog\\\/fp-en-educacion-infantil-a-distancia-para-mayores-de-30-40-requisitos-nivel-y-salidas-blog\\\/#primaryimage\"},\"thumbnailUrl\":\"https:\\\/\\\/fpsuperiorufv.es\\\/blog\\\/wp-content\\\/uploads\\\/2025\\\/07\\\/teacher-g343cd023a_1280.jpg\",\"datePublished\":\"2026-03-16T08:50:44+00:00\",\"dateModified\":\"2026-04-24T10:06:16+00:00\",\"breadcrumb\":{\"@id\":\"https:\\\/\\\/fpsuperiorufv.es\\\/blog\\\/fp-en-educacion-infantil-a-distancia-para-mayores-de-30-40-requisitos-nivel-y-salidas-blog\\\/#breadcrumb\"},\"inLanguage\":\"es\",\"potentialAction\":[{\"@type\":\"ReadAction\",\"target\":[\"https:\\\/\\\/fpsuperiorufv.es\\\/blog\\\/fp-en-educacion-infantil-a-distancia-para-mayores-de-30-40-requisitos-nivel-y-salidas-blog\\\/\"]}]},{\"@type\":\"ImageObject\",\"inLanguage\":\"es\",\"@id\":\"https:\\\/\\\/fpsuperiorufv.es\\\/blog\\\/fp-en-educacion-infantil-a-distancia-para-mayores-de-30-40-requisitos-nivel-y-salidas-blog\\\/#primaryimage\",\"url\":\"https:\\\/\\\/fpsuperiorufv.es\\\/blog\\\/wp-content\\\/uploads\\\/2025\\\/07\\\/teacher-g343cd023a_1280.jpg\",\"contentUrl\":\"https:\\\/\\\/fpsuperiorufv.es\\\/blog\\\/wp-content\\\/uploads\\\/2025\\\/07\\\/teacher-g343cd023a_1280.jpg\",\"width\":1280,\"height\":853},{\"@type\":\"BreadcrumbList\",\"@id\":\"https:\\\/\\\/fpsuperiorufv.es\\\/blog\\\/fp-en-educacion-infantil-a-distancia-para-mayores-de-30-40-requisitos-nivel-y-salidas-blog\\\/#breadcrumb\",\"itemListElement\":[{\"@type\":\"ListItem\",\"position\":1,\"name\":\"Home\",\"item\":\"https:\\\/\\\/fpsuperiorufv.es\\\/blog\\\/\"},{\"@type\":\"ListItem\",\"position\":2,\"name\":\"FP en Educaci\u00f3n Infantil a Distancia para mayores de 30\\\/40: requisitos nivel y salidas\"}]},{\"@type\":\"WebSite\",\"@id\":\"https:\\\/\\\/fpsuperiorufv.es\\\/blog\\\/#website\",\"url\":\"https:\\\/\\\/fpsuperiorufv.es\\\/blog\\\/\",\"name\":\"Fp Superior Francisco de Vitoria\",\"description\":\"\",\"publisher\":{\"@id\":\"https:\\\/\\\/fpsuperiorufv.es\\\/blog\\\/#organization\"},\"alternateName\":\"Cetys\",\"potentialAction\":[{\"@type\":\"SearchAction\",\"target\":{\"@type\":\"EntryPoint\",\"urlTemplate\":\"https:\\\/\\\/fpsuperiorufv.es\\\/blog\\\/?s={search_term_string}\"},\"query-input\":{\"@type\":\"PropertyValueSpecification\",\"valueRequired\":true,\"valueName\":\"search_term_string\"}}],\"inLanguage\":\"es\"},{\"@type\":\"Organization\",\"@id\":\"https:\\\/\\\/fpsuperiorufv.es\\\/blog\\\/#organization\",\"name\":\"Cetys\",\"url\":\"https:\\\/\\\/fpsuperiorufv.es\\\/blog\\\/\",\"logo\":{\"@type\":\"ImageObject\",\"inLanguage\":\"es\",\"@id\":\"https:\\\/\\\/fpsuperiorufv.es\\\/blog\\\/#\\\/schema\\\/logo\\\/image\\\/\",\"url\":\"https:\\\/\\\/fpsuperiorufv.lo\\\/wp-content\\\/uploads\\\/2025\\\/02\\\/logo.svg\",\"contentUrl\":\"https:\\\/\\\/fpsuperiorufv.lo\\\/wp-content\\\/uploads\\\/2025\\\/02\\\/logo.svg\",\"width\":\"1024\",\"height\":\"1024\",\"caption\":\"Cetys\"},\"image\":{\"@id\":\"https:\\\/\\\/fpsuperiorufv.es\\\/blog\\\/#\\\/schema\\\/logo\\\/image\\\/\"}},{\"@type\":\"Person\",\"@id\":\"https:\\\/\\\/fpsuperiorufv.es\\\/blog\\\/#\\\/schema\\\/person\\\/6eed41dc866f12d961994f51f39f8796\",\"name\":\"FP Superior UFV\",\"image\":{\"@type\":\"ImageObject\",\"inLanguage\":\"es\",\"@id\":\"https:\\\/\\\/secure.gravatar.com\\\/avatar\\\/2cb5eeb90ddddf18129790c93583d4ae96ca8a625c07994637c8fc9d35252ce5?s=96&d=mm&r=g\",\"url\":\"https:\\\/\\\/secure.gravatar.com\\\/avatar\\\/2cb5eeb90ddddf18129790c93583d4ae96ca8a625c07994637c8fc9d35252ce5?s=96&d=mm&r=g\",\"contentUrl\":\"https:\\\/\\\/secure.gravatar.com\\\/avatar\\\/2cb5eeb90ddddf18129790c93583d4ae96ca8a625c07994637c8fc9d35252ce5?s=96&d=mm&r=g\",\"caption\":\"FP Superior UFV\"},\"url\":\"https:\\\/\\\/fpsuperiorufv.es\\\/blog\\\/author\\\/cetys\\\/\"}]}<\/script>\n<!-- \/ Yoast SEO plugin. -->","yoast_head_json":{"title":"FP en Educaci\u00f3n Infantil a Distancia para mayores de 30\/40: requisitos nivel y salidas - Cetys","robots":{"index":"index","follow":"follow","max-snippet":"max-snippet:-1","max-image-preview":"max-image-preview:large","max-video-preview":"max-video-preview:-1"},"canonical":"https:\/\/fpsuperiorufv.es\/blog\/fp-en-educacion-infantil-a-distancia-para-mayores-de-30-40-requisitos-nivel-y-salidas-blog\/","og_locale":"es_ES","og_type":"article","og_title":"FP en Educaci\u00f3n Infantil a Distancia para mayores de 30\/40: requisitos nivel y salidas - Cetys","og_description":"FP en Educaci\u00f3n Infantil a Distancia para Mayores de 30\/40 Si est\u00e1s pensando en dar un giro a tu vida profesional y te apasiona trabajar con ni\u00f1os, el Ciclo Formativo de Grado Superior en Educaci\u00f3n Infantil a Distancia puede ser la opci\u00f3n perfecta para ti. En la FP Superior Francisco de Vitoria, te ofrecemos la [&hellip;]","og_url":"https:\/\/fpsuperiorufv.es\/blog\/fp-en-educacion-infantil-a-distancia-para-mayores-de-30-40-requisitos-nivel-y-salidas-blog\/","og_site_name":"Cetys","article_published_time":"2026-03-16T08:50:44+00:00","article_modified_time":"2026-04-24T10:06:16+00:00","og_image":[{"width":1280,"height":853,"url":"https:\/\/fpsuperiorufv.es\/blog\/wp-content\/uploads\/2025\/07\/teacher-g343cd023a_1280.jpg","type":"image\/jpeg"}],"author":"FP Superior UFV","twitter_card":"summary_large_image","twitter_misc":{"Escrito por":"FP Superior UFV","Tiempo de lectura":"4 minutos"},"schema":{"@context":"https:\/\/schema.org","@graph":[{"@type":"Article","@id":"https:\/\/fpsuperiorufv.es\/blog\/fp-en-educacion-infantil-a-distancia-para-mayores-de-30-40-requisitos-nivel-y-salidas-blog\/#article","isPartOf":{"@id":"https:\/\/fpsuperiorufv.es\/blog\/fp-en-educacion-infantil-a-distancia-para-mayores-de-30-40-requisitos-nivel-y-salidas-blog\/"},"author":{"name":"FP Superior UFV","@id":"https:\/\/fpsuperiorufv.es\/blog\/#\/schema\/person\/6eed41dc866f12d961994f51f39f8796"},"headline":"FP en Educaci\u00f3n Infantil a Distancia para mayores de 30\/40: requisitos nivel y salidas","datePublished":"2026-03-16T08:50:44+00:00","dateModified":"2026-04-24T10:06:16+00:00","mainEntityOfPage":{"@id":"https:\/\/fpsuperiorufv.es\/blog\/fp-en-educacion-infantil-a-distancia-para-mayores-de-30-40-requisitos-nivel-y-salidas-blog\/"},"wordCount":872,"commentCount":0,"publisher":{"@id":"https:\/\/fpsuperiorufv.es\/blog\/#organization"},"image":{"@id":"https:\/\/fpsuperiorufv.es\/blog\/fp-en-educacion-infantil-a-distancia-para-mayores-de-30-40-requisitos-nivel-y-salidas-blog\/#primaryimage"},"thumbnailUrl":"https:\/\/fpsuperiorufv.es\/blog\/wp-content\/uploads\/2025\/07\/teacher-g343cd023a_1280.jpg","articleSection":["Educaci\u00f3n Infantil","Grados superiores a distancia","Preguntas frecuentes"],"inLanguage":"es","potentialAction":[{"@type":"CommentAction","name":"Comment","target":["https:\/\/fpsuperiorufv.es\/blog\/fp-en-educacion-infantil-a-distancia-para-mayores-de-30-40-requisitos-nivel-y-salidas-blog\/#respond"]}]},{"@type":"WebPage","@id":"https:\/\/fpsuperiorufv.es\/blog\/fp-en-educacion-infantil-a-distancia-para-mayores-de-30-40-requisitos-nivel-y-salidas-blog\/","url":"https:\/\/fpsuperiorufv.es\/blog\/fp-en-educacion-infantil-a-distancia-para-mayores-de-30-40-requisitos-nivel-y-salidas-blog\/","name":"FP en Educaci\u00f3n Infantil a Distancia para mayores de 30\/40: requisitos nivel y salidas - Cetys","isPartOf":{"@id":"https:\/\/fpsuperiorufv.es\/blog\/#website"},"primaryImageOfPage":{"@id":"https:\/\/fpsuperiorufv.es\/blog\/fp-en-educacion-infantil-a-distancia-para-mayores-de-30-40-requisitos-nivel-y-salidas-blog\/#primaryimage"},"image":{"@id":"https:\/\/fpsuperiorufv.es\/blog\/fp-en-educacion-infantil-a-distancia-para-mayores-de-30-40-requisitos-nivel-y-salidas-blog\/#primaryimage"},"thumbnailUrl":"https:\/\/fpsuperiorufv.es\/blog\/wp-content\/uploads\/2025\/07\/teacher-g343cd023a_1280.jpg","datePublished":"2026-03-16T08:50:44+00:00","dateModified":"2026-04-24T10:06:16+00:00","breadcrumb":{"@id":"https:\/\/fpsuperiorufv.es\/blog\/fp-en-educacion-infantil-a-distancia-para-mayores-de-30-40-requisitos-nivel-y-salidas-blog\/#breadcrumb"},"inLanguage":"es","potentialAction":[{"@type":"ReadAction","target":["https:\/\/fpsuperiorufv.es\/blog\/fp-en-educacion-infantil-a-distancia-para-mayores-de-30-40-requisitos-nivel-y-salidas-blog\/"]}]},{"@type":"ImageObject","inLanguage":"es","@id":"https:\/\/fpsuperiorufv.es\/blog\/fp-en-educacion-infantil-a-distancia-para-mayores-de-30-40-requisitos-nivel-y-salidas-blog\/#primaryimage","url":"https:\/\/fpsuperiorufv.es\/blog\/wp-content\/uploads\/2025\/07\/teacher-g343cd023a_1280.jpg","contentUrl":"https:\/\/fpsuperiorufv.es\/blog\/wp-content\/uploads\/2025\/07\/teacher-g343cd023a_1280.jpg","width":1280,"height":853},{"@type":"BreadcrumbList","@id":"https:\/\/fpsuperiorufv.es\/blog\/fp-en-educacion-infantil-a-distancia-para-mayores-de-30-40-requisitos-nivel-y-salidas-blog\/#breadcrumb","itemListElement":[{"@type":"ListItem","position":1,"name":"Home","item":"https:\/\/fpsuperiorufv.es\/blog\/"},{"@type":"ListItem","position":2,"name":"FP en Educaci\u00f3n Infantil a Distancia para mayores de 30\/40: requisitos nivel y salidas"}]},{"@type":"WebSite","@id":"https:\/\/fpsuperiorufv.es\/blog\/#website","url":"https:\/\/fpsuperiorufv.es\/blog\/","name":"Fp Superior Francisco de Vitoria","description":"","publisher":{"@id":"https:\/\/fpsuperiorufv.es\/blog\/#organization"},"alternateName":"Cetys","potentialAction":[{"@type":"SearchAction","target":{"@type":"EntryPoint","urlTemplate":"https:\/\/fpsuperiorufv.es\/blog\/?s={search_term_string}"},"query-input":{"@type":"PropertyValueSpecification","valueRequired":true,"valueName":"search_term_string"}}],"inLanguage":"es"},{"@type":"Organization","@id":"https:\/\/fpsuperiorufv.es\/blog\/#organization","name":"Cetys","url":"https:\/\/fpsuperiorufv.es\/blog\/","logo":{"@type":"ImageObject","inLanguage":"es","@id":"https:\/\/fpsuperiorufv.es\/blog\/#\/schema\/logo\/image\/","url":"https:\/\/fpsuperiorufv.lo\/wp-content\/uploads\/2025\/02\/logo.svg","contentUrl":"https:\/\/fpsuperiorufv.lo\/wp-content\/uploads\/2025\/02\/logo.svg","width":"1024","height":"1024","caption":"Cetys"},"image":{"@id":"https:\/\/fpsuperiorufv.es\/blog\/#\/schema\/logo\/image\/"}},{"@type":"Person","@id":"https:\/\/fpsuperiorufv.es\/blog\/#\/schema\/person\/6eed41dc866f12d961994f51f39f8796","name":"FP Superior UFV","image":{"@type":"ImageObject","inLanguage":"es","@id":"https:\/\/secure.gravatar.com\/avatar\/2cb5eeb90ddddf18129790c93583d4ae96ca8a625c07994637c8fc9d35252ce5?s=96&d=mm&r=g","url":"https:\/\/secure.gravatar.com\/avatar\/2cb5eeb90ddddf18129790c93583d4ae96ca8a625c07994637c8fc9d35252ce5?s=96&d=mm&r=g","contentUrl":"https:\/\/secure.gravatar.com\/avatar\/2cb5eeb90ddddf18129790c93583d4ae96ca8a625c07994637c8fc9d35252ce5?s=96&d=mm&r=g","caption":"FP Superior UFV"},"url":"https:\/\/fpsuperiorufv.es\/blog\/author\/cetys\/"}]}},"_links":{"self":[{"href":"https:\/\/fpsuperiorufv.es\/blog\/wp-json\/wp\/v2\/posts\/283514","targetHints":{"allow":["GET"]}}],"collection":[{"href":"https:\/\/fpsuperiorufv.es\/blog\/wp-json\/wp\/v2\/posts"}],"about":[{"href":"https:\/\/fpsuperiorufv.es\/blog\/wp-json\/wp\/v2\/types\/post"}],"author":[{"embeddable":true,"href":"https:\/\/fpsuperiorufv.es\/blog\/wp-json\/wp\/v2\/users\/3"}],"replies":[{"embeddable":true,"href":"https:\/\/fpsuperiorufv.es\/blog\/wp-json\/wp\/v2\/comments?post=283514"}],"version-history":[{"count":1,"href":"https:\/\/fpsuperiorufv.es\/blog\/wp-json\/wp\/v2\/posts\/283514\/revisions"}],"predecessor-version":[{"id":283816,"href":"https:\/\/fpsuperiorufv.es\/blog\/wp-json\/wp\/v2\/posts\/283514\/revisions\/283816"}],"wp:featuredmedia":[{"embeddable":true,"href":"https:\/\/fpsuperiorufv.es\/blog\/wp-json\/wp\/v2\/media\/1156"}],"wp:attachment":[{"href":"https:\/\/fpsuperiorufv.es\/blog\/wp-json\/wp\/v2\/media?parent=283514"}],"wp:term":[{"taxonomy":"category","embeddable":true,"href":"https:\/\/fpsuperiorufv.es\/blog\/wp-json\/wp\/v2\/categories?post=283514"},{"taxonomy":"post_tag","embeddable":true,"href":"https:\/\/fpsuperiorufv.es\/blog\/wp-json\/wp\/v2\/tags?post=283514"}],"curies":[{"name":"wp","href":"https:\/\/api.w.org\/{rel}","templated":true}]}}