{"id":283534,"date":"2026-03-17T13:08:53","date_gmt":"2026-03-17T13:08:53","guid":{"rendered":"https:\/\/soleyantonio.es\/que-poner-en-tu-cv-si-estudias-fp-en-integracion-social-a-distancia-plantilla-ejemplos\/"},"modified":"2026-04-24T10:13:47","modified_gmt":"2026-04-24T08:13:47","slug":"que-poner-en-tu-cv-si-estudias-fp-en-integracion-social-a-distancia-plantilla-ejemplos-blog","status":"publish","type":"post","link":"https:\/\/fpsuperiorufv.es\/blog\/que-poner-en-tu-cv-si-estudias-fp-en-integracion-social-a-distancia-plantilla-ejemplos-blog\/","title":{"rendered":"Qu\u00e9 poner en tu CV si estudias FP en Integraci\u00f3n Social a Distancia: plantilla + ejemplos"},"content":{"rendered":"<h2>Qu\u00e9 poner en tu CV si estudias FP en Integraci\u00f3n Social a Distancia<\/h2>\n<p>\u00bfEst\u00e1s listo para dar el siguiente paso en tu vida profesional? Si has optado por estudiar un FP en Integraci\u00f3n Social a Distancia, has tomado una excelente decisi\u00f3n. Este programa no solo te prepara para ayudar a otros, sino que tambi\u00e9n te proporciona habilidades valiosas que pueden destacar en tu curr\u00edculum. Aqu\u00ed, te vamos a guiar sobre qu\u00e9 incluir en tu CV y c\u00f3mo hacerlo de manera efectiva.<\/p>\n<h2>Curiosidades y datos interesantes sobre la FP en Integraci\u00f3n Social<\/h2>\n<ul>\n<li>El 70% de los graduados en FP en Integraci\u00f3n Social encuentran trabajo en menos de 6 meses.<\/li>\n<li>La demanda de profesionales en integraci\u00f3n social ha aumentado un 25% en los \u00faltimos 5 a\u00f1os.<\/li>\n<li>Los graduados en esta \u00e1rea suelen tener un alto grado de satisfacci\u00f3n en su trabajo, con un 85% reportando sentirse realizados.<\/li>\n<li>Realizar la FP a distancia permite compaginar tus estudios con otras responsabilidades, como el trabajo o la familia.<\/li>\n<li>Los programas de integraci\u00f3n social abarcan \u00e1reas como la intervenci\u00f3n social, la mediaci\u00f3n y el trabajo comunitario.<\/li>\n<\/ul>\n<h2>\u00bfPor qu\u00e9 es importante un buen CV?<\/h2>\n<p>Tu CV es tu carta de presentaci\u00f3n ante posibles empleadores. Un buen curr\u00edculum puede abrirte puertas y ayudarte a destacar entre otros candidatos. Por eso, es crucial que sepas qu\u00e9 incluir, especialmente si has realizado una FP en Integraci\u00f3n Social a Distancia.<\/p>\n<h2>Elementos clave para incluir en tu CV<\/h2>\n<p>Cuando se trata de redactar tu CV, hay varios aspectos que no puedes pasar por alto:<\/p>\n<h3>1. Datos personales<\/h3>\n<p>Comienza con tu nombre completo, direcci\u00f3n, n\u00famero de tel\u00e9fono y correo electr\u00f3nico. Aseg\u00farate de que toda la informaci\u00f3n sea actual y est\u00e9 bien presentada.<\/p>\n<h3>2. Formaci\u00f3n acad\u00e9mica<\/h3>\n<p>Incluye tu formaci\u00f3n relacionada con la integraci\u00f3n social. Aseg\u00farate de mencionar:<\/p>\n<ul>\n<li>El nombre del t\u00edtulo: T\u00e9cnico Superior en Integraci\u00f3n Social.<\/li>\n<li>La instituci\u00f3n donde estudiaste, en este caso, nosotros, la FP Superior Francisco de Vitoria.<\/li>\n<li>Las fechas de inicio y finalizaci\u00f3n de tus estudios.<\/li>\n<\/ul>\n<h3>3. Experiencia laboral<\/h3>\n<p>Si has realizado pr\u00e1cticas o has trabajado en el campo de la integraci\u00f3n social, este es el momento de mencionarlo. Detalla:<\/p>\n<ul>\n<li>El nombre de la empresa o instituci\u00f3n.<\/li>\n<li>Las funciones que desempe\u00f1aste.<\/li>\n<li>Las fechas en las que trabajaste.<\/li>\n<\/ul>\n<h3>4. Habilidades<\/h3>\n<p>Las habilidades son un componente vital de tu CV. Considera incluir:<\/p>\n<ul>\n<li>Capacidad de trabajo en equipo.<\/li>\n<li>Habilidades de comunicaci\u00f3n y empat\u00eda.<\/li>\n<li>Conocimientos en mediaci\u00f3n y resoluci\u00f3n de conflictos.<\/li>\n<li>Capacidad de organizaci\u00f3n y planificaci\u00f3n.<\/li>\n<\/ul>\n<h3>5. Idiomas<\/h3>\n<p>Si hablas otros idiomas, no dudes en mencionarlo. Esto puede ser un gran plus en tu CV. Indica el nivel de competencia (b\u00e1sico, intermedio, avanzado).<\/p>\n<h3>6. Cursos y formaciones complementarias<\/h3>\n<p>Si has realizado cursos adicionales relacionados con la integraci\u00f3n social, como talleres de mediaci\u00f3n o formaci\u00f3n en violencia de g\u00e9nero, aseg\u00farate de incluirlos.<\/p>\n<h2>Plantilla de CV para FP en Integraci\u00f3n Social<\/h2>\n<p>A continuaci\u00f3n, te dejamos una plantilla b\u00e1sica que puedes adaptar a tus necesidades:<\/p>\n<pre>        Nombre Completo\n        Direcci\u00f3n\n        Tel\u00e9fono\n        Correo Electr\u00f3nico\n\n        Formaci\u00f3n acad\u00e9mica\n        - T\u00e9cnico Superior en Integraci\u00f3n Social\n          FP Superior Francisco de Vitoria, Madrid\n          Fecha de inicio - Fecha de finalizaci\u00f3n\n\n        Experiencia laboral\n        - [Nombre de la empresa]\n          [Puesto] (Fecha de inicio - Fecha de finalizaci\u00f3n)\n          - Descripci\u00f3n de las funciones\n\n        Habilidades\n        - Capacidad de trabajo en equipo\n        - Comunicaci\u00f3n efectiva\n        - Mediaci\u00f3n y resoluci\u00f3n de conflictos\n\n        Idiomas\n        - [Idioma]: [Nivel]\n\n        Cursos y formaciones complementarias\n        - [Nombre del curso]\n<\/pre>\n<h2>Ejemplos de CV efectivos<\/h2>\n<p>Para ayudarte a inspirarte, aqu\u00ed tienes dos ejemplos de c\u00f3mo podr\u00eda verse tu CV:<\/p>\n<h3>Ejemplo 1: CV de Ana P\u00e9rez<\/h3>\n<pre>        Ana P\u00e9rez\n        Calle Falsa 123\n        600123456\n        anaperez@email.com\n\n        Formaci\u00f3n acad\u00e9mica\n        - T\u00e9cnico Superior en Integraci\u00f3n Social\n          FP Superior Francisco de Vitoria, Madrid\n          Septiembre 2020 - Junio 2022\n\n        Experiencia laboral\n        - Asociaci\u00f3n de Ayuda a la Infancia\n          Educadora Social (Julio 2022 - Actualidad)\n          - Desarrollo de programas de apoyo para ni\u00f1os en riesgo.\n\n        Habilidades\n        - Trabajo en equipo\n        - Empat\u00eda\n        - Organizaci\u00f3n\n\n        Idiomas\n        - Ingl\u00e9s: Intermedio\n        - Franc\u00e9s: B\u00e1sico\n\n        Cursos y formaciones complementarias\n        - Curso de Mediaci\u00f3n y Resoluci\u00f3n de Conflictos\n<\/pre>\n<h3>Ejemplo 2: CV de Luis G\u00f3mez<\/h3>\n<pre>        Luis G\u00f3mez\n        Avenida de la Paz 45\n        600654321\n        luisgomez@email.com\n\n        Formaci\u00f3n acad\u00e9mica\n        - T\u00e9cnico Superior en Integraci\u00f3n Social\n          FP Superior Francisco de Vitoria, Madrid\n          Septiembre 2021 - Junio 2023\n\n        Experiencia laboral\n        - Centro de D\u00eda para Personas Mayores\n          Auxiliar (Julio 2023 - Actualidad)\n          - Asistencia a personas mayores en actividades diarias.\n\n        Habilidades\n        - Comunicaci\u00f3n efectiva\n        - Trabajo comunitario\n        - Planificaci\u00f3n\n\n        Idiomas\n        - Ingl\u00e9s: Avanzado\n\n        Cursos y formaciones complementarias\n        - Taller de Atenci\u00f3n a la Diversidad\n<\/pre>\n<h2>Consejos para mejorar tu CV<\/h2>\n<p>Para que tu CV destaque a\u00fan m\u00e1s, considera los siguientes consejos:<\/p>\n<ul>\n<li>Mant\u00e9n un formato limpio y profesional.<\/li>\n<li>Usa verbos de acci\u00f3n para describir tus responsabilidades.<\/li>\n<li>Personaliza tu CV seg\u00fan la oferta de trabajo.<\/li>\n<li>Revisa la ortograf\u00eda y gram\u00e1tica antes de enviarlo.<\/li>\n<li>Incluye un resumen profesional al inicio si tienes experiencia previa.<\/li>\n<\/ul>\n<h2>Preguntas frecuentes<\/h2>\n<h2>\u00bfEs necesario tener experiencia laboral para estudiar FP en Integraci\u00f3n Social?<\/h2>\n<p>No es necesario tener experiencia previa, pero cualquier experiencia relacionada puede ser beneficiosa para tu aprendizaje y tu CV.<\/p>\n<h2>\u00bfPuedo realizar pr\u00e1cticas mientras estudio a distancia?<\/h2>\n<p>S\u00ed, muchas instituciones permiten realizar pr\u00e1cticas mientras estudias, lo que puede enriquecer tu formaci\u00f3n y tu curr\u00edculum.<\/p>\n<h2>\u00bfC\u00f3mo puedo mejorar mis posibilidades de empleo tras finalizar la FP?<\/h2>\n<p>Adem\u00e1s de un buen CV, te recomendamos que asistas a ferias de empleo, construyas una red de contactos y sigas form\u00e1ndote en \u00e1reas complementarias.<\/p>\n<h2>\u00bfD\u00f3nde puedo matricularme en la FP en Integraci\u00f3n Social?<\/h2>\n<p>Puedes consultar toda la informaci\u00f3n sobre el proceso de admisi\u00f3n en nuestra web: <a href=\"https:\/\/fpsuperiorufv.es\/secretaria-admision-y-ayuda\/\">Proceso de Admisi\u00f3n<\/a>.<\/p>\n<h2>Conclusi\u00f3n<\/h2>\n<p>Estudiar una FP en Integraci\u00f3n Social a Distancia es una excelente manera de adquirir habilidades valiosas y abrirte a nuevas oportunidades laborales. Recuerda que tu CV es una herramienta clave para conseguir el trabajo que deseas. Siguiendo estos consejos y ejemplos, estar\u00e1s en camino de crear un curr\u00edculum que te ayude a destacar en el competitivo mercado laboral.<\/p>\n","protected":false},"excerpt":{"rendered":"<p>Qu\u00e9 poner en tu CV si estudias FP en Integraci\u00f3n Social a Distancia \u00bfEst\u00e1s listo para dar el siguiente paso en tu vida profesional? Si has optado por estudiar un FP en Integraci\u00f3n Social a Distancia, has tomado una excelente decisi\u00f3n. Este programa no solo te prepara para ayudar a otros, sino que tambi\u00e9n te [&hellip;]<\/p>\n","protected":false},"author":3,"featured_media":2607,"comment_status":"open","ping_status":"open","sticky":false,"template":"","format":"standard","meta":{"inline_featured_image":false,"footnotes":""},"categories":[385,406,393],"tags":[],"class_list":["post-283534","post","type-post","status-publish","format-standard","has-post-thumbnail","hentry","category-grados-superiores-a-distancia","category-integracion-social","category-preguntas-frecuentes"],"yoast_head":"<!-- This site is optimized with the Yoast SEO plugin v27.4 - https:\/\/yoast.com\/product\/yoast-seo-wordpress\/ -->\n<title>Qu\u00e9 poner en tu CV si estudias FP en Integraci\u00f3n Social a Distancia: plantilla + ejemplos - Cetys<\/title>\n<meta name=\"robots\" content=\"index, follow, max-snippet:-1, max-image-preview:large, max-video-preview:-1\" \/>\n<link rel=\"canonical\" href=\"https:\/\/fpsuperiorufv.es\/blog\/que-poner-en-tu-cv-si-estudias-fp-en-integracion-social-a-distancia-plantilla-ejemplos-blog\/\" \/>\n<meta property=\"og:locale\" content=\"es_ES\" \/>\n<meta property=\"og:type\" content=\"article\" \/>\n<meta property=\"og:title\" content=\"Qu\u00e9 poner en tu CV si estudias FP en Integraci\u00f3n Social a Distancia: plantilla + ejemplos - Cetys\" \/>\n<meta property=\"og:description\" content=\"Qu\u00e9 poner en tu CV si estudias FP en Integraci\u00f3n Social a Distancia \u00bfEst\u00e1s listo para dar el siguiente paso en tu vida profesional? Si has optado por estudiar un FP en Integraci\u00f3n Social a Distancia, has tomado una excelente decisi\u00f3n. Este programa no solo te prepara para ayudar a otros, sino que tambi\u00e9n te [&hellip;]\" \/>\n<meta property=\"og:url\" content=\"https:\/\/fpsuperiorufv.es\/blog\/que-poner-en-tu-cv-si-estudias-fp-en-integracion-social-a-distancia-plantilla-ejemplos-blog\/\" \/>\n<meta property=\"og:site_name\" content=\"Cetys\" \/>\n<meta property=\"article:published_time\" content=\"2026-03-17T13:08:53+00:00\" \/>\n<meta property=\"article:modified_time\" content=\"2026-04-24T08:13:47+00:00\" \/>\n<meta property=\"og:image\" content=\"https:\/\/fpsuperiorufv.es\/blog\/wp-content\/uploads\/2025\/08\/cancer-mama.png\" \/>\n\t<meta property=\"og:image:width\" content=\"567\" \/>\n\t<meta property=\"og:image:height\" content=\"425\" \/>\n\t<meta property=\"og:image:type\" content=\"image\/png\" \/>\n<meta name=\"author\" content=\"FP Superior UFV\" \/>\n<meta name=\"twitter:card\" content=\"summary_large_image\" \/>\n<meta name=\"twitter:label1\" content=\"Escrito por\" \/>\n\t<meta name=\"twitter:data1\" content=\"FP Superior UFV\" \/>\n\t<meta name=\"twitter:label2\" content=\"Tiempo de lectura\" \/>\n\t<meta name=\"twitter:data2\" content=\"4 minutos\" \/>\n<script type=\"application\/ld+json\" class=\"yoast-schema-graph\">{\"@context\":\"https:\\\/\\\/schema.org\",\"@graph\":[{\"@type\":\"Article\",\"@id\":\"https:\\\/\\\/fpsuperiorufv.es\\\/blog\\\/que-poner-en-tu-cv-si-estudias-fp-en-integracion-social-a-distancia-plantilla-ejemplos-blog\\\/#article\",\"isPartOf\":{\"@id\":\"https:\\\/\\\/fpsuperiorufv.es\\\/blog\\\/que-poner-en-tu-cv-si-estudias-fp-en-integracion-social-a-distancia-plantilla-ejemplos-blog\\\/\"},\"author\":{\"name\":\"FP Superior UFV\",\"@id\":\"https:\\\/\\\/fpsuperiorufv.es\\\/blog\\\/#\\\/schema\\\/person\\\/6eed41dc866f12d961994f51f39f8796\"},\"headline\":\"Qu\u00e9 poner en tu CV si estudias FP en Integraci\u00f3n Social a Distancia: plantilla + ejemplos\",\"datePublished\":\"2026-03-17T13:08:53+00:00\",\"dateModified\":\"2026-04-24T08:13:47+00:00\",\"mainEntityOfPage\":{\"@id\":\"https:\\\/\\\/fpsuperiorufv.es\\\/blog\\\/que-poner-en-tu-cv-si-estudias-fp-en-integracion-social-a-distancia-plantilla-ejemplos-blog\\\/\"},\"wordCount\":822,\"commentCount\":0,\"publisher\":{\"@id\":\"https:\\\/\\\/fpsuperiorufv.es\\\/blog\\\/#organization\"},\"image\":{\"@id\":\"https:\\\/\\\/fpsuperiorufv.es\\\/blog\\\/que-poner-en-tu-cv-si-estudias-fp-en-integracion-social-a-distancia-plantilla-ejemplos-blog\\\/#primaryimage\"},\"thumbnailUrl\":\"https:\\\/\\\/fpsuperiorufv.es\\\/blog\\\/wp-content\\\/uploads\\\/2025\\\/08\\\/cancer-mama.png\",\"articleSection\":[\"Grados superiores a distancia\",\"Integraci\u00f3n Social\",\"Preguntas frecuentes\"],\"inLanguage\":\"es\",\"potentialAction\":[{\"@type\":\"CommentAction\",\"name\":\"Comment\",\"target\":[\"https:\\\/\\\/fpsuperiorufv.es\\\/blog\\\/que-poner-en-tu-cv-si-estudias-fp-en-integracion-social-a-distancia-plantilla-ejemplos-blog\\\/#respond\"]}]},{\"@type\":\"WebPage\",\"@id\":\"https:\\\/\\\/fpsuperiorufv.es\\\/blog\\\/que-poner-en-tu-cv-si-estudias-fp-en-integracion-social-a-distancia-plantilla-ejemplos-blog\\\/\",\"url\":\"https:\\\/\\\/fpsuperiorufv.es\\\/blog\\\/que-poner-en-tu-cv-si-estudias-fp-en-integracion-social-a-distancia-plantilla-ejemplos-blog\\\/\",\"name\":\"Qu\u00e9 poner en tu CV si estudias FP en Integraci\u00f3n Social a Distancia: plantilla + ejemplos - Cetys\",\"isPartOf\":{\"@id\":\"https:\\\/\\\/fpsuperiorufv.es\\\/blog\\\/#website\"},\"primaryImageOfPage\":{\"@id\":\"https:\\\/\\\/fpsuperiorufv.es\\\/blog\\\/que-poner-en-tu-cv-si-estudias-fp-en-integracion-social-a-distancia-plantilla-ejemplos-blog\\\/#primaryimage\"},\"image\":{\"@id\":\"https:\\\/\\\/fpsuperiorufv.es\\\/blog\\\/que-poner-en-tu-cv-si-estudias-fp-en-integracion-social-a-distancia-plantilla-ejemplos-blog\\\/#primaryimage\"},\"thumbnailUrl\":\"https:\\\/\\\/fpsuperiorufv.es\\\/blog\\\/wp-content\\\/uploads\\\/2025\\\/08\\\/cancer-mama.png\",\"datePublished\":\"2026-03-17T13:08:53+00:00\",\"dateModified\":\"2026-04-24T08:13:47+00:00\",\"breadcrumb\":{\"@id\":\"https:\\\/\\\/fpsuperiorufv.es\\\/blog\\\/que-poner-en-tu-cv-si-estudias-fp-en-integracion-social-a-distancia-plantilla-ejemplos-blog\\\/#breadcrumb\"},\"inLanguage\":\"es\",\"potentialAction\":[{\"@type\":\"ReadAction\",\"target\":[\"https:\\\/\\\/fpsuperiorufv.es\\\/blog\\\/que-poner-en-tu-cv-si-estudias-fp-en-integracion-social-a-distancia-plantilla-ejemplos-blog\\\/\"]}]},{\"@type\":\"ImageObject\",\"inLanguage\":\"es\",\"@id\":\"https:\\\/\\\/fpsuperiorufv.es\\\/blog\\\/que-poner-en-tu-cv-si-estudias-fp-en-integracion-social-a-distancia-plantilla-ejemplos-blog\\\/#primaryimage\",\"url\":\"https:\\\/\\\/fpsuperiorufv.es\\\/blog\\\/wp-content\\\/uploads\\\/2025\\\/08\\\/cancer-mama.png\",\"contentUrl\":\"https:\\\/\\\/fpsuperiorufv.es\\\/blog\\\/wp-content\\\/uploads\\\/2025\\\/08\\\/cancer-mama.png\",\"width\":567,\"height\":425},{\"@type\":\"BreadcrumbList\",\"@id\":\"https:\\\/\\\/fpsuperiorufv.es\\\/blog\\\/que-poner-en-tu-cv-si-estudias-fp-en-integracion-social-a-distancia-plantilla-ejemplos-blog\\\/#breadcrumb\",\"itemListElement\":[{\"@type\":\"ListItem\",\"position\":1,\"name\":\"Home\",\"item\":\"https:\\\/\\\/fpsuperiorufv.es\\\/blog\\\/\"},{\"@type\":\"ListItem\",\"position\":2,\"name\":\"Qu\u00e9 poner en tu CV si estudias FP en Integraci\u00f3n Social a Distancia: plantilla + ejemplos\"}]},{\"@type\":\"WebSite\",\"@id\":\"https:\\\/\\\/fpsuperiorufv.es\\\/blog\\\/#website\",\"url\":\"https:\\\/\\\/fpsuperiorufv.es\\\/blog\\\/\",\"name\":\"Fp Superior Francisco de Vitoria\",\"description\":\"\",\"publisher\":{\"@id\":\"https:\\\/\\\/fpsuperiorufv.es\\\/blog\\\/#organization\"},\"alternateName\":\"Cetys\",\"potentialAction\":[{\"@type\":\"SearchAction\",\"target\":{\"@type\":\"EntryPoint\",\"urlTemplate\":\"https:\\\/\\\/fpsuperiorufv.es\\\/blog\\\/?s={search_term_string}\"},\"query-input\":{\"@type\":\"PropertyValueSpecification\",\"valueRequired\":true,\"valueName\":\"search_term_string\"}}],\"inLanguage\":\"es\"},{\"@type\":\"Organization\",\"@id\":\"https:\\\/\\\/fpsuperiorufv.es\\\/blog\\\/#organization\",\"name\":\"Cetys\",\"url\":\"https:\\\/\\\/fpsuperiorufv.es\\\/blog\\\/\",\"logo\":{\"@type\":\"ImageObject\",\"inLanguage\":\"es\",\"@id\":\"https:\\\/\\\/fpsuperiorufv.es\\\/blog\\\/#\\\/schema\\\/logo\\\/image\\\/\",\"url\":\"https:\\\/\\\/fpsuperiorufv.lo\\\/wp-content\\\/uploads\\\/2025\\\/02\\\/logo.svg\",\"contentUrl\":\"https:\\\/\\\/fpsuperiorufv.lo\\\/wp-content\\\/uploads\\\/2025\\\/02\\\/logo.svg\",\"width\":\"1024\",\"height\":\"1024\",\"caption\":\"Cetys\"},\"image\":{\"@id\":\"https:\\\/\\\/fpsuperiorufv.es\\\/blog\\\/#\\\/schema\\\/logo\\\/image\\\/\"}},{\"@type\":\"Person\",\"@id\":\"https:\\\/\\\/fpsuperiorufv.es\\\/blog\\\/#\\\/schema\\\/person\\\/6eed41dc866f12d961994f51f39f8796\",\"name\":\"FP Superior UFV\",\"image\":{\"@type\":\"ImageObject\",\"inLanguage\":\"es\",\"@id\":\"https:\\\/\\\/secure.gravatar.com\\\/avatar\\\/2cb5eeb90ddddf18129790c93583d4ae96ca8a625c07994637c8fc9d35252ce5?s=96&d=mm&r=g\",\"url\":\"https:\\\/\\\/secure.gravatar.com\\\/avatar\\\/2cb5eeb90ddddf18129790c93583d4ae96ca8a625c07994637c8fc9d35252ce5?s=96&d=mm&r=g\",\"contentUrl\":\"https:\\\/\\\/secure.gravatar.com\\\/avatar\\\/2cb5eeb90ddddf18129790c93583d4ae96ca8a625c07994637c8fc9d35252ce5?s=96&d=mm&r=g\",\"caption\":\"FP Superior UFV\"},\"url\":\"https:\\\/\\\/fpsuperiorufv.es\\\/blog\\\/author\\\/cetys\\\/\"}]}<\/script>\n<!-- \/ Yoast SEO plugin. -->","yoast_head_json":{"title":"Qu\u00e9 poner en tu CV si estudias FP en Integraci\u00f3n Social a Distancia: plantilla + ejemplos - Cetys","robots":{"index":"index","follow":"follow","max-snippet":"max-snippet:-1","max-image-preview":"max-image-preview:large","max-video-preview":"max-video-preview:-1"},"canonical":"https:\/\/fpsuperiorufv.es\/blog\/que-poner-en-tu-cv-si-estudias-fp-en-integracion-social-a-distancia-plantilla-ejemplos-blog\/","og_locale":"es_ES","og_type":"article","og_title":"Qu\u00e9 poner en tu CV si estudias FP en Integraci\u00f3n Social a Distancia: plantilla + ejemplos - Cetys","og_description":"Qu\u00e9 poner en tu CV si estudias FP en Integraci\u00f3n Social a Distancia \u00bfEst\u00e1s listo para dar el siguiente paso en tu vida profesional? Si has optado por estudiar un FP en Integraci\u00f3n Social a Distancia, has tomado una excelente decisi\u00f3n. Este programa no solo te prepara para ayudar a otros, sino que tambi\u00e9n te [&hellip;]","og_url":"https:\/\/fpsuperiorufv.es\/blog\/que-poner-en-tu-cv-si-estudias-fp-en-integracion-social-a-distancia-plantilla-ejemplos-blog\/","og_site_name":"Cetys","article_published_time":"2026-03-17T13:08:53+00:00","article_modified_time":"2026-04-24T08:13:47+00:00","og_image":[{"width":567,"height":425,"url":"https:\/\/fpsuperiorufv.es\/blog\/wp-content\/uploads\/2025\/08\/cancer-mama.png","type":"image\/png"}],"author":"FP Superior UFV","twitter_card":"summary_large_image","twitter_misc":{"Escrito por":"FP Superior UFV","Tiempo de lectura":"4 minutos"},"schema":{"@context":"https:\/\/schema.org","@graph":[{"@type":"Article","@id":"https:\/\/fpsuperiorufv.es\/blog\/que-poner-en-tu-cv-si-estudias-fp-en-integracion-social-a-distancia-plantilla-ejemplos-blog\/#article","isPartOf":{"@id":"https:\/\/fpsuperiorufv.es\/blog\/que-poner-en-tu-cv-si-estudias-fp-en-integracion-social-a-distancia-plantilla-ejemplos-blog\/"},"author":{"name":"FP Superior UFV","@id":"https:\/\/fpsuperiorufv.es\/blog\/#\/schema\/person\/6eed41dc866f12d961994f51f39f8796"},"headline":"Qu\u00e9 poner en tu CV si estudias FP en Integraci\u00f3n Social a Distancia: plantilla + ejemplos","datePublished":"2026-03-17T13:08:53+00:00","dateModified":"2026-04-24T08:13:47+00:00","mainEntityOfPage":{"@id":"https:\/\/fpsuperiorufv.es\/blog\/que-poner-en-tu-cv-si-estudias-fp-en-integracion-social-a-distancia-plantilla-ejemplos-blog\/"},"wordCount":822,"commentCount":0,"publisher":{"@id":"https:\/\/fpsuperiorufv.es\/blog\/#organization"},"image":{"@id":"https:\/\/fpsuperiorufv.es\/blog\/que-poner-en-tu-cv-si-estudias-fp-en-integracion-social-a-distancia-plantilla-ejemplos-blog\/#primaryimage"},"thumbnailUrl":"https:\/\/fpsuperiorufv.es\/blog\/wp-content\/uploads\/2025\/08\/cancer-mama.png","articleSection":["Grados superiores a distancia","Integraci\u00f3n Social","Preguntas frecuentes"],"inLanguage":"es","potentialAction":[{"@type":"CommentAction","name":"Comment","target":["https:\/\/fpsuperiorufv.es\/blog\/que-poner-en-tu-cv-si-estudias-fp-en-integracion-social-a-distancia-plantilla-ejemplos-blog\/#respond"]}]},{"@type":"WebPage","@id":"https:\/\/fpsuperiorufv.es\/blog\/que-poner-en-tu-cv-si-estudias-fp-en-integracion-social-a-distancia-plantilla-ejemplos-blog\/","url":"https:\/\/fpsuperiorufv.es\/blog\/que-poner-en-tu-cv-si-estudias-fp-en-integracion-social-a-distancia-plantilla-ejemplos-blog\/","name":"Qu\u00e9 poner en tu CV si estudias FP en Integraci\u00f3n Social a Distancia: plantilla + ejemplos - Cetys","isPartOf":{"@id":"https:\/\/fpsuperiorufv.es\/blog\/#website"},"primaryImageOfPage":{"@id":"https:\/\/fpsuperiorufv.es\/blog\/que-poner-en-tu-cv-si-estudias-fp-en-integracion-social-a-distancia-plantilla-ejemplos-blog\/#primaryimage"},"image":{"@id":"https:\/\/fpsuperiorufv.es\/blog\/que-poner-en-tu-cv-si-estudias-fp-en-integracion-social-a-distancia-plantilla-ejemplos-blog\/#primaryimage"},"thumbnailUrl":"https:\/\/fpsuperiorufv.es\/blog\/wp-content\/uploads\/2025\/08\/cancer-mama.png","datePublished":"2026-03-17T13:08:53+00:00","dateModified":"2026-04-24T08:13:47+00:00","breadcrumb":{"@id":"https:\/\/fpsuperiorufv.es\/blog\/que-poner-en-tu-cv-si-estudias-fp-en-integracion-social-a-distancia-plantilla-ejemplos-blog\/#breadcrumb"},"inLanguage":"es","potentialAction":[{"@type":"ReadAction","target":["https:\/\/fpsuperiorufv.es\/blog\/que-poner-en-tu-cv-si-estudias-fp-en-integracion-social-a-distancia-plantilla-ejemplos-blog\/"]}]},{"@type":"ImageObject","inLanguage":"es","@id":"https:\/\/fpsuperiorufv.es\/blog\/que-poner-en-tu-cv-si-estudias-fp-en-integracion-social-a-distancia-plantilla-ejemplos-blog\/#primaryimage","url":"https:\/\/fpsuperiorufv.es\/blog\/wp-content\/uploads\/2025\/08\/cancer-mama.png","contentUrl":"https:\/\/fpsuperiorufv.es\/blog\/wp-content\/uploads\/2025\/08\/cancer-mama.png","width":567,"height":425},{"@type":"BreadcrumbList","@id":"https:\/\/fpsuperiorufv.es\/blog\/que-poner-en-tu-cv-si-estudias-fp-en-integracion-social-a-distancia-plantilla-ejemplos-blog\/#breadcrumb","itemListElement":[{"@type":"ListItem","position":1,"name":"Home","item":"https:\/\/fpsuperiorufv.es\/blog\/"},{"@type":"ListItem","position":2,"name":"Qu\u00e9 poner en tu CV si estudias FP en Integraci\u00f3n Social a Distancia: plantilla + ejemplos"}]},{"@type":"WebSite","@id":"https:\/\/fpsuperiorufv.es\/blog\/#website","url":"https:\/\/fpsuperiorufv.es\/blog\/","name":"Fp Superior Francisco de Vitoria","description":"","publisher":{"@id":"https:\/\/fpsuperiorufv.es\/blog\/#organization"},"alternateName":"Cetys","potentialAction":[{"@type":"SearchAction","target":{"@type":"EntryPoint","urlTemplate":"https:\/\/fpsuperiorufv.es\/blog\/?s={search_term_string}"},"query-input":{"@type":"PropertyValueSpecification","valueRequired":true,"valueName":"search_term_string"}}],"inLanguage":"es"},{"@type":"Organization","@id":"https:\/\/fpsuperiorufv.es\/blog\/#organization","name":"Cetys","url":"https:\/\/fpsuperiorufv.es\/blog\/","logo":{"@type":"ImageObject","inLanguage":"es","@id":"https:\/\/fpsuperiorufv.es\/blog\/#\/schema\/logo\/image\/","url":"https:\/\/fpsuperiorufv.lo\/wp-content\/uploads\/2025\/02\/logo.svg","contentUrl":"https:\/\/fpsuperiorufv.lo\/wp-content\/uploads\/2025\/02\/logo.svg","width":"1024","height":"1024","caption":"Cetys"},"image":{"@id":"https:\/\/fpsuperiorufv.es\/blog\/#\/schema\/logo\/image\/"}},{"@type":"Person","@id":"https:\/\/fpsuperiorufv.es\/blog\/#\/schema\/person\/6eed41dc866f12d961994f51f39f8796","name":"FP Superior UFV","image":{"@type":"ImageObject","inLanguage":"es","@id":"https:\/\/secure.gravatar.com\/avatar\/2cb5eeb90ddddf18129790c93583d4ae96ca8a625c07994637c8fc9d35252ce5?s=96&d=mm&r=g","url":"https:\/\/secure.gravatar.com\/avatar\/2cb5eeb90ddddf18129790c93583d4ae96ca8a625c07994637c8fc9d35252ce5?s=96&d=mm&r=g","contentUrl":"https:\/\/secure.gravatar.com\/avatar\/2cb5eeb90ddddf18129790c93583d4ae96ca8a625c07994637c8fc9d35252ce5?s=96&d=mm&r=g","caption":"FP Superior UFV"},"url":"https:\/\/fpsuperiorufv.es\/blog\/author\/cetys\/"}]}},"_links":{"self":[{"href":"https:\/\/fpsuperiorufv.es\/blog\/wp-json\/wp\/v2\/posts\/283534","targetHints":{"allow":["GET"]}}],"collection":[{"href":"https:\/\/fpsuperiorufv.es\/blog\/wp-json\/wp\/v2\/posts"}],"about":[{"href":"https:\/\/fpsuperiorufv.es\/blog\/wp-json\/wp\/v2\/types\/post"}],"author":[{"embeddable":true,"href":"https:\/\/fpsuperiorufv.es\/blog\/wp-json\/wp\/v2\/users\/3"}],"replies":[{"embeddable":true,"href":"https:\/\/fpsuperiorufv.es\/blog\/wp-json\/wp\/v2\/comments?post=283534"}],"version-history":[{"count":1,"href":"https:\/\/fpsuperiorufv.es\/blog\/wp-json\/wp\/v2\/posts\/283534\/revisions"}],"predecessor-version":[{"id":283792,"href":"https:\/\/fpsuperiorufv.es\/blog\/wp-json\/wp\/v2\/posts\/283534\/revisions\/283792"}],"wp:featuredmedia":[{"embeddable":true,"href":"https:\/\/fpsuperiorufv.es\/blog\/wp-json\/wp\/v2\/media\/2607"}],"wp:attachment":[{"href":"https:\/\/fpsuperiorufv.es\/blog\/wp-json\/wp\/v2\/media?parent=283534"}],"wp:term":[{"taxonomy":"category","embeddable":true,"href":"https:\/\/fpsuperiorufv.es\/blog\/wp-json\/wp\/v2\/categories?post=283534"},{"taxonomy":"post_tag","embeddable":true,"href":"https:\/\/fpsuperiorufv.es\/blog\/wp-json\/wp\/v2\/tags?post=283534"}],"curies":[{"name":"wp","href":"https:\/\/api.w.org\/{rel}","templated":true}]}}