{"id":283562,"date":"2026-03-18T19:36:25","date_gmt":"2026-03-18T19:36:25","guid":{"rendered":"https:\/\/soleyantonio.es\/fp-online-vs-presencial-para-fp-en-asesoria-de-imagen-personal-y-corporativa-cual-te-conviene-segun-tu-perfil\/"},"modified":"2026-04-23T12:12:26","modified_gmt":"2026-04-23T10:12:26","slug":"fp-online-vs-presencial-para-fp-en-asesoria-de-imagen-personal-y-corporativa-cual-te-conviene-segun-tu-perfil-blog-2","status":"publish","type":"post","link":"https:\/\/fpsuperiorufv.es\/blog\/fp-online-vs-presencial-para-fp-en-asesoria-de-imagen-personal-y-corporativa-cual-te-conviene-segun-tu-perfil-blog-2\/","title":{"rendered":"FP Online vs Presencial para FP en Asesor\u00eda de Imagen Personal y Corporativa: cu\u00e1l te conviene seg\u00fan tu perfil"},"content":{"rendered":"<h2>FP Online vs Presencial para FP en Asesor\u00eda de Imagen Personal y Corporativa: \u00bfCu\u00e1l te conviene seg\u00fan tu perfil?<\/h2>\n<p>Si est\u00e1s pensando en formarte en el apasionante mundo de la Asesor\u00eda de Imagen Personal y Corporativa, es probable que te est\u00e9s preguntando si optar por una modalidad online o presencial. En este art\u00edculo, vamos a explorar las ventajas y desventajas de cada opci\u00f3n, para que puedas tomar la decisi\u00f3n m\u00e1s adecuada seg\u00fan tu perfil y necesidades. \u00bfTe animas a descubrirlo?<\/p>\n<h2>Curiosidades y estad\u00edsticas sobre FP Online vs Presencial<\/h2>\n<ul>\n<li>El 85% de los estudiantes de FP considera que la formaci\u00f3n pr\u00e1ctica es esencial para su desarrollo profesional.<\/li>\n<li>El 65% de los alumnos que optan por la formaci\u00f3n online se\u00f1ala que el principal beneficio es la flexibilidad horaria.<\/li>\n<li>Las tasas de empleabilidad en FP superan el 70%, independientemente de la modalidad elegida.<\/li>\n<li>La formaci\u00f3n presencial permite un contacto directo con los docentes y compa\u00f1eros, lo que enriquece el aprendizaje.<\/li>\n<li>El 40% de los estudiantes online menciona la dificultad de mantenerse motivado sin un horario fijo.<\/li>\n<\/ul>\n<h2>Modalidad Presencial: Ventajas y Desventajas<\/h2>\n<p>La modalidad presencial tiene sus propios encantos y desaf\u00edos. Vamos a verlos en detalle.<\/p>\n<h3>Ventajas de la Formaci\u00f3n Presencial<\/h3>\n<ul>\n<li><strong>Interacci\u00f3n directa:<\/strong> Puedes hacer preguntas en tiempo real y recibir retroalimentaci\u00f3n inmediata.<\/li>\n<li><strong>Pr\u00e1cticas en vivo:<\/strong> Tienes la oportunidad de realizar pr\u00e1cticas en entornos reales, lo que te prepara mejor para el mercado laboral.<\/li>\n<li><strong>Networking:<\/strong> Conoces a otros profesionales y estudiantes, lo que puede abrirte puertas en el futuro.<\/li>\n<li><strong>Disciplina:<\/strong> Al tener un horario fijo, es m\u00e1s f\u00e1cil mantener una rutina de estudios.<\/li>\n<\/ul>\n<h3>Desventajas de la Formaci\u00f3n Presencial<\/h3>\n<ul>\n<li><strong>Menos flexibilidad:<\/strong> Debes ajustarte a un horario espec\u00edfico, lo que puede ser complicado si trabajas o tienes otras responsabilidades.<\/li>\n<li><strong>Desplazamientos:<\/strong> Los viajes diarios al centro de formaci\u00f3n pueden ser agotadores y consumir tiempo.<\/li>\n<li><strong>Costos adicionales:<\/strong> Posibles gastos en transporte y materiales.<\/li>\n<\/ul>\n<h2>Modalidad Online: Ventajas y Desventajas<\/h2>\n<p>La formaci\u00f3n online ha ganado popularidad en los \u00faltimos a\u00f1os. Veamos sus beneficios y desventajas.<\/p>\n<h3>Ventajas de la Formaci\u00f3n Online<\/h3>\n<ul>\n<li><strong>Flexibilidad horaria:<\/strong> Puedes estudiar a tu ritmo, adaptando los horarios a tus necesidades.<\/li>\n<li><strong>Acceso a recursos variados:<\/strong> Suelen ofrecer plataformas con materiales multimedia que enriquecen el aprendizaje.<\/li>\n<li><strong>Menos costos:<\/strong> Evitas gastos de transporte y, a menudo, los materiales son digitales.<\/li>\n<li><strong>Comodidad:<\/strong> Puedes estudiar desde casa, creando un entorno de aprendizaje c\u00f3modo para ti.<\/li>\n<\/ul>\n<h3>Desventajas de la Formaci\u00f3n Online<\/h3>\n<ul>\n<li><strong>Falta de interacci\u00f3n:<\/strong> Puede ser dif\u00edcil mantener la motivaci\u00f3n sin un profesor presente.<\/li>\n<li><strong>Autodisciplina necesaria:<\/strong> Requiere un alto nivel de auto-organizaci\u00f3n para cumplir con las tareas y plazos.<\/li>\n<li><strong>Menos pr\u00e1cticas en vivo:<\/strong> Aunque hay simulaciones, la experiencia pr\u00e1ctica real puede ser limitada.<\/li>\n<\/ul>\n<h2>\u00bfQu\u00e9 modalidad elegir seg\u00fan tu perfil?<\/h2>\n<p>La elecci\u00f3n entre FP Online y Presencial depender\u00e1, en gran medida, de tu perfil personal y profesional. Aqu\u00ed te dejamos algunas consideraciones que podr\u00edan ayudarte:<\/p>\n<h3>Perfil que se adapta mejor a la formaci\u00f3n presencial<\/h3>\n<ul>\n<li>Te gusta trabajar en equipo y aprender de la interacci\u00f3n con otros.<\/li>\n<li>Prefieres un ambiente estructurado con horarios fijos.<\/li>\n<li>Eres una persona que se siente m\u00e1s motivada en un entorno de aula.<\/li>\n<li>Buscas realizar pr\u00e1cticas en tiempo real y tener un contacto directo con profesionales del sector.<\/li>\n<\/ul>\n<h3>Perfil que se adapta mejor a la formaci\u00f3n online<\/h3>\n<ul>\n<li>Necesitas flexibilidad para compaginar estudios con trabajo u otras responsabilidades.<\/li>\n<li>Eres una persona autodidacta que se siente c\u00f3moda aprendiendo de manera independiente.<\/li>\n<li>Te gusta explorar recursos digitales y tienes habilidades tecnol\u00f3gicas.<\/li>\n<li>Prefieres un enfoque m\u00e1s personalizado y a tu propio ritmo.<\/li>\n<\/ul>\n<h2>Ejemplos de situaciones<\/h2>\n<p>Para ayudarte a visualizar mejor tu decisi\u00f3n, aqu\u00ed tienes un par de ejemplos:<\/p>\n<h3>Ejemplo 1: Mar\u00eda, la estudiante presencial<\/h3>\n<p>Mar\u00eda es una joven que acaba de terminar el bachillerato y desea formarse en Asesor\u00eda de Imagen Personal. Le encanta el contacto humano y se siente m\u00e1s motivada al estudiar en un aula. Adem\u00e1s, cree que tener un profesor a su disposici\u00f3n para resolver dudas instant\u00e1neamente es crucial para su aprendizaje. En este caso, la modalidad presencial es ideal para ella.<\/p>\n<h3>Ejemplo 2: Juan, el estudiante online<\/h3>\n<p>Juan trabaja a tiempo parcial y busca una formaci\u00f3n que le permita seguir con su empleo. Es una persona organizada y le gusta aprender a su propio ritmo. La idea de asistir a clases presenciales no le resulta atractiva, ya que su trabajo le impide tener un horario fijo. Para \u00e9l, la formaci\u00f3n online es la mejor opci\u00f3n, ya que le ofrece la flexibilidad que necesita.<\/p>\n<h2>Proceso de Admisi\u00f3n<\/h2>\n<p>Si despu\u00e9s de leer este art\u00edculo te has decidido por un Ciclo Formativo en Asesor\u00eda de Imagen Personal y Corporativa, no dudes en consultar nuestro <a href=https:\/\/fpsuperiorufv.es\/secretaria-admision-y-ayuda\/>Proceso de Admisi\u00f3n<\/a>. Estamos aqu\u00ed para guiarte en cada paso del camino hacia tu futuro profesional.<\/p>\n<h2>Preguntas Frecuentes<\/h2>\n<h3>\u00bfPuedo combinar FP Online con un trabajo a tiempo parcial?<\/h3>\n<p>S\u00ed, la modalidad online es muy flexible y se adapta perfectamente a tus horarios laborales, permiti\u00e9ndote estudiar cuando m\u00e1s te convenga.<\/p>\n<h3>\u00bfLa formaci\u00f3n presencial ofrece m\u00e1s oportunidades de pr\u00e1cticas?<\/h3>\n<p>Generalmente, s\u00ed. La formaci\u00f3n presencial suele contar con convenios con empresas que facilitan la realizaci\u00f3n de pr\u00e1cticas en entornos reales.<\/p>\n<h3>\u00bfQu\u00e9 modalidad ofrece mejores tasas de empleabilidad?<\/h3>\n<p>Tanto la modalidad online como la presencial tienen altas tasas de empleabilidad, siempre y cuando te comprometas con tu formaci\u00f3n y adquieras las competencias necesarias.<\/p>\n<h3>\u00bfNecesito alg\u00fan equipo especial para estudiar online?<\/h3>\n<p>Principalmente, necesitar\u00e1s un ordenador y conexi\u00f3n a internet. Algunos cursos pueden requerir software espec\u00edfico, pero generalmente se te proporcionar\u00e1 acceso a los recursos necesarios.<\/p>\n<h3>\u00bfQu\u00e9 tipo de apoyo recibir\u00e9 en cada modalidad?<\/h3>\n<p>En la modalidad presencial, recibir\u00e1s apoyo directo de tus profesores y compa\u00f1eros. En la modalidad online, contar\u00e1s con foros, tutor\u00edas virtuales y recursos digitales para resolver tus dudas.<\/p>\n","protected":false},"excerpt":{"rendered":"<p>FP Online vs Presencial para FP en Asesor\u00eda de Imagen Personal y Corporativa: \u00bfCu\u00e1l te conviene seg\u00fan tu perfil? Si est\u00e1s pensando en formarte en el apasionante mundo de la Asesor\u00eda de Imagen Personal y Corporativa, es probable que te est\u00e9s preguntando si optar por una modalidad online o presencial. En este art\u00edculo, vamos a [&hellip;]<\/p>\n","protected":false},"author":3,"featured_media":2577,"comment_status":"open","ping_status":"open","sticky":false,"template":"","format":"standard","meta":{"inline_featured_image":false,"footnotes":""},"categories":[377,385,393],"tags":[],"class_list":["post-283562","post","type-post","status-publish","format-standard","has-post-thumbnail","hentry","category-asesoria-de-imagen-personal-y-corporativa","category-grados-superiores-a-distancia","category-preguntas-frecuentes"],"yoast_head":"<!-- This site is optimized with the Yoast SEO plugin v27.4 - https:\/\/yoast.com\/product\/yoast-seo-wordpress\/ -->\n<title>FP Online vs Presencial para FP en Asesor\u00eda de Imagen Personal y Corporativa: cu\u00e1l te conviene seg\u00fan tu perfil - Cetys<\/title>\n<meta name=\"robots\" content=\"index, follow, max-snippet:-1, max-image-preview:large, max-video-preview:-1\" \/>\n<link rel=\"canonical\" href=\"https:\/\/fpsuperiorufv.es\/blog\/fp-online-vs-presencial-para-fp-en-asesoria-de-imagen-personal-y-corporativa-cual-te-conviene-segun-tu-perfil-blog-2\/\" \/>\n<meta property=\"og:locale\" content=\"es_ES\" \/>\n<meta property=\"og:type\" content=\"article\" \/>\n<meta property=\"og:title\" content=\"FP Online vs Presencial para FP en Asesor\u00eda de Imagen Personal y Corporativa: cu\u00e1l te conviene seg\u00fan tu perfil - Cetys\" \/>\n<meta property=\"og:description\" content=\"FP Online vs Presencial para FP en Asesor\u00eda de Imagen Personal y Corporativa: \u00bfCu\u00e1l te conviene seg\u00fan tu perfil? Si est\u00e1s pensando en formarte en el apasionante mundo de la Asesor\u00eda de Imagen Personal y Corporativa, es probable que te est\u00e9s preguntando si optar por una modalidad online o presencial. En este art\u00edculo, vamos a [&hellip;]\" \/>\n<meta property=\"og:url\" content=\"https:\/\/fpsuperiorufv.es\/blog\/fp-online-vs-presencial-para-fp-en-asesoria-de-imagen-personal-y-corporativa-cual-te-conviene-segun-tu-perfil-blog-2\/\" \/>\n<meta property=\"og:site_name\" content=\"Cetys\" \/>\n<meta property=\"article:published_time\" content=\"2026-03-18T19:36:25+00:00\" \/>\n<meta property=\"article:modified_time\" content=\"2026-04-23T10:12:26+00:00\" \/>\n<meta property=\"og:image\" content=\"https:\/\/fpsuperiorufv.es\/blog\/wp-content\/uploads\/2025\/08\/que-es-un-personal-shopper.png\" \/>\n\t<meta property=\"og:image:width\" content=\"1280\" \/>\n\t<meta property=\"og:image:height\" content=\"853\" \/>\n\t<meta property=\"og:image:type\" content=\"image\/png\" \/>\n<meta name=\"author\" content=\"FP Superior UFV\" \/>\n<meta name=\"twitter:card\" content=\"summary_large_image\" \/>\n<meta name=\"twitter:label1\" content=\"Escrito por\" \/>\n\t<meta name=\"twitter:data1\" content=\"FP Superior UFV\" \/>\n\t<meta name=\"twitter:label2\" content=\"Tiempo de lectura\" \/>\n\t<meta name=\"twitter:data2\" content=\"5 minutos\" \/>\n<script type=\"application\/ld+json\" class=\"yoast-schema-graph\">{\"@context\":\"https:\\\/\\\/schema.org\",\"@graph\":[{\"@type\":\"Article\",\"@id\":\"https:\\\/\\\/fpsuperiorufv.es\\\/blog\\\/fp-online-vs-presencial-para-fp-en-asesoria-de-imagen-personal-y-corporativa-cual-te-conviene-segun-tu-perfil-blog-2\\\/#article\",\"isPartOf\":{\"@id\":\"https:\\\/\\\/fpsuperiorufv.es\\\/blog\\\/fp-online-vs-presencial-para-fp-en-asesoria-de-imagen-personal-y-corporativa-cual-te-conviene-segun-tu-perfil-blog-2\\\/\"},\"author\":{\"name\":\"FP Superior UFV\",\"@id\":\"https:\\\/\\\/fpsuperiorufv.es\\\/blog\\\/#\\\/schema\\\/person\\\/6eed41dc866f12d961994f51f39f8796\"},\"headline\":\"FP Online vs Presencial para FP en Asesor\u00eda de Imagen Personal y Corporativa: cu\u00e1l te conviene seg\u00fan tu perfil\",\"datePublished\":\"2026-03-18T19:36:25+00:00\",\"dateModified\":\"2026-04-23T10:12:26+00:00\",\"mainEntityOfPage\":{\"@id\":\"https:\\\/\\\/fpsuperiorufv.es\\\/blog\\\/fp-online-vs-presencial-para-fp-en-asesoria-de-imagen-personal-y-corporativa-cual-te-conviene-segun-tu-perfil-blog-2\\\/\"},\"wordCount\":1026,\"commentCount\":0,\"publisher\":{\"@id\":\"https:\\\/\\\/fpsuperiorufv.es\\\/blog\\\/#organization\"},\"image\":{\"@id\":\"https:\\\/\\\/fpsuperiorufv.es\\\/blog\\\/fp-online-vs-presencial-para-fp-en-asesoria-de-imagen-personal-y-corporativa-cual-te-conviene-segun-tu-perfil-blog-2\\\/#primaryimage\"},\"thumbnailUrl\":\"https:\\\/\\\/fpsuperiorufv.es\\\/blog\\\/wp-content\\\/uploads\\\/2025\\\/08\\\/que-es-un-personal-shopper.png\",\"articleSection\":[\"Asesor\u00eda de Imagen Personal y Corporativa\",\"Grados superiores a distancia\",\"Preguntas frecuentes\"],\"inLanguage\":\"es\",\"potentialAction\":[{\"@type\":\"CommentAction\",\"name\":\"Comment\",\"target\":[\"https:\\\/\\\/fpsuperiorufv.es\\\/blog\\\/fp-online-vs-presencial-para-fp-en-asesoria-de-imagen-personal-y-corporativa-cual-te-conviene-segun-tu-perfil-blog-2\\\/#respond\"]}]},{\"@type\":\"WebPage\",\"@id\":\"https:\\\/\\\/fpsuperiorufv.es\\\/blog\\\/fp-online-vs-presencial-para-fp-en-asesoria-de-imagen-personal-y-corporativa-cual-te-conviene-segun-tu-perfil-blog-2\\\/\",\"url\":\"https:\\\/\\\/fpsuperiorufv.es\\\/blog\\\/fp-online-vs-presencial-para-fp-en-asesoria-de-imagen-personal-y-corporativa-cual-te-conviene-segun-tu-perfil-blog-2\\\/\",\"name\":\"FP Online vs Presencial para FP en Asesor\u00eda de Imagen Personal y Corporativa: cu\u00e1l te conviene seg\u00fan tu perfil - Cetys\",\"isPartOf\":{\"@id\":\"https:\\\/\\\/fpsuperiorufv.es\\\/blog\\\/#website\"},\"primaryImageOfPage\":{\"@id\":\"https:\\\/\\\/fpsuperiorufv.es\\\/blog\\\/fp-online-vs-presencial-para-fp-en-asesoria-de-imagen-personal-y-corporativa-cual-te-conviene-segun-tu-perfil-blog-2\\\/#primaryimage\"},\"image\":{\"@id\":\"https:\\\/\\\/fpsuperiorufv.es\\\/blog\\\/fp-online-vs-presencial-para-fp-en-asesoria-de-imagen-personal-y-corporativa-cual-te-conviene-segun-tu-perfil-blog-2\\\/#primaryimage\"},\"thumbnailUrl\":\"https:\\\/\\\/fpsuperiorufv.es\\\/blog\\\/wp-content\\\/uploads\\\/2025\\\/08\\\/que-es-un-personal-shopper.png\",\"datePublished\":\"2026-03-18T19:36:25+00:00\",\"dateModified\":\"2026-04-23T10:12:26+00:00\",\"breadcrumb\":{\"@id\":\"https:\\\/\\\/fpsuperiorufv.es\\\/blog\\\/fp-online-vs-presencial-para-fp-en-asesoria-de-imagen-personal-y-corporativa-cual-te-conviene-segun-tu-perfil-blog-2\\\/#breadcrumb\"},\"inLanguage\":\"es\",\"potentialAction\":[{\"@type\":\"ReadAction\",\"target\":[\"https:\\\/\\\/fpsuperiorufv.es\\\/blog\\\/fp-online-vs-presencial-para-fp-en-asesoria-de-imagen-personal-y-corporativa-cual-te-conviene-segun-tu-perfil-blog-2\\\/\"]}]},{\"@type\":\"ImageObject\",\"inLanguage\":\"es\",\"@id\":\"https:\\\/\\\/fpsuperiorufv.es\\\/blog\\\/fp-online-vs-presencial-para-fp-en-asesoria-de-imagen-personal-y-corporativa-cual-te-conviene-segun-tu-perfil-blog-2\\\/#primaryimage\",\"url\":\"https:\\\/\\\/fpsuperiorufv.es\\\/blog\\\/wp-content\\\/uploads\\\/2025\\\/08\\\/que-es-un-personal-shopper.png\",\"contentUrl\":\"https:\\\/\\\/fpsuperiorufv.es\\\/blog\\\/wp-content\\\/uploads\\\/2025\\\/08\\\/que-es-un-personal-shopper.png\",\"width\":1280,\"height\":853},{\"@type\":\"BreadcrumbList\",\"@id\":\"https:\\\/\\\/fpsuperiorufv.es\\\/blog\\\/fp-online-vs-presencial-para-fp-en-asesoria-de-imagen-personal-y-corporativa-cual-te-conviene-segun-tu-perfil-blog-2\\\/#breadcrumb\",\"itemListElement\":[{\"@type\":\"ListItem\",\"position\":1,\"name\":\"Home\",\"item\":\"https:\\\/\\\/fpsuperiorufv.es\\\/blog\\\/\"},{\"@type\":\"ListItem\",\"position\":2,\"name\":\"FP Online vs Presencial para FP en Asesor\u00eda de Imagen Personal y Corporativa: cu\u00e1l te conviene seg\u00fan tu perfil\"}]},{\"@type\":\"WebSite\",\"@id\":\"https:\\\/\\\/fpsuperiorufv.es\\\/blog\\\/#website\",\"url\":\"https:\\\/\\\/fpsuperiorufv.es\\\/blog\\\/\",\"name\":\"Fp Superior Francisco de Vitoria\",\"description\":\"\",\"publisher\":{\"@id\":\"https:\\\/\\\/fpsuperiorufv.es\\\/blog\\\/#organization\"},\"alternateName\":\"Cetys\",\"potentialAction\":[{\"@type\":\"SearchAction\",\"target\":{\"@type\":\"EntryPoint\",\"urlTemplate\":\"https:\\\/\\\/fpsuperiorufv.es\\\/blog\\\/?s={search_term_string}\"},\"query-input\":{\"@type\":\"PropertyValueSpecification\",\"valueRequired\":true,\"valueName\":\"search_term_string\"}}],\"inLanguage\":\"es\"},{\"@type\":\"Organization\",\"@id\":\"https:\\\/\\\/fpsuperiorufv.es\\\/blog\\\/#organization\",\"name\":\"Cetys\",\"url\":\"https:\\\/\\\/fpsuperiorufv.es\\\/blog\\\/\",\"logo\":{\"@type\":\"ImageObject\",\"inLanguage\":\"es\",\"@id\":\"https:\\\/\\\/fpsuperiorufv.es\\\/blog\\\/#\\\/schema\\\/logo\\\/image\\\/\",\"url\":\"https:\\\/\\\/fpsuperiorufv.lo\\\/wp-content\\\/uploads\\\/2025\\\/02\\\/logo.svg\",\"contentUrl\":\"https:\\\/\\\/fpsuperiorufv.lo\\\/wp-content\\\/uploads\\\/2025\\\/02\\\/logo.svg\",\"width\":\"1024\",\"height\":\"1024\",\"caption\":\"Cetys\"},\"image\":{\"@id\":\"https:\\\/\\\/fpsuperiorufv.es\\\/blog\\\/#\\\/schema\\\/logo\\\/image\\\/\"}},{\"@type\":\"Person\",\"@id\":\"https:\\\/\\\/fpsuperiorufv.es\\\/blog\\\/#\\\/schema\\\/person\\\/6eed41dc866f12d961994f51f39f8796\",\"name\":\"FP Superior UFV\",\"image\":{\"@type\":\"ImageObject\",\"inLanguage\":\"es\",\"@id\":\"https:\\\/\\\/secure.gravatar.com\\\/avatar\\\/2cb5eeb90ddddf18129790c93583d4ae96ca8a625c07994637c8fc9d35252ce5?s=96&d=mm&r=g\",\"url\":\"https:\\\/\\\/secure.gravatar.com\\\/avatar\\\/2cb5eeb90ddddf18129790c93583d4ae96ca8a625c07994637c8fc9d35252ce5?s=96&d=mm&r=g\",\"contentUrl\":\"https:\\\/\\\/secure.gravatar.com\\\/avatar\\\/2cb5eeb90ddddf18129790c93583d4ae96ca8a625c07994637c8fc9d35252ce5?s=96&d=mm&r=g\",\"caption\":\"FP Superior UFV\"},\"url\":\"https:\\\/\\\/fpsuperiorufv.es\\\/blog\\\/author\\\/cetys\\\/\"}]}<\/script>\n<!-- \/ Yoast SEO plugin. -->","yoast_head_json":{"title":"FP Online vs Presencial para FP en Asesor\u00eda de Imagen Personal y Corporativa: cu\u00e1l te conviene seg\u00fan tu perfil - Cetys","robots":{"index":"index","follow":"follow","max-snippet":"max-snippet:-1","max-image-preview":"max-image-preview:large","max-video-preview":"max-video-preview:-1"},"canonical":"https:\/\/fpsuperiorufv.es\/blog\/fp-online-vs-presencial-para-fp-en-asesoria-de-imagen-personal-y-corporativa-cual-te-conviene-segun-tu-perfil-blog-2\/","og_locale":"es_ES","og_type":"article","og_title":"FP Online vs Presencial para FP en Asesor\u00eda de Imagen Personal y Corporativa: cu\u00e1l te conviene seg\u00fan tu perfil - Cetys","og_description":"FP Online vs Presencial para FP en Asesor\u00eda de Imagen Personal y Corporativa: \u00bfCu\u00e1l te conviene seg\u00fan tu perfil? Si est\u00e1s pensando en formarte en el apasionante mundo de la Asesor\u00eda de Imagen Personal y Corporativa, es probable que te est\u00e9s preguntando si optar por una modalidad online o presencial. En este art\u00edculo, vamos a [&hellip;]","og_url":"https:\/\/fpsuperiorufv.es\/blog\/fp-online-vs-presencial-para-fp-en-asesoria-de-imagen-personal-y-corporativa-cual-te-conviene-segun-tu-perfil-blog-2\/","og_site_name":"Cetys","article_published_time":"2026-03-18T19:36:25+00:00","article_modified_time":"2026-04-23T10:12:26+00:00","og_image":[{"width":1280,"height":853,"url":"https:\/\/fpsuperiorufv.es\/blog\/wp-content\/uploads\/2025\/08\/que-es-un-personal-shopper.png","type":"image\/png"}],"author":"FP Superior UFV","twitter_card":"summary_large_image","twitter_misc":{"Escrito por":"FP Superior UFV","Tiempo de lectura":"5 minutos"},"schema":{"@context":"https:\/\/schema.org","@graph":[{"@type":"Article","@id":"https:\/\/fpsuperiorufv.es\/blog\/fp-online-vs-presencial-para-fp-en-asesoria-de-imagen-personal-y-corporativa-cual-te-conviene-segun-tu-perfil-blog-2\/#article","isPartOf":{"@id":"https:\/\/fpsuperiorufv.es\/blog\/fp-online-vs-presencial-para-fp-en-asesoria-de-imagen-personal-y-corporativa-cual-te-conviene-segun-tu-perfil-blog-2\/"},"author":{"name":"FP Superior UFV","@id":"https:\/\/fpsuperiorufv.es\/blog\/#\/schema\/person\/6eed41dc866f12d961994f51f39f8796"},"headline":"FP Online vs Presencial para FP en Asesor\u00eda de Imagen Personal y Corporativa: cu\u00e1l te conviene seg\u00fan tu perfil","datePublished":"2026-03-18T19:36:25+00:00","dateModified":"2026-04-23T10:12:26+00:00","mainEntityOfPage":{"@id":"https:\/\/fpsuperiorufv.es\/blog\/fp-online-vs-presencial-para-fp-en-asesoria-de-imagen-personal-y-corporativa-cual-te-conviene-segun-tu-perfil-blog-2\/"},"wordCount":1026,"commentCount":0,"publisher":{"@id":"https:\/\/fpsuperiorufv.es\/blog\/#organization"},"image":{"@id":"https:\/\/fpsuperiorufv.es\/blog\/fp-online-vs-presencial-para-fp-en-asesoria-de-imagen-personal-y-corporativa-cual-te-conviene-segun-tu-perfil-blog-2\/#primaryimage"},"thumbnailUrl":"https:\/\/fpsuperiorufv.es\/blog\/wp-content\/uploads\/2025\/08\/que-es-un-personal-shopper.png","articleSection":["Asesor\u00eda de Imagen Personal y Corporativa","Grados superiores a distancia","Preguntas frecuentes"],"inLanguage":"es","potentialAction":[{"@type":"CommentAction","name":"Comment","target":["https:\/\/fpsuperiorufv.es\/blog\/fp-online-vs-presencial-para-fp-en-asesoria-de-imagen-personal-y-corporativa-cual-te-conviene-segun-tu-perfil-blog-2\/#respond"]}]},{"@type":"WebPage","@id":"https:\/\/fpsuperiorufv.es\/blog\/fp-online-vs-presencial-para-fp-en-asesoria-de-imagen-personal-y-corporativa-cual-te-conviene-segun-tu-perfil-blog-2\/","url":"https:\/\/fpsuperiorufv.es\/blog\/fp-online-vs-presencial-para-fp-en-asesoria-de-imagen-personal-y-corporativa-cual-te-conviene-segun-tu-perfil-blog-2\/","name":"FP Online vs Presencial para FP en Asesor\u00eda de Imagen Personal y Corporativa: cu\u00e1l te conviene seg\u00fan tu perfil - Cetys","isPartOf":{"@id":"https:\/\/fpsuperiorufv.es\/blog\/#website"},"primaryImageOfPage":{"@id":"https:\/\/fpsuperiorufv.es\/blog\/fp-online-vs-presencial-para-fp-en-asesoria-de-imagen-personal-y-corporativa-cual-te-conviene-segun-tu-perfil-blog-2\/#primaryimage"},"image":{"@id":"https:\/\/fpsuperiorufv.es\/blog\/fp-online-vs-presencial-para-fp-en-asesoria-de-imagen-personal-y-corporativa-cual-te-conviene-segun-tu-perfil-blog-2\/#primaryimage"},"thumbnailUrl":"https:\/\/fpsuperiorufv.es\/blog\/wp-content\/uploads\/2025\/08\/que-es-un-personal-shopper.png","datePublished":"2026-03-18T19:36:25+00:00","dateModified":"2026-04-23T10:12:26+00:00","breadcrumb":{"@id":"https:\/\/fpsuperiorufv.es\/blog\/fp-online-vs-presencial-para-fp-en-asesoria-de-imagen-personal-y-corporativa-cual-te-conviene-segun-tu-perfil-blog-2\/#breadcrumb"},"inLanguage":"es","potentialAction":[{"@type":"ReadAction","target":["https:\/\/fpsuperiorufv.es\/blog\/fp-online-vs-presencial-para-fp-en-asesoria-de-imagen-personal-y-corporativa-cual-te-conviene-segun-tu-perfil-blog-2\/"]}]},{"@type":"ImageObject","inLanguage":"es","@id":"https:\/\/fpsuperiorufv.es\/blog\/fp-online-vs-presencial-para-fp-en-asesoria-de-imagen-personal-y-corporativa-cual-te-conviene-segun-tu-perfil-blog-2\/#primaryimage","url":"https:\/\/fpsuperiorufv.es\/blog\/wp-content\/uploads\/2025\/08\/que-es-un-personal-shopper.png","contentUrl":"https:\/\/fpsuperiorufv.es\/blog\/wp-content\/uploads\/2025\/08\/que-es-un-personal-shopper.png","width":1280,"height":853},{"@type":"BreadcrumbList","@id":"https:\/\/fpsuperiorufv.es\/blog\/fp-online-vs-presencial-para-fp-en-asesoria-de-imagen-personal-y-corporativa-cual-te-conviene-segun-tu-perfil-blog-2\/#breadcrumb","itemListElement":[{"@type":"ListItem","position":1,"name":"Home","item":"https:\/\/fpsuperiorufv.es\/blog\/"},{"@type":"ListItem","position":2,"name":"FP Online vs Presencial para FP en Asesor\u00eda de Imagen Personal y Corporativa: cu\u00e1l te conviene seg\u00fan tu perfil"}]},{"@type":"WebSite","@id":"https:\/\/fpsuperiorufv.es\/blog\/#website","url":"https:\/\/fpsuperiorufv.es\/blog\/","name":"Fp Superior Francisco de Vitoria","description":"","publisher":{"@id":"https:\/\/fpsuperiorufv.es\/blog\/#organization"},"alternateName":"Cetys","potentialAction":[{"@type":"SearchAction","target":{"@type":"EntryPoint","urlTemplate":"https:\/\/fpsuperiorufv.es\/blog\/?s={search_term_string}"},"query-input":{"@type":"PropertyValueSpecification","valueRequired":true,"valueName":"search_term_string"}}],"inLanguage":"es"},{"@type":"Organization","@id":"https:\/\/fpsuperiorufv.es\/blog\/#organization","name":"Cetys","url":"https:\/\/fpsuperiorufv.es\/blog\/","logo":{"@type":"ImageObject","inLanguage":"es","@id":"https:\/\/fpsuperiorufv.es\/blog\/#\/schema\/logo\/image\/","url":"https:\/\/fpsuperiorufv.lo\/wp-content\/uploads\/2025\/02\/logo.svg","contentUrl":"https:\/\/fpsuperiorufv.lo\/wp-content\/uploads\/2025\/02\/logo.svg","width":"1024","height":"1024","caption":"Cetys"},"image":{"@id":"https:\/\/fpsuperiorufv.es\/blog\/#\/schema\/logo\/image\/"}},{"@type":"Person","@id":"https:\/\/fpsuperiorufv.es\/blog\/#\/schema\/person\/6eed41dc866f12d961994f51f39f8796","name":"FP Superior UFV","image":{"@type":"ImageObject","inLanguage":"es","@id":"https:\/\/secure.gravatar.com\/avatar\/2cb5eeb90ddddf18129790c93583d4ae96ca8a625c07994637c8fc9d35252ce5?s=96&d=mm&r=g","url":"https:\/\/secure.gravatar.com\/avatar\/2cb5eeb90ddddf18129790c93583d4ae96ca8a625c07994637c8fc9d35252ce5?s=96&d=mm&r=g","contentUrl":"https:\/\/secure.gravatar.com\/avatar\/2cb5eeb90ddddf18129790c93583d4ae96ca8a625c07994637c8fc9d35252ce5?s=96&d=mm&r=g","caption":"FP Superior UFV"},"url":"https:\/\/fpsuperiorufv.es\/blog\/author\/cetys\/"}]}},"_links":{"self":[{"href":"https:\/\/fpsuperiorufv.es\/blog\/wp-json\/wp\/v2\/posts\/283562","targetHints":{"allow":["GET"]}}],"collection":[{"href":"https:\/\/fpsuperiorufv.es\/blog\/wp-json\/wp\/v2\/posts"}],"about":[{"href":"https:\/\/fpsuperiorufv.es\/blog\/wp-json\/wp\/v2\/types\/post"}],"author":[{"embeddable":true,"href":"https:\/\/fpsuperiorufv.es\/blog\/wp-json\/wp\/v2\/users\/3"}],"replies":[{"embeddable":true,"href":"https:\/\/fpsuperiorufv.es\/blog\/wp-json\/wp\/v2\/comments?post=283562"}],"version-history":[{"count":1,"href":"https:\/\/fpsuperiorufv.es\/blog\/wp-json\/wp\/v2\/posts\/283562\/revisions"}],"predecessor-version":[{"id":283774,"href":"https:\/\/fpsuperiorufv.es\/blog\/wp-json\/wp\/v2\/posts\/283562\/revisions\/283774"}],"wp:featuredmedia":[{"embeddable":true,"href":"https:\/\/fpsuperiorufv.es\/blog\/wp-json\/wp\/v2\/media\/2577"}],"wp:attachment":[{"href":"https:\/\/fpsuperiorufv.es\/blog\/wp-json\/wp\/v2\/media?parent=283562"}],"wp:term":[{"taxonomy":"category","embeddable":true,"href":"https:\/\/fpsuperiorufv.es\/blog\/wp-json\/wp\/v2\/categories?post=283562"},{"taxonomy":"post_tag","embeddable":true,"href":"https:\/\/fpsuperiorufv.es\/blog\/wp-json\/wp\/v2\/tags?post=283562"}],"curies":[{"name":"wp","href":"https:\/\/api.w.org\/{rel}","templated":true}]}}