{"id":283571,"date":"2026-03-19T01:56:44","date_gmt":"2026-03-19T01:56:44","guid":{"rendered":"https:\/\/soleyantonio.es\/fp-en-integracion-social-a-distancia-para-mayores-de-30-40-requisitos-nivel-y-salidas\/"},"modified":"2026-04-23T12:00:42","modified_gmt":"2026-04-23T10:00:42","slug":"fp-en-integracion-social-a-distancia-para-mayores-de-30-40-requisitos-nivel-y-salidas-blog","status":"publish","type":"post","link":"https:\/\/fpsuperiorufv.es\/blog\/fp-en-integracion-social-a-distancia-para-mayores-de-30-40-requisitos-nivel-y-salidas-blog\/","title":{"rendered":"FP en Integraci\u00f3n Social a Distancia para mayores de 30\/40: requisitos nivel y salidas"},"content":{"rendered":"<h2>FP en Integraci\u00f3n Social a Distancia para Mayores de 30\/40<\/h2>\n<p>\u00bfEst\u00e1s pensando en dar un nuevo rumbo a tu vida profesional? La Formaci\u00f3n Profesional (FP) en Integraci\u00f3n Social a distancia puede ser la opci\u00f3n ideal para ti. A trav\u00e9s de este programa, no solo podr\u00e1s adquirir conocimientos y habilidades esenciales, sino que tambi\u00e9n te permitir\u00e1 compatibilizar tus estudios con otras responsabilidades. En este art\u00edculo, te contamos todo lo que necesitas saber sobre este ciclo formativo, incluyendo requisitos, salidas profesionales y mucho m\u00e1s.<\/p>\n<h2>Curiosidades e Informaci\u00f3n Clave<\/h2>\n<ul>\n<li>La FP en Integraci\u00f3n Social es una de las m\u00e1s demandadas en el \u00e1mbito social.<\/li>\n<li>El 70% de los estudiantes mayores de 30 a\u00f1os que inician este ciclo logran emplearse en menos de un a\u00f1o.<\/li>\n<li>La modalidad a distancia permite estudiar desde cualquier lugar y a tu propio ritmo.<\/li>\n<li>Los profesionales en integraci\u00f3n social son clave para el bienestar de comunidades y grupos vulnerables.<\/li>\n<li>Las salidas laborales son diversas, abarcando desde el trabajo en ONGs hasta la administraci\u00f3n p\u00fablica.<\/li>\n<\/ul>\n<h2>\u00bfQu\u00e9 es la FP en Integraci\u00f3n Social?<\/h2>\n<p>La FP en Integraci\u00f3n Social est\u00e1 dise\u00f1ada para formar profesionales capaces de desarrollar y ejecutar programas de intervenci\u00f3n social. Esto incluye trabajar con personas en situaci\u00f3n de vulnerabilidad, facilitando su acceso a recursos y apoyando su integraci\u00f3n en la comunidad. Este ciclo formativo es perfecto para aquellos que desean hacer una diferencia en la vida de los dem\u00e1s.<\/p>\n<h2>Requisitos para Estudiar FP en Integraci\u00f3n Social a Distancia<\/h2>\n<p>Si te interesa este ciclo formativo, es importante que conozcas los requisitos de acceso. Aunque pueden variar, los m\u00e1s comunes son:<\/p>\n<ul>\n<li>Tener 20 a\u00f1os y poseer un t\u00edtulo de Bachillerato o equivalente.<\/li>\n<li>Contar con un t\u00edtulo de T\u00e9cnico en un ciclo formativo de grado medio.<\/li>\n<li>Ser mayor de 25 a\u00f1os y superar una prueba de acceso.<\/li>\n<li>Si tienes 30 a\u00f1os o m\u00e1s, puedes acceder sin necesidad de cumplir con los requisitos acad\u00e9micos previos.<\/li>\n<\/ul>\n<p>Estos requisitos hacen que la FP en Integraci\u00f3n Social sea accesible para muchas personas, independientemente de su situaci\u00f3n acad\u00e9mica anterior.<\/p>\n<h2>Los Niveles de Formaci\u00f3n en Integraci\u00f3n Social<\/h2>\n<p>El ciclo formativo se divide en m\u00f3dulos que abarcan diferentes \u00e1reas del conocimiento. Algunos de los m\u00f3dulos que estudiar\u00e1s incluyen:<\/p>\n<ul>\n<li>Intervenci\u00f3n y mediaci\u00f3n en el \u00e1mbito social.<\/li>\n<li>Programaci\u00f3n de actividades para grupos.<\/li>\n<li>Atenci\u00f3n a personas en situaci\u00f3n de dependencia.<\/li>\n<li>Inclusi\u00f3n social y desarrollo comunitario.<\/li>\n<\/ul>\n<p>Estos m\u00f3dulos est\u00e1n dise\u00f1ados para ofrecerte una formaci\u00f3n integral y pr\u00e1ctica, prepar\u00e1ndote para el mundo laboral.<\/p>\n<h2>Salidas Profesionales<\/h2>\n<p>Una de las grandes ventajas de estudiar FP en Integraci\u00f3n Social es la diversidad de salidas laborales disponibles. Algunas de las opciones m\u00e1s destacadas incluyen:<\/p>\n<ul>\n<li>Trabajador social en ONGs.<\/li>\n<li>Educador en programas de integraci\u00f3n.<\/li>\n<li>Coordinador de proyectos sociales.<\/li>\n<li>Asesor en pol\u00edticas de inclusi\u00f3n.<\/li>\n<li>Facilitador de grupos de apoyo.<\/li>\n<\/ul>\n<p>Cada una de estas salidas te permitir\u00e1 contribuir a la mejora de la calidad de vida de muchas personas, lo que puede ser muy gratificante.<\/p>\n<h2>Formaci\u00f3n a Distancia: Ventajas y Flexibilidad<\/h2>\n<p>Estudiar a distancia te ofrece la posibilidad de gestionar tus tiempos de manera efectiva. Algunas de las ventajas de esta modalidad son:<\/p>\n<ul>\n<li>Acceso a materiales y recursos en l\u00ednea desde cualquier lugar.<\/li>\n<li>Flexibilidad para adaptar tus horarios de estudio.<\/li>\n<li>Posibilidad de compaginar estudios con trabajo o responsabilidades familiares.<\/li>\n<li>Interacci\u00f3n con compa\u00f1eros y docentes a trav\u00e9s de plataformas virtuales.<\/li>\n<\/ul>\n<p>La FP a distancia se adapta a tu estilo de vida, permiti\u00e9ndote avanzar en tu formaci\u00f3n sin renunciar a tus otras obligaciones.<\/p>\n<h2>Proceso de Admisi\u00f3n<\/h2>\n<p>Si ya te has decidido a dar el paso y matricularte en el ciclo formativo de FP en Integraci\u00f3n Social, el primer paso es conocer el <a href=https:\/\/fpsuperiorufv.es\/secretaria-admision-y-ayuda\/ target=_blank>Proceso de Admisi\u00f3n<\/a>. Aqu\u00ed encontrar\u00e1s toda la informaci\u00f3n necesaria sobre plazos, documentaci\u00f3n y requisitos espec\u00edficos para formalizar tu matr\u00edcula.<\/p>\n<h2>Preguntas Frecuentes<\/h2>\n<h2>\u00bfPuedo estudiar FP en Integraci\u00f3n Social si tengo m\u00e1s de 40 a\u00f1os?<\/h2>\n<p>\u00a1Por supuesto! La FP en Integraci\u00f3n Social est\u00e1 abierta a personas de todas las edades. Si tienes m\u00e1s de 40 a\u00f1os, puedes acceder sin necesidad de cumplir con los requisitos acad\u00e9micos previos.<\/p>\n<h2>\u00bfQu\u00e9 tipo de apoyo recibir\u00e9 durante mis estudios a distancia?<\/h2>\n<p>Durante tus estudios, contar\u00e1s con el apoyo de tutores y profesores que estar\u00e1n disponibles para resolver tus dudas y guiarte en tu proceso de aprendizaje. Tambi\u00e9n tendr\u00e1s acceso a foros y grupos de estudio online donde podr\u00e1s interactuar con otros compa\u00f1eros.<\/p>\n<h2>\u00bfEs posible compaginar el estudio con un trabajo a tiempo completo?<\/h2>\n<p>S\u00ed, una de las principales ventajas de la formaci\u00f3n a distancia es la flexibilidad que ofrece. Podr\u00e1s organizar tu tiempo de estudio seg\u00fan tus necesidades y responsabilidades laborales.<\/p>\n<h2>\u00bfCu\u00e1nto tiempo dura el ciclo formativo?<\/h2>\n<p>La duraci\u00f3n del ciclo formativo en Integraci\u00f3n Social suele ser de 2 a\u00f1os, aunque esto puede variar en funci\u00f3n de la dedicaci\u00f3n y el ritmo de estudio de cada estudiante.<\/p>\n<h2>Conclusi\u00f3n<\/h2>\n<p>La FP en Integraci\u00f3n Social a distancia es una excelente oportunidad para aquellos que desean crecer profesionalmente y contribuir al bienestar social. Si tienes m\u00e1s de 30 a\u00f1os y buscas un cambio en tu vida, no dudes en considerar esta opci\u00f3n. Con una formaci\u00f3n s\u00f3lida y diversas salidas laborales, estamos aqu\u00ed para acompa\u00f1arte en cada paso del camino. \u00a1Tu futuro en el \u00e1mbito social comienza aqu\u00ed!<\/p>\n","protected":false},"excerpt":{"rendered":"<p>FP en Integraci\u00f3n Social a Distancia para Mayores de 30\/40 \u00bfEst\u00e1s pensando en dar un nuevo rumbo a tu vida profesional? La Formaci\u00f3n Profesional (FP) en Integraci\u00f3n Social a distancia puede ser la opci\u00f3n ideal para ti. A trav\u00e9s de este programa, no solo podr\u00e1s adquirir conocimientos y habilidades esenciales, sino que tambi\u00e9n te permitir\u00e1 [&hellip;]<\/p>\n","protected":false},"author":3,"featured_media":2699,"comment_status":"open","ping_status":"open","sticky":false,"template":"","format":"standard","meta":{"inline_featured_image":false,"footnotes":""},"categories":[385,406,393],"tags":[],"class_list":["post-283571","post","type-post","status-publish","format-standard","has-post-thumbnail","hentry","category-grados-superiores-a-distancia","category-integracion-social","category-preguntas-frecuentes"],"yoast_head":"<!-- This site is optimized with the Yoast SEO plugin v27.4 - https:\/\/yoast.com\/product\/yoast-seo-wordpress\/ -->\n<title>FP en Integraci\u00f3n Social a Distancia para mayores de 30\/40: requisitos nivel y salidas - Cetys<\/title>\n<meta name=\"robots\" content=\"index, follow, max-snippet:-1, max-image-preview:large, max-video-preview:-1\" \/>\n<link rel=\"canonical\" href=\"https:\/\/fpsuperiorufv.es\/blog\/fp-en-integracion-social-a-distancia-para-mayores-de-30-40-requisitos-nivel-y-salidas-blog\/\" \/>\n<meta property=\"og:locale\" content=\"es_ES\" \/>\n<meta property=\"og:type\" content=\"article\" \/>\n<meta property=\"og:title\" content=\"FP en Integraci\u00f3n Social a Distancia para mayores de 30\/40: requisitos nivel y salidas - Cetys\" \/>\n<meta property=\"og:description\" content=\"FP en Integraci\u00f3n Social a Distancia para Mayores de 30\/40 \u00bfEst\u00e1s pensando en dar un nuevo rumbo a tu vida profesional? La Formaci\u00f3n Profesional (FP) en Integraci\u00f3n Social a distancia puede ser la opci\u00f3n ideal para ti. A trav\u00e9s de este programa, no solo podr\u00e1s adquirir conocimientos y habilidades esenciales, sino que tambi\u00e9n te permitir\u00e1 [&hellip;]\" \/>\n<meta property=\"og:url\" content=\"https:\/\/fpsuperiorufv.es\/blog\/fp-en-integracion-social-a-distancia-para-mayores-de-30-40-requisitos-nivel-y-salidas-blog\/\" \/>\n<meta property=\"og:site_name\" content=\"Cetys\" \/>\n<meta property=\"article:published_time\" content=\"2026-03-19T01:56:44+00:00\" \/>\n<meta property=\"article:modified_time\" content=\"2026-04-23T10:00:42+00:00\" \/>\n<meta property=\"og:image\" content=\"https:\/\/fpsuperiorufv.es\/blog\/wp-content\/uploads\/2025\/08\/DSC07369-scaled-1.jpg\" \/>\n\t<meta property=\"og:image:width\" content=\"1707\" \/>\n\t<meta property=\"og:image:height\" content=\"2560\" \/>\n\t<meta property=\"og:image:type\" content=\"image\/jpeg\" \/>\n<meta name=\"author\" content=\"FP Superior UFV\" \/>\n<meta name=\"twitter:card\" content=\"summary_large_image\" \/>\n<meta name=\"twitter:label1\" content=\"Escrito por\" \/>\n\t<meta name=\"twitter:data1\" content=\"FP Superior UFV\" \/>\n\t<meta name=\"twitter:label2\" content=\"Tiempo de lectura\" \/>\n\t<meta name=\"twitter:data2\" content=\"5 minutos\" \/>\n<script type=\"application\/ld+json\" class=\"yoast-schema-graph\">{\"@context\":\"https:\\\/\\\/schema.org\",\"@graph\":[{\"@type\":\"Article\",\"@id\":\"https:\\\/\\\/fpsuperiorufv.es\\\/blog\\\/fp-en-integracion-social-a-distancia-para-mayores-de-30-40-requisitos-nivel-y-salidas-blog\\\/#article\",\"isPartOf\":{\"@id\":\"https:\\\/\\\/fpsuperiorufv.es\\\/blog\\\/fp-en-integracion-social-a-distancia-para-mayores-de-30-40-requisitos-nivel-y-salidas-blog\\\/\"},\"author\":{\"name\":\"FP Superior UFV\",\"@id\":\"https:\\\/\\\/fpsuperiorufv.es\\\/blog\\\/#\\\/schema\\\/person\\\/6eed41dc866f12d961994f51f39f8796\"},\"headline\":\"FP en Integraci\u00f3n Social a Distancia para mayores de 30\\\/40: requisitos nivel y salidas\",\"datePublished\":\"2026-03-19T01:56:44+00:00\",\"dateModified\":\"2026-04-23T10:00:42+00:00\",\"mainEntityOfPage\":{\"@id\":\"https:\\\/\\\/fpsuperiorufv.es\\\/blog\\\/fp-en-integracion-social-a-distancia-para-mayores-de-30-40-requisitos-nivel-y-salidas-blog\\\/\"},\"wordCount\":956,\"commentCount\":0,\"publisher\":{\"@id\":\"https:\\\/\\\/fpsuperiorufv.es\\\/blog\\\/#organization\"},\"image\":{\"@id\":\"https:\\\/\\\/fpsuperiorufv.es\\\/blog\\\/fp-en-integracion-social-a-distancia-para-mayores-de-30-40-requisitos-nivel-y-salidas-blog\\\/#primaryimage\"},\"thumbnailUrl\":\"https:\\\/\\\/fpsuperiorufv.es\\\/blog\\\/wp-content\\\/uploads\\\/2025\\\/08\\\/DSC07369-scaled-1.jpg\",\"articleSection\":[\"Grados superiores a distancia\",\"Integraci\u00f3n Social\",\"Preguntas frecuentes\"],\"inLanguage\":\"es\",\"potentialAction\":[{\"@type\":\"CommentAction\",\"name\":\"Comment\",\"target\":[\"https:\\\/\\\/fpsuperiorufv.es\\\/blog\\\/fp-en-integracion-social-a-distancia-para-mayores-de-30-40-requisitos-nivel-y-salidas-blog\\\/#respond\"]}]},{\"@type\":\"WebPage\",\"@id\":\"https:\\\/\\\/fpsuperiorufv.es\\\/blog\\\/fp-en-integracion-social-a-distancia-para-mayores-de-30-40-requisitos-nivel-y-salidas-blog\\\/\",\"url\":\"https:\\\/\\\/fpsuperiorufv.es\\\/blog\\\/fp-en-integracion-social-a-distancia-para-mayores-de-30-40-requisitos-nivel-y-salidas-blog\\\/\",\"name\":\"FP en Integraci\u00f3n Social a Distancia para mayores de 30\\\/40: requisitos nivel y salidas - Cetys\",\"isPartOf\":{\"@id\":\"https:\\\/\\\/fpsuperiorufv.es\\\/blog\\\/#website\"},\"primaryImageOfPage\":{\"@id\":\"https:\\\/\\\/fpsuperiorufv.es\\\/blog\\\/fp-en-integracion-social-a-distancia-para-mayores-de-30-40-requisitos-nivel-y-salidas-blog\\\/#primaryimage\"},\"image\":{\"@id\":\"https:\\\/\\\/fpsuperiorufv.es\\\/blog\\\/fp-en-integracion-social-a-distancia-para-mayores-de-30-40-requisitos-nivel-y-salidas-blog\\\/#primaryimage\"},\"thumbnailUrl\":\"https:\\\/\\\/fpsuperiorufv.es\\\/blog\\\/wp-content\\\/uploads\\\/2025\\\/08\\\/DSC07369-scaled-1.jpg\",\"datePublished\":\"2026-03-19T01:56:44+00:00\",\"dateModified\":\"2026-04-23T10:00:42+00:00\",\"breadcrumb\":{\"@id\":\"https:\\\/\\\/fpsuperiorufv.es\\\/blog\\\/fp-en-integracion-social-a-distancia-para-mayores-de-30-40-requisitos-nivel-y-salidas-blog\\\/#breadcrumb\"},\"inLanguage\":\"es\",\"potentialAction\":[{\"@type\":\"ReadAction\",\"target\":[\"https:\\\/\\\/fpsuperiorufv.es\\\/blog\\\/fp-en-integracion-social-a-distancia-para-mayores-de-30-40-requisitos-nivel-y-salidas-blog\\\/\"]}]},{\"@type\":\"ImageObject\",\"inLanguage\":\"es\",\"@id\":\"https:\\\/\\\/fpsuperiorufv.es\\\/blog\\\/fp-en-integracion-social-a-distancia-para-mayores-de-30-40-requisitos-nivel-y-salidas-blog\\\/#primaryimage\",\"url\":\"https:\\\/\\\/fpsuperiorufv.es\\\/blog\\\/wp-content\\\/uploads\\\/2025\\\/08\\\/DSC07369-scaled-1.jpg\",\"contentUrl\":\"https:\\\/\\\/fpsuperiorufv.es\\\/blog\\\/wp-content\\\/uploads\\\/2025\\\/08\\\/DSC07369-scaled-1.jpg\",\"width\":1707,\"height\":2560},{\"@type\":\"BreadcrumbList\",\"@id\":\"https:\\\/\\\/fpsuperiorufv.es\\\/blog\\\/fp-en-integracion-social-a-distancia-para-mayores-de-30-40-requisitos-nivel-y-salidas-blog\\\/#breadcrumb\",\"itemListElement\":[{\"@type\":\"ListItem\",\"position\":1,\"name\":\"Home\",\"item\":\"https:\\\/\\\/fpsuperiorufv.es\\\/blog\\\/\"},{\"@type\":\"ListItem\",\"position\":2,\"name\":\"FP en Integraci\u00f3n Social a Distancia para mayores de 30\\\/40: requisitos nivel y salidas\"}]},{\"@type\":\"WebSite\",\"@id\":\"https:\\\/\\\/fpsuperiorufv.es\\\/blog\\\/#website\",\"url\":\"https:\\\/\\\/fpsuperiorufv.es\\\/blog\\\/\",\"name\":\"Fp Superior Francisco de Vitoria\",\"description\":\"\",\"publisher\":{\"@id\":\"https:\\\/\\\/fpsuperiorufv.es\\\/blog\\\/#organization\"},\"alternateName\":\"Cetys\",\"potentialAction\":[{\"@type\":\"SearchAction\",\"target\":{\"@type\":\"EntryPoint\",\"urlTemplate\":\"https:\\\/\\\/fpsuperiorufv.es\\\/blog\\\/?s={search_term_string}\"},\"query-input\":{\"@type\":\"PropertyValueSpecification\",\"valueRequired\":true,\"valueName\":\"search_term_string\"}}],\"inLanguage\":\"es\"},{\"@type\":\"Organization\",\"@id\":\"https:\\\/\\\/fpsuperiorufv.es\\\/blog\\\/#organization\",\"name\":\"Cetys\",\"url\":\"https:\\\/\\\/fpsuperiorufv.es\\\/blog\\\/\",\"logo\":{\"@type\":\"ImageObject\",\"inLanguage\":\"es\",\"@id\":\"https:\\\/\\\/fpsuperiorufv.es\\\/blog\\\/#\\\/schema\\\/logo\\\/image\\\/\",\"url\":\"https:\\\/\\\/fpsuperiorufv.lo\\\/wp-content\\\/uploads\\\/2025\\\/02\\\/logo.svg\",\"contentUrl\":\"https:\\\/\\\/fpsuperiorufv.lo\\\/wp-content\\\/uploads\\\/2025\\\/02\\\/logo.svg\",\"width\":\"1024\",\"height\":\"1024\",\"caption\":\"Cetys\"},\"image\":{\"@id\":\"https:\\\/\\\/fpsuperiorufv.es\\\/blog\\\/#\\\/schema\\\/logo\\\/image\\\/\"}},{\"@type\":\"Person\",\"@id\":\"https:\\\/\\\/fpsuperiorufv.es\\\/blog\\\/#\\\/schema\\\/person\\\/6eed41dc866f12d961994f51f39f8796\",\"name\":\"FP Superior UFV\",\"image\":{\"@type\":\"ImageObject\",\"inLanguage\":\"es\",\"@id\":\"https:\\\/\\\/secure.gravatar.com\\\/avatar\\\/2cb5eeb90ddddf18129790c93583d4ae96ca8a625c07994637c8fc9d35252ce5?s=96&d=mm&r=g\",\"url\":\"https:\\\/\\\/secure.gravatar.com\\\/avatar\\\/2cb5eeb90ddddf18129790c93583d4ae96ca8a625c07994637c8fc9d35252ce5?s=96&d=mm&r=g\",\"contentUrl\":\"https:\\\/\\\/secure.gravatar.com\\\/avatar\\\/2cb5eeb90ddddf18129790c93583d4ae96ca8a625c07994637c8fc9d35252ce5?s=96&d=mm&r=g\",\"caption\":\"FP Superior UFV\"},\"url\":\"https:\\\/\\\/fpsuperiorufv.es\\\/blog\\\/author\\\/cetys\\\/\"}]}<\/script>\n<!-- \/ Yoast SEO plugin. -->","yoast_head_json":{"title":"FP en Integraci\u00f3n Social a Distancia para mayores de 30\/40: requisitos nivel y salidas - Cetys","robots":{"index":"index","follow":"follow","max-snippet":"max-snippet:-1","max-image-preview":"max-image-preview:large","max-video-preview":"max-video-preview:-1"},"canonical":"https:\/\/fpsuperiorufv.es\/blog\/fp-en-integracion-social-a-distancia-para-mayores-de-30-40-requisitos-nivel-y-salidas-blog\/","og_locale":"es_ES","og_type":"article","og_title":"FP en Integraci\u00f3n Social a Distancia para mayores de 30\/40: requisitos nivel y salidas - Cetys","og_description":"FP en Integraci\u00f3n Social a Distancia para Mayores de 30\/40 \u00bfEst\u00e1s pensando en dar un nuevo rumbo a tu vida profesional? La Formaci\u00f3n Profesional (FP) en Integraci\u00f3n Social a distancia puede ser la opci\u00f3n ideal para ti. A trav\u00e9s de este programa, no solo podr\u00e1s adquirir conocimientos y habilidades esenciales, sino que tambi\u00e9n te permitir\u00e1 [&hellip;]","og_url":"https:\/\/fpsuperiorufv.es\/blog\/fp-en-integracion-social-a-distancia-para-mayores-de-30-40-requisitos-nivel-y-salidas-blog\/","og_site_name":"Cetys","article_published_time":"2026-03-19T01:56:44+00:00","article_modified_time":"2026-04-23T10:00:42+00:00","og_image":[{"width":1707,"height":2560,"url":"https:\/\/fpsuperiorufv.es\/blog\/wp-content\/uploads\/2025\/08\/DSC07369-scaled-1.jpg","type":"image\/jpeg"}],"author":"FP Superior UFV","twitter_card":"summary_large_image","twitter_misc":{"Escrito por":"FP Superior UFV","Tiempo de lectura":"5 minutos"},"schema":{"@context":"https:\/\/schema.org","@graph":[{"@type":"Article","@id":"https:\/\/fpsuperiorufv.es\/blog\/fp-en-integracion-social-a-distancia-para-mayores-de-30-40-requisitos-nivel-y-salidas-blog\/#article","isPartOf":{"@id":"https:\/\/fpsuperiorufv.es\/blog\/fp-en-integracion-social-a-distancia-para-mayores-de-30-40-requisitos-nivel-y-salidas-blog\/"},"author":{"name":"FP Superior UFV","@id":"https:\/\/fpsuperiorufv.es\/blog\/#\/schema\/person\/6eed41dc866f12d961994f51f39f8796"},"headline":"FP en Integraci\u00f3n Social a Distancia para mayores de 30\/40: requisitos nivel y salidas","datePublished":"2026-03-19T01:56:44+00:00","dateModified":"2026-04-23T10:00:42+00:00","mainEntityOfPage":{"@id":"https:\/\/fpsuperiorufv.es\/blog\/fp-en-integracion-social-a-distancia-para-mayores-de-30-40-requisitos-nivel-y-salidas-blog\/"},"wordCount":956,"commentCount":0,"publisher":{"@id":"https:\/\/fpsuperiorufv.es\/blog\/#organization"},"image":{"@id":"https:\/\/fpsuperiorufv.es\/blog\/fp-en-integracion-social-a-distancia-para-mayores-de-30-40-requisitos-nivel-y-salidas-blog\/#primaryimage"},"thumbnailUrl":"https:\/\/fpsuperiorufv.es\/blog\/wp-content\/uploads\/2025\/08\/DSC07369-scaled-1.jpg","articleSection":["Grados superiores a distancia","Integraci\u00f3n Social","Preguntas frecuentes"],"inLanguage":"es","potentialAction":[{"@type":"CommentAction","name":"Comment","target":["https:\/\/fpsuperiorufv.es\/blog\/fp-en-integracion-social-a-distancia-para-mayores-de-30-40-requisitos-nivel-y-salidas-blog\/#respond"]}]},{"@type":"WebPage","@id":"https:\/\/fpsuperiorufv.es\/blog\/fp-en-integracion-social-a-distancia-para-mayores-de-30-40-requisitos-nivel-y-salidas-blog\/","url":"https:\/\/fpsuperiorufv.es\/blog\/fp-en-integracion-social-a-distancia-para-mayores-de-30-40-requisitos-nivel-y-salidas-blog\/","name":"FP en Integraci\u00f3n Social a Distancia para mayores de 30\/40: requisitos nivel y salidas - Cetys","isPartOf":{"@id":"https:\/\/fpsuperiorufv.es\/blog\/#website"},"primaryImageOfPage":{"@id":"https:\/\/fpsuperiorufv.es\/blog\/fp-en-integracion-social-a-distancia-para-mayores-de-30-40-requisitos-nivel-y-salidas-blog\/#primaryimage"},"image":{"@id":"https:\/\/fpsuperiorufv.es\/blog\/fp-en-integracion-social-a-distancia-para-mayores-de-30-40-requisitos-nivel-y-salidas-blog\/#primaryimage"},"thumbnailUrl":"https:\/\/fpsuperiorufv.es\/blog\/wp-content\/uploads\/2025\/08\/DSC07369-scaled-1.jpg","datePublished":"2026-03-19T01:56:44+00:00","dateModified":"2026-04-23T10:00:42+00:00","breadcrumb":{"@id":"https:\/\/fpsuperiorufv.es\/blog\/fp-en-integracion-social-a-distancia-para-mayores-de-30-40-requisitos-nivel-y-salidas-blog\/#breadcrumb"},"inLanguage":"es","potentialAction":[{"@type":"ReadAction","target":["https:\/\/fpsuperiorufv.es\/blog\/fp-en-integracion-social-a-distancia-para-mayores-de-30-40-requisitos-nivel-y-salidas-blog\/"]}]},{"@type":"ImageObject","inLanguage":"es","@id":"https:\/\/fpsuperiorufv.es\/blog\/fp-en-integracion-social-a-distancia-para-mayores-de-30-40-requisitos-nivel-y-salidas-blog\/#primaryimage","url":"https:\/\/fpsuperiorufv.es\/blog\/wp-content\/uploads\/2025\/08\/DSC07369-scaled-1.jpg","contentUrl":"https:\/\/fpsuperiorufv.es\/blog\/wp-content\/uploads\/2025\/08\/DSC07369-scaled-1.jpg","width":1707,"height":2560},{"@type":"BreadcrumbList","@id":"https:\/\/fpsuperiorufv.es\/blog\/fp-en-integracion-social-a-distancia-para-mayores-de-30-40-requisitos-nivel-y-salidas-blog\/#breadcrumb","itemListElement":[{"@type":"ListItem","position":1,"name":"Home","item":"https:\/\/fpsuperiorufv.es\/blog\/"},{"@type":"ListItem","position":2,"name":"FP en Integraci\u00f3n Social a Distancia para mayores de 30\/40: requisitos nivel y salidas"}]},{"@type":"WebSite","@id":"https:\/\/fpsuperiorufv.es\/blog\/#website","url":"https:\/\/fpsuperiorufv.es\/blog\/","name":"Fp Superior Francisco de Vitoria","description":"","publisher":{"@id":"https:\/\/fpsuperiorufv.es\/blog\/#organization"},"alternateName":"Cetys","potentialAction":[{"@type":"SearchAction","target":{"@type":"EntryPoint","urlTemplate":"https:\/\/fpsuperiorufv.es\/blog\/?s={search_term_string}"},"query-input":{"@type":"PropertyValueSpecification","valueRequired":true,"valueName":"search_term_string"}}],"inLanguage":"es"},{"@type":"Organization","@id":"https:\/\/fpsuperiorufv.es\/blog\/#organization","name":"Cetys","url":"https:\/\/fpsuperiorufv.es\/blog\/","logo":{"@type":"ImageObject","inLanguage":"es","@id":"https:\/\/fpsuperiorufv.es\/blog\/#\/schema\/logo\/image\/","url":"https:\/\/fpsuperiorufv.lo\/wp-content\/uploads\/2025\/02\/logo.svg","contentUrl":"https:\/\/fpsuperiorufv.lo\/wp-content\/uploads\/2025\/02\/logo.svg","width":"1024","height":"1024","caption":"Cetys"},"image":{"@id":"https:\/\/fpsuperiorufv.es\/blog\/#\/schema\/logo\/image\/"}},{"@type":"Person","@id":"https:\/\/fpsuperiorufv.es\/blog\/#\/schema\/person\/6eed41dc866f12d961994f51f39f8796","name":"FP Superior UFV","image":{"@type":"ImageObject","inLanguage":"es","@id":"https:\/\/secure.gravatar.com\/avatar\/2cb5eeb90ddddf18129790c93583d4ae96ca8a625c07994637c8fc9d35252ce5?s=96&d=mm&r=g","url":"https:\/\/secure.gravatar.com\/avatar\/2cb5eeb90ddddf18129790c93583d4ae96ca8a625c07994637c8fc9d35252ce5?s=96&d=mm&r=g","contentUrl":"https:\/\/secure.gravatar.com\/avatar\/2cb5eeb90ddddf18129790c93583d4ae96ca8a625c07994637c8fc9d35252ce5?s=96&d=mm&r=g","caption":"FP Superior UFV"},"url":"https:\/\/fpsuperiorufv.es\/blog\/author\/cetys\/"}]}},"_links":{"self":[{"href":"https:\/\/fpsuperiorufv.es\/blog\/wp-json\/wp\/v2\/posts\/283571","targetHints":{"allow":["GET"]}}],"collection":[{"href":"https:\/\/fpsuperiorufv.es\/blog\/wp-json\/wp\/v2\/posts"}],"about":[{"href":"https:\/\/fpsuperiorufv.es\/blog\/wp-json\/wp\/v2\/types\/post"}],"author":[{"embeddable":true,"href":"https:\/\/fpsuperiorufv.es\/blog\/wp-json\/wp\/v2\/users\/3"}],"replies":[{"embeddable":true,"href":"https:\/\/fpsuperiorufv.es\/blog\/wp-json\/wp\/v2\/comments?post=283571"}],"version-history":[{"count":1,"href":"https:\/\/fpsuperiorufv.es\/blog\/wp-json\/wp\/v2\/posts\/283571\/revisions"}],"predecessor-version":[{"id":283768,"href":"https:\/\/fpsuperiorufv.es\/blog\/wp-json\/wp\/v2\/posts\/283571\/revisions\/283768"}],"wp:featuredmedia":[{"embeddable":true,"href":"https:\/\/fpsuperiorufv.es\/blog\/wp-json\/wp\/v2\/media\/2699"}],"wp:attachment":[{"href":"https:\/\/fpsuperiorufv.es\/blog\/wp-json\/wp\/v2\/media?parent=283571"}],"wp:term":[{"taxonomy":"category","embeddable":true,"href":"https:\/\/fpsuperiorufv.es\/blog\/wp-json\/wp\/v2\/categories?post=283571"},{"taxonomy":"post_tag","embeddable":true,"href":"https:\/\/fpsuperiorufv.es\/blog\/wp-json\/wp\/v2\/tags?post=283571"}],"curies":[{"name":"wp","href":"https:\/\/api.w.org\/{rel}","templated":true}]}}