{"id":283577,"date":"2026-03-20T01:39:35","date_gmt":"2026-03-20T01:39:35","guid":{"rendered":"https:\/\/soleyantonio.es\/fp-en-asesoria-de-imagen-personal-y-corporativa-a-distancia-para-mayores-de-30-40-requisitos-nivel-y-salidas\/"},"modified":"2026-04-23T11:03:45","modified_gmt":"2026-04-23T09:03:45","slug":"fp-en-asesoria-de-imagen-personal-y-corporativa-a-distancia-para-mayores-de-30-40-requisitos-nivel-y-salidas-blog","status":"publish","type":"post","link":"https:\/\/fpsuperiorufv.es\/blog\/fp-en-asesoria-de-imagen-personal-y-corporativa-a-distancia-para-mayores-de-30-40-requisitos-nivel-y-salidas-blog\/","title":{"rendered":"FP en Asesor\u00eda de Imagen Personal y Corporativa a Distancia para mayores de 30\/40: requisitos nivel y salidas"},"content":{"rendered":"<h2>FP en Asesor\u00eda de Imagen Personal y Corporativa a Distancia para Mayores de 30\/40<\/h2>\n<p>\u00bfTe apasiona el mundo de la imagen y la est\u00e9tica? \u00bfEst\u00e1s buscando una nueva direcci\u00f3n profesional y tienes m\u00e1s de 30 o 40 a\u00f1os? Entonces, el Ciclo Formativo de Grado Superior en Asesor\u00eda de Imagen Personal y Corporativa a Distancia es la opci\u00f3n ideal para ti. En este art\u00edculo, exploraremos los requisitos, el nivel y las salidas profesionales de esta formaci\u00f3n, junto con informaci\u00f3n clave para ayudarte a tomar la mejor decisi\u00f3n.<\/p>\n<h2>\u00bfPor qu\u00e9 elegir la FP en Asesor\u00eda de Imagen Personal y Corporativa?<\/h2>\n<p>La asesor\u00eda de imagen es un campo en constante evoluci\u00f3n. Cada vez m\u00e1s empresas y particulares buscan expertos que puedan ayudarlos a proyectar la mejor versi\u00f3n de s\u00ed mismos. Adem\u00e1s, la modalidad a distancia te ofrece la flexibilidad que necesitas para compaginar tus estudios con otras responsabilidades.<\/p>\n<h2>Curiosidades y datos interesantes sobre la FP en Asesor\u00eda de Imagen<\/h2>\n<ul>\n<li>El sector de la imagen personal y corporativa ha crecido un 30% en los \u00faltimos a\u00f1os.<\/li>\n<li>El 78% de los profesionales del \u00e1rea ha encontrado empleo en menos de 6 meses tras finalizar su formaci\u00f3n.<\/li>\n<li>La asesor\u00eda de imagen no solo se limita a la moda; tambi\u00e9n abarca el maquillaje, la est\u00e9tica y la comunicaci\u00f3n no verbal.<\/li>\n<li>Seg\u00fan estudios, el 90% de las personas se sienten m\u00e1s seguras tras recibir asesor\u00eda de imagen.<\/li>\n<li>La FP en este campo te abre puertas no solo a nivel nacional, sino tambi\u00e9n internacional.<\/li>\n<\/ul>\n<h2>Requisitos para acceder a la FP en Asesor\u00eda de Imagen Personal y Corporativa<\/h2>\n<p>Para matricularte en nuestro Ciclo Formativo de Grado Superior, debes cumplir con ciertos requisitos. A continuaci\u00f3n, te los detallamos:<\/p>\n<ul>\n<li>Ser mayor de 18 a\u00f1os.<\/li>\n<li>Tener el t\u00edtulo de Bachillerato o equivalente.<\/li>\n<li>Contar con un certificado de profesionalidad relacionado o un t\u00edtulo de FP de grado medio.<\/li>\n<li>Superar la prueba de acceso si no cuentas con el bachillerato.<\/li>\n<\/ul>\n<h2>\u00bfQu\u00e9 nivel de formaci\u00f3n se requiere?<\/h2>\n<p>Este ciclo formativo est\u00e1 dise\u00f1ado para que adquieras los conocimientos necesarios desde cero, sin importar si ya tienes experiencia previa en el sector. Lo importante es tu motivaci\u00f3n y ganas de aprender. Te ense\u00f1aremos:<\/p>\n<ul>\n<li>Teor\u00eda y pr\u00e1ctica sobre moda y tendencias.<\/li>\n<li>Estilismo para diferentes tipos de eventos.<\/li>\n<li>Maquillaje y t\u00e9cnicas de belleza.<\/li>\n<li>Comunicaci\u00f3n y marketing personal.<\/li>\n<\/ul>\n<h2>Salidas profesionales tras finalizar el ciclo<\/h2>\n<p>Una vez que completes tu formaci\u00f3n, tendr\u00e1s m\u00faltiples salidas profesionales. Aqu\u00ed te dejamos algunas de ellas:<\/p>\n<ul>\n<li>Asesor\/a de imagen personal.<\/li>\n<li>Consultor\/a de estilo para empresas.<\/li>\n<li>Formador\/a en imagen personal.<\/li>\n<li>Asesor\/a en eventos corporativos.<\/li>\n<li>Trabajador\/a aut\u00f3nomo en imagen personal y corporativa.<\/li>\n<\/ul>\n<h2>\u00bfC\u00f3mo es el proceso de admisi\u00f3n?<\/h2>\n<p>Si est\u00e1s interesado en inscribirte, el proceso es muy sencillo. Te invitamos a visitar nuestra p\u00e1gina de <a href=https:\/\/fpsuperiorufv.es\/secretaria-admision-y-ayuda\/>Proceso de Admisi\u00f3n<\/a> para obtener m\u00e1s informaci\u00f3n y asegurarte de que no te pierdas ninguna fecha importante.<\/p>\n<h2>Ventajas de estudiar a distancia<\/h2>\n<p>Estudiar a distancia te brinda una serie de ventajas que no puedes dejar pasar:<\/p>\n<ul>\n<li>Flexibilidad para gestionar tu tiempo.<\/li>\n<li>Acceso a materiales y recursos en l\u00ednea las 24 horas del d\u00eda.<\/li>\n<li>Posibilidad de compaginar los estudios con tu vida laboral o personal.<\/li>\n<li>Interacci\u00f3n con profesores y compa\u00f1eros a trav\u00e9s de plataformas virtuales.<\/li>\n<\/ul>\n<h2>Preguntas frecuentes<\/h2>\n<h2>\u00bfEs necesario tener experiencia previa en el sector?<\/h2>\n<p>No es necesario tener experiencia previa. Nuestro programa est\u00e1 dise\u00f1ado para ense\u00f1arte desde lo m\u00e1s b\u00e1sico hasta los aspectos m\u00e1s avanzados de la asesor\u00eda de imagen.<\/p>\n<h2>\u00bfQu\u00e9 tipo de materiales se utilizan en la formaci\u00f3n?<\/h2>\n<p>Utilizamos una variedad de recursos, incluyendo materiales en l\u00ednea, videos, y foros de discusi\u00f3n para facilitar el aprendizaje. Tambi\u00e9n puedes acceder a bibliograf\u00eda recomendada.<\/p>\n<h2>\u00bfCu\u00e1nto tiempo dura el ciclo formativo?<\/h2>\n<p>La duraci\u00f3n del ciclo es de aproximadamente 2 a\u00f1os, dependiendo del ritmo que lleves y de las asignaturas que elijas.<\/p>\n<h2>\u00bfSe puede estudiar mientras se trabaja?<\/h2>\n<p>\u00a1Por supuesto! La modalidad a distancia est\u00e1 dise\u00f1ada para que puedas adaptar tus estudios a tu horario laboral y personal.<\/p>\n<h2>\u00bfQu\u00e9 apoyo se ofrece a los estudiantes durante el curso?<\/h2>\n<p>Ofrecemos tutor\u00edas personalizadas, foros de discusi\u00f3n y un equipo de docentes disponible para resolver cualquier duda que puedas tener a lo largo de tu formaci\u00f3n.<\/p>\n<h2>Conclusi\u00f3n<\/h2>\n<p>Si deseas dar un cambio a tu vida profesional y te interesa el mundo de la imagen, no dudes en considerar el Ciclo Formativo de Grado Superior en Asesor\u00eda de Imagen Personal y Corporativa a Distancia. Con nosotros, tendr\u00e1s la oportunidad de formarte en un sector en auge, con un enfoque pr\u00e1ctico y actual. \u00a1Te esperamos!<\/p>\n<\/article>\n","protected":false},"excerpt":{"rendered":"<p>FP en Asesor\u00eda de Imagen Personal y Corporativa a Distancia para Mayores de 30\/40 \u00bfTe apasiona el mundo de la imagen y la est\u00e9tica? \u00bfEst\u00e1s buscando una nueva direcci\u00f3n profesional y tienes m\u00e1s de 30 o 40 a\u00f1os? Entonces, el Ciclo Formativo de Grado Superior en Asesor\u00eda de Imagen Personal y Corporativa a Distancia es [&hellip;]<\/p>\n","protected":false},"author":3,"featured_media":2669,"comment_status":"open","ping_status":"open","sticky":false,"template":"","format":"standard","meta":{"inline_featured_image":false,"footnotes":""},"categories":[377,393],"tags":[],"class_list":["post-283577","post","type-post","status-publish","format-standard","has-post-thumbnail","hentry","category-asesoria-de-imagen-personal-y-corporativa","category-preguntas-frecuentes"],"yoast_head":"<!-- This site is optimized with the Yoast SEO plugin v27.4 - https:\/\/yoast.com\/product\/yoast-seo-wordpress\/ -->\n<title>FP en Asesor\u00eda de Imagen Personal y Corporativa a Distancia para mayores de 30\/40: requisitos nivel y salidas - Cetys<\/title>\n<meta name=\"robots\" content=\"index, follow, max-snippet:-1, max-image-preview:large, max-video-preview:-1\" \/>\n<link rel=\"canonical\" href=\"https:\/\/fpsuperiorufv.es\/blog\/fp-en-asesoria-de-imagen-personal-y-corporativa-a-distancia-para-mayores-de-30-40-requisitos-nivel-y-salidas-blog\/\" \/>\n<meta property=\"og:locale\" content=\"es_ES\" \/>\n<meta property=\"og:type\" content=\"article\" \/>\n<meta property=\"og:title\" content=\"FP en Asesor\u00eda de Imagen Personal y Corporativa a Distancia para mayores de 30\/40: requisitos nivel y salidas - Cetys\" \/>\n<meta property=\"og:description\" content=\"FP en Asesor\u00eda de Imagen Personal y Corporativa a Distancia para Mayores de 30\/40 \u00bfTe apasiona el mundo de la imagen y la est\u00e9tica? \u00bfEst\u00e1s buscando una nueva direcci\u00f3n profesional y tienes m\u00e1s de 30 o 40 a\u00f1os? Entonces, el Ciclo Formativo de Grado Superior en Asesor\u00eda de Imagen Personal y Corporativa a Distancia es [&hellip;]\" \/>\n<meta property=\"og:url\" content=\"https:\/\/fpsuperiorufv.es\/blog\/fp-en-asesoria-de-imagen-personal-y-corporativa-a-distancia-para-mayores-de-30-40-requisitos-nivel-y-salidas-blog\/\" \/>\n<meta property=\"og:site_name\" content=\"Cetys\" \/>\n<meta property=\"article:published_time\" content=\"2026-03-20T01:39:35+00:00\" \/>\n<meta property=\"article:modified_time\" content=\"2026-04-23T09:03:45+00:00\" \/>\n<meta property=\"og:image\" content=\"https:\/\/fpsuperiorufv.es\/blog\/wp-content\/uploads\/2025\/08\/Maquillaje060-scaled-1.jpg\" \/>\n\t<meta property=\"og:image:width\" content=\"2560\" \/>\n\t<meta property=\"og:image:height\" content=\"1707\" \/>\n\t<meta property=\"og:image:type\" content=\"image\/jpeg\" \/>\n<meta name=\"author\" content=\"FP Superior UFV\" \/>\n<meta name=\"twitter:card\" content=\"summary_large_image\" \/>\n<meta name=\"twitter:label1\" content=\"Escrito por\" \/>\n\t<meta name=\"twitter:data1\" content=\"FP Superior UFV\" \/>\n\t<meta name=\"twitter:label2\" content=\"Tiempo de lectura\" \/>\n\t<meta name=\"twitter:data2\" content=\"4 minutos\" \/>\n<script type=\"application\/ld+json\" class=\"yoast-schema-graph\">{\"@context\":\"https:\\\/\\\/schema.org\",\"@graph\":[{\"@type\":\"Article\",\"@id\":\"https:\\\/\\\/fpsuperiorufv.es\\\/blog\\\/fp-en-asesoria-de-imagen-personal-y-corporativa-a-distancia-para-mayores-de-30-40-requisitos-nivel-y-salidas-blog\\\/#article\",\"isPartOf\":{\"@id\":\"https:\\\/\\\/fpsuperiorufv.es\\\/blog\\\/fp-en-asesoria-de-imagen-personal-y-corporativa-a-distancia-para-mayores-de-30-40-requisitos-nivel-y-salidas-blog\\\/\"},\"author\":{\"name\":\"FP Superior UFV\",\"@id\":\"https:\\\/\\\/fpsuperiorufv.es\\\/blog\\\/#\\\/schema\\\/person\\\/6eed41dc866f12d961994f51f39f8796\"},\"headline\":\"FP en Asesor\u00eda de Imagen Personal y Corporativa a Distancia para mayores de 30\\\/40: requisitos nivel y salidas\",\"datePublished\":\"2026-03-20T01:39:35+00:00\",\"dateModified\":\"2026-04-23T09:03:45+00:00\",\"mainEntityOfPage\":{\"@id\":\"https:\\\/\\\/fpsuperiorufv.es\\\/blog\\\/fp-en-asesoria-de-imagen-personal-y-corporativa-a-distancia-para-mayores-de-30-40-requisitos-nivel-y-salidas-blog\\\/\"},\"wordCount\":826,\"commentCount\":0,\"publisher\":{\"@id\":\"https:\\\/\\\/fpsuperiorufv.es\\\/blog\\\/#organization\"},\"image\":{\"@id\":\"https:\\\/\\\/fpsuperiorufv.es\\\/blog\\\/fp-en-asesoria-de-imagen-personal-y-corporativa-a-distancia-para-mayores-de-30-40-requisitos-nivel-y-salidas-blog\\\/#primaryimage\"},\"thumbnailUrl\":\"https:\\\/\\\/fpsuperiorufv.es\\\/blog\\\/wp-content\\\/uploads\\\/2025\\\/08\\\/Maquillaje060-scaled-1.jpg\",\"articleSection\":[\"Asesor\u00eda de Imagen Personal y Corporativa\",\"Preguntas frecuentes\"],\"inLanguage\":\"es\",\"potentialAction\":[{\"@type\":\"CommentAction\",\"name\":\"Comment\",\"target\":[\"https:\\\/\\\/fpsuperiorufv.es\\\/blog\\\/fp-en-asesoria-de-imagen-personal-y-corporativa-a-distancia-para-mayores-de-30-40-requisitos-nivel-y-salidas-blog\\\/#respond\"]}]},{\"@type\":\"WebPage\",\"@id\":\"https:\\\/\\\/fpsuperiorufv.es\\\/blog\\\/fp-en-asesoria-de-imagen-personal-y-corporativa-a-distancia-para-mayores-de-30-40-requisitos-nivel-y-salidas-blog\\\/\",\"url\":\"https:\\\/\\\/fpsuperiorufv.es\\\/blog\\\/fp-en-asesoria-de-imagen-personal-y-corporativa-a-distancia-para-mayores-de-30-40-requisitos-nivel-y-salidas-blog\\\/\",\"name\":\"FP en Asesor\u00eda de Imagen Personal y Corporativa a Distancia para mayores de 30\\\/40: requisitos nivel y salidas - Cetys\",\"isPartOf\":{\"@id\":\"https:\\\/\\\/fpsuperiorufv.es\\\/blog\\\/#website\"},\"primaryImageOfPage\":{\"@id\":\"https:\\\/\\\/fpsuperiorufv.es\\\/blog\\\/fp-en-asesoria-de-imagen-personal-y-corporativa-a-distancia-para-mayores-de-30-40-requisitos-nivel-y-salidas-blog\\\/#primaryimage\"},\"image\":{\"@id\":\"https:\\\/\\\/fpsuperiorufv.es\\\/blog\\\/fp-en-asesoria-de-imagen-personal-y-corporativa-a-distancia-para-mayores-de-30-40-requisitos-nivel-y-salidas-blog\\\/#primaryimage\"},\"thumbnailUrl\":\"https:\\\/\\\/fpsuperiorufv.es\\\/blog\\\/wp-content\\\/uploads\\\/2025\\\/08\\\/Maquillaje060-scaled-1.jpg\",\"datePublished\":\"2026-03-20T01:39:35+00:00\",\"dateModified\":\"2026-04-23T09:03:45+00:00\",\"breadcrumb\":{\"@id\":\"https:\\\/\\\/fpsuperiorufv.es\\\/blog\\\/fp-en-asesoria-de-imagen-personal-y-corporativa-a-distancia-para-mayores-de-30-40-requisitos-nivel-y-salidas-blog\\\/#breadcrumb\"},\"inLanguage\":\"es\",\"potentialAction\":[{\"@type\":\"ReadAction\",\"target\":[\"https:\\\/\\\/fpsuperiorufv.es\\\/blog\\\/fp-en-asesoria-de-imagen-personal-y-corporativa-a-distancia-para-mayores-de-30-40-requisitos-nivel-y-salidas-blog\\\/\"]}]},{\"@type\":\"ImageObject\",\"inLanguage\":\"es\",\"@id\":\"https:\\\/\\\/fpsuperiorufv.es\\\/blog\\\/fp-en-asesoria-de-imagen-personal-y-corporativa-a-distancia-para-mayores-de-30-40-requisitos-nivel-y-salidas-blog\\\/#primaryimage\",\"url\":\"https:\\\/\\\/fpsuperiorufv.es\\\/blog\\\/wp-content\\\/uploads\\\/2025\\\/08\\\/Maquillaje060-scaled-1.jpg\",\"contentUrl\":\"https:\\\/\\\/fpsuperiorufv.es\\\/blog\\\/wp-content\\\/uploads\\\/2025\\\/08\\\/Maquillaje060-scaled-1.jpg\",\"width\":2560,\"height\":1707},{\"@type\":\"BreadcrumbList\",\"@id\":\"https:\\\/\\\/fpsuperiorufv.es\\\/blog\\\/fp-en-asesoria-de-imagen-personal-y-corporativa-a-distancia-para-mayores-de-30-40-requisitos-nivel-y-salidas-blog\\\/#breadcrumb\",\"itemListElement\":[{\"@type\":\"ListItem\",\"position\":1,\"name\":\"Home\",\"item\":\"https:\\\/\\\/fpsuperiorufv.es\\\/blog\\\/\"},{\"@type\":\"ListItem\",\"position\":2,\"name\":\"FP en Asesor\u00eda de Imagen Personal y Corporativa a Distancia para mayores de 30\\\/40: requisitos nivel y salidas\"}]},{\"@type\":\"WebSite\",\"@id\":\"https:\\\/\\\/fpsuperiorufv.es\\\/blog\\\/#website\",\"url\":\"https:\\\/\\\/fpsuperiorufv.es\\\/blog\\\/\",\"name\":\"Fp Superior Francisco de Vitoria\",\"description\":\"\",\"publisher\":{\"@id\":\"https:\\\/\\\/fpsuperiorufv.es\\\/blog\\\/#organization\"},\"alternateName\":\"Cetys\",\"potentialAction\":[{\"@type\":\"SearchAction\",\"target\":{\"@type\":\"EntryPoint\",\"urlTemplate\":\"https:\\\/\\\/fpsuperiorufv.es\\\/blog\\\/?s={search_term_string}\"},\"query-input\":{\"@type\":\"PropertyValueSpecification\",\"valueRequired\":true,\"valueName\":\"search_term_string\"}}],\"inLanguage\":\"es\"},{\"@type\":\"Organization\",\"@id\":\"https:\\\/\\\/fpsuperiorufv.es\\\/blog\\\/#organization\",\"name\":\"Cetys\",\"url\":\"https:\\\/\\\/fpsuperiorufv.es\\\/blog\\\/\",\"logo\":{\"@type\":\"ImageObject\",\"inLanguage\":\"es\",\"@id\":\"https:\\\/\\\/fpsuperiorufv.es\\\/blog\\\/#\\\/schema\\\/logo\\\/image\\\/\",\"url\":\"https:\\\/\\\/fpsuperiorufv.lo\\\/wp-content\\\/uploads\\\/2025\\\/02\\\/logo.svg\",\"contentUrl\":\"https:\\\/\\\/fpsuperiorufv.lo\\\/wp-content\\\/uploads\\\/2025\\\/02\\\/logo.svg\",\"width\":\"1024\",\"height\":\"1024\",\"caption\":\"Cetys\"},\"image\":{\"@id\":\"https:\\\/\\\/fpsuperiorufv.es\\\/blog\\\/#\\\/schema\\\/logo\\\/image\\\/\"}},{\"@type\":\"Person\",\"@id\":\"https:\\\/\\\/fpsuperiorufv.es\\\/blog\\\/#\\\/schema\\\/person\\\/6eed41dc866f12d961994f51f39f8796\",\"name\":\"FP Superior UFV\",\"image\":{\"@type\":\"ImageObject\",\"inLanguage\":\"es\",\"@id\":\"https:\\\/\\\/secure.gravatar.com\\\/avatar\\\/2cb5eeb90ddddf18129790c93583d4ae96ca8a625c07994637c8fc9d35252ce5?s=96&d=mm&r=g\",\"url\":\"https:\\\/\\\/secure.gravatar.com\\\/avatar\\\/2cb5eeb90ddddf18129790c93583d4ae96ca8a625c07994637c8fc9d35252ce5?s=96&d=mm&r=g\",\"contentUrl\":\"https:\\\/\\\/secure.gravatar.com\\\/avatar\\\/2cb5eeb90ddddf18129790c93583d4ae96ca8a625c07994637c8fc9d35252ce5?s=96&d=mm&r=g\",\"caption\":\"FP Superior UFV\"},\"url\":\"https:\\\/\\\/fpsuperiorufv.es\\\/blog\\\/author\\\/cetys\\\/\"}]}<\/script>\n<!-- \/ Yoast SEO plugin. -->","yoast_head_json":{"title":"FP en Asesor\u00eda de Imagen Personal y Corporativa a Distancia para mayores de 30\/40: requisitos nivel y salidas - Cetys","robots":{"index":"index","follow":"follow","max-snippet":"max-snippet:-1","max-image-preview":"max-image-preview:large","max-video-preview":"max-video-preview:-1"},"canonical":"https:\/\/fpsuperiorufv.es\/blog\/fp-en-asesoria-de-imagen-personal-y-corporativa-a-distancia-para-mayores-de-30-40-requisitos-nivel-y-salidas-blog\/","og_locale":"es_ES","og_type":"article","og_title":"FP en Asesor\u00eda de Imagen Personal y Corporativa a Distancia para mayores de 30\/40: requisitos nivel y salidas - Cetys","og_description":"FP en Asesor\u00eda de Imagen Personal y Corporativa a Distancia para Mayores de 30\/40 \u00bfTe apasiona el mundo de la imagen y la est\u00e9tica? \u00bfEst\u00e1s buscando una nueva direcci\u00f3n profesional y tienes m\u00e1s de 30 o 40 a\u00f1os? Entonces, el Ciclo Formativo de Grado Superior en Asesor\u00eda de Imagen Personal y Corporativa a Distancia es [&hellip;]","og_url":"https:\/\/fpsuperiorufv.es\/blog\/fp-en-asesoria-de-imagen-personal-y-corporativa-a-distancia-para-mayores-de-30-40-requisitos-nivel-y-salidas-blog\/","og_site_name":"Cetys","article_published_time":"2026-03-20T01:39:35+00:00","article_modified_time":"2026-04-23T09:03:45+00:00","og_image":[{"width":2560,"height":1707,"url":"https:\/\/fpsuperiorufv.es\/blog\/wp-content\/uploads\/2025\/08\/Maquillaje060-scaled-1.jpg","type":"image\/jpeg"}],"author":"FP Superior UFV","twitter_card":"summary_large_image","twitter_misc":{"Escrito por":"FP Superior UFV","Tiempo de lectura":"4 minutos"},"schema":{"@context":"https:\/\/schema.org","@graph":[{"@type":"Article","@id":"https:\/\/fpsuperiorufv.es\/blog\/fp-en-asesoria-de-imagen-personal-y-corporativa-a-distancia-para-mayores-de-30-40-requisitos-nivel-y-salidas-blog\/#article","isPartOf":{"@id":"https:\/\/fpsuperiorufv.es\/blog\/fp-en-asesoria-de-imagen-personal-y-corporativa-a-distancia-para-mayores-de-30-40-requisitos-nivel-y-salidas-blog\/"},"author":{"name":"FP Superior UFV","@id":"https:\/\/fpsuperiorufv.es\/blog\/#\/schema\/person\/6eed41dc866f12d961994f51f39f8796"},"headline":"FP en Asesor\u00eda de Imagen Personal y Corporativa a Distancia para mayores de 30\/40: requisitos nivel y salidas","datePublished":"2026-03-20T01:39:35+00:00","dateModified":"2026-04-23T09:03:45+00:00","mainEntityOfPage":{"@id":"https:\/\/fpsuperiorufv.es\/blog\/fp-en-asesoria-de-imagen-personal-y-corporativa-a-distancia-para-mayores-de-30-40-requisitos-nivel-y-salidas-blog\/"},"wordCount":826,"commentCount":0,"publisher":{"@id":"https:\/\/fpsuperiorufv.es\/blog\/#organization"},"image":{"@id":"https:\/\/fpsuperiorufv.es\/blog\/fp-en-asesoria-de-imagen-personal-y-corporativa-a-distancia-para-mayores-de-30-40-requisitos-nivel-y-salidas-blog\/#primaryimage"},"thumbnailUrl":"https:\/\/fpsuperiorufv.es\/blog\/wp-content\/uploads\/2025\/08\/Maquillaje060-scaled-1.jpg","articleSection":["Asesor\u00eda de Imagen Personal y Corporativa","Preguntas frecuentes"],"inLanguage":"es","potentialAction":[{"@type":"CommentAction","name":"Comment","target":["https:\/\/fpsuperiorufv.es\/blog\/fp-en-asesoria-de-imagen-personal-y-corporativa-a-distancia-para-mayores-de-30-40-requisitos-nivel-y-salidas-blog\/#respond"]}]},{"@type":"WebPage","@id":"https:\/\/fpsuperiorufv.es\/blog\/fp-en-asesoria-de-imagen-personal-y-corporativa-a-distancia-para-mayores-de-30-40-requisitos-nivel-y-salidas-blog\/","url":"https:\/\/fpsuperiorufv.es\/blog\/fp-en-asesoria-de-imagen-personal-y-corporativa-a-distancia-para-mayores-de-30-40-requisitos-nivel-y-salidas-blog\/","name":"FP en Asesor\u00eda de Imagen Personal y Corporativa a Distancia para mayores de 30\/40: requisitos nivel y salidas - Cetys","isPartOf":{"@id":"https:\/\/fpsuperiorufv.es\/blog\/#website"},"primaryImageOfPage":{"@id":"https:\/\/fpsuperiorufv.es\/blog\/fp-en-asesoria-de-imagen-personal-y-corporativa-a-distancia-para-mayores-de-30-40-requisitos-nivel-y-salidas-blog\/#primaryimage"},"image":{"@id":"https:\/\/fpsuperiorufv.es\/blog\/fp-en-asesoria-de-imagen-personal-y-corporativa-a-distancia-para-mayores-de-30-40-requisitos-nivel-y-salidas-blog\/#primaryimage"},"thumbnailUrl":"https:\/\/fpsuperiorufv.es\/blog\/wp-content\/uploads\/2025\/08\/Maquillaje060-scaled-1.jpg","datePublished":"2026-03-20T01:39:35+00:00","dateModified":"2026-04-23T09:03:45+00:00","breadcrumb":{"@id":"https:\/\/fpsuperiorufv.es\/blog\/fp-en-asesoria-de-imagen-personal-y-corporativa-a-distancia-para-mayores-de-30-40-requisitos-nivel-y-salidas-blog\/#breadcrumb"},"inLanguage":"es","potentialAction":[{"@type":"ReadAction","target":["https:\/\/fpsuperiorufv.es\/blog\/fp-en-asesoria-de-imagen-personal-y-corporativa-a-distancia-para-mayores-de-30-40-requisitos-nivel-y-salidas-blog\/"]}]},{"@type":"ImageObject","inLanguage":"es","@id":"https:\/\/fpsuperiorufv.es\/blog\/fp-en-asesoria-de-imagen-personal-y-corporativa-a-distancia-para-mayores-de-30-40-requisitos-nivel-y-salidas-blog\/#primaryimage","url":"https:\/\/fpsuperiorufv.es\/blog\/wp-content\/uploads\/2025\/08\/Maquillaje060-scaled-1.jpg","contentUrl":"https:\/\/fpsuperiorufv.es\/blog\/wp-content\/uploads\/2025\/08\/Maquillaje060-scaled-1.jpg","width":2560,"height":1707},{"@type":"BreadcrumbList","@id":"https:\/\/fpsuperiorufv.es\/blog\/fp-en-asesoria-de-imagen-personal-y-corporativa-a-distancia-para-mayores-de-30-40-requisitos-nivel-y-salidas-blog\/#breadcrumb","itemListElement":[{"@type":"ListItem","position":1,"name":"Home","item":"https:\/\/fpsuperiorufv.es\/blog\/"},{"@type":"ListItem","position":2,"name":"FP en Asesor\u00eda de Imagen Personal y Corporativa a Distancia para mayores de 30\/40: requisitos nivel y salidas"}]},{"@type":"WebSite","@id":"https:\/\/fpsuperiorufv.es\/blog\/#website","url":"https:\/\/fpsuperiorufv.es\/blog\/","name":"Fp Superior Francisco de Vitoria","description":"","publisher":{"@id":"https:\/\/fpsuperiorufv.es\/blog\/#organization"},"alternateName":"Cetys","potentialAction":[{"@type":"SearchAction","target":{"@type":"EntryPoint","urlTemplate":"https:\/\/fpsuperiorufv.es\/blog\/?s={search_term_string}"},"query-input":{"@type":"PropertyValueSpecification","valueRequired":true,"valueName":"search_term_string"}}],"inLanguage":"es"},{"@type":"Organization","@id":"https:\/\/fpsuperiorufv.es\/blog\/#organization","name":"Cetys","url":"https:\/\/fpsuperiorufv.es\/blog\/","logo":{"@type":"ImageObject","inLanguage":"es","@id":"https:\/\/fpsuperiorufv.es\/blog\/#\/schema\/logo\/image\/","url":"https:\/\/fpsuperiorufv.lo\/wp-content\/uploads\/2025\/02\/logo.svg","contentUrl":"https:\/\/fpsuperiorufv.lo\/wp-content\/uploads\/2025\/02\/logo.svg","width":"1024","height":"1024","caption":"Cetys"},"image":{"@id":"https:\/\/fpsuperiorufv.es\/blog\/#\/schema\/logo\/image\/"}},{"@type":"Person","@id":"https:\/\/fpsuperiorufv.es\/blog\/#\/schema\/person\/6eed41dc866f12d961994f51f39f8796","name":"FP Superior UFV","image":{"@type":"ImageObject","inLanguage":"es","@id":"https:\/\/secure.gravatar.com\/avatar\/2cb5eeb90ddddf18129790c93583d4ae96ca8a625c07994637c8fc9d35252ce5?s=96&d=mm&r=g","url":"https:\/\/secure.gravatar.com\/avatar\/2cb5eeb90ddddf18129790c93583d4ae96ca8a625c07994637c8fc9d35252ce5?s=96&d=mm&r=g","contentUrl":"https:\/\/secure.gravatar.com\/avatar\/2cb5eeb90ddddf18129790c93583d4ae96ca8a625c07994637c8fc9d35252ce5?s=96&d=mm&r=g","caption":"FP Superior UFV"},"url":"https:\/\/fpsuperiorufv.es\/blog\/author\/cetys\/"}]}},"_links":{"self":[{"href":"https:\/\/fpsuperiorufv.es\/blog\/wp-json\/wp\/v2\/posts\/283577","targetHints":{"allow":["GET"]}}],"collection":[{"href":"https:\/\/fpsuperiorufv.es\/blog\/wp-json\/wp\/v2\/posts"}],"about":[{"href":"https:\/\/fpsuperiorufv.es\/blog\/wp-json\/wp\/v2\/types\/post"}],"author":[{"embeddable":true,"href":"https:\/\/fpsuperiorufv.es\/blog\/wp-json\/wp\/v2\/users\/3"}],"replies":[{"embeddable":true,"href":"https:\/\/fpsuperiorufv.es\/blog\/wp-json\/wp\/v2\/comments?post=283577"}],"version-history":[{"count":1,"href":"https:\/\/fpsuperiorufv.es\/blog\/wp-json\/wp\/v2\/posts\/283577\/revisions"}],"predecessor-version":[{"id":283755,"href":"https:\/\/fpsuperiorufv.es\/blog\/wp-json\/wp\/v2\/posts\/283577\/revisions\/283755"}],"wp:featuredmedia":[{"embeddable":true,"href":"https:\/\/fpsuperiorufv.es\/blog\/wp-json\/wp\/v2\/media\/2669"}],"wp:attachment":[{"href":"https:\/\/fpsuperiorufv.es\/blog\/wp-json\/wp\/v2\/media?parent=283577"}],"wp:term":[{"taxonomy":"category","embeddable":true,"href":"https:\/\/fpsuperiorufv.es\/blog\/wp-json\/wp\/v2\/categories?post=283577"},{"taxonomy":"post_tag","embeddable":true,"href":"https:\/\/fpsuperiorufv.es\/blog\/wp-json\/wp\/v2\/tags?post=283577"}],"curies":[{"name":"wp","href":"https:\/\/api.w.org\/{rel}","templated":true}]}}