{"id":283590,"date":"2026-03-20T09:39:48","date_gmt":"2026-03-20T09:39:48","guid":{"rendered":"https:\/\/soleyantonio.es\/fp-online-vs-presencial-para-fp-dam-cual-te-conviene-segun-tu-perfil\/"},"modified":"2026-04-23T10:47:28","modified_gmt":"2026-04-23T08:47:28","slug":"fp-online-vs-presencial-para-fp-dam-cual-te-conviene-segun-tu-perfil-blog","status":"publish","type":"post","link":"https:\/\/fpsuperiorufv.es\/blog\/fp-online-vs-presencial-para-fp-dam-cual-te-conviene-segun-tu-perfil-blog\/","title":{"rendered":"FP Online vs Presencial para FP DAM: cu\u00e1l te conviene seg\u00fan tu perfil"},"content":{"rendered":"<h2>FP Online vs Presencial para FP DAM: \u00bfCu\u00e1l te conviene seg\u00fan tu perfil?<\/h2>\n<p>\u00a1Bienvenido! Si est\u00e1s considerando estudiar un Ciclo Formativo de Grado Superior en Desarrollo de Aplicaciones Multiplataforma (DAM), es natural que te preguntes si la modalidad online o presencial se adapta mejor a ti. En este art\u00edculo, analizaremos ambos formatos para ayudarte a tomar la mejor decisi\u00f3n seg\u00fan tus necesidades y estilo de vida.<\/p>\n<h2>Curiosidades y datos importantes sobre FP Online y Presencial<\/h2>\n<ul>\n<li>M\u00e1s del 70% de los estudiantes de FP prefieren la modalidad presencial, seg\u00fan estudios recientes.<\/li>\n<li>La FP online ha crecido un 50% en los \u00faltimos 5 a\u00f1os, mostrando la flexibilidad que ofrece.<\/li>\n<li>El 80% de los graduados en FP encuentran empleo en menos de 6 meses.<\/li>\n<li>Las empresas valoran cada vez m\u00e1s la formaci\u00f3n online, siempre que est\u00e9 bien estructurada.<\/li>\n<li>El aprendizaje en modalidad presencial fomenta la creaci\u00f3n de redes profesionales y el trabajo en equipo.<\/li>\n<\/ul>\n<h2>FP Presencial: Ventajas y desventajas<\/h2>\n<p>La modalidad presencial es la opci\u00f3n tradicional para muchos estudiantes. Vamos a ver sus ventajas y desventajas.<\/p>\n<h3>Ventajas de la FP Presencial<\/h3>\n<ul>\n<li><strong>Interacci\u00f3n directa:<\/strong> Puedes hacer preguntas y recibir respuestas en tiempo real.<\/li>\n<li><strong>Networking:<\/strong> Conoces a compa\u00f1eros y profesores que pueden ser clave en tu futuro profesional.<\/li>\n<li><strong>Acceso a recursos f\u00edsicos:<\/strong> Laboratorios y equipos que facilitan la pr\u00e1ctica.<\/li>\n<li><strong>Rutina estructurada:<\/strong> El horario fijo ayuda a mantener la disciplina.<\/li>\n<\/ul>\n<h3>Desventajas de la FP Presencial<\/h3>\n<ul>\n<li><strong>Menos flexibilidad:<\/strong> Necesitas ajustarte a un horario espec\u00edfico.<\/li>\n<li><strong>Desplazamientos:<\/strong> Puede implicar tiempo y coste en transportes.<\/li>\n<li><strong>Menor comodidad:<\/strong> Estudiar en casa puede ser m\u00e1s c\u00f3modo para algunos.<\/li>\n<\/ul>\n<h2>FP Online: Ventajas y desventajas<\/h2>\n<p>La modalidad online ha ganado popularidad, especialmente en los \u00faltimos a\u00f1os. Aqu\u00ed tienes sus pros y contras.<\/p>\n<h3>Ventajas de la FP Online<\/h3>\n<ul>\n<li><strong>Flexibilidad:<\/strong> Puedes estudiar a tu ritmo y en el horario que m\u00e1s te convenga.<\/li>\n<li><strong>Ahorro de tiempo:<\/strong> No necesitas desplazarte, lo que te permite aprovechar mejor tu tiempo.<\/li>\n<li><strong>Variedad de recursos:<\/strong> Acceso a m\u00faltiples plataformas y materiales educativos online.<\/li>\n<\/ul>\n<h3>Desventajas de la FP Online<\/h3>\n<ul>\n<li><strong>Menor interacci\u00f3n personal:<\/strong> La falta de contacto directo puede ser un reto para algunos.<\/li>\n<li><strong>Auto-disciplina:<\/strong> Requiere un alto nivel de motivaci\u00f3n y organizaci\u00f3n personal.<\/li>\n<li><strong>Limitaciones pr\u00e1cticas:<\/strong> Algunas asignaturas pueden requerir pr\u00e1cticas que son dif\u00edciles de realizar online.<\/li>\n<\/ul>\n<h2>\u00bfQu\u00e9 modalidad se adapta mejor a ti?<\/h2>\n<p>La elecci\u00f3n entre FP online y presencial depende en gran medida de tu estilo de vida, necesidades y preferencias personales. Aqu\u00ed te dejamos algunas preguntas para reflexionar:<\/p>\n<ul>\n<li>\u00bfTe sientes c\u00f3modo aprendiendo de forma aut\u00f3noma?<\/li>\n<li>\u00bfNecesitas un horario fijo para mantenerte enfocado?<\/li>\n<li>\u00bfTe gustar\u00eda formar parte de un ambiente de aprendizaje colaborativo?<\/li>\n<li>\u00bfTienes otras obligaciones que dificultan un horario tradicional?<\/li>\n<\/ul>\n<h2>Ejemplos de perfiles de estudiantes<\/h2>\n<p>Para ilustrar mejor c\u00f3mo elegir entre FP online y presencial, vamos a ver algunos ejemplos de perfiles de estudiantes:<\/p>\n<h3>Estudiante A: El que necesita flexibilidad<\/h3>\n<p>Juan trabaja a tiempo parcial y tiene responsabilidades familiares. La modalidad online le permite estudiar cuando tiene tiempo, sin interferir con su trabajo o su vida personal.<\/p>\n<h3>Estudiante B: El que prefiere la interacci\u00f3n<\/h3>\n<p>Mar\u00eda acaba de salir del instituto y busca una experiencia m\u00e1s social. Prefiere la modalidad presencial porque le encanta colaborar con otros y aprender de sus profesores cara a cara.<\/p>\n<h3>Estudiante C: El que busca una experiencia mixta<\/h3>\n<p>Carlos, un estudiante autodidacta, disfruta de la flexibilidad de la modalidad online para estudiar algunas materias y opta por la presencial para aquellas que requieren m\u00e1s pr\u00e1ctica, como programaci\u00f3n o desarrollo de aplicaciones.<\/p>\n<h2>Conclusi\u00f3n<\/h2>\n<p>La decisi\u00f3n entre FP online y presencial es personal y debe basarse en tus circunstancias individuales. Aqu\u00ed, en la FP Superior Francisco de Vitoria, ofrecemos tanto modalidades online como presenciales para que puedas elegir la que mejor se adapte a ti. No dudes en visitarnos y conocer m\u00e1s sobre nuestro proceso de admisi\u00f3n en <a href=\"https:\/\/fpsuperiorufv.es\/secretaria-admision-y-ayuda\/\" target=\"_blank\" rel=\"noopener\">este enlace<\/a>.<\/p>\n<h2>Preguntas Frecuentes<\/h2>\n<h2>\u00bfPuedo combinar clases online y presenciales?<\/h2>\n<p>En nuestra instituci\u00f3n, ofrecemos la posibilidad de combinar ambas modalidades en un formato h\u00edbrido, lo que puede ser ideal si te gusta la flexibilidad pero tambi\u00e9n quieres la interacci\u00f3n del aula.<\/p>\n<h2>\u00bfQu\u00e9 tipo de soporte recibir\u00e9 en la modalidad online?<\/h2>\n<p>En la modalidad online, contar\u00e1s con tutores y foros de discusi\u00f3n que te ayudar\u00e1n a resolver tus dudas y a mantenerte motivado.<\/p>\n<h2>\u00bfNecesito alguna herramienta espec\u00edfica para estudiar online?<\/h2>\n<p>S\u00f3lo necesitas un ordenador con conexi\u00f3n a internet y, en algunos casos, software espec\u00edfico que se indicar\u00e1 al inicio del curso.<\/p>\n<h2>\u00bfCu\u00e1l es la duraci\u00f3n de los Ciclos Formativos de Grado Superior?<\/h2>\n<p>Generalmente, la duraci\u00f3n es de 2 a\u00f1os, aunque puede variar dependiendo de la modalidad y del ritmo de estudio que elijas.<\/p>\n<h2>\u00bfQu\u00e9 salidas laborales tengo tras finalizar la FP DAM?<\/h2>\n<p>Las salidas laborales son numerosas, desde desarrollador de aplicaciones hasta gestor de proyectos tecnol\u00f3gicos en empresas de diversas industrias.<\/p>\n","protected":false},"excerpt":{"rendered":"<p>FP Online vs Presencial para FP DAM: \u00bfCu\u00e1l te conviene seg\u00fan tu perfil? \u00a1Bienvenido! Si est\u00e1s considerando estudiar un Ciclo Formativo de Grado Superior en Desarrollo de Aplicaciones Multiplataforma (DAM), es natural que te preguntes si la modalidad online o presencial se adapta mejor a ti. En este art\u00edculo, analizaremos ambos formatos para ayudarte a [&hellip;]<\/p>\n","protected":false},"author":3,"featured_media":2775,"comment_status":"open","ping_status":"open","sticky":false,"template":"","format":"standard","meta":{"inline_featured_image":false,"footnotes":""},"categories":[380,385,393],"tags":[],"class_list":["post-283590","post","type-post","status-publish","format-standard","has-post-thumbnail","hentry","category-aplicaciones-multiplataforma","category-grados-superiores-a-distancia","category-preguntas-frecuentes"],"yoast_head":"<!-- This site is optimized with the Yoast SEO plugin v27.4 - https:\/\/yoast.com\/product\/yoast-seo-wordpress\/ -->\n<title>FP Online vs Presencial para FP DAM: cu\u00e1l te conviene seg\u00fan tu perfil - Cetys<\/title>\n<meta name=\"robots\" content=\"index, follow, max-snippet:-1, max-image-preview:large, max-video-preview:-1\" \/>\n<link rel=\"canonical\" href=\"https:\/\/fpsuperiorufv.es\/blog\/fp-online-vs-presencial-para-fp-dam-cual-te-conviene-segun-tu-perfil-blog\/\" \/>\n<meta property=\"og:locale\" content=\"es_ES\" \/>\n<meta property=\"og:type\" content=\"article\" \/>\n<meta property=\"og:title\" content=\"FP Online vs Presencial para FP DAM: cu\u00e1l te conviene seg\u00fan tu perfil - Cetys\" \/>\n<meta property=\"og:description\" content=\"FP Online vs Presencial para FP DAM: \u00bfCu\u00e1l te conviene seg\u00fan tu perfil? \u00a1Bienvenido! Si est\u00e1s considerando estudiar un Ciclo Formativo de Grado Superior en Desarrollo de Aplicaciones Multiplataforma (DAM), es natural que te preguntes si la modalidad online o presencial se adapta mejor a ti. En este art\u00edculo, analizaremos ambos formatos para ayudarte a [&hellip;]\" \/>\n<meta property=\"og:url\" content=\"https:\/\/fpsuperiorufv.es\/blog\/fp-online-vs-presencial-para-fp-dam-cual-te-conviene-segun-tu-perfil-blog\/\" \/>\n<meta property=\"og:site_name\" content=\"Cetys\" \/>\n<meta property=\"article:published_time\" content=\"2026-03-20T09:39:48+00:00\" \/>\n<meta property=\"article:modified_time\" content=\"2026-04-23T08:47:28+00:00\" \/>\n<meta property=\"og:image\" content=\"https:\/\/fpsuperiorufv.es\/blog\/wp-content\/uploads\/2025\/10\/DSC5768-scaled-1.jpg\" \/>\n\t<meta property=\"og:image:width\" content=\"2560\" \/>\n\t<meta property=\"og:image:height\" content=\"2560\" \/>\n\t<meta property=\"og:image:type\" content=\"image\/jpeg\" \/>\n<meta name=\"author\" content=\"FP Superior UFV\" \/>\n<meta name=\"twitter:card\" content=\"summary_large_image\" \/>\n<meta name=\"twitter:label1\" content=\"Escrito por\" \/>\n\t<meta name=\"twitter:data1\" content=\"FP Superior UFV\" \/>\n\t<meta name=\"twitter:label2\" content=\"Tiempo de lectura\" \/>\n\t<meta name=\"twitter:data2\" content=\"4 minutos\" \/>\n<script type=\"application\/ld+json\" class=\"yoast-schema-graph\">{\"@context\":\"https:\\\/\\\/schema.org\",\"@graph\":[{\"@type\":\"Article\",\"@id\":\"https:\\\/\\\/fpsuperiorufv.es\\\/blog\\\/fp-online-vs-presencial-para-fp-dam-cual-te-conviene-segun-tu-perfil-blog\\\/#article\",\"isPartOf\":{\"@id\":\"https:\\\/\\\/fpsuperiorufv.es\\\/blog\\\/fp-online-vs-presencial-para-fp-dam-cual-te-conviene-segun-tu-perfil-blog\\\/\"},\"author\":{\"name\":\"FP Superior UFV\",\"@id\":\"https:\\\/\\\/fpsuperiorufv.es\\\/blog\\\/#\\\/schema\\\/person\\\/6eed41dc866f12d961994f51f39f8796\"},\"headline\":\"FP Online vs Presencial para FP DAM: cu\u00e1l te conviene seg\u00fan tu perfil\",\"datePublished\":\"2026-03-20T09:39:48+00:00\",\"dateModified\":\"2026-04-23T08:47:28+00:00\",\"mainEntityOfPage\":{\"@id\":\"https:\\\/\\\/fpsuperiorufv.es\\\/blog\\\/fp-online-vs-presencial-para-fp-dam-cual-te-conviene-segun-tu-perfil-blog\\\/\"},\"wordCount\":849,\"commentCount\":0,\"publisher\":{\"@id\":\"https:\\\/\\\/fpsuperiorufv.es\\\/blog\\\/#organization\"},\"image\":{\"@id\":\"https:\\\/\\\/fpsuperiorufv.es\\\/blog\\\/fp-online-vs-presencial-para-fp-dam-cual-te-conviene-segun-tu-perfil-blog\\\/#primaryimage\"},\"thumbnailUrl\":\"https:\\\/\\\/fpsuperiorufv.es\\\/blog\\\/wp-content\\\/uploads\\\/2025\\\/10\\\/DSC5768-scaled-1.jpg\",\"articleSection\":[\"Aplicaciones Multiplataforma\",\"Grados superiores a distancia\",\"Preguntas frecuentes\"],\"inLanguage\":\"es\",\"potentialAction\":[{\"@type\":\"CommentAction\",\"name\":\"Comment\",\"target\":[\"https:\\\/\\\/fpsuperiorufv.es\\\/blog\\\/fp-online-vs-presencial-para-fp-dam-cual-te-conviene-segun-tu-perfil-blog\\\/#respond\"]}]},{\"@type\":\"WebPage\",\"@id\":\"https:\\\/\\\/fpsuperiorufv.es\\\/blog\\\/fp-online-vs-presencial-para-fp-dam-cual-te-conviene-segun-tu-perfil-blog\\\/\",\"url\":\"https:\\\/\\\/fpsuperiorufv.es\\\/blog\\\/fp-online-vs-presencial-para-fp-dam-cual-te-conviene-segun-tu-perfil-blog\\\/\",\"name\":\"FP Online vs Presencial para FP DAM: cu\u00e1l te conviene seg\u00fan tu perfil - Cetys\",\"isPartOf\":{\"@id\":\"https:\\\/\\\/fpsuperiorufv.es\\\/blog\\\/#website\"},\"primaryImageOfPage\":{\"@id\":\"https:\\\/\\\/fpsuperiorufv.es\\\/blog\\\/fp-online-vs-presencial-para-fp-dam-cual-te-conviene-segun-tu-perfil-blog\\\/#primaryimage\"},\"image\":{\"@id\":\"https:\\\/\\\/fpsuperiorufv.es\\\/blog\\\/fp-online-vs-presencial-para-fp-dam-cual-te-conviene-segun-tu-perfil-blog\\\/#primaryimage\"},\"thumbnailUrl\":\"https:\\\/\\\/fpsuperiorufv.es\\\/blog\\\/wp-content\\\/uploads\\\/2025\\\/10\\\/DSC5768-scaled-1.jpg\",\"datePublished\":\"2026-03-20T09:39:48+00:00\",\"dateModified\":\"2026-04-23T08:47:28+00:00\",\"breadcrumb\":{\"@id\":\"https:\\\/\\\/fpsuperiorufv.es\\\/blog\\\/fp-online-vs-presencial-para-fp-dam-cual-te-conviene-segun-tu-perfil-blog\\\/#breadcrumb\"},\"inLanguage\":\"es\",\"potentialAction\":[{\"@type\":\"ReadAction\",\"target\":[\"https:\\\/\\\/fpsuperiorufv.es\\\/blog\\\/fp-online-vs-presencial-para-fp-dam-cual-te-conviene-segun-tu-perfil-blog\\\/\"]}]},{\"@type\":\"ImageObject\",\"inLanguage\":\"es\",\"@id\":\"https:\\\/\\\/fpsuperiorufv.es\\\/blog\\\/fp-online-vs-presencial-para-fp-dam-cual-te-conviene-segun-tu-perfil-blog\\\/#primaryimage\",\"url\":\"https:\\\/\\\/fpsuperiorufv.es\\\/blog\\\/wp-content\\\/uploads\\\/2025\\\/10\\\/DSC5768-scaled-1.jpg\",\"contentUrl\":\"https:\\\/\\\/fpsuperiorufv.es\\\/blog\\\/wp-content\\\/uploads\\\/2025\\\/10\\\/DSC5768-scaled-1.jpg\",\"width\":2560,\"height\":2560},{\"@type\":\"BreadcrumbList\",\"@id\":\"https:\\\/\\\/fpsuperiorufv.es\\\/blog\\\/fp-online-vs-presencial-para-fp-dam-cual-te-conviene-segun-tu-perfil-blog\\\/#breadcrumb\",\"itemListElement\":[{\"@type\":\"ListItem\",\"position\":1,\"name\":\"Home\",\"item\":\"https:\\\/\\\/fpsuperiorufv.es\\\/blog\\\/\"},{\"@type\":\"ListItem\",\"position\":2,\"name\":\"FP Online vs Presencial para FP DAM: cu\u00e1l te conviene seg\u00fan tu perfil\"}]},{\"@type\":\"WebSite\",\"@id\":\"https:\\\/\\\/fpsuperiorufv.es\\\/blog\\\/#website\",\"url\":\"https:\\\/\\\/fpsuperiorufv.es\\\/blog\\\/\",\"name\":\"Fp Superior Francisco de Vitoria\",\"description\":\"\",\"publisher\":{\"@id\":\"https:\\\/\\\/fpsuperiorufv.es\\\/blog\\\/#organization\"},\"alternateName\":\"Cetys\",\"potentialAction\":[{\"@type\":\"SearchAction\",\"target\":{\"@type\":\"EntryPoint\",\"urlTemplate\":\"https:\\\/\\\/fpsuperiorufv.es\\\/blog\\\/?s={search_term_string}\"},\"query-input\":{\"@type\":\"PropertyValueSpecification\",\"valueRequired\":true,\"valueName\":\"search_term_string\"}}],\"inLanguage\":\"es\"},{\"@type\":\"Organization\",\"@id\":\"https:\\\/\\\/fpsuperiorufv.es\\\/blog\\\/#organization\",\"name\":\"Cetys\",\"url\":\"https:\\\/\\\/fpsuperiorufv.es\\\/blog\\\/\",\"logo\":{\"@type\":\"ImageObject\",\"inLanguage\":\"es\",\"@id\":\"https:\\\/\\\/fpsuperiorufv.es\\\/blog\\\/#\\\/schema\\\/logo\\\/image\\\/\",\"url\":\"https:\\\/\\\/fpsuperiorufv.lo\\\/wp-content\\\/uploads\\\/2025\\\/02\\\/logo.svg\",\"contentUrl\":\"https:\\\/\\\/fpsuperiorufv.lo\\\/wp-content\\\/uploads\\\/2025\\\/02\\\/logo.svg\",\"width\":\"1024\",\"height\":\"1024\",\"caption\":\"Cetys\"},\"image\":{\"@id\":\"https:\\\/\\\/fpsuperiorufv.es\\\/blog\\\/#\\\/schema\\\/logo\\\/image\\\/\"}},{\"@type\":\"Person\",\"@id\":\"https:\\\/\\\/fpsuperiorufv.es\\\/blog\\\/#\\\/schema\\\/person\\\/6eed41dc866f12d961994f51f39f8796\",\"name\":\"FP Superior UFV\",\"image\":{\"@type\":\"ImageObject\",\"inLanguage\":\"es\",\"@id\":\"https:\\\/\\\/secure.gravatar.com\\\/avatar\\\/2cb5eeb90ddddf18129790c93583d4ae96ca8a625c07994637c8fc9d35252ce5?s=96&d=mm&r=g\",\"url\":\"https:\\\/\\\/secure.gravatar.com\\\/avatar\\\/2cb5eeb90ddddf18129790c93583d4ae96ca8a625c07994637c8fc9d35252ce5?s=96&d=mm&r=g\",\"contentUrl\":\"https:\\\/\\\/secure.gravatar.com\\\/avatar\\\/2cb5eeb90ddddf18129790c93583d4ae96ca8a625c07994637c8fc9d35252ce5?s=96&d=mm&r=g\",\"caption\":\"FP Superior UFV\"},\"url\":\"https:\\\/\\\/fpsuperiorufv.es\\\/blog\\\/author\\\/cetys\\\/\"}]}<\/script>\n<!-- \/ Yoast SEO plugin. -->","yoast_head_json":{"title":"FP Online vs Presencial para FP DAM: cu\u00e1l te conviene seg\u00fan tu perfil - Cetys","robots":{"index":"index","follow":"follow","max-snippet":"max-snippet:-1","max-image-preview":"max-image-preview:large","max-video-preview":"max-video-preview:-1"},"canonical":"https:\/\/fpsuperiorufv.es\/blog\/fp-online-vs-presencial-para-fp-dam-cual-te-conviene-segun-tu-perfil-blog\/","og_locale":"es_ES","og_type":"article","og_title":"FP Online vs Presencial para FP DAM: cu\u00e1l te conviene seg\u00fan tu perfil - Cetys","og_description":"FP Online vs Presencial para FP DAM: \u00bfCu\u00e1l te conviene seg\u00fan tu perfil? \u00a1Bienvenido! Si est\u00e1s considerando estudiar un Ciclo Formativo de Grado Superior en Desarrollo de Aplicaciones Multiplataforma (DAM), es natural que te preguntes si la modalidad online o presencial se adapta mejor a ti. En este art\u00edculo, analizaremos ambos formatos para ayudarte a [&hellip;]","og_url":"https:\/\/fpsuperiorufv.es\/blog\/fp-online-vs-presencial-para-fp-dam-cual-te-conviene-segun-tu-perfil-blog\/","og_site_name":"Cetys","article_published_time":"2026-03-20T09:39:48+00:00","article_modified_time":"2026-04-23T08:47:28+00:00","og_image":[{"width":2560,"height":2560,"url":"https:\/\/fpsuperiorufv.es\/blog\/wp-content\/uploads\/2025\/10\/DSC5768-scaled-1.jpg","type":"image\/jpeg"}],"author":"FP Superior UFV","twitter_card":"summary_large_image","twitter_misc":{"Escrito por":"FP Superior UFV","Tiempo de lectura":"4 minutos"},"schema":{"@context":"https:\/\/schema.org","@graph":[{"@type":"Article","@id":"https:\/\/fpsuperiorufv.es\/blog\/fp-online-vs-presencial-para-fp-dam-cual-te-conviene-segun-tu-perfil-blog\/#article","isPartOf":{"@id":"https:\/\/fpsuperiorufv.es\/blog\/fp-online-vs-presencial-para-fp-dam-cual-te-conviene-segun-tu-perfil-blog\/"},"author":{"name":"FP Superior UFV","@id":"https:\/\/fpsuperiorufv.es\/blog\/#\/schema\/person\/6eed41dc866f12d961994f51f39f8796"},"headline":"FP Online vs Presencial para FP DAM: cu\u00e1l te conviene seg\u00fan tu perfil","datePublished":"2026-03-20T09:39:48+00:00","dateModified":"2026-04-23T08:47:28+00:00","mainEntityOfPage":{"@id":"https:\/\/fpsuperiorufv.es\/blog\/fp-online-vs-presencial-para-fp-dam-cual-te-conviene-segun-tu-perfil-blog\/"},"wordCount":849,"commentCount":0,"publisher":{"@id":"https:\/\/fpsuperiorufv.es\/blog\/#organization"},"image":{"@id":"https:\/\/fpsuperiorufv.es\/blog\/fp-online-vs-presencial-para-fp-dam-cual-te-conviene-segun-tu-perfil-blog\/#primaryimage"},"thumbnailUrl":"https:\/\/fpsuperiorufv.es\/blog\/wp-content\/uploads\/2025\/10\/DSC5768-scaled-1.jpg","articleSection":["Aplicaciones Multiplataforma","Grados superiores a distancia","Preguntas frecuentes"],"inLanguage":"es","potentialAction":[{"@type":"CommentAction","name":"Comment","target":["https:\/\/fpsuperiorufv.es\/blog\/fp-online-vs-presencial-para-fp-dam-cual-te-conviene-segun-tu-perfil-blog\/#respond"]}]},{"@type":"WebPage","@id":"https:\/\/fpsuperiorufv.es\/blog\/fp-online-vs-presencial-para-fp-dam-cual-te-conviene-segun-tu-perfil-blog\/","url":"https:\/\/fpsuperiorufv.es\/blog\/fp-online-vs-presencial-para-fp-dam-cual-te-conviene-segun-tu-perfil-blog\/","name":"FP Online vs Presencial para FP DAM: cu\u00e1l te conviene seg\u00fan tu perfil - Cetys","isPartOf":{"@id":"https:\/\/fpsuperiorufv.es\/blog\/#website"},"primaryImageOfPage":{"@id":"https:\/\/fpsuperiorufv.es\/blog\/fp-online-vs-presencial-para-fp-dam-cual-te-conviene-segun-tu-perfil-blog\/#primaryimage"},"image":{"@id":"https:\/\/fpsuperiorufv.es\/blog\/fp-online-vs-presencial-para-fp-dam-cual-te-conviene-segun-tu-perfil-blog\/#primaryimage"},"thumbnailUrl":"https:\/\/fpsuperiorufv.es\/blog\/wp-content\/uploads\/2025\/10\/DSC5768-scaled-1.jpg","datePublished":"2026-03-20T09:39:48+00:00","dateModified":"2026-04-23T08:47:28+00:00","breadcrumb":{"@id":"https:\/\/fpsuperiorufv.es\/blog\/fp-online-vs-presencial-para-fp-dam-cual-te-conviene-segun-tu-perfil-blog\/#breadcrumb"},"inLanguage":"es","potentialAction":[{"@type":"ReadAction","target":["https:\/\/fpsuperiorufv.es\/blog\/fp-online-vs-presencial-para-fp-dam-cual-te-conviene-segun-tu-perfil-blog\/"]}]},{"@type":"ImageObject","inLanguage":"es","@id":"https:\/\/fpsuperiorufv.es\/blog\/fp-online-vs-presencial-para-fp-dam-cual-te-conviene-segun-tu-perfil-blog\/#primaryimage","url":"https:\/\/fpsuperiorufv.es\/blog\/wp-content\/uploads\/2025\/10\/DSC5768-scaled-1.jpg","contentUrl":"https:\/\/fpsuperiorufv.es\/blog\/wp-content\/uploads\/2025\/10\/DSC5768-scaled-1.jpg","width":2560,"height":2560},{"@type":"BreadcrumbList","@id":"https:\/\/fpsuperiorufv.es\/blog\/fp-online-vs-presencial-para-fp-dam-cual-te-conviene-segun-tu-perfil-blog\/#breadcrumb","itemListElement":[{"@type":"ListItem","position":1,"name":"Home","item":"https:\/\/fpsuperiorufv.es\/blog\/"},{"@type":"ListItem","position":2,"name":"FP Online vs Presencial para FP DAM: cu\u00e1l te conviene seg\u00fan tu perfil"}]},{"@type":"WebSite","@id":"https:\/\/fpsuperiorufv.es\/blog\/#website","url":"https:\/\/fpsuperiorufv.es\/blog\/","name":"Fp Superior Francisco de Vitoria","description":"","publisher":{"@id":"https:\/\/fpsuperiorufv.es\/blog\/#organization"},"alternateName":"Cetys","potentialAction":[{"@type":"SearchAction","target":{"@type":"EntryPoint","urlTemplate":"https:\/\/fpsuperiorufv.es\/blog\/?s={search_term_string}"},"query-input":{"@type":"PropertyValueSpecification","valueRequired":true,"valueName":"search_term_string"}}],"inLanguage":"es"},{"@type":"Organization","@id":"https:\/\/fpsuperiorufv.es\/blog\/#organization","name":"Cetys","url":"https:\/\/fpsuperiorufv.es\/blog\/","logo":{"@type":"ImageObject","inLanguage":"es","@id":"https:\/\/fpsuperiorufv.es\/blog\/#\/schema\/logo\/image\/","url":"https:\/\/fpsuperiorufv.lo\/wp-content\/uploads\/2025\/02\/logo.svg","contentUrl":"https:\/\/fpsuperiorufv.lo\/wp-content\/uploads\/2025\/02\/logo.svg","width":"1024","height":"1024","caption":"Cetys"},"image":{"@id":"https:\/\/fpsuperiorufv.es\/blog\/#\/schema\/logo\/image\/"}},{"@type":"Person","@id":"https:\/\/fpsuperiorufv.es\/blog\/#\/schema\/person\/6eed41dc866f12d961994f51f39f8796","name":"FP Superior UFV","image":{"@type":"ImageObject","inLanguage":"es","@id":"https:\/\/secure.gravatar.com\/avatar\/2cb5eeb90ddddf18129790c93583d4ae96ca8a625c07994637c8fc9d35252ce5?s=96&d=mm&r=g","url":"https:\/\/secure.gravatar.com\/avatar\/2cb5eeb90ddddf18129790c93583d4ae96ca8a625c07994637c8fc9d35252ce5?s=96&d=mm&r=g","contentUrl":"https:\/\/secure.gravatar.com\/avatar\/2cb5eeb90ddddf18129790c93583d4ae96ca8a625c07994637c8fc9d35252ce5?s=96&d=mm&r=g","caption":"FP Superior UFV"},"url":"https:\/\/fpsuperiorufv.es\/blog\/author\/cetys\/"}]}},"_links":{"self":[{"href":"https:\/\/fpsuperiorufv.es\/blog\/wp-json\/wp\/v2\/posts\/283590","targetHints":{"allow":["GET"]}}],"collection":[{"href":"https:\/\/fpsuperiorufv.es\/blog\/wp-json\/wp\/v2\/posts"}],"about":[{"href":"https:\/\/fpsuperiorufv.es\/blog\/wp-json\/wp\/v2\/types\/post"}],"author":[{"embeddable":true,"href":"https:\/\/fpsuperiorufv.es\/blog\/wp-json\/wp\/v2\/users\/3"}],"replies":[{"embeddable":true,"href":"https:\/\/fpsuperiorufv.es\/blog\/wp-json\/wp\/v2\/comments?post=283590"}],"version-history":[{"count":1,"href":"https:\/\/fpsuperiorufv.es\/blog\/wp-json\/wp\/v2\/posts\/283590\/revisions"}],"predecessor-version":[{"id":283748,"href":"https:\/\/fpsuperiorufv.es\/blog\/wp-json\/wp\/v2\/posts\/283590\/revisions\/283748"}],"wp:featuredmedia":[{"embeddable":true,"href":"https:\/\/fpsuperiorufv.es\/blog\/wp-json\/wp\/v2\/media\/2775"}],"wp:attachment":[{"href":"https:\/\/fpsuperiorufv.es\/blog\/wp-json\/wp\/v2\/media?parent=283590"}],"wp:term":[{"taxonomy":"category","embeddable":true,"href":"https:\/\/fpsuperiorufv.es\/blog\/wp-json\/wp\/v2\/categories?post=283590"},{"taxonomy":"post_tag","embeddable":true,"href":"https:\/\/fpsuperiorufv.es\/blog\/wp-json\/wp\/v2\/tags?post=283590"}],"curies":[{"name":"wp","href":"https:\/\/api.w.org\/{rel}","templated":true}]}}