{"id":283593,"date":"2026-03-21T05:44:26","date_gmt":"2026-03-21T05:44:26","guid":{"rendered":"https:\/\/soleyantonio.es\/que-nivel-de-matematicas-necesitas-para-fp-en-integracion-social-a-distancia-con-ejemplos\/"},"modified":"2026-04-22T13:49:58","modified_gmt":"2026-04-22T11:49:58","slug":"que-nivel-de-matematicas-necesitas-para-fp-en-integracion-social-a-distancia-con-ejemplos-blog","status":"publish","type":"post","link":"https:\/\/fpsuperiorufv.es\/blog\/que-nivel-de-matematicas-necesitas-para-fp-en-integracion-social-a-distancia-con-ejemplos-blog\/","title":{"rendered":"Qu\u00e9 nivel de matem\u00e1ticas necesitas para FP en Integraci\u00f3n Social a Distancia (con ejemplos)"},"content":{"rendered":"<h2>\u00bfQu\u00e9 nivel de matem\u00e1ticas necesitas para FP en Integraci\u00f3n Social a Distancia?<\/h2>\n<p>Si est\u00e1s pensando en cursar un Ciclo Formativo de Grado Superior en Integraci\u00f3n Social a Distancia, es natural que te preguntes sobre el nivel de matem\u00e1ticas que necesitar\u00e1s. En este art\u00edculo, te explicaremos todo lo que necesitas saber sobre este tema y c\u00f3mo puedes prepararte para tener \u00e9xito. \u00a1Vamos a ello!<\/p>\n<h2>Curiosidades y estad\u00edsticas sobre las matem\u00e1ticas en FP de Integraci\u00f3n Social<\/h2>\n<ul>\n<li>El 75% de los estudiantes de FP considera que las matem\u00e1ticas son una parte importante de su formaci\u00f3n.<\/li>\n<li>Los principales temas matem\u00e1ticos que se manejan en Integraci\u00f3n Social incluyen estad\u00edsticas y porcentajes.<\/li>\n<li>M\u00e1s del 60% de los profesionales en el campo afirman que las matem\u00e1ticas les ayudan a desempe\u00f1ar mejor su trabajo.<\/li>\n<li>Las habilidades matem\u00e1ticas son clave para la planificaci\u00f3n y evaluaci\u00f3n de proyectos sociales.<\/li>\n<li>El 90% de los egresados de FP en Integraci\u00f3n Social se sienten m\u00e1s seguros en su trabajo gracias a sus habilidades matem\u00e1ticas.<\/li>\n<\/ul>\n<h2>Nivel de matem\u00e1ticas requerido para FP en Integraci\u00f3n Social<\/h2>\n<p>En el Ciclo Formativo de Grado Superior en Integraci\u00f3n Social, el nivel de matem\u00e1ticas que necesitar\u00e1s es bastante accesible. No se trata de ser un experto, sino de tener una base que te permita comprender y aplicar conceptos b\u00e1sicos.<\/p>\n<h2>Conceptos matem\u00e1ticos clave<\/h2>\n<p>Los conceptos matem\u00e1ticos que m\u00e1s se destacan en esta formaci\u00f3n son:<\/p>\n<ul>\n<li><strong>Porcentajes:<\/strong> Entender c\u00f3mo funcionan los porcentajes es fundamental para evaluar financiamiento y recursos en proyectos sociales.<\/li>\n<li><strong>Estad\u00edsticas:<\/strong> La capacidad de leer y analizar datos estad\u00edsticos es crucial para la toma de decisiones informadas.<\/li>\n<li><strong>Operaciones b\u00e1sicas:<\/strong> Sumar, restar, multiplicar y dividir son habilidades esenciales para llevar a cabo c\u00e1lculos cotidianos.<\/li>\n<\/ul>\n<h2>Ejemplos pr\u00e1cticos de matem\u00e1ticas en Integraci\u00f3n Social<\/h2>\n<p>Para que entiendas mejor la aplicaci\u00f3n de las matem\u00e1ticas en este campo, aqu\u00ed te presentamos algunos ejemplos pr\u00e1cticos:<\/p>\n<h3>Ejemplo 1: Presupuesto de un proyecto<\/h3>\n<p>Imagina que est\u00e1s planificando un proyecto social y tienes un presupuesto de 10,000 euros. Si decides destinar un 40% de este presupuesto a actividades, \u00bfcu\u00e1nto dinero destinar\u00e1s a estas actividades?<\/p>\n<p><strong>Respuesta:<\/strong> 10,000 \u20ac x 0.40 = 4,000 \u20ac.<\/p>\n<h3>Ejemplo 2: An\u00e1lisis de datos<\/h3>\n<p>Supongamos que realizas una encuesta y obtienes que el 80% de los participantes est\u00e1 satisfecho con tu servicio. Si encuestaste a 50 personas, \u00bfcu\u00e1ntas est\u00e1n satisfechas?<\/p>\n<p><strong>Respuesta:<\/strong> 50 x 0.80 = 40 personas.<\/p>\n<h3>Ejemplo 3: C\u00e1lculo de tasas<\/h3>\n<p>Si necesitas calcular la tasa de participaci\u00f3n de un evento donde participaron 200 personas de un total de 1,000 posibles asistentes, \u00bfcu\u00e1l ser\u00e1 la tasa de participaci\u00f3n?<\/p>\n<p><strong>Respuesta:<\/strong> (200 \/ 1,000) x 100 = 20% de tasa de participaci\u00f3n.<\/p>\n<h2>Consejos para mejorar tus habilidades matem\u00e1ticas<\/h2>\n<p>Si sientes que necesitas reforzar tus habilidades matem\u00e1ticas, aqu\u00ed tienes algunos consejos \u00fatiles:<\/p>\n<ul>\n<li><strong>Practica regularmente:<\/strong> Dedica tiempo cada semana a resolver problemas matem\u00e1ticos.<\/li>\n<li><strong>Utiliza recursos en l\u00ednea:<\/strong> Hay muchos tutoriales y cursos gratuitos que te pueden ayudar a mejorar.<\/li>\n<li><strong>Estudia en grupo:<\/strong> Compartir y discutir problemas matem\u00e1ticos con otros puede ser muy beneficioso.<\/li>\n<li><strong>Consulta a tus profesores:<\/strong> No dudes en pedir ayuda si hay conceptos que no entiendes.<\/li>\n<\/ul>\n<h2>\u00bfPor qu\u00e9 elegir FP en Integraci\u00f3n Social a Distancia?<\/h2>\n<p>Elegir un ciclo formativo en Integraci\u00f3n Social a Distancia tiene m\u00faltiples ventajas. Entre ellas:<\/p>\n<ul>\n<li><strong>Flexibilidad:<\/strong> Puedes estudiar desde casa y organizar tu tiempo como mejor te convenga.<\/li>\n<li><strong>Acceso a recursos:<\/strong> Contamos con plataformas en l\u00ednea que facilitan el aprendizaje y la comunicaci\u00f3n con profesores y compa\u00f1eros.<\/li>\n<li><strong>Preparaci\u00f3n para el mercado laboral:<\/strong> Te formar\u00e1s en habilidades que son muy valoradas en el \u00e1mbito social.<\/li>\n<\/ul>\n<h2>Preguntas frecuentes<\/h2>\n<h2>\u00bfNecesito un t\u00edtulo previo para acceder a la FP en Integraci\u00f3n Social?<\/h2>\n<p>En general, se requiere haber completado la educaci\u00f3n secundaria obligatoria o un t\u00edtulo equivalente. Sin embargo, tambi\u00e9n existen otras v\u00edas de acceso, as\u00ed que es bueno que consultes con nosotros para m\u00e1s informaci\u00f3n.<\/p>\n<h2>\u00bfC\u00f3mo puedo matricularme en el Ciclo Formativo de Grado Superior en Integraci\u00f3n Social?<\/h2>\n<p>Puedes matricularte a trav\u00e9s de nuestro <a href=https:\/\/fpsuperiorufv.es\/secretaria-admision-y-ayuda\/>Proceso de Admisi\u00f3n<\/a>. Te recomendamos que lo hagas lo antes posible, ya que las plazas son limitadas.<\/p>\n<h2>\u00bfQu\u00e9 tipo de salidas laborales tengo con este t\u00edtulo?<\/h2>\n<p>Con un t\u00edtulo en Integraci\u00f3n Social, podr\u00e1s trabajar en diversas \u00e1reas como servicios sociales, educaci\u00f3n, atenci\u00f3n a colectivos en riesgo de exclusi\u00f3n, entre otros. Las oportunidades son amplias y variadas.<\/p>\n<h2>\u00bfEs dif\u00edcil compaginar los estudios a distancia con el trabajo?<\/h2>\n<p>La dificultad de compaginar ambos depender\u00e1 de tu capacidad de organizaci\u00f3n. Sin embargo, la flexibilidad del formato a distancia suele facilitar esta tarea.<\/p>\n<h2>Conclusi\u00f3n<\/h2>\n<p>El nivel de matem\u00e1ticas que necesitas para el Ciclo Formativo de Grado Superior en Integraci\u00f3n Social a Distancia no es un obst\u00e1culo. Con una base s\u00f3lida y algunos recursos adicionales, estar\u00e1s m\u00e1s que preparado para afrontar esta etapa de tu vida. No dudes en contactarnos si tienes m\u00e1s preguntas o si deseas iniciar el proceso de admisi\u00f3n. \u00a1Estamos aqu\u00ed para ayudarte a alcanzar tus metas!<\/p>\n","protected":false},"excerpt":{"rendered":"<p>\u00bfQu\u00e9 nivel de matem\u00e1ticas necesitas para FP en Integraci\u00f3n Social a Distancia? Si est\u00e1s pensando en cursar un Ciclo Formativo de Grado Superior en Integraci\u00f3n Social a Distancia, es natural que te preguntes sobre el nivel de matem\u00e1ticas que necesitar\u00e1s. En este art\u00edculo, te explicaremos todo lo que necesitas saber sobre este tema y c\u00f3mo [&hellip;]<\/p>\n","protected":false},"author":3,"featured_media":2608,"comment_status":"open","ping_status":"open","sticky":false,"template":"","format":"standard","meta":{"inline_featured_image":false,"footnotes":""},"categories":[385,390,406],"tags":[],"class_list":["post-283593","post","type-post","status-publish","format-standard","has-post-thumbnail","hentry","category-grados-superiores-a-distancia","category-imagen-para-el-diagnostico-y-medicina-nuclear","category-integracion-social"],"yoast_head":"<!-- This site is optimized with the Yoast SEO plugin v27.4 - https:\/\/yoast.com\/product\/yoast-seo-wordpress\/ -->\n<title>Qu\u00e9 nivel de matem\u00e1ticas necesitas para FP en Integraci\u00f3n Social a Distancia (con ejemplos) - Cetys<\/title>\n<meta name=\"robots\" content=\"index, follow, max-snippet:-1, max-image-preview:large, max-video-preview:-1\" \/>\n<link rel=\"canonical\" href=\"https:\/\/fpsuperiorufv.es\/blog\/que-nivel-de-matematicas-necesitas-para-fp-en-integracion-social-a-distancia-con-ejemplos-blog\/\" \/>\n<meta property=\"og:locale\" content=\"es_ES\" \/>\n<meta property=\"og:type\" content=\"article\" \/>\n<meta property=\"og:title\" content=\"Qu\u00e9 nivel de matem\u00e1ticas necesitas para FP en Integraci\u00f3n Social a Distancia (con ejemplos) - Cetys\" \/>\n<meta property=\"og:description\" content=\"\u00bfQu\u00e9 nivel de matem\u00e1ticas necesitas para FP en Integraci\u00f3n Social a Distancia? Si est\u00e1s pensando en cursar un Ciclo Formativo de Grado Superior en Integraci\u00f3n Social a Distancia, es natural que te preguntes sobre el nivel de matem\u00e1ticas que necesitar\u00e1s. En este art\u00edculo, te explicaremos todo lo que necesitas saber sobre este tema y c\u00f3mo [&hellip;]\" \/>\n<meta property=\"og:url\" content=\"https:\/\/fpsuperiorufv.es\/blog\/que-nivel-de-matematicas-necesitas-para-fp-en-integracion-social-a-distancia-con-ejemplos-blog\/\" \/>\n<meta property=\"og:site_name\" content=\"Cetys\" \/>\n<meta property=\"article:published_time\" content=\"2026-03-21T05:44:26+00:00\" \/>\n<meta property=\"article:modified_time\" content=\"2026-04-22T11:49:58+00:00\" \/>\n<meta property=\"og:image\" content=\"https:\/\/fpsuperiorufv.es\/blog\/wp-content\/uploads\/2025\/08\/padres-nino-pasan-tiempo-juntos-al-aire-libre-scaled-1.jpg\" \/>\n\t<meta property=\"og:image:width\" content=\"2560\" \/>\n\t<meta property=\"og:image:height\" content=\"1440\" \/>\n\t<meta property=\"og:image:type\" content=\"image\/jpeg\" \/>\n<meta name=\"author\" content=\"FP Superior UFV\" \/>\n<meta name=\"twitter:card\" content=\"summary_large_image\" \/>\n<meta name=\"twitter:label1\" content=\"Escrito por\" \/>\n\t<meta name=\"twitter:data1\" content=\"FP Superior UFV\" \/>\n\t<meta name=\"twitter:label2\" content=\"Tiempo de lectura\" \/>\n\t<meta name=\"twitter:data2\" content=\"4 minutos\" \/>\n<script type=\"application\/ld+json\" class=\"yoast-schema-graph\">{\"@context\":\"https:\\\/\\\/schema.org\",\"@graph\":[{\"@type\":\"Article\",\"@id\":\"https:\\\/\\\/fpsuperiorufv.es\\\/blog\\\/que-nivel-de-matematicas-necesitas-para-fp-en-integracion-social-a-distancia-con-ejemplos-blog\\\/#article\",\"isPartOf\":{\"@id\":\"https:\\\/\\\/fpsuperiorufv.es\\\/blog\\\/que-nivel-de-matematicas-necesitas-para-fp-en-integracion-social-a-distancia-con-ejemplos-blog\\\/\"},\"author\":{\"name\":\"FP Superior UFV\",\"@id\":\"https:\\\/\\\/fpsuperiorufv.es\\\/blog\\\/#\\\/schema\\\/person\\\/6eed41dc866f12d961994f51f39f8796\"},\"headline\":\"Qu\u00e9 nivel de matem\u00e1ticas necesitas para FP en Integraci\u00f3n Social a Distancia (con ejemplos)\",\"datePublished\":\"2026-03-21T05:44:26+00:00\",\"dateModified\":\"2026-04-22T11:49:58+00:00\",\"mainEntityOfPage\":{\"@id\":\"https:\\\/\\\/fpsuperiorufv.es\\\/blog\\\/que-nivel-de-matematicas-necesitas-para-fp-en-integracion-social-a-distancia-con-ejemplos-blog\\\/\"},\"wordCount\":878,\"commentCount\":0,\"publisher\":{\"@id\":\"https:\\\/\\\/fpsuperiorufv.es\\\/blog\\\/#organization\"},\"image\":{\"@id\":\"https:\\\/\\\/fpsuperiorufv.es\\\/blog\\\/que-nivel-de-matematicas-necesitas-para-fp-en-integracion-social-a-distancia-con-ejemplos-blog\\\/#primaryimage\"},\"thumbnailUrl\":\"https:\\\/\\\/fpsuperiorufv.es\\\/blog\\\/wp-content\\\/uploads\\\/2025\\\/08\\\/padres-nino-pasan-tiempo-juntos-al-aire-libre-scaled-1.jpg\",\"articleSection\":[\"Grados superiores a distancia\",\"Imagen para el Diagn\u00f3stico y Medicina Nuclear\",\"Integraci\u00f3n Social\"],\"inLanguage\":\"es\",\"potentialAction\":[{\"@type\":\"CommentAction\",\"name\":\"Comment\",\"target\":[\"https:\\\/\\\/fpsuperiorufv.es\\\/blog\\\/que-nivel-de-matematicas-necesitas-para-fp-en-integracion-social-a-distancia-con-ejemplos-blog\\\/#respond\"]}]},{\"@type\":\"WebPage\",\"@id\":\"https:\\\/\\\/fpsuperiorufv.es\\\/blog\\\/que-nivel-de-matematicas-necesitas-para-fp-en-integracion-social-a-distancia-con-ejemplos-blog\\\/\",\"url\":\"https:\\\/\\\/fpsuperiorufv.es\\\/blog\\\/que-nivel-de-matematicas-necesitas-para-fp-en-integracion-social-a-distancia-con-ejemplos-blog\\\/\",\"name\":\"Qu\u00e9 nivel de matem\u00e1ticas necesitas para FP en Integraci\u00f3n Social a Distancia (con ejemplos) - Cetys\",\"isPartOf\":{\"@id\":\"https:\\\/\\\/fpsuperiorufv.es\\\/blog\\\/#website\"},\"primaryImageOfPage\":{\"@id\":\"https:\\\/\\\/fpsuperiorufv.es\\\/blog\\\/que-nivel-de-matematicas-necesitas-para-fp-en-integracion-social-a-distancia-con-ejemplos-blog\\\/#primaryimage\"},\"image\":{\"@id\":\"https:\\\/\\\/fpsuperiorufv.es\\\/blog\\\/que-nivel-de-matematicas-necesitas-para-fp-en-integracion-social-a-distancia-con-ejemplos-blog\\\/#primaryimage\"},\"thumbnailUrl\":\"https:\\\/\\\/fpsuperiorufv.es\\\/blog\\\/wp-content\\\/uploads\\\/2025\\\/08\\\/padres-nino-pasan-tiempo-juntos-al-aire-libre-scaled-1.jpg\",\"datePublished\":\"2026-03-21T05:44:26+00:00\",\"dateModified\":\"2026-04-22T11:49:58+00:00\",\"breadcrumb\":{\"@id\":\"https:\\\/\\\/fpsuperiorufv.es\\\/blog\\\/que-nivel-de-matematicas-necesitas-para-fp-en-integracion-social-a-distancia-con-ejemplos-blog\\\/#breadcrumb\"},\"inLanguage\":\"es\",\"potentialAction\":[{\"@type\":\"ReadAction\",\"target\":[\"https:\\\/\\\/fpsuperiorufv.es\\\/blog\\\/que-nivel-de-matematicas-necesitas-para-fp-en-integracion-social-a-distancia-con-ejemplos-blog\\\/\"]}]},{\"@type\":\"ImageObject\",\"inLanguage\":\"es\",\"@id\":\"https:\\\/\\\/fpsuperiorufv.es\\\/blog\\\/que-nivel-de-matematicas-necesitas-para-fp-en-integracion-social-a-distancia-con-ejemplos-blog\\\/#primaryimage\",\"url\":\"https:\\\/\\\/fpsuperiorufv.es\\\/blog\\\/wp-content\\\/uploads\\\/2025\\\/08\\\/padres-nino-pasan-tiempo-juntos-al-aire-libre-scaled-1.jpg\",\"contentUrl\":\"https:\\\/\\\/fpsuperiorufv.es\\\/blog\\\/wp-content\\\/uploads\\\/2025\\\/08\\\/padres-nino-pasan-tiempo-juntos-al-aire-libre-scaled-1.jpg\",\"width\":2560,\"height\":1440},{\"@type\":\"BreadcrumbList\",\"@id\":\"https:\\\/\\\/fpsuperiorufv.es\\\/blog\\\/que-nivel-de-matematicas-necesitas-para-fp-en-integracion-social-a-distancia-con-ejemplos-blog\\\/#breadcrumb\",\"itemListElement\":[{\"@type\":\"ListItem\",\"position\":1,\"name\":\"Home\",\"item\":\"https:\\\/\\\/fpsuperiorufv.es\\\/blog\\\/\"},{\"@type\":\"ListItem\",\"position\":2,\"name\":\"Qu\u00e9 nivel de matem\u00e1ticas necesitas para FP en Integraci\u00f3n Social a Distancia (con ejemplos)\"}]},{\"@type\":\"WebSite\",\"@id\":\"https:\\\/\\\/fpsuperiorufv.es\\\/blog\\\/#website\",\"url\":\"https:\\\/\\\/fpsuperiorufv.es\\\/blog\\\/\",\"name\":\"Fp Superior Francisco de Vitoria\",\"description\":\"\",\"publisher\":{\"@id\":\"https:\\\/\\\/fpsuperiorufv.es\\\/blog\\\/#organization\"},\"alternateName\":\"Cetys\",\"potentialAction\":[{\"@type\":\"SearchAction\",\"target\":{\"@type\":\"EntryPoint\",\"urlTemplate\":\"https:\\\/\\\/fpsuperiorufv.es\\\/blog\\\/?s={search_term_string}\"},\"query-input\":{\"@type\":\"PropertyValueSpecification\",\"valueRequired\":true,\"valueName\":\"search_term_string\"}}],\"inLanguage\":\"es\"},{\"@type\":\"Organization\",\"@id\":\"https:\\\/\\\/fpsuperiorufv.es\\\/blog\\\/#organization\",\"name\":\"Cetys\",\"url\":\"https:\\\/\\\/fpsuperiorufv.es\\\/blog\\\/\",\"logo\":{\"@type\":\"ImageObject\",\"inLanguage\":\"es\",\"@id\":\"https:\\\/\\\/fpsuperiorufv.es\\\/blog\\\/#\\\/schema\\\/logo\\\/image\\\/\",\"url\":\"https:\\\/\\\/fpsuperiorufv.lo\\\/wp-content\\\/uploads\\\/2025\\\/02\\\/logo.svg\",\"contentUrl\":\"https:\\\/\\\/fpsuperiorufv.lo\\\/wp-content\\\/uploads\\\/2025\\\/02\\\/logo.svg\",\"width\":\"1024\",\"height\":\"1024\",\"caption\":\"Cetys\"},\"image\":{\"@id\":\"https:\\\/\\\/fpsuperiorufv.es\\\/blog\\\/#\\\/schema\\\/logo\\\/image\\\/\"}},{\"@type\":\"Person\",\"@id\":\"https:\\\/\\\/fpsuperiorufv.es\\\/blog\\\/#\\\/schema\\\/person\\\/6eed41dc866f12d961994f51f39f8796\",\"name\":\"FP Superior UFV\",\"image\":{\"@type\":\"ImageObject\",\"inLanguage\":\"es\",\"@id\":\"https:\\\/\\\/secure.gravatar.com\\\/avatar\\\/2cb5eeb90ddddf18129790c93583d4ae96ca8a625c07994637c8fc9d35252ce5?s=96&d=mm&r=g\",\"url\":\"https:\\\/\\\/secure.gravatar.com\\\/avatar\\\/2cb5eeb90ddddf18129790c93583d4ae96ca8a625c07994637c8fc9d35252ce5?s=96&d=mm&r=g\",\"contentUrl\":\"https:\\\/\\\/secure.gravatar.com\\\/avatar\\\/2cb5eeb90ddddf18129790c93583d4ae96ca8a625c07994637c8fc9d35252ce5?s=96&d=mm&r=g\",\"caption\":\"FP Superior UFV\"},\"url\":\"https:\\\/\\\/fpsuperiorufv.es\\\/blog\\\/author\\\/cetys\\\/\"}]}<\/script>\n<!-- \/ Yoast SEO plugin. -->","yoast_head_json":{"title":"Qu\u00e9 nivel de matem\u00e1ticas necesitas para FP en Integraci\u00f3n Social a Distancia (con ejemplos) - Cetys","robots":{"index":"index","follow":"follow","max-snippet":"max-snippet:-1","max-image-preview":"max-image-preview:large","max-video-preview":"max-video-preview:-1"},"canonical":"https:\/\/fpsuperiorufv.es\/blog\/que-nivel-de-matematicas-necesitas-para-fp-en-integracion-social-a-distancia-con-ejemplos-blog\/","og_locale":"es_ES","og_type":"article","og_title":"Qu\u00e9 nivel de matem\u00e1ticas necesitas para FP en Integraci\u00f3n Social a Distancia (con ejemplos) - Cetys","og_description":"\u00bfQu\u00e9 nivel de matem\u00e1ticas necesitas para FP en Integraci\u00f3n Social a Distancia? Si est\u00e1s pensando en cursar un Ciclo Formativo de Grado Superior en Integraci\u00f3n Social a Distancia, es natural que te preguntes sobre el nivel de matem\u00e1ticas que necesitar\u00e1s. En este art\u00edculo, te explicaremos todo lo que necesitas saber sobre este tema y c\u00f3mo [&hellip;]","og_url":"https:\/\/fpsuperiorufv.es\/blog\/que-nivel-de-matematicas-necesitas-para-fp-en-integracion-social-a-distancia-con-ejemplos-blog\/","og_site_name":"Cetys","article_published_time":"2026-03-21T05:44:26+00:00","article_modified_time":"2026-04-22T11:49:58+00:00","og_image":[{"width":2560,"height":1440,"url":"https:\/\/fpsuperiorufv.es\/blog\/wp-content\/uploads\/2025\/08\/padres-nino-pasan-tiempo-juntos-al-aire-libre-scaled-1.jpg","type":"image\/jpeg"}],"author":"FP Superior UFV","twitter_card":"summary_large_image","twitter_misc":{"Escrito por":"FP Superior UFV","Tiempo de lectura":"4 minutos"},"schema":{"@context":"https:\/\/schema.org","@graph":[{"@type":"Article","@id":"https:\/\/fpsuperiorufv.es\/blog\/que-nivel-de-matematicas-necesitas-para-fp-en-integracion-social-a-distancia-con-ejemplos-blog\/#article","isPartOf":{"@id":"https:\/\/fpsuperiorufv.es\/blog\/que-nivel-de-matematicas-necesitas-para-fp-en-integracion-social-a-distancia-con-ejemplos-blog\/"},"author":{"name":"FP Superior UFV","@id":"https:\/\/fpsuperiorufv.es\/blog\/#\/schema\/person\/6eed41dc866f12d961994f51f39f8796"},"headline":"Qu\u00e9 nivel de matem\u00e1ticas necesitas para FP en Integraci\u00f3n Social a Distancia (con ejemplos)","datePublished":"2026-03-21T05:44:26+00:00","dateModified":"2026-04-22T11:49:58+00:00","mainEntityOfPage":{"@id":"https:\/\/fpsuperiorufv.es\/blog\/que-nivel-de-matematicas-necesitas-para-fp-en-integracion-social-a-distancia-con-ejemplos-blog\/"},"wordCount":878,"commentCount":0,"publisher":{"@id":"https:\/\/fpsuperiorufv.es\/blog\/#organization"},"image":{"@id":"https:\/\/fpsuperiorufv.es\/blog\/que-nivel-de-matematicas-necesitas-para-fp-en-integracion-social-a-distancia-con-ejemplos-blog\/#primaryimage"},"thumbnailUrl":"https:\/\/fpsuperiorufv.es\/blog\/wp-content\/uploads\/2025\/08\/padres-nino-pasan-tiempo-juntos-al-aire-libre-scaled-1.jpg","articleSection":["Grados superiores a distancia","Imagen para el Diagn\u00f3stico y Medicina Nuclear","Integraci\u00f3n Social"],"inLanguage":"es","potentialAction":[{"@type":"CommentAction","name":"Comment","target":["https:\/\/fpsuperiorufv.es\/blog\/que-nivel-de-matematicas-necesitas-para-fp-en-integracion-social-a-distancia-con-ejemplos-blog\/#respond"]}]},{"@type":"WebPage","@id":"https:\/\/fpsuperiorufv.es\/blog\/que-nivel-de-matematicas-necesitas-para-fp-en-integracion-social-a-distancia-con-ejemplos-blog\/","url":"https:\/\/fpsuperiorufv.es\/blog\/que-nivel-de-matematicas-necesitas-para-fp-en-integracion-social-a-distancia-con-ejemplos-blog\/","name":"Qu\u00e9 nivel de matem\u00e1ticas necesitas para FP en Integraci\u00f3n Social a Distancia (con ejemplos) - Cetys","isPartOf":{"@id":"https:\/\/fpsuperiorufv.es\/blog\/#website"},"primaryImageOfPage":{"@id":"https:\/\/fpsuperiorufv.es\/blog\/que-nivel-de-matematicas-necesitas-para-fp-en-integracion-social-a-distancia-con-ejemplos-blog\/#primaryimage"},"image":{"@id":"https:\/\/fpsuperiorufv.es\/blog\/que-nivel-de-matematicas-necesitas-para-fp-en-integracion-social-a-distancia-con-ejemplos-blog\/#primaryimage"},"thumbnailUrl":"https:\/\/fpsuperiorufv.es\/blog\/wp-content\/uploads\/2025\/08\/padres-nino-pasan-tiempo-juntos-al-aire-libre-scaled-1.jpg","datePublished":"2026-03-21T05:44:26+00:00","dateModified":"2026-04-22T11:49:58+00:00","breadcrumb":{"@id":"https:\/\/fpsuperiorufv.es\/blog\/que-nivel-de-matematicas-necesitas-para-fp-en-integracion-social-a-distancia-con-ejemplos-blog\/#breadcrumb"},"inLanguage":"es","potentialAction":[{"@type":"ReadAction","target":["https:\/\/fpsuperiorufv.es\/blog\/que-nivel-de-matematicas-necesitas-para-fp-en-integracion-social-a-distancia-con-ejemplos-blog\/"]}]},{"@type":"ImageObject","inLanguage":"es","@id":"https:\/\/fpsuperiorufv.es\/blog\/que-nivel-de-matematicas-necesitas-para-fp-en-integracion-social-a-distancia-con-ejemplos-blog\/#primaryimage","url":"https:\/\/fpsuperiorufv.es\/blog\/wp-content\/uploads\/2025\/08\/padres-nino-pasan-tiempo-juntos-al-aire-libre-scaled-1.jpg","contentUrl":"https:\/\/fpsuperiorufv.es\/blog\/wp-content\/uploads\/2025\/08\/padres-nino-pasan-tiempo-juntos-al-aire-libre-scaled-1.jpg","width":2560,"height":1440},{"@type":"BreadcrumbList","@id":"https:\/\/fpsuperiorufv.es\/blog\/que-nivel-de-matematicas-necesitas-para-fp-en-integracion-social-a-distancia-con-ejemplos-blog\/#breadcrumb","itemListElement":[{"@type":"ListItem","position":1,"name":"Home","item":"https:\/\/fpsuperiorufv.es\/blog\/"},{"@type":"ListItem","position":2,"name":"Qu\u00e9 nivel de matem\u00e1ticas necesitas para FP en Integraci\u00f3n Social a Distancia (con ejemplos)"}]},{"@type":"WebSite","@id":"https:\/\/fpsuperiorufv.es\/blog\/#website","url":"https:\/\/fpsuperiorufv.es\/blog\/","name":"Fp Superior Francisco de Vitoria","description":"","publisher":{"@id":"https:\/\/fpsuperiorufv.es\/blog\/#organization"},"alternateName":"Cetys","potentialAction":[{"@type":"SearchAction","target":{"@type":"EntryPoint","urlTemplate":"https:\/\/fpsuperiorufv.es\/blog\/?s={search_term_string}"},"query-input":{"@type":"PropertyValueSpecification","valueRequired":true,"valueName":"search_term_string"}}],"inLanguage":"es"},{"@type":"Organization","@id":"https:\/\/fpsuperiorufv.es\/blog\/#organization","name":"Cetys","url":"https:\/\/fpsuperiorufv.es\/blog\/","logo":{"@type":"ImageObject","inLanguage":"es","@id":"https:\/\/fpsuperiorufv.es\/blog\/#\/schema\/logo\/image\/","url":"https:\/\/fpsuperiorufv.lo\/wp-content\/uploads\/2025\/02\/logo.svg","contentUrl":"https:\/\/fpsuperiorufv.lo\/wp-content\/uploads\/2025\/02\/logo.svg","width":"1024","height":"1024","caption":"Cetys"},"image":{"@id":"https:\/\/fpsuperiorufv.es\/blog\/#\/schema\/logo\/image\/"}},{"@type":"Person","@id":"https:\/\/fpsuperiorufv.es\/blog\/#\/schema\/person\/6eed41dc866f12d961994f51f39f8796","name":"FP Superior UFV","image":{"@type":"ImageObject","inLanguage":"es","@id":"https:\/\/secure.gravatar.com\/avatar\/2cb5eeb90ddddf18129790c93583d4ae96ca8a625c07994637c8fc9d35252ce5?s=96&d=mm&r=g","url":"https:\/\/secure.gravatar.com\/avatar\/2cb5eeb90ddddf18129790c93583d4ae96ca8a625c07994637c8fc9d35252ce5?s=96&d=mm&r=g","contentUrl":"https:\/\/secure.gravatar.com\/avatar\/2cb5eeb90ddddf18129790c93583d4ae96ca8a625c07994637c8fc9d35252ce5?s=96&d=mm&r=g","caption":"FP Superior UFV"},"url":"https:\/\/fpsuperiorufv.es\/blog\/author\/cetys\/"}]}},"_links":{"self":[{"href":"https:\/\/fpsuperiorufv.es\/blog\/wp-json\/wp\/v2\/posts\/283593","targetHints":{"allow":["GET"]}}],"collection":[{"href":"https:\/\/fpsuperiorufv.es\/blog\/wp-json\/wp\/v2\/posts"}],"about":[{"href":"https:\/\/fpsuperiorufv.es\/blog\/wp-json\/wp\/v2\/types\/post"}],"author":[{"embeddable":true,"href":"https:\/\/fpsuperiorufv.es\/blog\/wp-json\/wp\/v2\/users\/3"}],"replies":[{"embeddable":true,"href":"https:\/\/fpsuperiorufv.es\/blog\/wp-json\/wp\/v2\/comments?post=283593"}],"version-history":[{"count":1,"href":"https:\/\/fpsuperiorufv.es\/blog\/wp-json\/wp\/v2\/posts\/283593\/revisions"}],"predecessor-version":[{"id":283734,"href":"https:\/\/fpsuperiorufv.es\/blog\/wp-json\/wp\/v2\/posts\/283593\/revisions\/283734"}],"wp:featuredmedia":[{"embeddable":true,"href":"https:\/\/fpsuperiorufv.es\/blog\/wp-json\/wp\/v2\/media\/2608"}],"wp:attachment":[{"href":"https:\/\/fpsuperiorufv.es\/blog\/wp-json\/wp\/v2\/media?parent=283593"}],"wp:term":[{"taxonomy":"category","embeddable":true,"href":"https:\/\/fpsuperiorufv.es\/blog\/wp-json\/wp\/v2\/categories?post=283593"},{"taxonomy":"post_tag","embeddable":true,"href":"https:\/\/fpsuperiorufv.es\/blog\/wp-json\/wp\/v2\/tags?post=283593"}],"curies":[{"name":"wp","href":"https:\/\/api.w.org\/{rel}","templated":true}]}}