{"id":283627,"date":"2026-03-23T17:54:06","date_gmt":"2026-03-23T17:54:06","guid":{"rendered":"https:\/\/soleyantonio.es\/financiacion-para-estudiar-fp-en-integracion-social-a-distancia-plazos-cuotas-y-opciones-sin-letra-pequena\/"},"modified":"2026-04-20T10:37:46","modified_gmt":"2026-04-20T08:37:46","slug":"financiacion-para-estudiar-fp-en-integracion-social-a-distancia-plazos-cuotas-y-opciones-sin-letra-pequena-blog","status":"publish","type":"post","link":"https:\/\/fpsuperiorufv.es\/blog\/financiacion-para-estudiar-fp-en-integracion-social-a-distancia-plazos-cuotas-y-opciones-sin-letra-pequena-blog\/","title":{"rendered":"Financiaci\u00f3n para estudiar FP en Integraci\u00f3n Social a Distancia: plazos cuotas y opciones (sin letra peque\u00f1a)"},"content":{"rendered":"<h2>Financiaci\u00f3n para estudiar FP en Integraci\u00f3n Social a Distancia<\/h2>\n<section>\n<p>\n            Si est\u00e1s pensando en dar un paso hacia tu futuro profesional, estudiar un Ciclo Formativo de Grado Superior en Integraci\u00f3n Social a distancia puede ser una excelente opci\u00f3n. En este art\u00edculo, te vamos a guiar a trav\u00e9s de las distintas alternativas de financiaci\u00f3n, plazos, cuotas y opciones que tienes a tu disposici\u00f3n para que puedas concentrarte en lo que realmente importa: tu formaci\u00f3n.\n        <\/p>\n<\/section>\n<section>\n<h2>Curiosidades y datos importantes sobre la financiaci\u00f3n para estudiar FP en Integraci\u00f3n Social<\/h2>\n<ul>\n<li>M\u00e1s del 60% de los estudiantes de FP optan por financiar sus estudios de alguna manera.<\/li>\n<li>Las tasas de inter\u00e9s para pr\u00e9stamos educativos suelen ser m\u00e1s bajas que las de otros pr\u00e9stamos personales.<\/li>\n<li>El 70% de nuestros estudiantes de FP en Integraci\u00f3n Social a distancia logran realizar pr\u00e1cticas en empresas durante su formaci\u00f3n.<\/li>\n<li>La duraci\u00f3n del Ciclo Formativo de Grado Superior en Integraci\u00f3n Social es de 2 a\u00f1os, lo que permite una planificaci\u00f3n eficaz de los pagos.<\/li>\n<li>Las becas del Ministerio de Educaci\u00f3n pueden cubrir hasta el 100% de la matr\u00edcula, dependiendo de tus circunstancias personales y econ\u00f3micas.<\/li>\n<\/ul>\n<\/section>\n<section>\n<h2>Opciones de financiaci\u00f3n para estudiar FP en Integraci\u00f3n Social<\/h2>\n<p>\n            Existen varias formas de financiar tus estudios, y cada una tiene sus propias caracter\u00edsticas. Vamos a desglosar las opciones m\u00e1s comunes que tenemos para ti:\n        <\/p>\n<h3>Becas y ayudas<\/h3>\n<p>\n            Las becas son una excelente opci\u00f3n si cumples con los requisitos establecidos. Adem\u00e1s, no tendr\u00e1s que devolver el dinero. Algunas de las opciones disponibles son:\n        <\/p>\n<ul>\n<li><strong>Becas del Ministerio de Educaci\u00f3n:<\/strong> Estas becas pueden cubrir parte o la totalidad de la matr\u00edcula.<\/li>\n<li><strong>Becas de la Comunidad de Madrid:<\/strong> Algunas comunidades ofrecen ayudas espec\u00edficas para la formaci\u00f3n profesional.<\/li>\n<li><strong>Ayudas para personas en situaci\u00f3n de desempleo:<\/strong> Si est\u00e1s en esta situaci\u00f3n, podr\u00edas acceder a becas adicionales.<\/li>\n<\/ul>\n<h3>Pr\u00e9stamos educativos<\/h3>\n<p>\n            Los pr\u00e9stamos son una opci\u00f3n para aquellos que necesitan ayuda financiera. Considera lo siguiente:\n        <\/p>\n<ul>\n<li><strong>Intereses bajos:<\/strong> A menudo, los pr\u00e9stamos destinados a la educaci\u00f3n tienen tasas de inter\u00e9s m\u00e1s bajas.<\/li>\n<li><strong>Flexibilidad en el pago:<\/strong> Muchos pr\u00e9stamos ofrecen la opci\u00f3n de comenzar a pagar una vez que hayas terminado tus estudios.<\/li>\n<li><strong>Plazos de amortizaci\u00f3n amplios:<\/strong> Puedes elegir plazos de pago que se adapten a tus necesidades financieras.<\/li>\n<\/ul>\n<h3>Planes de pago a plazos<\/h3>\n<p>\n            Si prefieres evitar un pr\u00e9stamo, muchas instituciones ofrecen planes de pago a plazos. Aqu\u00ed tienes lo que debes saber:\n        <\/p>\n<ul>\n<li><strong>Pagos mensuales:<\/strong> Puedes dividir el coste total de la matr\u00edcula en cuotas mensuales que sean manejables para ti.<\/li>\n<li><strong>Sin intereses adicionales:<\/strong> Algunos planes no aplican cargos por intereses, lo cual es una ventaja.<\/li>\n<li><strong>Facilidad de gesti\u00f3n:<\/strong> Este m\u00e9todo permite un mejor control de tu presupuesto mensual.<\/li>\n<\/ul>\n<\/section>\n<section>\n<h2>Plazos y cuotas de matr\u00edcula<\/h2>\n<p>\n            Conocer los plazos y cuotas de matr\u00edcula es fundamental para una buena planificaci\u00f3n financiera. En nuestro Ciclo Formativo de Grado Superior en Integraci\u00f3n Social a distancia, los plazos son claros y transparentes:\n        <\/p>\n<h3>Cuotas de matr\u00edcula<\/h3>\n<p>\n            Las cuotas pueden variar dependiendo de la modalidad de pago que elijas. Aqu\u00ed te dejamos un desglose:\n        <\/p>\n<ul>\n<li><strong>Matr\u00edcula \u00fanica:<\/strong> Se paga una sola vez al inicio del curso.<\/li>\n<li><strong>Pagos fraccionados:<\/strong> Puedes optar por pagar en 3 a 12 mensualidades.<\/li>\n<li><strong>Descuentos:<\/strong> Existen descuentos por pronto pago o si accedes a una beca.<\/li>\n<\/ul>\n<h3>Plazos de inscripci\u00f3n<\/h3>\n<p>\n            Es importante que est\u00e9s al tanto de los plazos de inscripci\u00f3n para no perderte la oportunidad. Generalmente, los plazos son:\n        <\/p>\n<ul>\n<li><strong>Primera convocatoria:<\/strong> Del 1 al 30 de junio.<\/li>\n<li><strong>Segunda convocatoria:<\/strong> Del 1 al 15 de septiembre.<\/li>\n<\/ul>\n<\/section>\n<section>\n<h2>Ejemplo de financiaci\u00f3n para estudiar FP en Integraci\u00f3n Social<\/h2>\n<p>\n            Imagina que decides matricularte en nuestro Ciclo Formativo de Grado Superior en Integraci\u00f3n Social a distancia, con una matr\u00edcula de 1,500 euros.\n        <\/p>\n<h3>Opci\u00f3n A: Beca del Ministerio de Educaci\u00f3n<\/h3>\n<p>\n            Si cumples con los requisitos y obtienes una beca del 100%, no pagar\u00e1s nada.\n        <\/p>\n<h3>Opci\u00f3n B: Pr\u00e9stamo educativo<\/h3>\n<p>\n            Si decides financiarlo con un pr\u00e9stamo a 3 a\u00f1os con un inter\u00e9s del 4%, pagar\u00edas aproximadamente 530 euros al a\u00f1o.\n        <\/p>\n<h3>Opci\u00f3n C: Pago a plazos<\/h3>\n<p>\n            Si optas por un plan de pago de 12 meses, pagar\u00edas 125 euros al mes sin intereses adicionales.\n        <\/p>\n<\/section>\n<section>\n<h2>Preguntas frecuentes<\/h2>\n<h2>\u00bfPuedo acceder a becas si trabajo a tiempo parcial?<\/h2>\n<p>\n            S\u00ed, muchas becas no tienen en cuenta tus ingresos si son bajos, as\u00ed que podr\u00edas ser elegible.\n        <\/p>\n<h2>\u00bfQu\u00e9 requisitos debo cumplir para solicitar un pr\u00e9stamo educativo?<\/h2>\n<p>\n            Generalmente, necesitar\u00e1s ser mayor de edad, tener un aval y demostrar tu situaci\u00f3n econ\u00f3mica.\n        <\/p>\n<h2>\u00bfLos planes de pago a plazos tienen alguna penalizaci\u00f3n por impago?<\/h2>\n<p>\n            Normalmente, s\u00ed, as\u00ed que es importante que te asegures de poder cumplir con los pagos acordados.\n        <\/p>\n<h2>\u00bfD\u00f3nde puedo encontrar m\u00e1s informaci\u00f3n sobre el proceso de admisi\u00f3n?<\/h2>\n<p>\n            Puedes visitar nuestra p\u00e1gina de <a href=https:\/\/fpsuperiorufv.es\/secretaria-admision-y-ayuda\/>Proceso de Admisi\u00f3n<\/a> para obtener m\u00e1s detalles.\n        <\/p>\n<\/section>\n<footer>\n<p>Esperamos que esta informaci\u00f3n te haya sido \u00fatil. No dudes en contactarnos si tienes m\u00e1s preguntas o si est\u00e1s listo para dar el siguiente paso en tu formaci\u00f3n. \u00a1Tu futuro en el \u00e1mbito social te est\u00e1 esperando!<\/p>\n<\/footer>\n","protected":false},"excerpt":{"rendered":"<p>Financiaci\u00f3n para estudiar FP en Integraci\u00f3n Social a Distancia Si est\u00e1s pensando en dar un paso hacia tu futuro profesional, estudiar un Ciclo Formativo de Grado Superior en Integraci\u00f3n Social a distancia puede ser una excelente opci\u00f3n. En este art\u00edculo, te vamos a guiar a trav\u00e9s de las distintas alternativas de financiaci\u00f3n, plazos, cuotas y [&hellip;]<\/p>\n","protected":false},"author":3,"featured_media":3190,"comment_status":"open","ping_status":"open","sticky":false,"template":"","format":"standard","meta":{"inline_featured_image":false,"footnotes":""},"categories":[385,406,393],"tags":[],"class_list":["post-283627","post","type-post","status-publish","format-standard","has-post-thumbnail","hentry","category-grados-superiores-a-distancia","category-integracion-social","category-preguntas-frecuentes"],"yoast_head":"<!-- This site is optimized with the Yoast SEO plugin v27.4 - https:\/\/yoast.com\/product\/yoast-seo-wordpress\/ -->\n<title>Financiaci\u00f3n para estudiar FP en Integraci\u00f3n Social a Distancia: plazos cuotas y opciones (sin letra peque\u00f1a) - Cetys<\/title>\n<meta name=\"robots\" content=\"index, follow, max-snippet:-1, max-image-preview:large, max-video-preview:-1\" \/>\n<link rel=\"canonical\" href=\"https:\/\/fpsuperiorufv.es\/blog\/financiacion-para-estudiar-fp-en-integracion-social-a-distancia-plazos-cuotas-y-opciones-sin-letra-pequena-blog\/\" \/>\n<meta property=\"og:locale\" content=\"es_ES\" \/>\n<meta property=\"og:type\" content=\"article\" \/>\n<meta property=\"og:title\" content=\"Financiaci\u00f3n para estudiar FP en Integraci\u00f3n Social a Distancia: plazos cuotas y opciones (sin letra peque\u00f1a) - Cetys\" \/>\n<meta property=\"og:description\" content=\"Financiaci\u00f3n para estudiar FP en Integraci\u00f3n Social a Distancia Si est\u00e1s pensando en dar un paso hacia tu futuro profesional, estudiar un Ciclo Formativo de Grado Superior en Integraci\u00f3n Social a distancia puede ser una excelente opci\u00f3n. En este art\u00edculo, te vamos a guiar a trav\u00e9s de las distintas alternativas de financiaci\u00f3n, plazos, cuotas y [&hellip;]\" \/>\n<meta property=\"og:url\" content=\"https:\/\/fpsuperiorufv.es\/blog\/financiacion-para-estudiar-fp-en-integracion-social-a-distancia-plazos-cuotas-y-opciones-sin-letra-pequena-blog\/\" \/>\n<meta property=\"og:site_name\" content=\"Cetys\" \/>\n<meta property=\"article:published_time\" content=\"2026-03-23T17:54:06+00:00\" \/>\n<meta property=\"article:modified_time\" content=\"2026-04-20T08:37:46+00:00\" \/>\n<meta property=\"og:image\" content=\"https:\/\/fpsuperiorufv.es\/blog\/wp-content\/uploads\/2025\/11\/padres-nino-pasan-tiempo-juntos-al-aire-libre-1-scaled-1.jpg\" \/>\n\t<meta property=\"og:image:width\" content=\"2560\" \/>\n\t<meta property=\"og:image:height\" content=\"1440\" \/>\n\t<meta property=\"og:image:type\" content=\"image\/jpeg\" \/>\n<meta name=\"author\" content=\"FP Superior UFV\" \/>\n<meta name=\"twitter:card\" content=\"summary_large_image\" \/>\n<meta name=\"twitter:label1\" content=\"Escrito por\" \/>\n\t<meta name=\"twitter:data1\" content=\"FP Superior UFV\" \/>\n\t<meta name=\"twitter:label2\" content=\"Tiempo de lectura\" \/>\n\t<meta name=\"twitter:data2\" content=\"4 minutos\" \/>\n<script type=\"application\/ld+json\" class=\"yoast-schema-graph\">{\"@context\":\"https:\\\/\\\/schema.org\",\"@graph\":[{\"@type\":\"Article\",\"@id\":\"https:\\\/\\\/fpsuperiorufv.es\\\/blog\\\/financiacion-para-estudiar-fp-en-integracion-social-a-distancia-plazos-cuotas-y-opciones-sin-letra-pequena-blog\\\/#article\",\"isPartOf\":{\"@id\":\"https:\\\/\\\/fpsuperiorufv.es\\\/blog\\\/financiacion-para-estudiar-fp-en-integracion-social-a-distancia-plazos-cuotas-y-opciones-sin-letra-pequena-blog\\\/\"},\"author\":{\"name\":\"FP Superior UFV\",\"@id\":\"https:\\\/\\\/fpsuperiorufv.es\\\/blog\\\/#\\\/schema\\\/person\\\/6eed41dc866f12d961994f51f39f8796\"},\"headline\":\"Financiaci\u00f3n para estudiar FP en Integraci\u00f3n Social a Distancia: plazos cuotas y opciones (sin letra peque\u00f1a)\",\"datePublished\":\"2026-03-23T17:54:06+00:00\",\"dateModified\":\"2026-04-20T08:37:46+00:00\",\"mainEntityOfPage\":{\"@id\":\"https:\\\/\\\/fpsuperiorufv.es\\\/blog\\\/financiacion-para-estudiar-fp-en-integracion-social-a-distancia-plazos-cuotas-y-opciones-sin-letra-pequena-blog\\\/\"},\"wordCount\":897,\"commentCount\":0,\"publisher\":{\"@id\":\"https:\\\/\\\/fpsuperiorufv.es\\\/blog\\\/#organization\"},\"image\":{\"@id\":\"https:\\\/\\\/fpsuperiorufv.es\\\/blog\\\/financiacion-para-estudiar-fp-en-integracion-social-a-distancia-plazos-cuotas-y-opciones-sin-letra-pequena-blog\\\/#primaryimage\"},\"thumbnailUrl\":\"https:\\\/\\\/fpsuperiorufv.es\\\/blog\\\/wp-content\\\/uploads\\\/2025\\\/11\\\/padres-nino-pasan-tiempo-juntos-al-aire-libre-1-scaled-1.jpg\",\"articleSection\":[\"Grados superiores a distancia\",\"Integraci\u00f3n Social\",\"Preguntas frecuentes\"],\"inLanguage\":\"es\",\"potentialAction\":[{\"@type\":\"CommentAction\",\"name\":\"Comment\",\"target\":[\"https:\\\/\\\/fpsuperiorufv.es\\\/blog\\\/financiacion-para-estudiar-fp-en-integracion-social-a-distancia-plazos-cuotas-y-opciones-sin-letra-pequena-blog\\\/#respond\"]}]},{\"@type\":\"WebPage\",\"@id\":\"https:\\\/\\\/fpsuperiorufv.es\\\/blog\\\/financiacion-para-estudiar-fp-en-integracion-social-a-distancia-plazos-cuotas-y-opciones-sin-letra-pequena-blog\\\/\",\"url\":\"https:\\\/\\\/fpsuperiorufv.es\\\/blog\\\/financiacion-para-estudiar-fp-en-integracion-social-a-distancia-plazos-cuotas-y-opciones-sin-letra-pequena-blog\\\/\",\"name\":\"Financiaci\u00f3n para estudiar FP en Integraci\u00f3n Social a Distancia: plazos cuotas y opciones (sin letra peque\u00f1a) - Cetys\",\"isPartOf\":{\"@id\":\"https:\\\/\\\/fpsuperiorufv.es\\\/blog\\\/#website\"},\"primaryImageOfPage\":{\"@id\":\"https:\\\/\\\/fpsuperiorufv.es\\\/blog\\\/financiacion-para-estudiar-fp-en-integracion-social-a-distancia-plazos-cuotas-y-opciones-sin-letra-pequena-blog\\\/#primaryimage\"},\"image\":{\"@id\":\"https:\\\/\\\/fpsuperiorufv.es\\\/blog\\\/financiacion-para-estudiar-fp-en-integracion-social-a-distancia-plazos-cuotas-y-opciones-sin-letra-pequena-blog\\\/#primaryimage\"},\"thumbnailUrl\":\"https:\\\/\\\/fpsuperiorufv.es\\\/blog\\\/wp-content\\\/uploads\\\/2025\\\/11\\\/padres-nino-pasan-tiempo-juntos-al-aire-libre-1-scaled-1.jpg\",\"datePublished\":\"2026-03-23T17:54:06+00:00\",\"dateModified\":\"2026-04-20T08:37:46+00:00\",\"breadcrumb\":{\"@id\":\"https:\\\/\\\/fpsuperiorufv.es\\\/blog\\\/financiacion-para-estudiar-fp-en-integracion-social-a-distancia-plazos-cuotas-y-opciones-sin-letra-pequena-blog\\\/#breadcrumb\"},\"inLanguage\":\"es\",\"potentialAction\":[{\"@type\":\"ReadAction\",\"target\":[\"https:\\\/\\\/fpsuperiorufv.es\\\/blog\\\/financiacion-para-estudiar-fp-en-integracion-social-a-distancia-plazos-cuotas-y-opciones-sin-letra-pequena-blog\\\/\"]}]},{\"@type\":\"ImageObject\",\"inLanguage\":\"es\",\"@id\":\"https:\\\/\\\/fpsuperiorufv.es\\\/blog\\\/financiacion-para-estudiar-fp-en-integracion-social-a-distancia-plazos-cuotas-y-opciones-sin-letra-pequena-blog\\\/#primaryimage\",\"url\":\"https:\\\/\\\/fpsuperiorufv.es\\\/blog\\\/wp-content\\\/uploads\\\/2025\\\/11\\\/padres-nino-pasan-tiempo-juntos-al-aire-libre-1-scaled-1.jpg\",\"contentUrl\":\"https:\\\/\\\/fpsuperiorufv.es\\\/blog\\\/wp-content\\\/uploads\\\/2025\\\/11\\\/padres-nino-pasan-tiempo-juntos-al-aire-libre-1-scaled-1.jpg\",\"width\":2560,\"height\":1440},{\"@type\":\"BreadcrumbList\",\"@id\":\"https:\\\/\\\/fpsuperiorufv.es\\\/blog\\\/financiacion-para-estudiar-fp-en-integracion-social-a-distancia-plazos-cuotas-y-opciones-sin-letra-pequena-blog\\\/#breadcrumb\",\"itemListElement\":[{\"@type\":\"ListItem\",\"position\":1,\"name\":\"Home\",\"item\":\"https:\\\/\\\/fpsuperiorufv.es\\\/blog\\\/\"},{\"@type\":\"ListItem\",\"position\":2,\"name\":\"Financiaci\u00f3n para estudiar FP en Integraci\u00f3n Social a Distancia: plazos cuotas y opciones (sin letra peque\u00f1a)\"}]},{\"@type\":\"WebSite\",\"@id\":\"https:\\\/\\\/fpsuperiorufv.es\\\/blog\\\/#website\",\"url\":\"https:\\\/\\\/fpsuperiorufv.es\\\/blog\\\/\",\"name\":\"Fp Superior Francisco de Vitoria\",\"description\":\"\",\"publisher\":{\"@id\":\"https:\\\/\\\/fpsuperiorufv.es\\\/blog\\\/#organization\"},\"alternateName\":\"Cetys\",\"potentialAction\":[{\"@type\":\"SearchAction\",\"target\":{\"@type\":\"EntryPoint\",\"urlTemplate\":\"https:\\\/\\\/fpsuperiorufv.es\\\/blog\\\/?s={search_term_string}\"},\"query-input\":{\"@type\":\"PropertyValueSpecification\",\"valueRequired\":true,\"valueName\":\"search_term_string\"}}],\"inLanguage\":\"es\"},{\"@type\":\"Organization\",\"@id\":\"https:\\\/\\\/fpsuperiorufv.es\\\/blog\\\/#organization\",\"name\":\"Cetys\",\"url\":\"https:\\\/\\\/fpsuperiorufv.es\\\/blog\\\/\",\"logo\":{\"@type\":\"ImageObject\",\"inLanguage\":\"es\",\"@id\":\"https:\\\/\\\/fpsuperiorufv.es\\\/blog\\\/#\\\/schema\\\/logo\\\/image\\\/\",\"url\":\"https:\\\/\\\/fpsuperiorufv.lo\\\/wp-content\\\/uploads\\\/2025\\\/02\\\/logo.svg\",\"contentUrl\":\"https:\\\/\\\/fpsuperiorufv.lo\\\/wp-content\\\/uploads\\\/2025\\\/02\\\/logo.svg\",\"width\":\"1024\",\"height\":\"1024\",\"caption\":\"Cetys\"},\"image\":{\"@id\":\"https:\\\/\\\/fpsuperiorufv.es\\\/blog\\\/#\\\/schema\\\/logo\\\/image\\\/\"}},{\"@type\":\"Person\",\"@id\":\"https:\\\/\\\/fpsuperiorufv.es\\\/blog\\\/#\\\/schema\\\/person\\\/6eed41dc866f12d961994f51f39f8796\",\"name\":\"FP Superior UFV\",\"image\":{\"@type\":\"ImageObject\",\"inLanguage\":\"es\",\"@id\":\"https:\\\/\\\/secure.gravatar.com\\\/avatar\\\/2cb5eeb90ddddf18129790c93583d4ae96ca8a625c07994637c8fc9d35252ce5?s=96&d=mm&r=g\",\"url\":\"https:\\\/\\\/secure.gravatar.com\\\/avatar\\\/2cb5eeb90ddddf18129790c93583d4ae96ca8a625c07994637c8fc9d35252ce5?s=96&d=mm&r=g\",\"contentUrl\":\"https:\\\/\\\/secure.gravatar.com\\\/avatar\\\/2cb5eeb90ddddf18129790c93583d4ae96ca8a625c07994637c8fc9d35252ce5?s=96&d=mm&r=g\",\"caption\":\"FP Superior UFV\"},\"url\":\"https:\\\/\\\/fpsuperiorufv.es\\\/blog\\\/author\\\/cetys\\\/\"}]}<\/script>\n<!-- \/ Yoast SEO plugin. -->","yoast_head_json":{"title":"Financiaci\u00f3n para estudiar FP en Integraci\u00f3n Social a Distancia: plazos cuotas y opciones (sin letra peque\u00f1a) - Cetys","robots":{"index":"index","follow":"follow","max-snippet":"max-snippet:-1","max-image-preview":"max-image-preview:large","max-video-preview":"max-video-preview:-1"},"canonical":"https:\/\/fpsuperiorufv.es\/blog\/financiacion-para-estudiar-fp-en-integracion-social-a-distancia-plazos-cuotas-y-opciones-sin-letra-pequena-blog\/","og_locale":"es_ES","og_type":"article","og_title":"Financiaci\u00f3n para estudiar FP en Integraci\u00f3n Social a Distancia: plazos cuotas y opciones (sin letra peque\u00f1a) - Cetys","og_description":"Financiaci\u00f3n para estudiar FP en Integraci\u00f3n Social a Distancia Si est\u00e1s pensando en dar un paso hacia tu futuro profesional, estudiar un Ciclo Formativo de Grado Superior en Integraci\u00f3n Social a distancia puede ser una excelente opci\u00f3n. En este art\u00edculo, te vamos a guiar a trav\u00e9s de las distintas alternativas de financiaci\u00f3n, plazos, cuotas y [&hellip;]","og_url":"https:\/\/fpsuperiorufv.es\/blog\/financiacion-para-estudiar-fp-en-integracion-social-a-distancia-plazos-cuotas-y-opciones-sin-letra-pequena-blog\/","og_site_name":"Cetys","article_published_time":"2026-03-23T17:54:06+00:00","article_modified_time":"2026-04-20T08:37:46+00:00","og_image":[{"width":2560,"height":1440,"url":"https:\/\/fpsuperiorufv.es\/blog\/wp-content\/uploads\/2025\/11\/padres-nino-pasan-tiempo-juntos-al-aire-libre-1-scaled-1.jpg","type":"image\/jpeg"}],"author":"FP Superior UFV","twitter_card":"summary_large_image","twitter_misc":{"Escrito por":"FP Superior UFV","Tiempo de lectura":"4 minutos"},"schema":{"@context":"https:\/\/schema.org","@graph":[{"@type":"Article","@id":"https:\/\/fpsuperiorufv.es\/blog\/financiacion-para-estudiar-fp-en-integracion-social-a-distancia-plazos-cuotas-y-opciones-sin-letra-pequena-blog\/#article","isPartOf":{"@id":"https:\/\/fpsuperiorufv.es\/blog\/financiacion-para-estudiar-fp-en-integracion-social-a-distancia-plazos-cuotas-y-opciones-sin-letra-pequena-blog\/"},"author":{"name":"FP Superior UFV","@id":"https:\/\/fpsuperiorufv.es\/blog\/#\/schema\/person\/6eed41dc866f12d961994f51f39f8796"},"headline":"Financiaci\u00f3n para estudiar FP en Integraci\u00f3n Social a Distancia: plazos cuotas y opciones (sin letra peque\u00f1a)","datePublished":"2026-03-23T17:54:06+00:00","dateModified":"2026-04-20T08:37:46+00:00","mainEntityOfPage":{"@id":"https:\/\/fpsuperiorufv.es\/blog\/financiacion-para-estudiar-fp-en-integracion-social-a-distancia-plazos-cuotas-y-opciones-sin-letra-pequena-blog\/"},"wordCount":897,"commentCount":0,"publisher":{"@id":"https:\/\/fpsuperiorufv.es\/blog\/#organization"},"image":{"@id":"https:\/\/fpsuperiorufv.es\/blog\/financiacion-para-estudiar-fp-en-integracion-social-a-distancia-plazos-cuotas-y-opciones-sin-letra-pequena-blog\/#primaryimage"},"thumbnailUrl":"https:\/\/fpsuperiorufv.es\/blog\/wp-content\/uploads\/2025\/11\/padres-nino-pasan-tiempo-juntos-al-aire-libre-1-scaled-1.jpg","articleSection":["Grados superiores a distancia","Integraci\u00f3n Social","Preguntas frecuentes"],"inLanguage":"es","potentialAction":[{"@type":"CommentAction","name":"Comment","target":["https:\/\/fpsuperiorufv.es\/blog\/financiacion-para-estudiar-fp-en-integracion-social-a-distancia-plazos-cuotas-y-opciones-sin-letra-pequena-blog\/#respond"]}]},{"@type":"WebPage","@id":"https:\/\/fpsuperiorufv.es\/blog\/financiacion-para-estudiar-fp-en-integracion-social-a-distancia-plazos-cuotas-y-opciones-sin-letra-pequena-blog\/","url":"https:\/\/fpsuperiorufv.es\/blog\/financiacion-para-estudiar-fp-en-integracion-social-a-distancia-plazos-cuotas-y-opciones-sin-letra-pequena-blog\/","name":"Financiaci\u00f3n para estudiar FP en Integraci\u00f3n Social a Distancia: plazos cuotas y opciones (sin letra peque\u00f1a) - Cetys","isPartOf":{"@id":"https:\/\/fpsuperiorufv.es\/blog\/#website"},"primaryImageOfPage":{"@id":"https:\/\/fpsuperiorufv.es\/blog\/financiacion-para-estudiar-fp-en-integracion-social-a-distancia-plazos-cuotas-y-opciones-sin-letra-pequena-blog\/#primaryimage"},"image":{"@id":"https:\/\/fpsuperiorufv.es\/blog\/financiacion-para-estudiar-fp-en-integracion-social-a-distancia-plazos-cuotas-y-opciones-sin-letra-pequena-blog\/#primaryimage"},"thumbnailUrl":"https:\/\/fpsuperiorufv.es\/blog\/wp-content\/uploads\/2025\/11\/padres-nino-pasan-tiempo-juntos-al-aire-libre-1-scaled-1.jpg","datePublished":"2026-03-23T17:54:06+00:00","dateModified":"2026-04-20T08:37:46+00:00","breadcrumb":{"@id":"https:\/\/fpsuperiorufv.es\/blog\/financiacion-para-estudiar-fp-en-integracion-social-a-distancia-plazos-cuotas-y-opciones-sin-letra-pequena-blog\/#breadcrumb"},"inLanguage":"es","potentialAction":[{"@type":"ReadAction","target":["https:\/\/fpsuperiorufv.es\/blog\/financiacion-para-estudiar-fp-en-integracion-social-a-distancia-plazos-cuotas-y-opciones-sin-letra-pequena-blog\/"]}]},{"@type":"ImageObject","inLanguage":"es","@id":"https:\/\/fpsuperiorufv.es\/blog\/financiacion-para-estudiar-fp-en-integracion-social-a-distancia-plazos-cuotas-y-opciones-sin-letra-pequena-blog\/#primaryimage","url":"https:\/\/fpsuperiorufv.es\/blog\/wp-content\/uploads\/2025\/11\/padres-nino-pasan-tiempo-juntos-al-aire-libre-1-scaled-1.jpg","contentUrl":"https:\/\/fpsuperiorufv.es\/blog\/wp-content\/uploads\/2025\/11\/padres-nino-pasan-tiempo-juntos-al-aire-libre-1-scaled-1.jpg","width":2560,"height":1440},{"@type":"BreadcrumbList","@id":"https:\/\/fpsuperiorufv.es\/blog\/financiacion-para-estudiar-fp-en-integracion-social-a-distancia-plazos-cuotas-y-opciones-sin-letra-pequena-blog\/#breadcrumb","itemListElement":[{"@type":"ListItem","position":1,"name":"Home","item":"https:\/\/fpsuperiorufv.es\/blog\/"},{"@type":"ListItem","position":2,"name":"Financiaci\u00f3n para estudiar FP en Integraci\u00f3n Social a Distancia: plazos cuotas y opciones (sin letra peque\u00f1a)"}]},{"@type":"WebSite","@id":"https:\/\/fpsuperiorufv.es\/blog\/#website","url":"https:\/\/fpsuperiorufv.es\/blog\/","name":"Fp Superior Francisco de Vitoria","description":"","publisher":{"@id":"https:\/\/fpsuperiorufv.es\/blog\/#organization"},"alternateName":"Cetys","potentialAction":[{"@type":"SearchAction","target":{"@type":"EntryPoint","urlTemplate":"https:\/\/fpsuperiorufv.es\/blog\/?s={search_term_string}"},"query-input":{"@type":"PropertyValueSpecification","valueRequired":true,"valueName":"search_term_string"}}],"inLanguage":"es"},{"@type":"Organization","@id":"https:\/\/fpsuperiorufv.es\/blog\/#organization","name":"Cetys","url":"https:\/\/fpsuperiorufv.es\/blog\/","logo":{"@type":"ImageObject","inLanguage":"es","@id":"https:\/\/fpsuperiorufv.es\/blog\/#\/schema\/logo\/image\/","url":"https:\/\/fpsuperiorufv.lo\/wp-content\/uploads\/2025\/02\/logo.svg","contentUrl":"https:\/\/fpsuperiorufv.lo\/wp-content\/uploads\/2025\/02\/logo.svg","width":"1024","height":"1024","caption":"Cetys"},"image":{"@id":"https:\/\/fpsuperiorufv.es\/blog\/#\/schema\/logo\/image\/"}},{"@type":"Person","@id":"https:\/\/fpsuperiorufv.es\/blog\/#\/schema\/person\/6eed41dc866f12d961994f51f39f8796","name":"FP Superior UFV","image":{"@type":"ImageObject","inLanguage":"es","@id":"https:\/\/secure.gravatar.com\/avatar\/2cb5eeb90ddddf18129790c93583d4ae96ca8a625c07994637c8fc9d35252ce5?s=96&d=mm&r=g","url":"https:\/\/secure.gravatar.com\/avatar\/2cb5eeb90ddddf18129790c93583d4ae96ca8a625c07994637c8fc9d35252ce5?s=96&d=mm&r=g","contentUrl":"https:\/\/secure.gravatar.com\/avatar\/2cb5eeb90ddddf18129790c93583d4ae96ca8a625c07994637c8fc9d35252ce5?s=96&d=mm&r=g","caption":"FP Superior UFV"},"url":"https:\/\/fpsuperiorufv.es\/blog\/author\/cetys\/"}]}},"_links":{"self":[{"href":"https:\/\/fpsuperiorufv.es\/blog\/wp-json\/wp\/v2\/posts\/283627","targetHints":{"allow":["GET"]}}],"collection":[{"href":"https:\/\/fpsuperiorufv.es\/blog\/wp-json\/wp\/v2\/posts"}],"about":[{"href":"https:\/\/fpsuperiorufv.es\/blog\/wp-json\/wp\/v2\/types\/post"}],"author":[{"embeddable":true,"href":"https:\/\/fpsuperiorufv.es\/blog\/wp-json\/wp\/v2\/users\/3"}],"replies":[{"embeddable":true,"href":"https:\/\/fpsuperiorufv.es\/blog\/wp-json\/wp\/v2\/comments?post=283627"}],"version-history":[{"count":1,"href":"https:\/\/fpsuperiorufv.es\/blog\/wp-json\/wp\/v2\/posts\/283627\/revisions"}],"predecessor-version":[{"id":283689,"href":"https:\/\/fpsuperiorufv.es\/blog\/wp-json\/wp\/v2\/posts\/283627\/revisions\/283689"}],"wp:featuredmedia":[{"embeddable":true,"href":"https:\/\/fpsuperiorufv.es\/blog\/wp-json\/wp\/v2\/media\/3190"}],"wp:attachment":[{"href":"https:\/\/fpsuperiorufv.es\/blog\/wp-json\/wp\/v2\/media?parent=283627"}],"wp:term":[{"taxonomy":"category","embeddable":true,"href":"https:\/\/fpsuperiorufv.es\/blog\/wp-json\/wp\/v2\/categories?post=283627"},{"taxonomy":"post_tag","embeddable":true,"href":"https:\/\/fpsuperiorufv.es\/blog\/wp-json\/wp\/v2\/tags?post=283627"}],"curies":[{"name":"wp","href":"https:\/\/api.w.org\/{rel}","templated":true}]}}