{"id":283638,"date":"2026-03-23T11:03:10","date_gmt":"2026-03-23T11:03:10","guid":{"rendered":"https:\/\/soleyantonio.es\/financiacion-para-estudiar-fp-en-asesoria-de-imagen-personal-y-corporativa-a-distancia-plazos-cuotas-y-opciones-sin-letra-pequena\/"},"modified":"2026-04-20T12:12:48","modified_gmt":"2026-04-20T10:12:48","slug":"financiacion-para-estudiar-fp-en-asesoria-de-imagen-personal-y-corporativa-a-distancia-plazos-cuotas-y-opciones-sin-letra-pequena-blog","status":"publish","type":"post","link":"https:\/\/fpsuperiorufv.es\/blog\/financiacion-para-estudiar-fp-en-asesoria-de-imagen-personal-y-corporativa-a-distancia-plazos-cuotas-y-opciones-sin-letra-pequena-blog\/","title":{"rendered":"Financiaci\u00f3n para estudiar FP en Asesor\u00eda de Imagen Personal y Corporativa a Distancia: plazos cuotas y opciones (sin letra peque\u00f1a)"},"content":{"rendered":"<h2>Financiaci\u00f3n para estudiar FP en Asesor\u00eda de Imagen Personal y Corporativa a Distancia<\/h2>\n<section>\n<p>Si est\u00e1s pensando en dar el salto a tu futuro profesional, estudiar un Ciclo Formativo de Grado Superior en Asesor\u00eda de Imagen Personal y Corporativa a Distancia es una excelente opci\u00f3n. Aqu\u00ed te contaremos todo sobre las diferentes opciones de financiaci\u00f3n disponibles para que puedas centrarte en lo que realmente importa: tu formaci\u00f3n. \u00a1Vamos a ello!<\/p>\n<h2>Curiosidades y datos interesantes sobre la financiaci\u00f3n para estudiar FP<\/h2>\n<ul>\n<li>M\u00e1s del 60% de los estudiantes de FP en Espa\u00f1a eligen f\u00f3rmulas de financiaci\u00f3n para poder estudiar.<\/li>\n<li>La FP Superior tiene una tasa de inserci\u00f3n laboral superior al 80% en muchos sectores.<\/li>\n<li>El coste promedio de una FP a distancia puede variar, pero es accesible en comparaci\u00f3n con otras modalidades educativas.<\/li>\n<li>Las opciones de financiaci\u00f3n incluyen becas, pr\u00e9stamos y planes de pago a plazos.<\/li>\n<li>El 75% de los estudiantes que solicitan financiaci\u00f3n consigue alg\u00fan tipo de ayuda econ\u00f3mica.<\/li>\n<\/ul>\n<\/section>\n<section>\n<h2>Opciones de financiaci\u00f3n para estudiar FP a distancia<\/h2>\n<p>Al considerar c\u00f3mo financiar tus estudios, es importante conocer todas las opciones disponibles. Aqu\u00ed te presentamos las m\u00e1s comunes:<\/p>\n<h2>Becas y ayudas<\/h2>\n<p>Las becas son una excelente forma de reducir el coste de tus estudios. Existen diferentes tipos de becas que puedes solicitar:<\/p>\n<ul>\n<li><strong>Becas del Ministerio de Educaci\u00f3n:<\/strong> Estas becas est\u00e1n destinadas a estudiantes que cumplan con ciertos requisitos econ\u00f3micos y acad\u00e9micos.<\/li>\n<li><strong>Becas de la Comunidad de Madrid:<\/strong> La comunidad tambi\u00e9n ofrece ayudas espec\u00edficas para estudiantes de FP.<\/li>\n<li><strong>Becas de la Universidad Francisco de Vitoria:<\/strong> Nosotros ofrecemos becas internas para facilitar el acceso a nuestros programas de FP.<\/li>\n<\/ul>\n<h2>Pr\u00e9stamos educativos<\/h2>\n<p>Si no puedes acceder a una beca, los pr\u00e9stamos educativos son otra opci\u00f3n viable:<\/p>\n<ul>\n<li><strong>Pr\u00e9stamos bancarios:<\/strong> Muchos bancos ofrecen pr\u00e9stamos espec\u00edficos para financiar estudios. Aseg\u00farate de comparar condiciones y tipos de inter\u00e9s.<\/li>\n<li><strong>Pr\u00e9stamos a trav\u00e9s de la propia universidad:<\/strong> En algunos casos, nosotros ofrecemos la posibilidad de financiaci\u00f3n a trav\u00e9s de planes de pago a plazos.<\/li>\n<\/ul>\n<h2>Planes de pago a plazos<\/h2>\n<p>Los planes de pago a plazos son una alternativa c\u00f3moda para gestionar el coste de tus estudios:<\/p>\n<ul>\n<li><strong>Pagos mensuales:<\/strong> Puedes optar por pagar la matr\u00edcula en cuotas mensuales, lo que facilita la gesti\u00f3n de tu presupuesto.<\/li>\n<li><strong>Descuentos por pronto pago:<\/strong> Algunas instituciones ofrecen descuentos si pagas el total de la matr\u00edcula al inicio.<\/li>\n<\/ul>\n<h2>Costes aproximados<\/h2>\n<p>Aunque los precios pueden variar, es importante tener una idea del coste total de la formaci\u00f3n:<\/p>\n<ul>\n<li><strong>Matr\u00edcula:<\/strong> El coste de la matr\u00edcula puede oscilar entre los 1.000 y 3.000 euros.<\/li>\n<li><strong>Materiales y recursos:<\/strong> Considera un gasto adicional de aproximadamente 200 a 400 euros por curso.<\/li>\n<li><strong>Otros gastos:<\/strong> Dependiendo de la modalidad, puede haber otros gastos como tasas administrativas.<\/li>\n<\/ul>\n<h2>Ejemplos de financiaci\u00f3n<\/h2>\n<p>Para que tengas una idea m\u00e1s clara, te mostramos algunos ejemplos de c\u00f3mo podr\u00eda ser tu financiaci\u00f3n:<\/p>\n<ul>\n<li>Si obtienes una beca del 50%, tu coste total ser\u00eda de 1.500 euros.<\/li>\n<li>Si optas por un pr\u00e9stamo de 1.500 euros a un inter\u00e9s del 5% a devolver en 5 a\u00f1os, pagar\u00edas aproximadamente 30 euros al mes.<\/li>\n<li>Si eliges un plan de pago a plazos de 10 meses, pagar\u00edas 150 euros al mes.<\/li>\n<\/ul>\n<\/section>\n<section>\n<h2>Pasos para solicitar financiaci\u00f3n<\/h2>\n<p>Si ya has decidido estudiar con nosotros, aqu\u00ed tienes los pasos para solicitar financiaci\u00f3n:<\/p>\n<ol>\n<li>Investiga las becas y ayudas disponibles.<\/li>\n<li>Prepara la documentaci\u00f3n necesaria (certificados, declaraciones de ingresos, etc.).<\/li>\n<li>Realiza la solicitud a trav\u00e9s de los canales oficiales.<\/li>\n<li>Si optas por un pr\u00e9stamo, contacta con tu entidad bancaria y solicita informaci\u00f3n sobre las condiciones.<\/li>\n<li>Una vez aprobada la financiaci\u00f3n, \u00a1matric\u00falate y comienza tu aventura educativa!<\/li>\n<\/ol>\n<\/section>\n<section>\n<h2>Preguntas frecuentes<\/h2>\n<h2>\u00bfQu\u00e9 requisitos necesito para solicitar una beca?<\/h2>\n<p>Los requisitos pueden variar seg\u00fan la beca. Generalmente, se requiere cumplir con ciertos criterios econ\u00f3micos y acad\u00e9micos. Te recomendamos que consultes las bases de cada beca espec\u00edfica.<\/p>\n<h2>\u00bfPuedo combinar varias formas de financiaci\u00f3n?<\/h2>\n<p>S\u00ed, es posible combinar becas, pr\u00e9stamos y planes de pago. Esto puede ayudarte a cubrir el total de tu matr\u00edcula y otros gastos.<\/p>\n<h2>\u00bfC\u00f3mo s\u00e9 si mi solicitud de financiaci\u00f3n ha sido aprobada?<\/h2>\n<p>Una vez que hayas presentado tu solicitud, recibir\u00e1s una notificaci\u00f3n por parte de la entidad correspondiente, ya sea el Ministerio, la Comunidad o la Universidad.<\/p>\n<h2>\u00bfQu\u00e9 pasa si no puedo pagar alguna cuota?<\/h2>\n<p>Es importante que te pongas en contacto con la entidad que te financia lo antes posible para buscar una soluci\u00f3n, ya sea un aplazamiento o un nuevo acuerdo de pago.<\/p>\n<h2>\u00bfD\u00f3nde puedo matricularme?<\/h2>\n<p>Puedes matricularte directamente en nuestra p\u00e1gina web en el <a href=https:\/\/fpsuperiorufv.es\/secretaria-admision-y-ayuda\/>Proceso de Admisi\u00f3n<\/a>. All\u00ed encontrar\u00e1s toda la informaci\u00f3n necesaria.<\/p>\n<\/section>\n<footer>\n<p>\u00a1No dejes que la financiaci\u00f3n sea un obst\u00e1culo para alcanzar tus sue\u00f1os! Estamos aqu\u00ed para ayudarte. Si tienes m\u00e1s preguntas sobre la financiaci\u00f3n para estudiar el Ciclo Formativo de Grado Superior en Asesor\u00eda de Imagen Personal y Corporativa a Distancia, no dudes en contactarnos.<\/p>\n<\/footer>\n","protected":false},"excerpt":{"rendered":"<p>Financiaci\u00f3n para estudiar FP en Asesor\u00eda de Imagen Personal y Corporativa a Distancia Si est\u00e1s pensando en dar el salto a tu futuro profesional, estudiar un Ciclo Formativo de Grado Superior en Asesor\u00eda de Imagen Personal y Corporativa a Distancia es una excelente opci\u00f3n. Aqu\u00ed te contaremos todo sobre las diferentes opciones de financiaci\u00f3n disponibles [&hellip;]<\/p>\n","protected":false},"author":3,"featured_media":2678,"comment_status":"open","ping_status":"open","sticky":false,"template":"","format":"standard","meta":{"inline_featured_image":false,"footnotes":""},"categories":[377,385,393],"tags":[],"class_list":["post-283638","post","type-post","status-publish","format-standard","has-post-thumbnail","hentry","category-asesoria-de-imagen-personal-y-corporativa","category-grados-superiores-a-distancia","category-preguntas-frecuentes"],"yoast_head":"<!-- This site is optimized with the Yoast SEO plugin v27.4 - https:\/\/yoast.com\/product\/yoast-seo-wordpress\/ -->\n<title>Financiaci\u00f3n para estudiar FP en Asesor\u00eda de Imagen Personal y Corporativa a Distancia: plazos cuotas y opciones (sin letra peque\u00f1a) - Cetys<\/title>\n<meta name=\"robots\" content=\"index, follow, max-snippet:-1, max-image-preview:large, max-video-preview:-1\" \/>\n<link rel=\"canonical\" href=\"https:\/\/fpsuperiorufv.es\/blog\/financiacion-para-estudiar-fp-en-asesoria-de-imagen-personal-y-corporativa-a-distancia-plazos-cuotas-y-opciones-sin-letra-pequena-blog\/\" \/>\n<meta property=\"og:locale\" content=\"es_ES\" \/>\n<meta property=\"og:type\" content=\"article\" \/>\n<meta property=\"og:title\" content=\"Financiaci\u00f3n para estudiar FP en Asesor\u00eda de Imagen Personal y Corporativa a Distancia: plazos cuotas y opciones (sin letra peque\u00f1a) - Cetys\" \/>\n<meta property=\"og:description\" content=\"Financiaci\u00f3n para estudiar FP en Asesor\u00eda de Imagen Personal y Corporativa a Distancia Si est\u00e1s pensando en dar el salto a tu futuro profesional, estudiar un Ciclo Formativo de Grado Superior en Asesor\u00eda de Imagen Personal y Corporativa a Distancia es una excelente opci\u00f3n. Aqu\u00ed te contaremos todo sobre las diferentes opciones de financiaci\u00f3n disponibles [&hellip;]\" \/>\n<meta property=\"og:url\" content=\"https:\/\/fpsuperiorufv.es\/blog\/financiacion-para-estudiar-fp-en-asesoria-de-imagen-personal-y-corporativa-a-distancia-plazos-cuotas-y-opciones-sin-letra-pequena-blog\/\" \/>\n<meta property=\"og:site_name\" content=\"Cetys\" \/>\n<meta property=\"article:published_time\" content=\"2026-03-23T11:03:10+00:00\" \/>\n<meta property=\"article:modified_time\" content=\"2026-04-20T10:12:48+00:00\" \/>\n<meta property=\"og:image\" content=\"https:\/\/fpsuperiorufv.es\/blog\/wp-content\/uploads\/2025\/08\/DSC7702-scaled-1.jpg\" \/>\n\t<meta property=\"og:image:width\" content=\"2560\" \/>\n\t<meta property=\"og:image:height\" content=\"1706\" \/>\n\t<meta property=\"og:image:type\" content=\"image\/jpeg\" \/>\n<meta name=\"author\" content=\"FP Superior UFV\" \/>\n<meta name=\"twitter:card\" content=\"summary_large_image\" \/>\n<meta name=\"twitter:label1\" content=\"Escrito por\" \/>\n\t<meta name=\"twitter:data1\" content=\"FP Superior UFV\" \/>\n\t<meta name=\"twitter:label2\" content=\"Tiempo de lectura\" \/>\n\t<meta name=\"twitter:data2\" content=\"4 minutos\" \/>\n<script type=\"application\/ld+json\" class=\"yoast-schema-graph\">{\"@context\":\"https:\\\/\\\/schema.org\",\"@graph\":[{\"@type\":\"Article\",\"@id\":\"https:\\\/\\\/fpsuperiorufv.es\\\/blog\\\/financiacion-para-estudiar-fp-en-asesoria-de-imagen-personal-y-corporativa-a-distancia-plazos-cuotas-y-opciones-sin-letra-pequena-blog\\\/#article\",\"isPartOf\":{\"@id\":\"https:\\\/\\\/fpsuperiorufv.es\\\/blog\\\/financiacion-para-estudiar-fp-en-asesoria-de-imagen-personal-y-corporativa-a-distancia-plazos-cuotas-y-opciones-sin-letra-pequena-blog\\\/\"},\"author\":{\"name\":\"FP Superior UFV\",\"@id\":\"https:\\\/\\\/fpsuperiorufv.es\\\/blog\\\/#\\\/schema\\\/person\\\/6eed41dc866f12d961994f51f39f8796\"},\"headline\":\"Financiaci\u00f3n para estudiar FP en Asesor\u00eda de Imagen Personal y Corporativa a Distancia: plazos cuotas y opciones (sin letra peque\u00f1a)\",\"datePublished\":\"2026-03-23T11:03:10+00:00\",\"dateModified\":\"2026-04-20T10:12:48+00:00\",\"mainEntityOfPage\":{\"@id\":\"https:\\\/\\\/fpsuperiorufv.es\\\/blog\\\/financiacion-para-estudiar-fp-en-asesoria-de-imagen-personal-y-corporativa-a-distancia-plazos-cuotas-y-opciones-sin-letra-pequena-blog\\\/\"},\"wordCount\":881,\"commentCount\":0,\"publisher\":{\"@id\":\"https:\\\/\\\/fpsuperiorufv.es\\\/blog\\\/#organization\"},\"image\":{\"@id\":\"https:\\\/\\\/fpsuperiorufv.es\\\/blog\\\/financiacion-para-estudiar-fp-en-asesoria-de-imagen-personal-y-corporativa-a-distancia-plazos-cuotas-y-opciones-sin-letra-pequena-blog\\\/#primaryimage\"},\"thumbnailUrl\":\"https:\\\/\\\/fpsuperiorufv.es\\\/blog\\\/wp-content\\\/uploads\\\/2025\\\/08\\\/DSC7702-scaled-1.jpg\",\"articleSection\":[\"Asesor\u00eda de Imagen Personal y Corporativa\",\"Grados superiores a distancia\",\"Preguntas frecuentes\"],\"inLanguage\":\"es\",\"potentialAction\":[{\"@type\":\"CommentAction\",\"name\":\"Comment\",\"target\":[\"https:\\\/\\\/fpsuperiorufv.es\\\/blog\\\/financiacion-para-estudiar-fp-en-asesoria-de-imagen-personal-y-corporativa-a-distancia-plazos-cuotas-y-opciones-sin-letra-pequena-blog\\\/#respond\"]}]},{\"@type\":\"WebPage\",\"@id\":\"https:\\\/\\\/fpsuperiorufv.es\\\/blog\\\/financiacion-para-estudiar-fp-en-asesoria-de-imagen-personal-y-corporativa-a-distancia-plazos-cuotas-y-opciones-sin-letra-pequena-blog\\\/\",\"url\":\"https:\\\/\\\/fpsuperiorufv.es\\\/blog\\\/financiacion-para-estudiar-fp-en-asesoria-de-imagen-personal-y-corporativa-a-distancia-plazos-cuotas-y-opciones-sin-letra-pequena-blog\\\/\",\"name\":\"Financiaci\u00f3n para estudiar FP en Asesor\u00eda de Imagen Personal y Corporativa a Distancia: plazos cuotas y opciones (sin letra peque\u00f1a) - Cetys\",\"isPartOf\":{\"@id\":\"https:\\\/\\\/fpsuperiorufv.es\\\/blog\\\/#website\"},\"primaryImageOfPage\":{\"@id\":\"https:\\\/\\\/fpsuperiorufv.es\\\/blog\\\/financiacion-para-estudiar-fp-en-asesoria-de-imagen-personal-y-corporativa-a-distancia-plazos-cuotas-y-opciones-sin-letra-pequena-blog\\\/#primaryimage\"},\"image\":{\"@id\":\"https:\\\/\\\/fpsuperiorufv.es\\\/blog\\\/financiacion-para-estudiar-fp-en-asesoria-de-imagen-personal-y-corporativa-a-distancia-plazos-cuotas-y-opciones-sin-letra-pequena-blog\\\/#primaryimage\"},\"thumbnailUrl\":\"https:\\\/\\\/fpsuperiorufv.es\\\/blog\\\/wp-content\\\/uploads\\\/2025\\\/08\\\/DSC7702-scaled-1.jpg\",\"datePublished\":\"2026-03-23T11:03:10+00:00\",\"dateModified\":\"2026-04-20T10:12:48+00:00\",\"breadcrumb\":{\"@id\":\"https:\\\/\\\/fpsuperiorufv.es\\\/blog\\\/financiacion-para-estudiar-fp-en-asesoria-de-imagen-personal-y-corporativa-a-distancia-plazos-cuotas-y-opciones-sin-letra-pequena-blog\\\/#breadcrumb\"},\"inLanguage\":\"es\",\"potentialAction\":[{\"@type\":\"ReadAction\",\"target\":[\"https:\\\/\\\/fpsuperiorufv.es\\\/blog\\\/financiacion-para-estudiar-fp-en-asesoria-de-imagen-personal-y-corporativa-a-distancia-plazos-cuotas-y-opciones-sin-letra-pequena-blog\\\/\"]}]},{\"@type\":\"ImageObject\",\"inLanguage\":\"es\",\"@id\":\"https:\\\/\\\/fpsuperiorufv.es\\\/blog\\\/financiacion-para-estudiar-fp-en-asesoria-de-imagen-personal-y-corporativa-a-distancia-plazos-cuotas-y-opciones-sin-letra-pequena-blog\\\/#primaryimage\",\"url\":\"https:\\\/\\\/fpsuperiorufv.es\\\/blog\\\/wp-content\\\/uploads\\\/2025\\\/08\\\/DSC7702-scaled-1.jpg\",\"contentUrl\":\"https:\\\/\\\/fpsuperiorufv.es\\\/blog\\\/wp-content\\\/uploads\\\/2025\\\/08\\\/DSC7702-scaled-1.jpg\",\"width\":2560,\"height\":1706},{\"@type\":\"BreadcrumbList\",\"@id\":\"https:\\\/\\\/fpsuperiorufv.es\\\/blog\\\/financiacion-para-estudiar-fp-en-asesoria-de-imagen-personal-y-corporativa-a-distancia-plazos-cuotas-y-opciones-sin-letra-pequena-blog\\\/#breadcrumb\",\"itemListElement\":[{\"@type\":\"ListItem\",\"position\":1,\"name\":\"Home\",\"item\":\"https:\\\/\\\/fpsuperiorufv.es\\\/blog\\\/\"},{\"@type\":\"ListItem\",\"position\":2,\"name\":\"Financiaci\u00f3n para estudiar FP en Asesor\u00eda de Imagen Personal y Corporativa a Distancia: plazos cuotas y opciones (sin letra peque\u00f1a)\"}]},{\"@type\":\"WebSite\",\"@id\":\"https:\\\/\\\/fpsuperiorufv.es\\\/blog\\\/#website\",\"url\":\"https:\\\/\\\/fpsuperiorufv.es\\\/blog\\\/\",\"name\":\"Fp Superior Francisco de Vitoria\",\"description\":\"\",\"publisher\":{\"@id\":\"https:\\\/\\\/fpsuperiorufv.es\\\/blog\\\/#organization\"},\"alternateName\":\"Cetys\",\"potentialAction\":[{\"@type\":\"SearchAction\",\"target\":{\"@type\":\"EntryPoint\",\"urlTemplate\":\"https:\\\/\\\/fpsuperiorufv.es\\\/blog\\\/?s={search_term_string}\"},\"query-input\":{\"@type\":\"PropertyValueSpecification\",\"valueRequired\":true,\"valueName\":\"search_term_string\"}}],\"inLanguage\":\"es\"},{\"@type\":\"Organization\",\"@id\":\"https:\\\/\\\/fpsuperiorufv.es\\\/blog\\\/#organization\",\"name\":\"Cetys\",\"url\":\"https:\\\/\\\/fpsuperiorufv.es\\\/blog\\\/\",\"logo\":{\"@type\":\"ImageObject\",\"inLanguage\":\"es\",\"@id\":\"https:\\\/\\\/fpsuperiorufv.es\\\/blog\\\/#\\\/schema\\\/logo\\\/image\\\/\",\"url\":\"https:\\\/\\\/fpsuperiorufv.lo\\\/wp-content\\\/uploads\\\/2025\\\/02\\\/logo.svg\",\"contentUrl\":\"https:\\\/\\\/fpsuperiorufv.lo\\\/wp-content\\\/uploads\\\/2025\\\/02\\\/logo.svg\",\"width\":\"1024\",\"height\":\"1024\",\"caption\":\"Cetys\"},\"image\":{\"@id\":\"https:\\\/\\\/fpsuperiorufv.es\\\/blog\\\/#\\\/schema\\\/logo\\\/image\\\/\"}},{\"@type\":\"Person\",\"@id\":\"https:\\\/\\\/fpsuperiorufv.es\\\/blog\\\/#\\\/schema\\\/person\\\/6eed41dc866f12d961994f51f39f8796\",\"name\":\"FP Superior UFV\",\"image\":{\"@type\":\"ImageObject\",\"inLanguage\":\"es\",\"@id\":\"https:\\\/\\\/secure.gravatar.com\\\/avatar\\\/2cb5eeb90ddddf18129790c93583d4ae96ca8a625c07994637c8fc9d35252ce5?s=96&d=mm&r=g\",\"url\":\"https:\\\/\\\/secure.gravatar.com\\\/avatar\\\/2cb5eeb90ddddf18129790c93583d4ae96ca8a625c07994637c8fc9d35252ce5?s=96&d=mm&r=g\",\"contentUrl\":\"https:\\\/\\\/secure.gravatar.com\\\/avatar\\\/2cb5eeb90ddddf18129790c93583d4ae96ca8a625c07994637c8fc9d35252ce5?s=96&d=mm&r=g\",\"caption\":\"FP Superior UFV\"},\"url\":\"https:\\\/\\\/fpsuperiorufv.es\\\/blog\\\/author\\\/cetys\\\/\"}]}<\/script>\n<!-- \/ Yoast SEO plugin. -->","yoast_head_json":{"title":"Financiaci\u00f3n para estudiar FP en Asesor\u00eda de Imagen Personal y Corporativa a Distancia: plazos cuotas y opciones (sin letra peque\u00f1a) - Cetys","robots":{"index":"index","follow":"follow","max-snippet":"max-snippet:-1","max-image-preview":"max-image-preview:large","max-video-preview":"max-video-preview:-1"},"canonical":"https:\/\/fpsuperiorufv.es\/blog\/financiacion-para-estudiar-fp-en-asesoria-de-imagen-personal-y-corporativa-a-distancia-plazos-cuotas-y-opciones-sin-letra-pequena-blog\/","og_locale":"es_ES","og_type":"article","og_title":"Financiaci\u00f3n para estudiar FP en Asesor\u00eda de Imagen Personal y Corporativa a Distancia: plazos cuotas y opciones (sin letra peque\u00f1a) - Cetys","og_description":"Financiaci\u00f3n para estudiar FP en Asesor\u00eda de Imagen Personal y Corporativa a Distancia Si est\u00e1s pensando en dar el salto a tu futuro profesional, estudiar un Ciclo Formativo de Grado Superior en Asesor\u00eda de Imagen Personal y Corporativa a Distancia es una excelente opci\u00f3n. Aqu\u00ed te contaremos todo sobre las diferentes opciones de financiaci\u00f3n disponibles [&hellip;]","og_url":"https:\/\/fpsuperiorufv.es\/blog\/financiacion-para-estudiar-fp-en-asesoria-de-imagen-personal-y-corporativa-a-distancia-plazos-cuotas-y-opciones-sin-letra-pequena-blog\/","og_site_name":"Cetys","article_published_time":"2026-03-23T11:03:10+00:00","article_modified_time":"2026-04-20T10:12:48+00:00","og_image":[{"width":2560,"height":1706,"url":"https:\/\/fpsuperiorufv.es\/blog\/wp-content\/uploads\/2025\/08\/DSC7702-scaled-1.jpg","type":"image\/jpeg"}],"author":"FP Superior UFV","twitter_card":"summary_large_image","twitter_misc":{"Escrito por":"FP Superior UFV","Tiempo de lectura":"4 minutos"},"schema":{"@context":"https:\/\/schema.org","@graph":[{"@type":"Article","@id":"https:\/\/fpsuperiorufv.es\/blog\/financiacion-para-estudiar-fp-en-asesoria-de-imagen-personal-y-corporativa-a-distancia-plazos-cuotas-y-opciones-sin-letra-pequena-blog\/#article","isPartOf":{"@id":"https:\/\/fpsuperiorufv.es\/blog\/financiacion-para-estudiar-fp-en-asesoria-de-imagen-personal-y-corporativa-a-distancia-plazos-cuotas-y-opciones-sin-letra-pequena-blog\/"},"author":{"name":"FP Superior UFV","@id":"https:\/\/fpsuperiorufv.es\/blog\/#\/schema\/person\/6eed41dc866f12d961994f51f39f8796"},"headline":"Financiaci\u00f3n para estudiar FP en Asesor\u00eda de Imagen Personal y Corporativa a Distancia: plazos cuotas y opciones (sin letra peque\u00f1a)","datePublished":"2026-03-23T11:03:10+00:00","dateModified":"2026-04-20T10:12:48+00:00","mainEntityOfPage":{"@id":"https:\/\/fpsuperiorufv.es\/blog\/financiacion-para-estudiar-fp-en-asesoria-de-imagen-personal-y-corporativa-a-distancia-plazos-cuotas-y-opciones-sin-letra-pequena-blog\/"},"wordCount":881,"commentCount":0,"publisher":{"@id":"https:\/\/fpsuperiorufv.es\/blog\/#organization"},"image":{"@id":"https:\/\/fpsuperiorufv.es\/blog\/financiacion-para-estudiar-fp-en-asesoria-de-imagen-personal-y-corporativa-a-distancia-plazos-cuotas-y-opciones-sin-letra-pequena-blog\/#primaryimage"},"thumbnailUrl":"https:\/\/fpsuperiorufv.es\/blog\/wp-content\/uploads\/2025\/08\/DSC7702-scaled-1.jpg","articleSection":["Asesor\u00eda de Imagen Personal y Corporativa","Grados superiores a distancia","Preguntas frecuentes"],"inLanguage":"es","potentialAction":[{"@type":"CommentAction","name":"Comment","target":["https:\/\/fpsuperiorufv.es\/blog\/financiacion-para-estudiar-fp-en-asesoria-de-imagen-personal-y-corporativa-a-distancia-plazos-cuotas-y-opciones-sin-letra-pequena-blog\/#respond"]}]},{"@type":"WebPage","@id":"https:\/\/fpsuperiorufv.es\/blog\/financiacion-para-estudiar-fp-en-asesoria-de-imagen-personal-y-corporativa-a-distancia-plazos-cuotas-y-opciones-sin-letra-pequena-blog\/","url":"https:\/\/fpsuperiorufv.es\/blog\/financiacion-para-estudiar-fp-en-asesoria-de-imagen-personal-y-corporativa-a-distancia-plazos-cuotas-y-opciones-sin-letra-pequena-blog\/","name":"Financiaci\u00f3n para estudiar FP en Asesor\u00eda de Imagen Personal y Corporativa a Distancia: plazos cuotas y opciones (sin letra peque\u00f1a) - Cetys","isPartOf":{"@id":"https:\/\/fpsuperiorufv.es\/blog\/#website"},"primaryImageOfPage":{"@id":"https:\/\/fpsuperiorufv.es\/blog\/financiacion-para-estudiar-fp-en-asesoria-de-imagen-personal-y-corporativa-a-distancia-plazos-cuotas-y-opciones-sin-letra-pequena-blog\/#primaryimage"},"image":{"@id":"https:\/\/fpsuperiorufv.es\/blog\/financiacion-para-estudiar-fp-en-asesoria-de-imagen-personal-y-corporativa-a-distancia-plazos-cuotas-y-opciones-sin-letra-pequena-blog\/#primaryimage"},"thumbnailUrl":"https:\/\/fpsuperiorufv.es\/blog\/wp-content\/uploads\/2025\/08\/DSC7702-scaled-1.jpg","datePublished":"2026-03-23T11:03:10+00:00","dateModified":"2026-04-20T10:12:48+00:00","breadcrumb":{"@id":"https:\/\/fpsuperiorufv.es\/blog\/financiacion-para-estudiar-fp-en-asesoria-de-imagen-personal-y-corporativa-a-distancia-plazos-cuotas-y-opciones-sin-letra-pequena-blog\/#breadcrumb"},"inLanguage":"es","potentialAction":[{"@type":"ReadAction","target":["https:\/\/fpsuperiorufv.es\/blog\/financiacion-para-estudiar-fp-en-asesoria-de-imagen-personal-y-corporativa-a-distancia-plazos-cuotas-y-opciones-sin-letra-pequena-blog\/"]}]},{"@type":"ImageObject","inLanguage":"es","@id":"https:\/\/fpsuperiorufv.es\/blog\/financiacion-para-estudiar-fp-en-asesoria-de-imagen-personal-y-corporativa-a-distancia-plazos-cuotas-y-opciones-sin-letra-pequena-blog\/#primaryimage","url":"https:\/\/fpsuperiorufv.es\/blog\/wp-content\/uploads\/2025\/08\/DSC7702-scaled-1.jpg","contentUrl":"https:\/\/fpsuperiorufv.es\/blog\/wp-content\/uploads\/2025\/08\/DSC7702-scaled-1.jpg","width":2560,"height":1706},{"@type":"BreadcrumbList","@id":"https:\/\/fpsuperiorufv.es\/blog\/financiacion-para-estudiar-fp-en-asesoria-de-imagen-personal-y-corporativa-a-distancia-plazos-cuotas-y-opciones-sin-letra-pequena-blog\/#breadcrumb","itemListElement":[{"@type":"ListItem","position":1,"name":"Home","item":"https:\/\/fpsuperiorufv.es\/blog\/"},{"@type":"ListItem","position":2,"name":"Financiaci\u00f3n para estudiar FP en Asesor\u00eda de Imagen Personal y Corporativa a Distancia: plazos cuotas y opciones (sin letra peque\u00f1a)"}]},{"@type":"WebSite","@id":"https:\/\/fpsuperiorufv.es\/blog\/#website","url":"https:\/\/fpsuperiorufv.es\/blog\/","name":"Fp Superior Francisco de Vitoria","description":"","publisher":{"@id":"https:\/\/fpsuperiorufv.es\/blog\/#organization"},"alternateName":"Cetys","potentialAction":[{"@type":"SearchAction","target":{"@type":"EntryPoint","urlTemplate":"https:\/\/fpsuperiorufv.es\/blog\/?s={search_term_string}"},"query-input":{"@type":"PropertyValueSpecification","valueRequired":true,"valueName":"search_term_string"}}],"inLanguage":"es"},{"@type":"Organization","@id":"https:\/\/fpsuperiorufv.es\/blog\/#organization","name":"Cetys","url":"https:\/\/fpsuperiorufv.es\/blog\/","logo":{"@type":"ImageObject","inLanguage":"es","@id":"https:\/\/fpsuperiorufv.es\/blog\/#\/schema\/logo\/image\/","url":"https:\/\/fpsuperiorufv.lo\/wp-content\/uploads\/2025\/02\/logo.svg","contentUrl":"https:\/\/fpsuperiorufv.lo\/wp-content\/uploads\/2025\/02\/logo.svg","width":"1024","height":"1024","caption":"Cetys"},"image":{"@id":"https:\/\/fpsuperiorufv.es\/blog\/#\/schema\/logo\/image\/"}},{"@type":"Person","@id":"https:\/\/fpsuperiorufv.es\/blog\/#\/schema\/person\/6eed41dc866f12d961994f51f39f8796","name":"FP Superior UFV","image":{"@type":"ImageObject","inLanguage":"es","@id":"https:\/\/secure.gravatar.com\/avatar\/2cb5eeb90ddddf18129790c93583d4ae96ca8a625c07994637c8fc9d35252ce5?s=96&d=mm&r=g","url":"https:\/\/secure.gravatar.com\/avatar\/2cb5eeb90ddddf18129790c93583d4ae96ca8a625c07994637c8fc9d35252ce5?s=96&d=mm&r=g","contentUrl":"https:\/\/secure.gravatar.com\/avatar\/2cb5eeb90ddddf18129790c93583d4ae96ca8a625c07994637c8fc9d35252ce5?s=96&d=mm&r=g","caption":"FP Superior UFV"},"url":"https:\/\/fpsuperiorufv.es\/blog\/author\/cetys\/"}]}},"_links":{"self":[{"href":"https:\/\/fpsuperiorufv.es\/blog\/wp-json\/wp\/v2\/posts\/283638","targetHints":{"allow":["GET"]}}],"collection":[{"href":"https:\/\/fpsuperiorufv.es\/blog\/wp-json\/wp\/v2\/posts"}],"about":[{"href":"https:\/\/fpsuperiorufv.es\/blog\/wp-json\/wp\/v2\/types\/post"}],"author":[{"embeddable":true,"href":"https:\/\/fpsuperiorufv.es\/blog\/wp-json\/wp\/v2\/users\/3"}],"replies":[{"embeddable":true,"href":"https:\/\/fpsuperiorufv.es\/blog\/wp-json\/wp\/v2\/comments?post=283638"}],"version-history":[{"count":1,"href":"https:\/\/fpsuperiorufv.es\/blog\/wp-json\/wp\/v2\/posts\/283638\/revisions"}],"predecessor-version":[{"id":283698,"href":"https:\/\/fpsuperiorufv.es\/blog\/wp-json\/wp\/v2\/posts\/283638\/revisions\/283698"}],"wp:featuredmedia":[{"embeddable":true,"href":"https:\/\/fpsuperiorufv.es\/blog\/wp-json\/wp\/v2\/media\/2678"}],"wp:attachment":[{"href":"https:\/\/fpsuperiorufv.es\/blog\/wp-json\/wp\/v2\/media?parent=283638"}],"wp:term":[{"taxonomy":"category","embeddable":true,"href":"https:\/\/fpsuperiorufv.es\/blog\/wp-json\/wp\/v2\/categories?post=283638"},{"taxonomy":"post_tag","embeddable":true,"href":"https:\/\/fpsuperiorufv.es\/blog\/wp-json\/wp\/v2\/tags?post=283638"}],"curies":[{"name":"wp","href":"https:\/\/api.w.org\/{rel}","templated":true}]}}