{"id":283647,"date":"2026-03-23T22:12:19","date_gmt":"2026-03-23T22:12:19","guid":{"rendered":"https:\/\/soleyantonio.es\/cuanto-se-tarda-en-encontrar-trabajo-con-fp-en-educacion-infantil-a-distancia-tiempos-reales-y-factores\/"},"modified":"2026-04-17T12:56:02","modified_gmt":"2026-04-17T10:56:02","slug":"cuanto-se-tarda-en-encontrar-trabajo-con-fp-en-educacion-infantil-a-distancia-tiempos-reales-y-factores-blog","status":"publish","type":"post","link":"https:\/\/fpsuperiorufv.es\/blog\/cuanto-se-tarda-en-encontrar-trabajo-con-fp-en-educacion-infantil-a-distancia-tiempos-reales-y-factores-blog\/","title":{"rendered":"\u00bfCu\u00e1nto se tarda en encontrar trabajo con FP en Educaci\u00f3n Infantil a Distancia? tiempos reales y factores"},"content":{"rendered":"<h2>\u00bfCu\u00e1nto se tarda en encontrar trabajo con FP en Educaci\u00f3n Infantil a Distancia?<\/h2>\n<p>Si est\u00e1s pensando en formarte en el \u00e1mbito de la Educaci\u00f3n Infantil a distancia, seguramente te preguntas cu\u00e1nto tiempo tardar\u00e1s en encontrar trabajo una vez que finalices tu FP. Es una inquietud com\u00fan y, en este art\u00edculo, vamos a desglosar los tiempos reales y los factores que influyen en la b\u00fasqueda laboral tras completar este Ciclo Formativo.<\/p>\n<h2>Curiosidades y estad\u00edsticas sobre la FP en Educaci\u00f3n Infantil<\/h2>\n<ul>\n<li>El 75% de los graduados en FP encuentra trabajo en menos de seis meses.<\/li>\n<li>La demanda de profesionales en Educaci\u00f3n Infantil ha crecido un 20% en los \u00faltimos cinco a\u00f1os.<\/li>\n<li>El 90% de los estudiantes que realizan pr\u00e1cticas durante su formaci\u00f3n consiguen empleo antes de graduarse.<\/li>\n<li>El salario medio de un educador infantil en Espa\u00f1a ronda los 1.500 euros al mes.<\/li>\n<li>La formaci\u00f3n a distancia permite una mayor flexibilidad, lo que favorece la conciliaci\u00f3n laboral y personal.<\/li>\n<\/ul>\n<h2>Factores que influyen en el tiempo para encontrar trabajo<\/h2>\n<p>El tiempo que tardar\u00e1s en encontrar empleo tras finalizar tu FP en Educaci\u00f3n Infantil a Distancia puede variar. Aqu\u00ed te dejamos algunos de los factores m\u00e1s importantes a considerar:<\/p>\n<h3>1. Mercado laboral<\/h3>\n<p>La situaci\u00f3n del mercado laboral es fundamental. En \u00e9pocas de alta demanda de profesionales, los tiempos de b\u00fasqueda se acortan.<\/p>\n<h3>2. Experiencia previa<\/h3>\n<p>Si ya tienes experiencia en el sector educativo, tendr\u00e1s m\u00e1s posibilidades de ser contratado r\u00e1pidamente.<\/p>\n<h3>3. Red de contactos<\/h3>\n<p>Contar con una buena red de contactos en el \u00e1mbito educativo puede facilitarte el acceso a ofertas laborales.<\/p>\n<h3>4. Pr\u00e1cticas realizadas<\/h3>\n<p>Realizar pr\u00e1cticas durante tu formaci\u00f3n es una gran oportunidad para demostrar tus habilidades y, muchas veces, puede llevar a un contrato laboral.<\/p>\n<h3>5. Especializaci\u00f3n<\/h3>\n<p>Formarte en \u00e1reas espec\u00edficas, como atenci\u00f3n a la diversidad o pedagog\u00eda, puede abrirte m\u00e1s puertas en el mercado laboral.<\/p>\n<h2>Tiempos reales: \u00bfCu\u00e1nto se tarda en encontrar trabajo?<\/h2>\n<p>La duraci\u00f3n de la b\u00fasqueda de empleo var\u00eda, pero aqu\u00ed te ofrecemos una estimaci\u00f3n general:<\/p>\n<h3>Menos de 3 meses<\/h3>\n<p>Muchos graduados logran encontrar empleo en este corto per\u00edodo, especialmente aquellos que han realizado pr\u00e1cticas.<\/p>\n<h3>Entre 3 y 6 meses<\/h3>\n<p>Este es el plazo m\u00e1s com\u00fan para los graduados que comienzan su b\u00fasqueda sin experiencia previa.<\/p>\n<h3>M\u00e1s de 6 meses<\/h3>\n<p>En algunos casos, la b\u00fasqueda puede extenderse, especialmente si el mercado laboral est\u00e1 saturado o si no se cuenta con la formaci\u00f3n espec\u00edfica requerida.<\/p>\n<h2>Consejos para acelerar tu b\u00fasqueda de empleo<\/h2>\n<p>A continuaci\u00f3n, te ofrecemos algunos consejos pr\u00e1cticos para que encuentres trabajo m\u00e1s r\u00e1pidamente tras finalizar tu FP en Educaci\u00f3n Infantil:<\/p>\n<ul>\n<li><strong>Actualiza tu CV:<\/strong> Aseg\u00farate de que tu curr\u00edculum est\u00e9 actualizado y resalte tus habilidades y experiencias m\u00e1s relevantes.<\/li>\n<li><strong>Prepara tu carta de presentaci\u00f3n:<\/strong> Personaliza tus cartas de presentaci\u00f3n para cada oferta de trabajo.<\/li>\n<li><strong>Aprovecha las redes sociales:<\/strong> Utiliza plataformas como LinkedIn para conectar con profesionales del sector.<\/li>\n<li><strong>Realiza voluntariado:<\/strong> Si no encuentras trabajo inmediatamente, el voluntariado puede ser una excelente forma de ganar experiencia.<\/li>\n<li><strong>Asiste a ferias de empleo:<\/strong> Estas ferias ofrecen la oportunidad de conocer a empleadores y presentar tu perfil profesional.<\/li>\n<\/ul>\n<h2>Ejemplos de salida laboral tras la FP en Educaci\u00f3n Infantil<\/h2>\n<p>Los graduados en Educaci\u00f3n Infantil pueden desempe\u00f1ar diversas funciones, tales como:<\/p>\n<ul>\n<li>Educador\/a en escuelas infantiles.<\/li>\n<li>Monitor\/a de actividades extraescolares.<\/li>\n<li>Asistente en programas de atenci\u00f3n a la infancia.<\/li>\n<li>Educador\/a en centros de ocio y tiempo libre.<\/li>\n<li>Formador\/a en talleres educativos.<\/li>\n<\/ul>\n<h2>Perspectivas futuras en el sector<\/h2>\n<p>El sector de la educaci\u00f3n infantil tiene un futuro prometedor. La creciente valorizaci\u00f3n de la educaci\u00f3n en los primeros a\u00f1os de vida ha llevado a una mayor demanda de profesionales cualificados. Por lo tanto, invertir en una FP en Educaci\u00f3n Infantil a Distancia es una apuesta segura.<\/p>\n<h2>Preguntas frecuentes<\/h2>\n<h2>\u00bfEs posible trabajar mientras estudio la FP a distancia?<\/h2>\n<p>S\u00ed, la modalidad a distancia te ofrece la flexibilidad necesaria para compaginar estudios y trabajo.<\/p>\n<h2>\u00bfLas pr\u00e1cticas son obligatorias en la FP de Educaci\u00f3n Infantil?<\/h2>\n<p>Las pr\u00e1cticas son una parte fundamental de la formaci\u00f3n que te ayudar\u00e1 a adquirir experiencia real en el campo.<\/p>\n<h2>\u00bfQu\u00e9 tipos de empleo puedo encontrar con la FP en Educaci\u00f3n Infantil?<\/h2>\n<p>Con esta formaci\u00f3n, podr\u00e1s trabajar en escuelas infantiles, centros de ocio, programas de atenci\u00f3n a la infancia, entre otros.<\/p>\n<h2>\u00bfC\u00f3mo puedo matricularme en la FP en Educaci\u00f3n Infantil a Distancia?<\/h2>\n<p>Para matricularte, puedes consultar nuestra p\u00e1gina sobre el <a href=\"https:\/\/fpsuperiorufv.es\/secretaria-admision-y-ayuda\/\">Proceso de Admisi\u00f3n<\/a>, donde encontrar\u00e1s toda la informaci\u00f3n necesaria para dar el primer paso hacia tu futuro profesional en la educaci\u00f3n.<\/p>\n","protected":false},"excerpt":{"rendered":"<p>\u00bfCu\u00e1nto se tarda en encontrar trabajo con FP en Educaci\u00f3n Infantil a Distancia? Si est\u00e1s pensando en formarte en el \u00e1mbito de la Educaci\u00f3n Infantil a distancia, seguramente te preguntas cu\u00e1nto tiempo tardar\u00e1s en encontrar trabajo una vez que finalices tu FP. Es una inquietud com\u00fan y, en este art\u00edculo, vamos a desglosar los tiempos [&hellip;]<\/p>\n","protected":false},"author":3,"featured_media":2684,"comment_status":"open","ping_status":"open","sticky":false,"template":"","format":"standard","meta":{"inline_featured_image":false,"footnotes":""},"categories":[376,385,393],"tags":[],"class_list":["post-283647","post","type-post","status-publish","format-standard","has-post-thumbnail","hentry","category-educacion-infantil","category-grados-superiores-a-distancia","category-preguntas-frecuentes"],"yoast_head":"<!-- This site is optimized with the Yoast SEO plugin v27.4 - https:\/\/yoast.com\/product\/yoast-seo-wordpress\/ -->\n<title>\u00bfCu\u00e1nto se tarda en encontrar trabajo con FP en Educaci\u00f3n Infantil a Distancia? tiempos reales y factores - Cetys<\/title>\n<meta name=\"robots\" content=\"index, follow, max-snippet:-1, max-image-preview:large, max-video-preview:-1\" \/>\n<link rel=\"canonical\" href=\"https:\/\/fpsuperiorufv.es\/blog\/cuanto-se-tarda-en-encontrar-trabajo-con-fp-en-educacion-infantil-a-distancia-tiempos-reales-y-factores-blog\/\" \/>\n<meta property=\"og:locale\" content=\"es_ES\" \/>\n<meta property=\"og:type\" content=\"article\" \/>\n<meta property=\"og:title\" content=\"\u00bfCu\u00e1nto se tarda en encontrar trabajo con FP en Educaci\u00f3n Infantil a Distancia? tiempos reales y factores - Cetys\" \/>\n<meta property=\"og:description\" content=\"\u00bfCu\u00e1nto se tarda en encontrar trabajo con FP en Educaci\u00f3n Infantil a Distancia? Si est\u00e1s pensando en formarte en el \u00e1mbito de la Educaci\u00f3n Infantil a distancia, seguramente te preguntas cu\u00e1nto tiempo tardar\u00e1s en encontrar trabajo una vez que finalices tu FP. Es una inquietud com\u00fan y, en este art\u00edculo, vamos a desglosar los tiempos [&hellip;]\" \/>\n<meta property=\"og:url\" content=\"https:\/\/fpsuperiorufv.es\/blog\/cuanto-se-tarda-en-encontrar-trabajo-con-fp-en-educacion-infantil-a-distancia-tiempos-reales-y-factores-blog\/\" \/>\n<meta property=\"og:site_name\" content=\"Cetys\" \/>\n<meta property=\"article:published_time\" content=\"2026-03-23T22:12:19+00:00\" \/>\n<meta property=\"article:modified_time\" content=\"2026-04-17T10:56:02+00:00\" \/>\n<meta property=\"og:image\" content=\"https:\/\/fpsuperiorufv.es\/blog\/wp-content\/uploads\/2025\/08\/DSC08513-scaled-e1750860352920.jpg\" \/>\n\t<meta property=\"og:image:width\" content=\"1822\" \/>\n\t<meta property=\"og:image:height\" content=\"1707\" \/>\n\t<meta property=\"og:image:type\" content=\"image\/jpeg\" \/>\n<meta name=\"author\" content=\"FP Superior UFV\" \/>\n<meta name=\"twitter:card\" content=\"summary_large_image\" \/>\n<meta name=\"twitter:label1\" content=\"Escrito por\" \/>\n\t<meta name=\"twitter:data1\" content=\"FP Superior UFV\" \/>\n\t<meta name=\"twitter:label2\" content=\"Tiempo de lectura\" \/>\n\t<meta name=\"twitter:data2\" content=\"4 minutos\" \/>\n<script type=\"application\/ld+json\" class=\"yoast-schema-graph\">{\"@context\":\"https:\\\/\\\/schema.org\",\"@graph\":[{\"@type\":\"Article\",\"@id\":\"https:\\\/\\\/fpsuperiorufv.es\\\/blog\\\/cuanto-se-tarda-en-encontrar-trabajo-con-fp-en-educacion-infantil-a-distancia-tiempos-reales-y-factores-blog\\\/#article\",\"isPartOf\":{\"@id\":\"https:\\\/\\\/fpsuperiorufv.es\\\/blog\\\/cuanto-se-tarda-en-encontrar-trabajo-con-fp-en-educacion-infantil-a-distancia-tiempos-reales-y-factores-blog\\\/\"},\"author\":{\"name\":\"FP Superior UFV\",\"@id\":\"https:\\\/\\\/fpsuperiorufv.es\\\/blog\\\/#\\\/schema\\\/person\\\/6eed41dc866f12d961994f51f39f8796\"},\"headline\":\"\u00bfCu\u00e1nto se tarda en encontrar trabajo con FP en Educaci\u00f3n Infantil a Distancia? tiempos reales y factores\",\"datePublished\":\"2026-03-23T22:12:19+00:00\",\"dateModified\":\"2026-04-17T10:56:02+00:00\",\"mainEntityOfPage\":{\"@id\":\"https:\\\/\\\/fpsuperiorufv.es\\\/blog\\\/cuanto-se-tarda-en-encontrar-trabajo-con-fp-en-educacion-infantil-a-distancia-tiempos-reales-y-factores-blog\\\/\"},\"wordCount\":824,\"commentCount\":0,\"publisher\":{\"@id\":\"https:\\\/\\\/fpsuperiorufv.es\\\/blog\\\/#organization\"},\"image\":{\"@id\":\"https:\\\/\\\/fpsuperiorufv.es\\\/blog\\\/cuanto-se-tarda-en-encontrar-trabajo-con-fp-en-educacion-infantil-a-distancia-tiempos-reales-y-factores-blog\\\/#primaryimage\"},\"thumbnailUrl\":\"https:\\\/\\\/fpsuperiorufv.es\\\/blog\\\/wp-content\\\/uploads\\\/2025\\\/08\\\/DSC08513-scaled-e1750860352920.jpg\",\"articleSection\":[\"Educaci\u00f3n Infantil\",\"Grados superiores a distancia\",\"Preguntas frecuentes\"],\"inLanguage\":\"es\",\"potentialAction\":[{\"@type\":\"CommentAction\",\"name\":\"Comment\",\"target\":[\"https:\\\/\\\/fpsuperiorufv.es\\\/blog\\\/cuanto-se-tarda-en-encontrar-trabajo-con-fp-en-educacion-infantil-a-distancia-tiempos-reales-y-factores-blog\\\/#respond\"]}]},{\"@type\":\"WebPage\",\"@id\":\"https:\\\/\\\/fpsuperiorufv.es\\\/blog\\\/cuanto-se-tarda-en-encontrar-trabajo-con-fp-en-educacion-infantil-a-distancia-tiempos-reales-y-factores-blog\\\/\",\"url\":\"https:\\\/\\\/fpsuperiorufv.es\\\/blog\\\/cuanto-se-tarda-en-encontrar-trabajo-con-fp-en-educacion-infantil-a-distancia-tiempos-reales-y-factores-blog\\\/\",\"name\":\"\u00bfCu\u00e1nto se tarda en encontrar trabajo con FP en Educaci\u00f3n Infantil a Distancia? tiempos reales y factores - Cetys\",\"isPartOf\":{\"@id\":\"https:\\\/\\\/fpsuperiorufv.es\\\/blog\\\/#website\"},\"primaryImageOfPage\":{\"@id\":\"https:\\\/\\\/fpsuperiorufv.es\\\/blog\\\/cuanto-se-tarda-en-encontrar-trabajo-con-fp-en-educacion-infantil-a-distancia-tiempos-reales-y-factores-blog\\\/#primaryimage\"},\"image\":{\"@id\":\"https:\\\/\\\/fpsuperiorufv.es\\\/blog\\\/cuanto-se-tarda-en-encontrar-trabajo-con-fp-en-educacion-infantil-a-distancia-tiempos-reales-y-factores-blog\\\/#primaryimage\"},\"thumbnailUrl\":\"https:\\\/\\\/fpsuperiorufv.es\\\/blog\\\/wp-content\\\/uploads\\\/2025\\\/08\\\/DSC08513-scaled-e1750860352920.jpg\",\"datePublished\":\"2026-03-23T22:12:19+00:00\",\"dateModified\":\"2026-04-17T10:56:02+00:00\",\"breadcrumb\":{\"@id\":\"https:\\\/\\\/fpsuperiorufv.es\\\/blog\\\/cuanto-se-tarda-en-encontrar-trabajo-con-fp-en-educacion-infantil-a-distancia-tiempos-reales-y-factores-blog\\\/#breadcrumb\"},\"inLanguage\":\"es\",\"potentialAction\":[{\"@type\":\"ReadAction\",\"target\":[\"https:\\\/\\\/fpsuperiorufv.es\\\/blog\\\/cuanto-se-tarda-en-encontrar-trabajo-con-fp-en-educacion-infantil-a-distancia-tiempos-reales-y-factores-blog\\\/\"]}]},{\"@type\":\"ImageObject\",\"inLanguage\":\"es\",\"@id\":\"https:\\\/\\\/fpsuperiorufv.es\\\/blog\\\/cuanto-se-tarda-en-encontrar-trabajo-con-fp-en-educacion-infantil-a-distancia-tiempos-reales-y-factores-blog\\\/#primaryimage\",\"url\":\"https:\\\/\\\/fpsuperiorufv.es\\\/blog\\\/wp-content\\\/uploads\\\/2025\\\/08\\\/DSC08513-scaled-e1750860352920.jpg\",\"contentUrl\":\"https:\\\/\\\/fpsuperiorufv.es\\\/blog\\\/wp-content\\\/uploads\\\/2025\\\/08\\\/DSC08513-scaled-e1750860352920.jpg\",\"width\":1822,\"height\":1707},{\"@type\":\"BreadcrumbList\",\"@id\":\"https:\\\/\\\/fpsuperiorufv.es\\\/blog\\\/cuanto-se-tarda-en-encontrar-trabajo-con-fp-en-educacion-infantil-a-distancia-tiempos-reales-y-factores-blog\\\/#breadcrumb\",\"itemListElement\":[{\"@type\":\"ListItem\",\"position\":1,\"name\":\"Home\",\"item\":\"https:\\\/\\\/fpsuperiorufv.es\\\/blog\\\/\"},{\"@type\":\"ListItem\",\"position\":2,\"name\":\"\u00bfCu\u00e1nto se tarda en encontrar trabajo con FP en Educaci\u00f3n Infantil a Distancia? tiempos reales y factores\"}]},{\"@type\":\"WebSite\",\"@id\":\"https:\\\/\\\/fpsuperiorufv.es\\\/blog\\\/#website\",\"url\":\"https:\\\/\\\/fpsuperiorufv.es\\\/blog\\\/\",\"name\":\"Fp Superior Francisco de Vitoria\",\"description\":\"\",\"publisher\":{\"@id\":\"https:\\\/\\\/fpsuperiorufv.es\\\/blog\\\/#organization\"},\"alternateName\":\"Cetys\",\"potentialAction\":[{\"@type\":\"SearchAction\",\"target\":{\"@type\":\"EntryPoint\",\"urlTemplate\":\"https:\\\/\\\/fpsuperiorufv.es\\\/blog\\\/?s={search_term_string}\"},\"query-input\":{\"@type\":\"PropertyValueSpecification\",\"valueRequired\":true,\"valueName\":\"search_term_string\"}}],\"inLanguage\":\"es\"},{\"@type\":\"Organization\",\"@id\":\"https:\\\/\\\/fpsuperiorufv.es\\\/blog\\\/#organization\",\"name\":\"Cetys\",\"url\":\"https:\\\/\\\/fpsuperiorufv.es\\\/blog\\\/\",\"logo\":{\"@type\":\"ImageObject\",\"inLanguage\":\"es\",\"@id\":\"https:\\\/\\\/fpsuperiorufv.es\\\/blog\\\/#\\\/schema\\\/logo\\\/image\\\/\",\"url\":\"https:\\\/\\\/fpsuperiorufv.lo\\\/wp-content\\\/uploads\\\/2025\\\/02\\\/logo.svg\",\"contentUrl\":\"https:\\\/\\\/fpsuperiorufv.lo\\\/wp-content\\\/uploads\\\/2025\\\/02\\\/logo.svg\",\"width\":\"1024\",\"height\":\"1024\",\"caption\":\"Cetys\"},\"image\":{\"@id\":\"https:\\\/\\\/fpsuperiorufv.es\\\/blog\\\/#\\\/schema\\\/logo\\\/image\\\/\"}},{\"@type\":\"Person\",\"@id\":\"https:\\\/\\\/fpsuperiorufv.es\\\/blog\\\/#\\\/schema\\\/person\\\/6eed41dc866f12d961994f51f39f8796\",\"name\":\"FP Superior UFV\",\"image\":{\"@type\":\"ImageObject\",\"inLanguage\":\"es\",\"@id\":\"https:\\\/\\\/secure.gravatar.com\\\/avatar\\\/2cb5eeb90ddddf18129790c93583d4ae96ca8a625c07994637c8fc9d35252ce5?s=96&d=mm&r=g\",\"url\":\"https:\\\/\\\/secure.gravatar.com\\\/avatar\\\/2cb5eeb90ddddf18129790c93583d4ae96ca8a625c07994637c8fc9d35252ce5?s=96&d=mm&r=g\",\"contentUrl\":\"https:\\\/\\\/secure.gravatar.com\\\/avatar\\\/2cb5eeb90ddddf18129790c93583d4ae96ca8a625c07994637c8fc9d35252ce5?s=96&d=mm&r=g\",\"caption\":\"FP Superior UFV\"},\"url\":\"https:\\\/\\\/fpsuperiorufv.es\\\/blog\\\/author\\\/cetys\\\/\"}]}<\/script>\n<!-- \/ Yoast SEO plugin. -->","yoast_head_json":{"title":"\u00bfCu\u00e1nto se tarda en encontrar trabajo con FP en Educaci\u00f3n Infantil a Distancia? tiempos reales y factores - Cetys","robots":{"index":"index","follow":"follow","max-snippet":"max-snippet:-1","max-image-preview":"max-image-preview:large","max-video-preview":"max-video-preview:-1"},"canonical":"https:\/\/fpsuperiorufv.es\/blog\/cuanto-se-tarda-en-encontrar-trabajo-con-fp-en-educacion-infantil-a-distancia-tiempos-reales-y-factores-blog\/","og_locale":"es_ES","og_type":"article","og_title":"\u00bfCu\u00e1nto se tarda en encontrar trabajo con FP en Educaci\u00f3n Infantil a Distancia? tiempos reales y factores - Cetys","og_description":"\u00bfCu\u00e1nto se tarda en encontrar trabajo con FP en Educaci\u00f3n Infantil a Distancia? Si est\u00e1s pensando en formarte en el \u00e1mbito de la Educaci\u00f3n Infantil a distancia, seguramente te preguntas cu\u00e1nto tiempo tardar\u00e1s en encontrar trabajo una vez que finalices tu FP. Es una inquietud com\u00fan y, en este art\u00edculo, vamos a desglosar los tiempos [&hellip;]","og_url":"https:\/\/fpsuperiorufv.es\/blog\/cuanto-se-tarda-en-encontrar-trabajo-con-fp-en-educacion-infantil-a-distancia-tiempos-reales-y-factores-blog\/","og_site_name":"Cetys","article_published_time":"2026-03-23T22:12:19+00:00","article_modified_time":"2026-04-17T10:56:02+00:00","og_image":[{"width":1822,"height":1707,"url":"https:\/\/fpsuperiorufv.es\/blog\/wp-content\/uploads\/2025\/08\/DSC08513-scaled-e1750860352920.jpg","type":"image\/jpeg"}],"author":"FP Superior UFV","twitter_card":"summary_large_image","twitter_misc":{"Escrito por":"FP Superior UFV","Tiempo de lectura":"4 minutos"},"schema":{"@context":"https:\/\/schema.org","@graph":[{"@type":"Article","@id":"https:\/\/fpsuperiorufv.es\/blog\/cuanto-se-tarda-en-encontrar-trabajo-con-fp-en-educacion-infantil-a-distancia-tiempos-reales-y-factores-blog\/#article","isPartOf":{"@id":"https:\/\/fpsuperiorufv.es\/blog\/cuanto-se-tarda-en-encontrar-trabajo-con-fp-en-educacion-infantil-a-distancia-tiempos-reales-y-factores-blog\/"},"author":{"name":"FP Superior UFV","@id":"https:\/\/fpsuperiorufv.es\/blog\/#\/schema\/person\/6eed41dc866f12d961994f51f39f8796"},"headline":"\u00bfCu\u00e1nto se tarda en encontrar trabajo con FP en Educaci\u00f3n Infantil a Distancia? tiempos reales y factores","datePublished":"2026-03-23T22:12:19+00:00","dateModified":"2026-04-17T10:56:02+00:00","mainEntityOfPage":{"@id":"https:\/\/fpsuperiorufv.es\/blog\/cuanto-se-tarda-en-encontrar-trabajo-con-fp-en-educacion-infantil-a-distancia-tiempos-reales-y-factores-blog\/"},"wordCount":824,"commentCount":0,"publisher":{"@id":"https:\/\/fpsuperiorufv.es\/blog\/#organization"},"image":{"@id":"https:\/\/fpsuperiorufv.es\/blog\/cuanto-se-tarda-en-encontrar-trabajo-con-fp-en-educacion-infantil-a-distancia-tiempos-reales-y-factores-blog\/#primaryimage"},"thumbnailUrl":"https:\/\/fpsuperiorufv.es\/blog\/wp-content\/uploads\/2025\/08\/DSC08513-scaled-e1750860352920.jpg","articleSection":["Educaci\u00f3n Infantil","Grados superiores a distancia","Preguntas frecuentes"],"inLanguage":"es","potentialAction":[{"@type":"CommentAction","name":"Comment","target":["https:\/\/fpsuperiorufv.es\/blog\/cuanto-se-tarda-en-encontrar-trabajo-con-fp-en-educacion-infantil-a-distancia-tiempos-reales-y-factores-blog\/#respond"]}]},{"@type":"WebPage","@id":"https:\/\/fpsuperiorufv.es\/blog\/cuanto-se-tarda-en-encontrar-trabajo-con-fp-en-educacion-infantil-a-distancia-tiempos-reales-y-factores-blog\/","url":"https:\/\/fpsuperiorufv.es\/blog\/cuanto-se-tarda-en-encontrar-trabajo-con-fp-en-educacion-infantil-a-distancia-tiempos-reales-y-factores-blog\/","name":"\u00bfCu\u00e1nto se tarda en encontrar trabajo con FP en Educaci\u00f3n Infantil a Distancia? tiempos reales y factores - Cetys","isPartOf":{"@id":"https:\/\/fpsuperiorufv.es\/blog\/#website"},"primaryImageOfPage":{"@id":"https:\/\/fpsuperiorufv.es\/blog\/cuanto-se-tarda-en-encontrar-trabajo-con-fp-en-educacion-infantil-a-distancia-tiempos-reales-y-factores-blog\/#primaryimage"},"image":{"@id":"https:\/\/fpsuperiorufv.es\/blog\/cuanto-se-tarda-en-encontrar-trabajo-con-fp-en-educacion-infantil-a-distancia-tiempos-reales-y-factores-blog\/#primaryimage"},"thumbnailUrl":"https:\/\/fpsuperiorufv.es\/blog\/wp-content\/uploads\/2025\/08\/DSC08513-scaled-e1750860352920.jpg","datePublished":"2026-03-23T22:12:19+00:00","dateModified":"2026-04-17T10:56:02+00:00","breadcrumb":{"@id":"https:\/\/fpsuperiorufv.es\/blog\/cuanto-se-tarda-en-encontrar-trabajo-con-fp-en-educacion-infantil-a-distancia-tiempos-reales-y-factores-blog\/#breadcrumb"},"inLanguage":"es","potentialAction":[{"@type":"ReadAction","target":["https:\/\/fpsuperiorufv.es\/blog\/cuanto-se-tarda-en-encontrar-trabajo-con-fp-en-educacion-infantil-a-distancia-tiempos-reales-y-factores-blog\/"]}]},{"@type":"ImageObject","inLanguage":"es","@id":"https:\/\/fpsuperiorufv.es\/blog\/cuanto-se-tarda-en-encontrar-trabajo-con-fp-en-educacion-infantil-a-distancia-tiempos-reales-y-factores-blog\/#primaryimage","url":"https:\/\/fpsuperiorufv.es\/blog\/wp-content\/uploads\/2025\/08\/DSC08513-scaled-e1750860352920.jpg","contentUrl":"https:\/\/fpsuperiorufv.es\/blog\/wp-content\/uploads\/2025\/08\/DSC08513-scaled-e1750860352920.jpg","width":1822,"height":1707},{"@type":"BreadcrumbList","@id":"https:\/\/fpsuperiorufv.es\/blog\/cuanto-se-tarda-en-encontrar-trabajo-con-fp-en-educacion-infantil-a-distancia-tiempos-reales-y-factores-blog\/#breadcrumb","itemListElement":[{"@type":"ListItem","position":1,"name":"Home","item":"https:\/\/fpsuperiorufv.es\/blog\/"},{"@type":"ListItem","position":2,"name":"\u00bfCu\u00e1nto se tarda en encontrar trabajo con FP en Educaci\u00f3n Infantil a Distancia? tiempos reales y factores"}]},{"@type":"WebSite","@id":"https:\/\/fpsuperiorufv.es\/blog\/#website","url":"https:\/\/fpsuperiorufv.es\/blog\/","name":"Fp Superior Francisco de Vitoria","description":"","publisher":{"@id":"https:\/\/fpsuperiorufv.es\/blog\/#organization"},"alternateName":"Cetys","potentialAction":[{"@type":"SearchAction","target":{"@type":"EntryPoint","urlTemplate":"https:\/\/fpsuperiorufv.es\/blog\/?s={search_term_string}"},"query-input":{"@type":"PropertyValueSpecification","valueRequired":true,"valueName":"search_term_string"}}],"inLanguage":"es"},{"@type":"Organization","@id":"https:\/\/fpsuperiorufv.es\/blog\/#organization","name":"Cetys","url":"https:\/\/fpsuperiorufv.es\/blog\/","logo":{"@type":"ImageObject","inLanguage":"es","@id":"https:\/\/fpsuperiorufv.es\/blog\/#\/schema\/logo\/image\/","url":"https:\/\/fpsuperiorufv.lo\/wp-content\/uploads\/2025\/02\/logo.svg","contentUrl":"https:\/\/fpsuperiorufv.lo\/wp-content\/uploads\/2025\/02\/logo.svg","width":"1024","height":"1024","caption":"Cetys"},"image":{"@id":"https:\/\/fpsuperiorufv.es\/blog\/#\/schema\/logo\/image\/"}},{"@type":"Person","@id":"https:\/\/fpsuperiorufv.es\/blog\/#\/schema\/person\/6eed41dc866f12d961994f51f39f8796","name":"FP Superior UFV","image":{"@type":"ImageObject","inLanguage":"es","@id":"https:\/\/secure.gravatar.com\/avatar\/2cb5eeb90ddddf18129790c93583d4ae96ca8a625c07994637c8fc9d35252ce5?s=96&d=mm&r=g","url":"https:\/\/secure.gravatar.com\/avatar\/2cb5eeb90ddddf18129790c93583d4ae96ca8a625c07994637c8fc9d35252ce5?s=96&d=mm&r=g","contentUrl":"https:\/\/secure.gravatar.com\/avatar\/2cb5eeb90ddddf18129790c93583d4ae96ca8a625c07994637c8fc9d35252ce5?s=96&d=mm&r=g","caption":"FP Superior UFV"},"url":"https:\/\/fpsuperiorufv.es\/blog\/author\/cetys\/"}]}},"_links":{"self":[{"href":"https:\/\/fpsuperiorufv.es\/blog\/wp-json\/wp\/v2\/posts\/283647","targetHints":{"allow":["GET"]}}],"collection":[{"href":"https:\/\/fpsuperiorufv.es\/blog\/wp-json\/wp\/v2\/posts"}],"about":[{"href":"https:\/\/fpsuperiorufv.es\/blog\/wp-json\/wp\/v2\/types\/post"}],"author":[{"embeddable":true,"href":"https:\/\/fpsuperiorufv.es\/blog\/wp-json\/wp\/v2\/users\/3"}],"replies":[{"embeddable":true,"href":"https:\/\/fpsuperiorufv.es\/blog\/wp-json\/wp\/v2\/comments?post=283647"}],"version-history":[{"count":1,"href":"https:\/\/fpsuperiorufv.es\/blog\/wp-json\/wp\/v2\/posts\/283647\/revisions"}],"predecessor-version":[{"id":283664,"href":"https:\/\/fpsuperiorufv.es\/blog\/wp-json\/wp\/v2\/posts\/283647\/revisions\/283664"}],"wp:featuredmedia":[{"embeddable":true,"href":"https:\/\/fpsuperiorufv.es\/blog\/wp-json\/wp\/v2\/media\/2684"}],"wp:attachment":[{"href":"https:\/\/fpsuperiorufv.es\/blog\/wp-json\/wp\/v2\/media?parent=283647"}],"wp:term":[{"taxonomy":"category","embeddable":true,"href":"https:\/\/fpsuperiorufv.es\/blog\/wp-json\/wp\/v2\/categories?post=283647"},{"taxonomy":"post_tag","embeddable":true,"href":"https:\/\/fpsuperiorufv.es\/blog\/wp-json\/wp\/v2\/tags?post=283647"}],"curies":[{"name":"wp","href":"https:\/\/api.w.org\/{rel}","templated":true}]}}