{"id":283655,"date":"2026-03-24T00:15:27","date_gmt":"2026-03-24T00:15:27","guid":{"rendered":"https:\/\/soleyantonio.es\/reserva-de-plaza-en-fp-en-marketing-y-publicidad-a-distancia-pasos-plazos-y-documentacion\/"},"modified":"2026-04-17T12:54:46","modified_gmt":"2026-04-17T10:54:46","slug":"reserva-de-plaza-en-fp-en-marketing-y-publicidad-a-distancia-pasos-plazos-y-documentacion-blog","status":"publish","type":"post","link":"https:\/\/fpsuperiorufv.es\/blog\/reserva-de-plaza-en-fp-en-marketing-y-publicidad-a-distancia-pasos-plazos-y-documentacion-blog\/","title":{"rendered":"Reserva de plaza en FP en Marketing y Publicidad a Distancia: pasos plazos y documentaci\u00f3n"},"content":{"rendered":"<h2>Reserva de Plaza en FP en Marketing y Publicidad a Distancia<\/h2>\n<section>\n<p>\n            Si est\u00e1s interesado en el mundo del marketing y la publicidad, \u00a1est\u00e1s en el lugar correcto! En este art\u00edculo,<br \/>\n            te guiaremos a trav\u00e9s del proceso de reserva de plaza en el Ciclo Formativo de Grado Superior en Marketing y<br \/>\n            Publicidad a Distancia. Queremos que est\u00e9s bien informado sobre los pasos, plazos y documentaci\u00f3n necesaria<br \/>\n            para que tu experiencia sea lo m\u00e1s sencilla y efectiva posible.\n        <\/p>\n<\/section>\n<h2>Curiosidades e Informaci\u00f3n Clave<\/h2>\n<ul>\n<li>La FP en Marketing y Publicidad a Distancia permite compaginar estudios con trabajo.<\/li>\n<li>M\u00e1s del 70% de los egresados de FP en Marketing encuentran empleo en menos de 6 meses.<\/li>\n<li>El marketing digital est\u00e1 en constante crecimiento, lo que aumenta las oportunidades laborales.<\/li>\n<li>Las empresas buscan perfiles vers\u00e1tiles y capacitados en publicidad online y offline.<\/li>\n<li>La reserva de plaza es un proceso sencillo que puede realizarse en l\u00ednea.<\/li>\n<\/ul>\n<h2>Pasos para Reservar Plaza<\/h2>\n<p>\n        Reservar tu plaza en el Ciclo Formativo de Grado Superior en Marketing y Publicidad a Distancia es un proceso<br \/>\n        sencillo si sigues estos pasos:\n    <\/p>\n<h3>Paso 1: Consulta la Informaci\u00f3n del Ciclo<\/h3>\n<p>\n        Antes de realizar cualquier acci\u00f3n, te recomendamos que revises toda la informaci\u00f3n disponible sobre el<br \/>\n        Ciclo Formativo. En nuestra web encontrar\u00e1s detalles sobre el plan de estudios, salidas profesionales y<br \/>\n        metodolog\u00eda de ense\u00f1anza.\n    <\/p>\n<h3>Paso 2: Accede al Proceso de Admisi\u00f3n<\/h3>\n<p>\n        Dir\u00edgete a nuestra p\u00e1gina del <a href=https:\/\/fpsuperiorufv.es\/secretaria-admision-y-ayuda\/>Proceso de Admisi\u00f3n<\/a><br \/>\n        donde encontrar\u00e1s toda la informaci\u00f3n necesaria sobre c\u00f3mo proceder con tu reserva.\n    <\/p>\n<h3>Paso 3: Completa el Formulario de Reserva<\/h3>\n<p>\n        Una vez que tengas toda la informaci\u00f3n clara, completa el formulario de reserva de plaza. Este formulario<br \/>\n        es fundamental para garantizar tu lugar en el curso.\n    <\/p>\n<h3>Paso 4: Presenta la Documentaci\u00f3n Requerida<\/h3>\n<p>\n        Aseg\u00farate de contar con la documentaci\u00f3n necesaria para formalizar tu reserva. Esto incluye:\n    <\/p>\n<ul>\n<li>Fotocopia del DNI o NIE.<\/li>\n<li>T\u00edtulo de Bachillerato o equivalente.<\/li>\n<li>Documentaci\u00f3n adicional si es necesaria (certificados, etc.).<\/li>\n<\/ul>\n<h3>Paso 5: Realiza el Pago de la Reserva<\/h3>\n<p>\n        Para asegurar tu plaza, deber\u00e1s realizar el pago de la reserva. Este importe se descontar\u00e1 del total del precio<br \/>\n        del curso.\n    <\/p>\n<h3>Paso 6: Confirma tu Matricula<\/h3>\n<p>\n        Una vez que hayas completado los pasos anteriores, recibir\u00e1s una confirmaci\u00f3n de matr\u00edcula. A partir de este<br \/>\n        momento, estar\u00e1s un paso m\u00e1s cerca de comenzar tu formaci\u00f3n en Marketing y Publicidad a Distancia.\n    <\/p>\n<h2>Plazos Importantes<\/h2>\n<p>\n        Es fundamental que est\u00e9s al tanto de los plazos establecidos para la reserva de plaza. Aqu\u00ed te dejamos un<br \/>\n        resumen:\n    <\/p>\n<ul>\n<li>Inicio del per\u00edodo de reservas: [Insertar Fecha].<\/li>\n<li>Fin del per\u00edodo de reservas: [Insertar Fecha].<\/li>\n<li>Fechas de matriculaci\u00f3n: [Insertar Fechas].<\/li>\n<\/ul>\n<h2>Documentaci\u00f3n Necesaria<\/h2>\n<p>\n        Para completar tu reserva de plaza, es importante que presentes la siguiente documentaci\u00f3n:\n    <\/p>\n<ul>\n<li>Fotocopia del DNI o NIE.<\/li>\n<li>T\u00edtulo de Bachillerato o equivalente.<\/li>\n<li>Curr\u00edculum vitae actualizado (opcional, pero recomendable).<\/li>\n<li>Cualquier certificado que acredite formaci\u00f3n previa relacionada.<\/li>\n<\/ul>\n<h2>Ejemplos de Salidas Profesionales<\/h2>\n<p>\n        Al finalizar tu formaci\u00f3n en Marketing y Publicidad, tendr\u00e1s la oportunidad de desempe\u00f1arte en diversas \u00e1reas,<br \/>\n        tales como:\n    <\/p>\n<ul>\n<li>Gestor de Marketing Digital.<\/li>\n<li>Community Manager.<\/li>\n<li>Especialista en SEO\/SEM.<\/li>\n<li>Analista de Mercados.<\/li>\n<li>Publicista Creativo.<\/li>\n<\/ul>\n<h2>Preguntas Frecuentes<\/h2>\n<h2>\u00bfQu\u00e9 requisitos necesito para reservar mi plaza?<\/h2>\n<p>\n        Necesitas tener el t\u00edtulo de Bachillerato o un equivalente, as\u00ed como tu DNI o NIE. Adem\u00e1s, es recomendable<br \/>\n        presentar documentaci\u00f3n que acredite cualquier formaci\u00f3n previa relevante.\n    <\/p>\n<h2>\u00bfPuedo realizar el proceso de reserva online?<\/h2>\n<p>\n        S\u00ed, puedes realizar la reserva de plaza a trav\u00e9s de nuestra plataforma online. Todo el proceso es sencillo<br \/>\n        y accesible desde cualquier dispositivo.\n    <\/p>\n<h2>\u00bfCu\u00e1ndo comienza el curso?<\/h2>\n<p>\n        Las fechas de inicio del curso var\u00edan cada a\u00f1o, por lo que es importante que consultes nuestra p\u00e1gina web<br \/>\n        para tener la informaci\u00f3n m\u00e1s actualizada.\n    <\/p>\n<h2>\u00bfHay opciones de financiaci\u00f3n disponibles?<\/h2>\n<p>\n        S\u00ed, ofrecemos diferentes opciones de financiaci\u00f3n para que puedas ajustar el pago a tus necesidades. Consulta<br \/>\n        nuestra p\u00e1gina de admisi\u00f3n para m\u00e1s detalles.\n    <\/p>\n<footer>\n<p>\u00a1No pierdas la oportunidad de formarte en un \u00e1rea en constante crecimiento y reserva tu plaza hoy mismo!<\/p>\n<\/footer>\n","protected":false},"excerpt":{"rendered":"<p>Reserva de Plaza en FP en Marketing y Publicidad a Distancia Si est\u00e1s interesado en el mundo del marketing y la publicidad, \u00a1est\u00e1s en el lugar correcto! En este art\u00edculo, te guiaremos a trav\u00e9s del proceso de reserva de plaza en el Ciclo Formativo de Grado Superior en Marketing y Publicidad a Distancia. Queremos que [&hellip;]<\/p>\n","protected":false},"author":3,"featured_media":1296,"comment_status":"open","ping_status":"open","sticky":false,"template":"","format":"standard","meta":{"inline_featured_image":false,"footnotes":""},"categories":[385,374,393],"tags":[],"class_list":["post-283655","post","type-post","status-publish","format-standard","has-post-thumbnail","hentry","category-grados-superiores-a-distancia","category-marketing","category-preguntas-frecuentes"],"yoast_head":"<!-- This site is optimized with the Yoast SEO plugin v27.4 - https:\/\/yoast.com\/product\/yoast-seo-wordpress\/ -->\n<title>Reserva de plaza en FP en Marketing y Publicidad a Distancia: pasos plazos y documentaci\u00f3n - Cetys<\/title>\n<meta name=\"robots\" content=\"index, follow, max-snippet:-1, max-image-preview:large, max-video-preview:-1\" \/>\n<link rel=\"canonical\" href=\"https:\/\/fpsuperiorufv.es\/blog\/reserva-de-plaza-en-fp-en-marketing-y-publicidad-a-distancia-pasos-plazos-y-documentacion-blog\/\" \/>\n<meta property=\"og:locale\" content=\"es_ES\" \/>\n<meta property=\"og:type\" content=\"article\" \/>\n<meta property=\"og:title\" content=\"Reserva de plaza en FP en Marketing y Publicidad a Distancia: pasos plazos y documentaci\u00f3n - Cetys\" \/>\n<meta property=\"og:description\" content=\"Reserva de Plaza en FP en Marketing y Publicidad a Distancia Si est\u00e1s interesado en el mundo del marketing y la publicidad, \u00a1est\u00e1s en el lugar correcto! En este art\u00edculo, te guiaremos a trav\u00e9s del proceso de reserva de plaza en el Ciclo Formativo de Grado Superior en Marketing y Publicidad a Distancia. Queremos que [&hellip;]\" \/>\n<meta property=\"og:url\" content=\"https:\/\/fpsuperiorufv.es\/blog\/reserva-de-plaza-en-fp-en-marketing-y-publicidad-a-distancia-pasos-plazos-y-documentacion-blog\/\" \/>\n<meta property=\"og:site_name\" content=\"Cetys\" \/>\n<meta property=\"article:published_time\" content=\"2026-03-24T00:15:27+00:00\" \/>\n<meta property=\"article:modified_time\" content=\"2026-04-17T10:54:46+00:00\" \/>\n<meta property=\"og:image\" content=\"https:\/\/fpsuperiorufv.es\/blog\/wp-content\/uploads\/2025\/07\/estudio-mercado.jpg\" \/>\n\t<meta property=\"og:image:width\" content=\"1280\" \/>\n\t<meta property=\"og:image:height\" content=\"854\" \/>\n\t<meta property=\"og:image:type\" content=\"image\/jpeg\" \/>\n<meta name=\"author\" content=\"FP Superior UFV\" \/>\n<meta name=\"twitter:card\" content=\"summary_large_image\" \/>\n<meta name=\"twitter:label1\" content=\"Escrito por\" \/>\n\t<meta name=\"twitter:data1\" content=\"FP Superior UFV\" \/>\n\t<meta name=\"twitter:label2\" content=\"Tiempo de lectura\" \/>\n\t<meta name=\"twitter:data2\" content=\"4 minutos\" \/>\n<script type=\"application\/ld+json\" class=\"yoast-schema-graph\">{\"@context\":\"https:\\\/\\\/schema.org\",\"@graph\":[{\"@type\":\"Article\",\"@id\":\"https:\\\/\\\/fpsuperiorufv.es\\\/blog\\\/reserva-de-plaza-en-fp-en-marketing-y-publicidad-a-distancia-pasos-plazos-y-documentacion-blog\\\/#article\",\"isPartOf\":{\"@id\":\"https:\\\/\\\/fpsuperiorufv.es\\\/blog\\\/reserva-de-plaza-en-fp-en-marketing-y-publicidad-a-distancia-pasos-plazos-y-documentacion-blog\\\/\"},\"author\":{\"name\":\"FP Superior UFV\",\"@id\":\"https:\\\/\\\/fpsuperiorufv.es\\\/blog\\\/#\\\/schema\\\/person\\\/6eed41dc866f12d961994f51f39f8796\"},\"headline\":\"Reserva de plaza en FP en Marketing y Publicidad a Distancia: pasos plazos y documentaci\u00f3n\",\"datePublished\":\"2026-03-24T00:15:27+00:00\",\"dateModified\":\"2026-04-17T10:54:46+00:00\",\"mainEntityOfPage\":{\"@id\":\"https:\\\/\\\/fpsuperiorufv.es\\\/blog\\\/reserva-de-plaza-en-fp-en-marketing-y-publicidad-a-distancia-pasos-plazos-y-documentacion-blog\\\/\"},\"wordCount\":708,\"commentCount\":0,\"publisher\":{\"@id\":\"https:\\\/\\\/fpsuperiorufv.es\\\/blog\\\/#organization\"},\"image\":{\"@id\":\"https:\\\/\\\/fpsuperiorufv.es\\\/blog\\\/reserva-de-plaza-en-fp-en-marketing-y-publicidad-a-distancia-pasos-plazos-y-documentacion-blog\\\/#primaryimage\"},\"thumbnailUrl\":\"https:\\\/\\\/fpsuperiorufv.es\\\/blog\\\/wp-content\\\/uploads\\\/2025\\\/07\\\/estudio-mercado.jpg\",\"articleSection\":[\"Grados superiores a distancia\",\"Marketing\",\"Preguntas frecuentes\"],\"inLanguage\":\"es\",\"potentialAction\":[{\"@type\":\"CommentAction\",\"name\":\"Comment\",\"target\":[\"https:\\\/\\\/fpsuperiorufv.es\\\/blog\\\/reserva-de-plaza-en-fp-en-marketing-y-publicidad-a-distancia-pasos-plazos-y-documentacion-blog\\\/#respond\"]}]},{\"@type\":\"WebPage\",\"@id\":\"https:\\\/\\\/fpsuperiorufv.es\\\/blog\\\/reserva-de-plaza-en-fp-en-marketing-y-publicidad-a-distancia-pasos-plazos-y-documentacion-blog\\\/\",\"url\":\"https:\\\/\\\/fpsuperiorufv.es\\\/blog\\\/reserva-de-plaza-en-fp-en-marketing-y-publicidad-a-distancia-pasos-plazos-y-documentacion-blog\\\/\",\"name\":\"Reserva de plaza en FP en Marketing y Publicidad a Distancia: pasos plazos y documentaci\u00f3n - Cetys\",\"isPartOf\":{\"@id\":\"https:\\\/\\\/fpsuperiorufv.es\\\/blog\\\/#website\"},\"primaryImageOfPage\":{\"@id\":\"https:\\\/\\\/fpsuperiorufv.es\\\/blog\\\/reserva-de-plaza-en-fp-en-marketing-y-publicidad-a-distancia-pasos-plazos-y-documentacion-blog\\\/#primaryimage\"},\"image\":{\"@id\":\"https:\\\/\\\/fpsuperiorufv.es\\\/blog\\\/reserva-de-plaza-en-fp-en-marketing-y-publicidad-a-distancia-pasos-plazos-y-documentacion-blog\\\/#primaryimage\"},\"thumbnailUrl\":\"https:\\\/\\\/fpsuperiorufv.es\\\/blog\\\/wp-content\\\/uploads\\\/2025\\\/07\\\/estudio-mercado.jpg\",\"datePublished\":\"2026-03-24T00:15:27+00:00\",\"dateModified\":\"2026-04-17T10:54:46+00:00\",\"breadcrumb\":{\"@id\":\"https:\\\/\\\/fpsuperiorufv.es\\\/blog\\\/reserva-de-plaza-en-fp-en-marketing-y-publicidad-a-distancia-pasos-plazos-y-documentacion-blog\\\/#breadcrumb\"},\"inLanguage\":\"es\",\"potentialAction\":[{\"@type\":\"ReadAction\",\"target\":[\"https:\\\/\\\/fpsuperiorufv.es\\\/blog\\\/reserva-de-plaza-en-fp-en-marketing-y-publicidad-a-distancia-pasos-plazos-y-documentacion-blog\\\/\"]}]},{\"@type\":\"ImageObject\",\"inLanguage\":\"es\",\"@id\":\"https:\\\/\\\/fpsuperiorufv.es\\\/blog\\\/reserva-de-plaza-en-fp-en-marketing-y-publicidad-a-distancia-pasos-plazos-y-documentacion-blog\\\/#primaryimage\",\"url\":\"https:\\\/\\\/fpsuperiorufv.es\\\/blog\\\/wp-content\\\/uploads\\\/2025\\\/07\\\/estudio-mercado.jpg\",\"contentUrl\":\"https:\\\/\\\/fpsuperiorufv.es\\\/blog\\\/wp-content\\\/uploads\\\/2025\\\/07\\\/estudio-mercado.jpg\",\"width\":1280,\"height\":854},{\"@type\":\"BreadcrumbList\",\"@id\":\"https:\\\/\\\/fpsuperiorufv.es\\\/blog\\\/reserva-de-plaza-en-fp-en-marketing-y-publicidad-a-distancia-pasos-plazos-y-documentacion-blog\\\/#breadcrumb\",\"itemListElement\":[{\"@type\":\"ListItem\",\"position\":1,\"name\":\"Home\",\"item\":\"https:\\\/\\\/fpsuperiorufv.es\\\/blog\\\/\"},{\"@type\":\"ListItem\",\"position\":2,\"name\":\"Reserva de plaza en FP en Marketing y Publicidad a Distancia: pasos plazos y documentaci\u00f3n\"}]},{\"@type\":\"WebSite\",\"@id\":\"https:\\\/\\\/fpsuperiorufv.es\\\/blog\\\/#website\",\"url\":\"https:\\\/\\\/fpsuperiorufv.es\\\/blog\\\/\",\"name\":\"Fp Superior Francisco de Vitoria\",\"description\":\"\",\"publisher\":{\"@id\":\"https:\\\/\\\/fpsuperiorufv.es\\\/blog\\\/#organization\"},\"alternateName\":\"Cetys\",\"potentialAction\":[{\"@type\":\"SearchAction\",\"target\":{\"@type\":\"EntryPoint\",\"urlTemplate\":\"https:\\\/\\\/fpsuperiorufv.es\\\/blog\\\/?s={search_term_string}\"},\"query-input\":{\"@type\":\"PropertyValueSpecification\",\"valueRequired\":true,\"valueName\":\"search_term_string\"}}],\"inLanguage\":\"es\"},{\"@type\":\"Organization\",\"@id\":\"https:\\\/\\\/fpsuperiorufv.es\\\/blog\\\/#organization\",\"name\":\"Cetys\",\"url\":\"https:\\\/\\\/fpsuperiorufv.es\\\/blog\\\/\",\"logo\":{\"@type\":\"ImageObject\",\"inLanguage\":\"es\",\"@id\":\"https:\\\/\\\/fpsuperiorufv.es\\\/blog\\\/#\\\/schema\\\/logo\\\/image\\\/\",\"url\":\"https:\\\/\\\/fpsuperiorufv.lo\\\/wp-content\\\/uploads\\\/2025\\\/02\\\/logo.svg\",\"contentUrl\":\"https:\\\/\\\/fpsuperiorufv.lo\\\/wp-content\\\/uploads\\\/2025\\\/02\\\/logo.svg\",\"width\":\"1024\",\"height\":\"1024\",\"caption\":\"Cetys\"},\"image\":{\"@id\":\"https:\\\/\\\/fpsuperiorufv.es\\\/blog\\\/#\\\/schema\\\/logo\\\/image\\\/\"}},{\"@type\":\"Person\",\"@id\":\"https:\\\/\\\/fpsuperiorufv.es\\\/blog\\\/#\\\/schema\\\/person\\\/6eed41dc866f12d961994f51f39f8796\",\"name\":\"FP Superior UFV\",\"image\":{\"@type\":\"ImageObject\",\"inLanguage\":\"es\",\"@id\":\"https:\\\/\\\/secure.gravatar.com\\\/avatar\\\/2cb5eeb90ddddf18129790c93583d4ae96ca8a625c07994637c8fc9d35252ce5?s=96&d=mm&r=g\",\"url\":\"https:\\\/\\\/secure.gravatar.com\\\/avatar\\\/2cb5eeb90ddddf18129790c93583d4ae96ca8a625c07994637c8fc9d35252ce5?s=96&d=mm&r=g\",\"contentUrl\":\"https:\\\/\\\/secure.gravatar.com\\\/avatar\\\/2cb5eeb90ddddf18129790c93583d4ae96ca8a625c07994637c8fc9d35252ce5?s=96&d=mm&r=g\",\"caption\":\"FP Superior UFV\"},\"url\":\"https:\\\/\\\/fpsuperiorufv.es\\\/blog\\\/author\\\/cetys\\\/\"}]}<\/script>\n<!-- \/ Yoast SEO plugin. -->","yoast_head_json":{"title":"Reserva de plaza en FP en Marketing y Publicidad a Distancia: pasos plazos y documentaci\u00f3n - Cetys","robots":{"index":"index","follow":"follow","max-snippet":"max-snippet:-1","max-image-preview":"max-image-preview:large","max-video-preview":"max-video-preview:-1"},"canonical":"https:\/\/fpsuperiorufv.es\/blog\/reserva-de-plaza-en-fp-en-marketing-y-publicidad-a-distancia-pasos-plazos-y-documentacion-blog\/","og_locale":"es_ES","og_type":"article","og_title":"Reserva de plaza en FP en Marketing y Publicidad a Distancia: pasos plazos y documentaci\u00f3n - Cetys","og_description":"Reserva de Plaza en FP en Marketing y Publicidad a Distancia Si est\u00e1s interesado en el mundo del marketing y la publicidad, \u00a1est\u00e1s en el lugar correcto! En este art\u00edculo, te guiaremos a trav\u00e9s del proceso de reserva de plaza en el Ciclo Formativo de Grado Superior en Marketing y Publicidad a Distancia. Queremos que [&hellip;]","og_url":"https:\/\/fpsuperiorufv.es\/blog\/reserva-de-plaza-en-fp-en-marketing-y-publicidad-a-distancia-pasos-plazos-y-documentacion-blog\/","og_site_name":"Cetys","article_published_time":"2026-03-24T00:15:27+00:00","article_modified_time":"2026-04-17T10:54:46+00:00","og_image":[{"width":1280,"height":854,"url":"https:\/\/fpsuperiorufv.es\/blog\/wp-content\/uploads\/2025\/07\/estudio-mercado.jpg","type":"image\/jpeg"}],"author":"FP Superior UFV","twitter_card":"summary_large_image","twitter_misc":{"Escrito por":"FP Superior UFV","Tiempo de lectura":"4 minutos"},"schema":{"@context":"https:\/\/schema.org","@graph":[{"@type":"Article","@id":"https:\/\/fpsuperiorufv.es\/blog\/reserva-de-plaza-en-fp-en-marketing-y-publicidad-a-distancia-pasos-plazos-y-documentacion-blog\/#article","isPartOf":{"@id":"https:\/\/fpsuperiorufv.es\/blog\/reserva-de-plaza-en-fp-en-marketing-y-publicidad-a-distancia-pasos-plazos-y-documentacion-blog\/"},"author":{"name":"FP Superior UFV","@id":"https:\/\/fpsuperiorufv.es\/blog\/#\/schema\/person\/6eed41dc866f12d961994f51f39f8796"},"headline":"Reserva de plaza en FP en Marketing y Publicidad a Distancia: pasos plazos y documentaci\u00f3n","datePublished":"2026-03-24T00:15:27+00:00","dateModified":"2026-04-17T10:54:46+00:00","mainEntityOfPage":{"@id":"https:\/\/fpsuperiorufv.es\/blog\/reserva-de-plaza-en-fp-en-marketing-y-publicidad-a-distancia-pasos-plazos-y-documentacion-blog\/"},"wordCount":708,"commentCount":0,"publisher":{"@id":"https:\/\/fpsuperiorufv.es\/blog\/#organization"},"image":{"@id":"https:\/\/fpsuperiorufv.es\/blog\/reserva-de-plaza-en-fp-en-marketing-y-publicidad-a-distancia-pasos-plazos-y-documentacion-blog\/#primaryimage"},"thumbnailUrl":"https:\/\/fpsuperiorufv.es\/blog\/wp-content\/uploads\/2025\/07\/estudio-mercado.jpg","articleSection":["Grados superiores a distancia","Marketing","Preguntas frecuentes"],"inLanguage":"es","potentialAction":[{"@type":"CommentAction","name":"Comment","target":["https:\/\/fpsuperiorufv.es\/blog\/reserva-de-plaza-en-fp-en-marketing-y-publicidad-a-distancia-pasos-plazos-y-documentacion-blog\/#respond"]}]},{"@type":"WebPage","@id":"https:\/\/fpsuperiorufv.es\/blog\/reserva-de-plaza-en-fp-en-marketing-y-publicidad-a-distancia-pasos-plazos-y-documentacion-blog\/","url":"https:\/\/fpsuperiorufv.es\/blog\/reserva-de-plaza-en-fp-en-marketing-y-publicidad-a-distancia-pasos-plazos-y-documentacion-blog\/","name":"Reserva de plaza en FP en Marketing y Publicidad a Distancia: pasos plazos y documentaci\u00f3n - Cetys","isPartOf":{"@id":"https:\/\/fpsuperiorufv.es\/blog\/#website"},"primaryImageOfPage":{"@id":"https:\/\/fpsuperiorufv.es\/blog\/reserva-de-plaza-en-fp-en-marketing-y-publicidad-a-distancia-pasos-plazos-y-documentacion-blog\/#primaryimage"},"image":{"@id":"https:\/\/fpsuperiorufv.es\/blog\/reserva-de-plaza-en-fp-en-marketing-y-publicidad-a-distancia-pasos-plazos-y-documentacion-blog\/#primaryimage"},"thumbnailUrl":"https:\/\/fpsuperiorufv.es\/blog\/wp-content\/uploads\/2025\/07\/estudio-mercado.jpg","datePublished":"2026-03-24T00:15:27+00:00","dateModified":"2026-04-17T10:54:46+00:00","breadcrumb":{"@id":"https:\/\/fpsuperiorufv.es\/blog\/reserva-de-plaza-en-fp-en-marketing-y-publicidad-a-distancia-pasos-plazos-y-documentacion-blog\/#breadcrumb"},"inLanguage":"es","potentialAction":[{"@type":"ReadAction","target":["https:\/\/fpsuperiorufv.es\/blog\/reserva-de-plaza-en-fp-en-marketing-y-publicidad-a-distancia-pasos-plazos-y-documentacion-blog\/"]}]},{"@type":"ImageObject","inLanguage":"es","@id":"https:\/\/fpsuperiorufv.es\/blog\/reserva-de-plaza-en-fp-en-marketing-y-publicidad-a-distancia-pasos-plazos-y-documentacion-blog\/#primaryimage","url":"https:\/\/fpsuperiorufv.es\/blog\/wp-content\/uploads\/2025\/07\/estudio-mercado.jpg","contentUrl":"https:\/\/fpsuperiorufv.es\/blog\/wp-content\/uploads\/2025\/07\/estudio-mercado.jpg","width":1280,"height":854},{"@type":"BreadcrumbList","@id":"https:\/\/fpsuperiorufv.es\/blog\/reserva-de-plaza-en-fp-en-marketing-y-publicidad-a-distancia-pasos-plazos-y-documentacion-blog\/#breadcrumb","itemListElement":[{"@type":"ListItem","position":1,"name":"Home","item":"https:\/\/fpsuperiorufv.es\/blog\/"},{"@type":"ListItem","position":2,"name":"Reserva de plaza en FP en Marketing y Publicidad a Distancia: pasos plazos y documentaci\u00f3n"}]},{"@type":"WebSite","@id":"https:\/\/fpsuperiorufv.es\/blog\/#website","url":"https:\/\/fpsuperiorufv.es\/blog\/","name":"Fp Superior Francisco de Vitoria","description":"","publisher":{"@id":"https:\/\/fpsuperiorufv.es\/blog\/#organization"},"alternateName":"Cetys","potentialAction":[{"@type":"SearchAction","target":{"@type":"EntryPoint","urlTemplate":"https:\/\/fpsuperiorufv.es\/blog\/?s={search_term_string}"},"query-input":{"@type":"PropertyValueSpecification","valueRequired":true,"valueName":"search_term_string"}}],"inLanguage":"es"},{"@type":"Organization","@id":"https:\/\/fpsuperiorufv.es\/blog\/#organization","name":"Cetys","url":"https:\/\/fpsuperiorufv.es\/blog\/","logo":{"@type":"ImageObject","inLanguage":"es","@id":"https:\/\/fpsuperiorufv.es\/blog\/#\/schema\/logo\/image\/","url":"https:\/\/fpsuperiorufv.lo\/wp-content\/uploads\/2025\/02\/logo.svg","contentUrl":"https:\/\/fpsuperiorufv.lo\/wp-content\/uploads\/2025\/02\/logo.svg","width":"1024","height":"1024","caption":"Cetys"},"image":{"@id":"https:\/\/fpsuperiorufv.es\/blog\/#\/schema\/logo\/image\/"}},{"@type":"Person","@id":"https:\/\/fpsuperiorufv.es\/blog\/#\/schema\/person\/6eed41dc866f12d961994f51f39f8796","name":"FP Superior UFV","image":{"@type":"ImageObject","inLanguage":"es","@id":"https:\/\/secure.gravatar.com\/avatar\/2cb5eeb90ddddf18129790c93583d4ae96ca8a625c07994637c8fc9d35252ce5?s=96&d=mm&r=g","url":"https:\/\/secure.gravatar.com\/avatar\/2cb5eeb90ddddf18129790c93583d4ae96ca8a625c07994637c8fc9d35252ce5?s=96&d=mm&r=g","contentUrl":"https:\/\/secure.gravatar.com\/avatar\/2cb5eeb90ddddf18129790c93583d4ae96ca8a625c07994637c8fc9d35252ce5?s=96&d=mm&r=g","caption":"FP Superior UFV"},"url":"https:\/\/fpsuperiorufv.es\/blog\/author\/cetys\/"}]}},"_links":{"self":[{"href":"https:\/\/fpsuperiorufv.es\/blog\/wp-json\/wp\/v2\/posts\/283655","targetHints":{"allow":["GET"]}}],"collection":[{"href":"https:\/\/fpsuperiorufv.es\/blog\/wp-json\/wp\/v2\/posts"}],"about":[{"href":"https:\/\/fpsuperiorufv.es\/blog\/wp-json\/wp\/v2\/types\/post"}],"author":[{"embeddable":true,"href":"https:\/\/fpsuperiorufv.es\/blog\/wp-json\/wp\/v2\/users\/3"}],"replies":[{"embeddable":true,"href":"https:\/\/fpsuperiorufv.es\/blog\/wp-json\/wp\/v2\/comments?post=283655"}],"version-history":[{"count":1,"href":"https:\/\/fpsuperiorufv.es\/blog\/wp-json\/wp\/v2\/posts\/283655\/revisions"}],"predecessor-version":[{"id":283663,"href":"https:\/\/fpsuperiorufv.es\/blog\/wp-json\/wp\/v2\/posts\/283655\/revisions\/283663"}],"wp:featuredmedia":[{"embeddable":true,"href":"https:\/\/fpsuperiorufv.es\/blog\/wp-json\/wp\/v2\/media\/1296"}],"wp:attachment":[{"href":"https:\/\/fpsuperiorufv.es\/blog\/wp-json\/wp\/v2\/media?parent=283655"}],"wp:term":[{"taxonomy":"category","embeddable":true,"href":"https:\/\/fpsuperiorufv.es\/blog\/wp-json\/wp\/v2\/categories?post=283655"},{"taxonomy":"post_tag","embeddable":true,"href":"https:\/\/fpsuperiorufv.es\/blog\/wp-json\/wp\/v2\/tags?post=283655"}],"curies":[{"name":"wp","href":"https:\/\/api.w.org\/{rel}","templated":true}]}}