{"id":2924,"date":"2025-12-03T06:09:12","date_gmt":"2025-12-03T05:09:12","guid":{"rendered":"https:\/\/fpsuperiorufv.es\/blog\/salud-preventiva-la-nueva-tendencia-en-los-ciclos-de-sanidad-blog\/"},"modified":"2025-12-15T14:13:22","modified_gmt":"2025-12-15T13:13:22","slug":"salud-preventiva-la-nueva-tendencia-en-los-ciclos-de-sanidad-blog","status":"publish","type":"post","link":"https:\/\/fpsuperiorufv.es\/blog\/salud-preventiva-la-nueva-tendencia-en-los-ciclos-de-sanidad-blog\/","title":{"rendered":"Salud preventiva: la nueva tendencia en los ciclos de sanidad"},"content":{"rendered":"<p><\/p>\n\n<p><span style=\"font-weight: 400;\">\u00bfTe has preguntado alguna vez c\u00f3mo se puede mejorar nuestra salud antes de que surjan problemas? La salud preventiva se ha convertido en una tendencia clave en los ciclos de sanidad. En FP Superior Francisco de Vitoria, creemos firmemente que la formaci\u00f3n en este \u00e1mbito es esencial para el futuro de la atenci\u00f3n sanitaria. Te invitamos a descubrir m\u00e1s sobre esta apasionante \u00e1rea y c\u00f3mo puedes formar parte de ella.<\/span><\/p>\n<h2>Curiosidades sobre la salud preventiva<\/h2>\n<ul>\n<li>M\u00e1s del 70% de las enfermedades pueden prevenirse con h\u00e1bitos saludables.<\/li>\n<li>La salud preventiva ahorra costos al sistema de salud p\u00fablica, reduciendo el n\u00famero de hospitalizaciones.<\/li>\n<li>El ejercicio regular y una alimentaci\u00f3n equilibrada pueden aumentar la esperanza de vida en hasta 10 a\u00f1os.<\/li>\n<li>La salud mental tambi\u00e9n forma parte de la salud preventiva, con t\u00e9cnicas de manejo del estr\u00e9s que son esenciales.<\/li>\n<li>El 90% de las personas que se someten a chequeos regulares reportan una mayor satisfacci\u00f3n con su salud.<\/li>\n<\/ul>\n<h2>\u00bfQu\u00e9 es la salud preventiva?<\/h2>\n<p><span style=\"font-weight: 400;\">La salud preventiva se centra en la prevenci\u00f3n de enfermedades y la promoci\u00f3n de un estilo de vida saludable. Esto incluye medidas que pueden ser adoptadas tanto a nivel individual como colectivo para evitar problemas de salud a largo plazo.<\/span><\/p>\n<h2>Importancia de la salud preventiva<\/h2>\n<p><span style=\"font-weight: 400;\">La salud preventiva es crucial por varias razones:<\/span><\/p>\n<ul>\n<li>Reducci\u00f3n de enfermedades: La prevenci\u00f3n puede disminuir la incidencia de enfermedades cr\u00f3nicas como la diabetes y la hipertensi\u00f3n.<\/li>\n<li>Mejora de la calidad de vida: Mantenerse sano y activo contribuye a un bienestar general.<\/li>\n<li>Ahorro econ\u00f3mico: Menos enfermedades significan menos gastos en tratamientos m\u00e9dicos.<\/li>\n<\/ul>\n<h2>\u00c1reas de la salud preventiva<\/h2>\n<p><span style=\"font-weight: 400;\">En el \u00e1mbito de la salud preventiva, podemos destacar varias \u00e1reas clave:<\/span><\/p>\n<ul>\n<li>Nutrici\u00f3n: Promover h\u00e1bitos alimentarios saludables.<\/li>\n<li>Ejercicio f\u00edsico: Fomentar la actividad f\u00edsica regular.<\/li>\n<li>Salud mental: T\u00e9cnicas de reducci\u00f3n del estr\u00e9s y promoci\u00f3n del bienestar emocional.<\/li>\n<li>Vacunaci\u00f3n: Importancia de las vacunas en la prevenci\u00f3n de enfermedades.<\/li>\n<\/ul>\n<h2>Ejemplos de salud preventiva en la pr\u00e1ctica<\/h2>\n<p><span style=\"font-weight: 400;\">La implementaci\u00f3n de estrategias de salud preventiva puede tener un impacto significativo. Aqu\u00ed algunos ejemplos:<\/span><\/p>\n<ul>\n<li>Programas de chequeo anual: Empresas que ofrecen chequeos m\u00e9dicos a sus empleados.<\/li>\n<li>Campa\u00f1as de vacunaci\u00f3n: Iniciativas comunitarias para aumentar la tasa de vacunaci\u00f3n.<\/li>\n<li>Clases de ejercicio: Actividades grupales que fomentan el ejercicio como el yoga o el pilates.<\/li>\n<\/ul>\n<h2>Formaci\u00f3n en salud preventiva<\/h2>\n<p><span style=\"font-weight: 400;\">En FP Superior Francisco de Vitoria, ofrecemos un ciclo formativo que se alinea perfectamente con esta tendencia: el Ciclo Formativo de Grado Superior en Diet\u00e9tica. Este ciclo te capacitar\u00e1 para promover h\u00e1bitos saludables y prevenir enfermedades a trav\u00e9s de la alimentaci\u00f3n.<\/span><\/p>\n<h2>Beneficios de estudiar Diet\u00e9tica<\/h2>\n<h2><span style=\"font-weight: 400;\">Algunas de las ventajas de matricularte en este ciclo son:<\/span><\/h2>\n<ul>\n<li>Formaci\u00f3n especializada: Adquirir\u00e1s conocimientos profundos sobre nutrici\u00f3n y diet\u00e9tica.<\/li>\n<li>Salidas profesionales: Podr\u00e1s trabajar en cl\u00ednicas, hospitales o como nutricionista independiente.<\/li>\n<li>Impacto social: Tendr\u00e1s la oportunidad de mejorar la salud de las personas a tu alrededor.<\/li>\n<\/ul>\n<h2>\u00bfPor qu\u00e9 elegir FP Superior Francisco de Vitoria?<\/h2>\n<p><span style=\"font-weight: 400;\">Al elegirnos, no solo te formas en un ciclo de alta demanda, sino que tambi\u00e9n te unes a una comunidad comprometida con la excelencia en la educaci\u00f3n. Nuestro enfoque pr\u00e1ctico y cercano te preparar\u00e1 para los retos del mundo laboral.<\/span><\/p>\n<h2>Preguntas frecuentes<\/h2>\n<h2>\u00bfQu\u00e9 salidas laborales tiene el ciclo de Diet\u00e9tica?<\/h2>\n<p><span style=\"font-weight: 400;\">Podr\u00e1s trabajar en hospitales, cl\u00ednicas, centros deportivos, o como asesor nutricional, entre otros. La demanda de profesionales en nutrici\u00f3n est\u00e1 en aumento.<\/span><\/p>\n<h2>\u00bfQu\u00e9 requisitos necesito para matricularme en el ciclo?<\/h2>\n<p><span style=\"font-weight: 400;\">Necesitas tener el t\u00edtulo de Bachillerato, o bien, haber superado un ciclo formativo de grado medio. Tambi\u00e9n aceptamos otras titulaciones equivalentes.<\/span><\/p>\n<h2>\u00bfCu\u00e1nto dura el ciclo de Diet\u00e9tica?<\/h2>\n<p><span style=\"font-weight: 400;\">El ciclo tiene una duraci\u00f3n de dos a\u00f1os, donde combinar\u00e1s teor\u00eda y pr\u00e1ctica para obtener una formaci\u00f3n integral.<\/span><\/p>\n<h2>\u00bfD\u00f3nde puedo obtener m\u00e1s informaci\u00f3n o matricularme?<\/h2>\n<p><span style=\"font-weight: 400;\">Para m\u00e1s informaci\u00f3n sobre el ciclo de <a href=\"https:\/\/fpsuperiorufv.es\/grado-superior-en-dietetica\/\">Diet\u00e9tica<\/a>, y para matricularte, visita nuestra p\u00e1gina de contacto: <a href=\"https:\/\/fpsuperiorufv.es\/contacto\/\">fpsuperiorufv.es\/contacto<\/a>.<\/span><\/p>\n<p><span style=\"font-weight: 400;\">La salud preventiva es el futuro de la atenci\u00f3n sanitaria, y t\u00fa puedes ser parte de este cambio. \u00a1Te esperamos en FP Superior Francisco de Vitoria para comenzar tu camino en el fascinante mundo de la salud!<\/span><br \/>\n<\/p>\n<p><\/p>\n","protected":false},"excerpt":{"rendered":"<p>[vc_section][vc_row][vc_column css=\".vc_custom_1655805738975{margin-top: 0px !important;margin-right: 0px !important;margin-bottom: 0px !important;margin-left: 0px !important;}\"][vc_breadcrumbs_module][\/vc_column][\/vc_row][\/vc_section][vc_section][vc_row el_class=\"container\" css=\".vc_custom_1655802988397{padding-top: 50px !important;padding-bottom: 50px !important;}\"][vc_column][vc_single_image source=\"featured_image\" img_size=\"full\" alignment=\"center\" css=\".vc_custom_1660030768789{padding-top: 20px !important;padding-bottom: 20px !important;}\"][vc_column_text] \u00bfTe has preguntado alguna vez c\u00f3mo se puede mejorar nuestra salud antes de que surjan problemas? La salud preventiva se ha convertido en una tendencia clave en los ciclos de sanidad. &hellip;<\/p>\n","protected":false},"author":1,"featured_media":2582,"comment_status":"closed","ping_status":"open","sticky":false,"template":"","format":"standard","meta":{"inline_featured_image":false,"footnotes":""},"categories":[9,389,393],"tags":[],"class_list":["post-2924","post","type-post","status-publish","format-standard","has-post-thumbnail","hentry","category-blog","category-dietetica","category-preguntas-frecuentes"],"yoast_head":"<!-- This site is optimized with the Yoast SEO plugin v27.4 - https:\/\/yoast.com\/product\/yoast-seo-wordpress\/ -->\n<title>Salud preventiva: la nueva tendencia en los ciclos de sanidad - Cetys<\/title>\n<meta name=\"robots\" content=\"index, follow, max-snippet:-1, max-image-preview:large, max-video-preview:-1\" \/>\n<link rel=\"canonical\" href=\"https:\/\/fpsuperiorufv.es\/blog\/salud-preventiva-la-nueva-tendencia-en-los-ciclos-de-sanidad-blog\/\" \/>\n<meta property=\"og:locale\" content=\"es_ES\" \/>\n<meta property=\"og:type\" content=\"article\" \/>\n<meta property=\"og:title\" content=\"Salud preventiva: la nueva tendencia en los ciclos de sanidad - Cetys\" \/>\n<meta property=\"og:description\" content=\"\u00bfTe has preguntado alguna vez c\u00f3mo se puede mejorar nuestra salud antes de que surjan problemas? La salud preventiva se ha convertido en una tendencia clave en los ciclos de sanidad. &hellip;\" \/>\n<meta property=\"og:url\" content=\"https:\/\/fpsuperiorufv.es\/blog\/salud-preventiva-la-nueva-tendencia-en-los-ciclos-de-sanidad-blog\/\" \/>\n<meta property=\"og:site_name\" content=\"Cetys\" \/>\n<meta property=\"article:published_time\" content=\"2025-12-03T05:09:12+00:00\" \/>\n<meta property=\"article:modified_time\" content=\"2025-12-15T13:13:22+00:00\" \/>\n<meta property=\"og:image\" content=\"https:\/\/fpsuperiorufv.es\/blog\/wp-content\/uploads\/2025\/08\/habitos-saludables-para-el-aparato-digestivo.png\" \/>\n\t<meta property=\"og:image:width\" content=\"1280\" \/>\n\t<meta property=\"og:image:height\" content=\"854\" \/>\n\t<meta property=\"og:image:type\" content=\"image\/png\" \/>\n<meta name=\"author\" content=\"FP Superior UFV\" \/>\n<meta name=\"twitter:card\" content=\"summary_large_image\" \/>\n<meta name=\"twitter:label1\" content=\"Escrito por\" \/>\n\t<meta name=\"twitter:data1\" content=\"FP Superior UFV\" \/>\n\t<meta name=\"twitter:label2\" content=\"Tiempo de lectura\" \/>\n\t<meta name=\"twitter:data2\" content=\"4 minutos\" \/>\n<script type=\"application\/ld+json\" class=\"yoast-schema-graph\">{\"@context\":\"https:\\\/\\\/schema.org\",\"@graph\":[{\"@type\":\"Article\",\"@id\":\"https:\\\/\\\/fpsuperiorufv.es\\\/blog\\\/salud-preventiva-la-nueva-tendencia-en-los-ciclos-de-sanidad-blog\\\/#article\",\"isPartOf\":{\"@id\":\"https:\\\/\\\/fpsuperiorufv.es\\\/blog\\\/salud-preventiva-la-nueva-tendencia-en-los-ciclos-de-sanidad-blog\\\/\"},\"author\":{\"name\":\"FP Superior UFV\",\"@id\":\"https:\\\/\\\/fpsuperiorufv.es\\\/blog\\\/#\\\/schema\\\/person\\\/c7ac6e2e7af298050da8d956ac824347\"},\"headline\":\"Salud preventiva: la nueva tendencia en los ciclos de sanidad\",\"datePublished\":\"2025-12-03T05:09:12+00:00\",\"dateModified\":\"2025-12-15T13:13:22+00:00\",\"mainEntityOfPage\":{\"@id\":\"https:\\\/\\\/fpsuperiorufv.es\\\/blog\\\/salud-preventiva-la-nueva-tendencia-en-los-ciclos-de-sanidad-blog\\\/\"},\"wordCount\":846,\"publisher\":{\"@id\":\"https:\\\/\\\/fpsuperiorufv.es\\\/blog\\\/#organization\"},\"image\":{\"@id\":\"https:\\\/\\\/fpsuperiorufv.es\\\/blog\\\/salud-preventiva-la-nueva-tendencia-en-los-ciclos-de-sanidad-blog\\\/#primaryimage\"},\"thumbnailUrl\":\"https:\\\/\\\/fpsuperiorufv.es\\\/blog\\\/wp-content\\\/uploads\\\/2025\\\/08\\\/habitos-saludables-para-el-aparato-digestivo.png\",\"articleSection\":[\"Blog\",\"Diet\u00e9tica\",\"Preguntas frecuentes\"],\"inLanguage\":\"es\"},{\"@type\":\"WebPage\",\"@id\":\"https:\\\/\\\/fpsuperiorufv.es\\\/blog\\\/salud-preventiva-la-nueva-tendencia-en-los-ciclos-de-sanidad-blog\\\/\",\"url\":\"https:\\\/\\\/fpsuperiorufv.es\\\/blog\\\/salud-preventiva-la-nueva-tendencia-en-los-ciclos-de-sanidad-blog\\\/\",\"name\":\"Salud preventiva: la nueva tendencia en los ciclos de sanidad - Cetys\",\"isPartOf\":{\"@id\":\"https:\\\/\\\/fpsuperiorufv.es\\\/blog\\\/#website\"},\"primaryImageOfPage\":{\"@id\":\"https:\\\/\\\/fpsuperiorufv.es\\\/blog\\\/salud-preventiva-la-nueva-tendencia-en-los-ciclos-de-sanidad-blog\\\/#primaryimage\"},\"image\":{\"@id\":\"https:\\\/\\\/fpsuperiorufv.es\\\/blog\\\/salud-preventiva-la-nueva-tendencia-en-los-ciclos-de-sanidad-blog\\\/#primaryimage\"},\"thumbnailUrl\":\"https:\\\/\\\/fpsuperiorufv.es\\\/blog\\\/wp-content\\\/uploads\\\/2025\\\/08\\\/habitos-saludables-para-el-aparato-digestivo.png\",\"datePublished\":\"2025-12-03T05:09:12+00:00\",\"dateModified\":\"2025-12-15T13:13:22+00:00\",\"breadcrumb\":{\"@id\":\"https:\\\/\\\/fpsuperiorufv.es\\\/blog\\\/salud-preventiva-la-nueva-tendencia-en-los-ciclos-de-sanidad-blog\\\/#breadcrumb\"},\"inLanguage\":\"es\",\"potentialAction\":[{\"@type\":\"ReadAction\",\"target\":[\"https:\\\/\\\/fpsuperiorufv.es\\\/blog\\\/salud-preventiva-la-nueva-tendencia-en-los-ciclos-de-sanidad-blog\\\/\"]}]},{\"@type\":\"ImageObject\",\"inLanguage\":\"es\",\"@id\":\"https:\\\/\\\/fpsuperiorufv.es\\\/blog\\\/salud-preventiva-la-nueva-tendencia-en-los-ciclos-de-sanidad-blog\\\/#primaryimage\",\"url\":\"https:\\\/\\\/fpsuperiorufv.es\\\/blog\\\/wp-content\\\/uploads\\\/2025\\\/08\\\/habitos-saludables-para-el-aparato-digestivo.png\",\"contentUrl\":\"https:\\\/\\\/fpsuperiorufv.es\\\/blog\\\/wp-content\\\/uploads\\\/2025\\\/08\\\/habitos-saludables-para-el-aparato-digestivo.png\",\"width\":1280,\"height\":854},{\"@type\":\"BreadcrumbList\",\"@id\":\"https:\\\/\\\/fpsuperiorufv.es\\\/blog\\\/salud-preventiva-la-nueva-tendencia-en-los-ciclos-de-sanidad-blog\\\/#breadcrumb\",\"itemListElement\":[{\"@type\":\"ListItem\",\"position\":1,\"name\":\"Home\",\"item\":\"https:\\\/\\\/fpsuperiorufv.es\\\/blog\\\/\"},{\"@type\":\"ListItem\",\"position\":2,\"name\":\"Salud preventiva: la nueva tendencia en los ciclos de sanidad\"}]},{\"@type\":\"WebSite\",\"@id\":\"https:\\\/\\\/fpsuperiorufv.es\\\/blog\\\/#website\",\"url\":\"https:\\\/\\\/fpsuperiorufv.es\\\/blog\\\/\",\"name\":\"Fp Superior Francisco de Vitoria\",\"description\":\"\",\"publisher\":{\"@id\":\"https:\\\/\\\/fpsuperiorufv.es\\\/blog\\\/#organization\"},\"alternateName\":\"Cetys\",\"potentialAction\":[{\"@type\":\"SearchAction\",\"target\":{\"@type\":\"EntryPoint\",\"urlTemplate\":\"https:\\\/\\\/fpsuperiorufv.es\\\/blog\\\/?s={search_term_string}\"},\"query-input\":{\"@type\":\"PropertyValueSpecification\",\"valueRequired\":true,\"valueName\":\"search_term_string\"}}],\"inLanguage\":\"es\"},{\"@type\":\"Organization\",\"@id\":\"https:\\\/\\\/fpsuperiorufv.es\\\/blog\\\/#organization\",\"name\":\"Cetys\",\"url\":\"https:\\\/\\\/fpsuperiorufv.es\\\/blog\\\/\",\"logo\":{\"@type\":\"ImageObject\",\"inLanguage\":\"es\",\"@id\":\"https:\\\/\\\/fpsuperiorufv.es\\\/blog\\\/#\\\/schema\\\/logo\\\/image\\\/\",\"url\":\"https:\\\/\\\/fpsuperiorufv.lo\\\/wp-content\\\/uploads\\\/2025\\\/02\\\/logo.svg\",\"contentUrl\":\"https:\\\/\\\/fpsuperiorufv.lo\\\/wp-content\\\/uploads\\\/2025\\\/02\\\/logo.svg\",\"width\":\"1024\",\"height\":\"1024\",\"caption\":\"Cetys\"},\"image\":{\"@id\":\"https:\\\/\\\/fpsuperiorufv.es\\\/blog\\\/#\\\/schema\\\/logo\\\/image\\\/\"}},{\"@type\":\"Person\",\"@id\":\"https:\\\/\\\/fpsuperiorufv.es\\\/blog\\\/#\\\/schema\\\/person\\\/c7ac6e2e7af298050da8d956ac824347\",\"name\":\"FP Superior UFV\",\"image\":{\"@type\":\"ImageObject\",\"inLanguage\":\"es\",\"@id\":\"https:\\\/\\\/secure.gravatar.com\\\/avatar\\\/002af9a4377d87096f281de7725cae2f359bff0b0b7439b98b80936e58af2d91?s=96&d=mm&r=g\",\"url\":\"https:\\\/\\\/secure.gravatar.com\\\/avatar\\\/002af9a4377d87096f281de7725cae2f359bff0b0b7439b98b80936e58af2d91?s=96&d=mm&r=g\",\"contentUrl\":\"https:\\\/\\\/secure.gravatar.com\\\/avatar\\\/002af9a4377d87096f281de7725cae2f359bff0b0b7439b98b80936e58af2d91?s=96&d=mm&r=g\",\"caption\":\"FP Superior UFV\"},\"sameAs\":[\"https:\\\/\\\/fpsuperiorufv.lo\"],\"url\":\"https:\\\/\\\/fpsuperiorufv.es\\\/blog\\\/author\\\/administrador\\\/\"}]}<\/script>\n<!-- \/ Yoast SEO plugin. -->","yoast_head_json":{"title":"Salud preventiva: la nueva tendencia en los ciclos de sanidad - Cetys","robots":{"index":"index","follow":"follow","max-snippet":"max-snippet:-1","max-image-preview":"max-image-preview:large","max-video-preview":"max-video-preview:-1"},"canonical":"https:\/\/fpsuperiorufv.es\/blog\/salud-preventiva-la-nueva-tendencia-en-los-ciclos-de-sanidad-blog\/","og_locale":"es_ES","og_type":"article","og_title":"Salud preventiva: la nueva tendencia en los ciclos de sanidad - Cetys","og_description":"\u00bfTe has preguntado alguna vez c\u00f3mo se puede mejorar nuestra salud antes de que surjan problemas? La salud preventiva se ha convertido en una tendencia clave en los ciclos de sanidad. &hellip;","og_url":"https:\/\/fpsuperiorufv.es\/blog\/salud-preventiva-la-nueva-tendencia-en-los-ciclos-de-sanidad-blog\/","og_site_name":"Cetys","article_published_time":"2025-12-03T05:09:12+00:00","article_modified_time":"2025-12-15T13:13:22+00:00","og_image":[{"width":1280,"height":854,"url":"https:\/\/fpsuperiorufv.es\/blog\/wp-content\/uploads\/2025\/08\/habitos-saludables-para-el-aparato-digestivo.png","type":"image\/png"}],"author":"FP Superior UFV","twitter_card":"summary_large_image","twitter_misc":{"Escrito por":"FP Superior UFV","Tiempo de lectura":"4 minutos"},"schema":{"@context":"https:\/\/schema.org","@graph":[{"@type":"Article","@id":"https:\/\/fpsuperiorufv.es\/blog\/salud-preventiva-la-nueva-tendencia-en-los-ciclos-de-sanidad-blog\/#article","isPartOf":{"@id":"https:\/\/fpsuperiorufv.es\/blog\/salud-preventiva-la-nueva-tendencia-en-los-ciclos-de-sanidad-blog\/"},"author":{"name":"FP Superior UFV","@id":"https:\/\/fpsuperiorufv.es\/blog\/#\/schema\/person\/c7ac6e2e7af298050da8d956ac824347"},"headline":"Salud preventiva: la nueva tendencia en los ciclos de sanidad","datePublished":"2025-12-03T05:09:12+00:00","dateModified":"2025-12-15T13:13:22+00:00","mainEntityOfPage":{"@id":"https:\/\/fpsuperiorufv.es\/blog\/salud-preventiva-la-nueva-tendencia-en-los-ciclos-de-sanidad-blog\/"},"wordCount":846,"publisher":{"@id":"https:\/\/fpsuperiorufv.es\/blog\/#organization"},"image":{"@id":"https:\/\/fpsuperiorufv.es\/blog\/salud-preventiva-la-nueva-tendencia-en-los-ciclos-de-sanidad-blog\/#primaryimage"},"thumbnailUrl":"https:\/\/fpsuperiorufv.es\/blog\/wp-content\/uploads\/2025\/08\/habitos-saludables-para-el-aparato-digestivo.png","articleSection":["Blog","Diet\u00e9tica","Preguntas frecuentes"],"inLanguage":"es"},{"@type":"WebPage","@id":"https:\/\/fpsuperiorufv.es\/blog\/salud-preventiva-la-nueva-tendencia-en-los-ciclos-de-sanidad-blog\/","url":"https:\/\/fpsuperiorufv.es\/blog\/salud-preventiva-la-nueva-tendencia-en-los-ciclos-de-sanidad-blog\/","name":"Salud preventiva: la nueva tendencia en los ciclos de sanidad - Cetys","isPartOf":{"@id":"https:\/\/fpsuperiorufv.es\/blog\/#website"},"primaryImageOfPage":{"@id":"https:\/\/fpsuperiorufv.es\/blog\/salud-preventiva-la-nueva-tendencia-en-los-ciclos-de-sanidad-blog\/#primaryimage"},"image":{"@id":"https:\/\/fpsuperiorufv.es\/blog\/salud-preventiva-la-nueva-tendencia-en-los-ciclos-de-sanidad-blog\/#primaryimage"},"thumbnailUrl":"https:\/\/fpsuperiorufv.es\/blog\/wp-content\/uploads\/2025\/08\/habitos-saludables-para-el-aparato-digestivo.png","datePublished":"2025-12-03T05:09:12+00:00","dateModified":"2025-12-15T13:13:22+00:00","breadcrumb":{"@id":"https:\/\/fpsuperiorufv.es\/blog\/salud-preventiva-la-nueva-tendencia-en-los-ciclos-de-sanidad-blog\/#breadcrumb"},"inLanguage":"es","potentialAction":[{"@type":"ReadAction","target":["https:\/\/fpsuperiorufv.es\/blog\/salud-preventiva-la-nueva-tendencia-en-los-ciclos-de-sanidad-blog\/"]}]},{"@type":"ImageObject","inLanguage":"es","@id":"https:\/\/fpsuperiorufv.es\/blog\/salud-preventiva-la-nueva-tendencia-en-los-ciclos-de-sanidad-blog\/#primaryimage","url":"https:\/\/fpsuperiorufv.es\/blog\/wp-content\/uploads\/2025\/08\/habitos-saludables-para-el-aparato-digestivo.png","contentUrl":"https:\/\/fpsuperiorufv.es\/blog\/wp-content\/uploads\/2025\/08\/habitos-saludables-para-el-aparato-digestivo.png","width":1280,"height":854},{"@type":"BreadcrumbList","@id":"https:\/\/fpsuperiorufv.es\/blog\/salud-preventiva-la-nueva-tendencia-en-los-ciclos-de-sanidad-blog\/#breadcrumb","itemListElement":[{"@type":"ListItem","position":1,"name":"Home","item":"https:\/\/fpsuperiorufv.es\/blog\/"},{"@type":"ListItem","position":2,"name":"Salud preventiva: la nueva tendencia en los ciclos de sanidad"}]},{"@type":"WebSite","@id":"https:\/\/fpsuperiorufv.es\/blog\/#website","url":"https:\/\/fpsuperiorufv.es\/blog\/","name":"Fp Superior Francisco de Vitoria","description":"","publisher":{"@id":"https:\/\/fpsuperiorufv.es\/blog\/#organization"},"alternateName":"Cetys","potentialAction":[{"@type":"SearchAction","target":{"@type":"EntryPoint","urlTemplate":"https:\/\/fpsuperiorufv.es\/blog\/?s={search_term_string}"},"query-input":{"@type":"PropertyValueSpecification","valueRequired":true,"valueName":"search_term_string"}}],"inLanguage":"es"},{"@type":"Organization","@id":"https:\/\/fpsuperiorufv.es\/blog\/#organization","name":"Cetys","url":"https:\/\/fpsuperiorufv.es\/blog\/","logo":{"@type":"ImageObject","inLanguage":"es","@id":"https:\/\/fpsuperiorufv.es\/blog\/#\/schema\/logo\/image\/","url":"https:\/\/fpsuperiorufv.lo\/wp-content\/uploads\/2025\/02\/logo.svg","contentUrl":"https:\/\/fpsuperiorufv.lo\/wp-content\/uploads\/2025\/02\/logo.svg","width":"1024","height":"1024","caption":"Cetys"},"image":{"@id":"https:\/\/fpsuperiorufv.es\/blog\/#\/schema\/logo\/image\/"}},{"@type":"Person","@id":"https:\/\/fpsuperiorufv.es\/blog\/#\/schema\/person\/c7ac6e2e7af298050da8d956ac824347","name":"FP Superior UFV","image":{"@type":"ImageObject","inLanguage":"es","@id":"https:\/\/secure.gravatar.com\/avatar\/002af9a4377d87096f281de7725cae2f359bff0b0b7439b98b80936e58af2d91?s=96&d=mm&r=g","url":"https:\/\/secure.gravatar.com\/avatar\/002af9a4377d87096f281de7725cae2f359bff0b0b7439b98b80936e58af2d91?s=96&d=mm&r=g","contentUrl":"https:\/\/secure.gravatar.com\/avatar\/002af9a4377d87096f281de7725cae2f359bff0b0b7439b98b80936e58af2d91?s=96&d=mm&r=g","caption":"FP Superior UFV"},"sameAs":["https:\/\/fpsuperiorufv.lo"],"url":"https:\/\/fpsuperiorufv.es\/blog\/author\/administrador\/"}]}},"_links":{"self":[{"href":"https:\/\/fpsuperiorufv.es\/blog\/wp-json\/wp\/v2\/posts\/2924","targetHints":{"allow":["GET"]}}],"collection":[{"href":"https:\/\/fpsuperiorufv.es\/blog\/wp-json\/wp\/v2\/posts"}],"about":[{"href":"https:\/\/fpsuperiorufv.es\/blog\/wp-json\/wp\/v2\/types\/post"}],"author":[{"embeddable":true,"href":"https:\/\/fpsuperiorufv.es\/blog\/wp-json\/wp\/v2\/users\/1"}],"replies":[{"embeddable":true,"href":"https:\/\/fpsuperiorufv.es\/blog\/wp-json\/wp\/v2\/comments?post=2924"}],"version-history":[{"count":0,"href":"https:\/\/fpsuperiorufv.es\/blog\/wp-json\/wp\/v2\/posts\/2924\/revisions"}],"wp:featuredmedia":[{"embeddable":true,"href":"https:\/\/fpsuperiorufv.es\/blog\/wp-json\/wp\/v2\/media\/2582"}],"wp:attachment":[{"href":"https:\/\/fpsuperiorufv.es\/blog\/wp-json\/wp\/v2\/media?parent=2924"}],"wp:term":[{"taxonomy":"category","embeddable":true,"href":"https:\/\/fpsuperiorufv.es\/blog\/wp-json\/wp\/v2\/categories?post=2924"},{"taxonomy":"post_tag","embeddable":true,"href":"https:\/\/fpsuperiorufv.es\/blog\/wp-json\/wp\/v2\/tags?post=2924"}],"curies":[{"name":"wp","href":"https:\/\/api.w.org\/{rel}","templated":true}]}}