{"id":2931,"date":"2025-12-09T18:31:04","date_gmt":"2025-12-09T17:31:04","guid":{"rendered":"https:\/\/fpsuperiorufv.es\/blog\/tecnico-superior-en-dietetica-como-trabajar-en-salud-y-nutricion-inteligente-blog\/"},"modified":"2025-12-15T14:33:17","modified_gmt":"2025-12-15T13:33:17","slug":"tecnico-superior-en-dietetica-como-trabajar-en-salud-y-nutricion-inteligente-blog","status":"publish","type":"post","link":"https:\/\/fpsuperiorufv.es\/blog\/tecnico-superior-en-dietetica-como-trabajar-en-salud-y-nutricion-inteligente-blog\/","title":{"rendered":"T\u00e9cnico Superior en Diet\u00e9tica: c\u00f3mo trabajar en salud y nutrici\u00f3n inteligente"},"content":{"rendered":"<p><\/p>\n\n<p><span style=\"font-weight: 400;\">\u00bfTe apasiona la salud y la nutrici\u00f3n? \u00bfQuieres ayudar a las personas a llevar una vida m\u00e1s saludable a trav\u00e9s de la alimentaci\u00f3n? Si tu respuesta es s\u00ed, el Ciclo Formativo de Grado Superior en Diet\u00e9tica es el camino ideal para ti. En este art\u00edculo, exploraremos c\u00f3mo este ciclo formativo puede abrirte las puertas a un futuro profesional lleno de oportunidades.<\/span><\/p>\n<h2>Curiosidades y datos interesantes sobre el T\u00e9cnico Superior en Diet\u00e9tica<\/h2>\n<ul>\n<li>El mercado laboral en el \u00e1mbito de la nutrici\u00f3n y la diet\u00e9tica est\u00e1 en constante crecimiento.<\/li>\n<li>Los profesionales en diet\u00e9tica pueden trabajar en hospitales, cl\u00ednicas, centros deportivos y consultorios privados.<\/li>\n<li>La demanda de dietistas y nutricionistas ha aumentado un 20% en los \u00faltimos cinco a\u00f1os en Espa\u00f1a.<\/li>\n<li>La formaci\u00f3n en diet\u00e9tica no solo se centra en la alimentaci\u00f3n, sino tambi\u00e9n en la psicolog\u00eda y el comportamiento alimentario.<\/li>\n<li>Los graduados en diet\u00e9tica pueden especializarse en \u00e1reas como la nutrici\u00f3n deportiva, la alimentaci\u00f3n geri\u00e1trica y la salud p\u00fablica.<\/li>\n<\/ul>\n<h2>\u00bfQu\u00e9 aprender\u00e1s en el Ciclo Formativo de Grado Superior en Diet\u00e9tica?<\/h2>\n<p><span style=\"font-weight: 400;\">En nuestro Ciclo de Diet\u00e9tica, adquirir\u00e1s una formaci\u00f3n integral que te permitir\u00e1 convertirte en un profesional de la salud y la nutrici\u00f3n. Aqu\u00ed tienes un resumen de lo que estudiar\u00e1s:<\/span><\/p>\n<ul>\n<li><strong>Nutrici\u00f3n y alimentaci\u00f3n:<\/strong> Aprender\u00e1s sobre los nutrientes, dietas y c\u00f3mo dise\u00f1ar planes alimenticios personalizados.<\/li>\n<li><strong>Dise\u00f1o de dietas:<\/strong> Te ense\u00f1aremos a elaborar men\u00fas equilibrados para diferentes necesidades y situaciones.<\/li>\n<li><strong>Educaci\u00f3n alimentaria:<\/strong> Desarrollar\u00e1s habilidades para impartir talleres y charlas sobre h\u00e1bitos saludables.<\/li>\n<li><strong>Psicolog\u00eda de la alimentaci\u00f3n:<\/strong> Comprender\u00e1s c\u00f3mo las emociones y el comportamiento afectan la alimentaci\u00f3n.<\/li>\n<li><strong>Gesti\u00f3n de la calidad alimentaria:<\/strong> Conocer\u00e1s c\u00f3mo asegurar la calidad en los productos alimenticios.<\/li>\n<\/ul>\n<h2>Salidas profesionales del T\u00e9cnico Superior en Diet\u00e9tica<\/h2>\n<p><span style=\"font-weight: 400;\">Al finalizar este ciclo formativo, podr\u00e1s desempe\u00f1ar diversas funciones en el \u00e1mbito de la salud y la nutrici\u00f3n. Algunas de las salidas profesionales incluyen:<\/span><\/p>\n<ul>\n<li>Nutricionista en cl\u00ednicas y hospitales.<\/li>\n<li>Asesor en nutrici\u00f3n en centros deportivos.<\/li>\n<li>Educador en programas de salud p\u00fablica.<\/li>\n<li>Consultor independiente en nutrici\u00f3n.<\/li>\n<li>Responsable de alimentaci\u00f3n en empresas de catering y colectividades.<\/li>\n<\/ul>\n<h2>\u00bfPor qu\u00e9 elegir el Ciclo Formativo de Grado Superior en Diet\u00e9tica en FP Superior Francisco de Vitoria?<\/h2>\n<p><span style=\"font-weight: 400;\">Elegir nuestra instituci\u00f3n para tu formaci\u00f3n en diet\u00e9tica te garantiza calidad y un enfoque pr\u00e1ctico. Algunos de los beneficios de estudiar con nosotros son:<\/span><\/p>\n<ul>\n<li><strong>Profesores cualificados:<\/strong> Nuestro equipo docente est\u00e1 formado por profesionales en activo, lo que te permitir\u00e1 aprender de su experiencia.<\/li>\n<li><strong>Instalaciones modernas:<\/strong> Contamos con laboratorios y aulas equipadas para que puedas realizar pr\u00e1cticas desde el primer d\u00eda.<\/li>\n<li><strong>Pr\u00e1cticas en empresas:<\/strong> Te ofrecemos la oportunidad de realizar pr\u00e1cticas en empresas del sector, facilitando tu inserci\u00f3n laboral.<\/li>\n<li><strong>Red de contactos:<\/strong> Nuestra relaci\u00f3n con diversas empresas te permitir\u00e1 acceder a oportunidades laborales.<\/li>\n<\/ul>\n<h2>Testimonios de nuestros estudiantes<\/h2>\n<p><span style=\"font-weight: 400;\">La experiencia de nuestros estudiantes es la mejor prueba de la calidad de nuestra formaci\u00f3n. Aqu\u00ed tienes algunos testimonios:<\/span><\/p>\n<blockquote><p><span style=\"font-weight: 400;\">Estudiar en FP Superior Francisco de Vitoria me ha permitido adquirir los conocimientos y habilidades necesarias para trabajar en lo que realmente me apasiona: la nutrici\u00f3n y la salud. - Ana, graduada en Diet\u00e9tica.<\/span><\/p><\/blockquote>\n<blockquote><p><span style=\"font-weight: 400;\">Las pr\u00e1cticas que realic\u00e9 durante el ciclo me ayudaron a encontrar trabajo r\u00e1pidamente. Estoy muy agradecido por la formaci\u00f3n que recib\u00ed. - Carlos, graduado en Diet\u00e9tica.<\/span><\/p><\/blockquote>\n<h2>\u00bfC\u00f3mo matricularte en el Ciclo Formativo de Grado Superior en Diet\u00e9tica?<\/h2>\n<p><span style=\"font-weight: 400;\">Si est\u00e1s decidido a dar el siguiente paso en tu formaci\u00f3n, matricularte es muy sencillo. Solo tienes que visitar nuestra p\u00e1gina de contacto y seguir las instrucciones. Te ayudaremos en cada paso del proceso para que comiences tu carrera en salud y nutrici\u00f3n inteligente.<\/span><\/p>\n<p><span style=\"font-weight: 400;\">Te invitamos a que te unas a nosotros en el Ciclo Formativo de Grado Superior en Diet\u00e9tica. \u00a1Tu futuro en la nutrici\u00f3n comienza aqu\u00ed!<\/span><\/p>\n<p><span style=\"font-weight: 400;\"><a href=\"https:\/\/fpsuperiorufv.es\/contacto\/\">Contacta con nosotros para m\u00e1s informaci\u00f3n o para matricularte.<\/a><\/span><\/p>\n<h2>Preguntas frecuentes<\/h2>\n<h2>\u00bfQu\u00e9 requisitos necesito para acceder al Ciclo Formativo de Grado Superior en Diet\u00e9tica?<\/h2>\n<p><span style=\"font-weight: 400;\">Para acceder, necesitas el t\u00edtulo de Bachillerato, Formaci\u00f3n Profesional de Grado Medio o equivalente. Tambi\u00e9n puedes acceder si tienes una prueba de acceso aprobada.<\/span><\/p>\n<h2>\u00bfEl ciclo tiene pr\u00e1cticas en empresas?<\/h2>\n<p><span style=\"font-weight: 400;\">S\u00ed, incluye un m\u00f3dulo de pr\u00e1cticas en empresas donde podr\u00e1s aplicar lo aprendido en un entorno real y adquirir experiencia laboral.<\/span><\/p>\n<h2>\u00bfQu\u00e9 salidas profesionales tiene este ciclo?<\/h2>\n<p><span style=\"font-weight: 400;\">Las salidas incluyen trabajar como nutricionista, educador en salud, consultor independiente, y m\u00e1s en diversos sectores como hospitales, centros deportivos y empresas de alimentaci\u00f3n.<\/span><\/p>\n<h2>\u00bfPuedo continuar mis estudios tras finalizar el ciclo?<\/h2>\n<p><span style=\"font-weight: 400;\">S\u00ed, tras finalizar el ciclo puedes acceder a estudios universitarios relacionados con la nutrici\u00f3n, la salud o \u00e1reas afines.<\/span><\/p>\n<p><\/p>\n<p><\/p>\n","protected":false},"excerpt":{"rendered":"<p>[vc_section][vc_row][vc_column css=\".vc_custom_1655805738975{margin-top: 0px !important;margin-right: 0px !important;margin-bottom: 0px !important;margin-left: 0px !important;}\"][vc_breadcrumbs_module][\/vc_column][\/vc_row][\/vc_section][vc_section][vc_row el_class=\"container\" css=\".vc_custom_1655802988397{padding-top: 50px !important;padding-bottom: 50px !important;}\"][vc_column][vc_single_image source=\"featured_image\" img_size=\"full\" alignment=\"center\" css=\".vc_custom_1660030768789{padding-top: 20px !important;padding-bottom: 20px !important;}\"][vc_column_text] \u00bfTe apasiona la salud y la nutrici\u00f3n? \u00bfQuieres ayudar a las personas a llevar una vida m\u00e1s saludable a trav\u00e9s de la alimentaci\u00f3n? Si tu respuesta es s\u00ed, el Ciclo Formativo &hellip;<\/p>\n","protected":false},"author":1,"featured_media":1274,"comment_status":"closed","ping_status":"open","sticky":false,"template":"","format":"standard","meta":{"inline_featured_image":false,"footnotes":""},"categories":[9,389,393],"tags":[],"class_list":["post-2931","post","type-post","status-publish","format-standard","has-post-thumbnail","hentry","category-blog","category-dietetica","category-preguntas-frecuentes"],"yoast_head":"<!-- This site is optimized with the Yoast SEO plugin v27.4 - https:\/\/yoast.com\/product\/yoast-seo-wordpress\/ -->\n<title>T\u00e9cnico Superior en Diet\u00e9tica: c\u00f3mo trabajar en salud y nutrici\u00f3n inteligente - Cetys<\/title>\n<meta name=\"robots\" content=\"index, follow, max-snippet:-1, max-image-preview:large, max-video-preview:-1\" \/>\n<link rel=\"canonical\" href=\"https:\/\/fpsuperiorufv.es\/blog\/tecnico-superior-en-dietetica-como-trabajar-en-salud-y-nutricion-inteligente-blog\/\" \/>\n<meta property=\"og:locale\" content=\"es_ES\" \/>\n<meta property=\"og:type\" content=\"article\" \/>\n<meta property=\"og:title\" content=\"T\u00e9cnico Superior en Diet\u00e9tica: c\u00f3mo trabajar en salud y nutrici\u00f3n inteligente - Cetys\" \/>\n<meta property=\"og:description\" content=\"\u00bfTe apasiona la salud y la nutrici\u00f3n? \u00bfQuieres ayudar a las personas a llevar una vida m\u00e1s saludable a trav\u00e9s de la alimentaci\u00f3n? Si tu respuesta es s\u00ed, el Ciclo Formativo &hellip;\" \/>\n<meta property=\"og:url\" content=\"https:\/\/fpsuperiorufv.es\/blog\/tecnico-superior-en-dietetica-como-trabajar-en-salud-y-nutricion-inteligente-blog\/\" \/>\n<meta property=\"og:site_name\" content=\"Cetys\" \/>\n<meta property=\"article:published_time\" content=\"2025-12-09T17:31:04+00:00\" \/>\n<meta property=\"article:modified_time\" content=\"2025-12-15T13:33:17+00:00\" \/>\n<meta property=\"og:image\" content=\"https:\/\/fpsuperiorufv.es\/blog\/wp-content\/uploads\/2025\/07\/mujer-hermosa-deportiva-cocina-verduras-scaled-1.jpg\" \/>\n\t<meta property=\"og:image:width\" content=\"2560\" \/>\n\t<meta property=\"og:image:height\" content=\"1707\" \/>\n\t<meta property=\"og:image:type\" content=\"image\/jpeg\" \/>\n<meta name=\"author\" content=\"FP Superior UFV\" \/>\n<meta name=\"twitter:card\" content=\"summary_large_image\" \/>\n<meta name=\"twitter:label1\" content=\"Escrito por\" \/>\n\t<meta name=\"twitter:data1\" content=\"FP Superior UFV\" \/>\n\t<meta name=\"twitter:label2\" content=\"Tiempo de lectura\" \/>\n\t<meta name=\"twitter:data2\" content=\"5 minutos\" \/>\n<script type=\"application\/ld+json\" class=\"yoast-schema-graph\">{\"@context\":\"https:\\\/\\\/schema.org\",\"@graph\":[{\"@type\":\"Article\",\"@id\":\"https:\\\/\\\/fpsuperiorufv.es\\\/blog\\\/tecnico-superior-en-dietetica-como-trabajar-en-salud-y-nutricion-inteligente-blog\\\/#article\",\"isPartOf\":{\"@id\":\"https:\\\/\\\/fpsuperiorufv.es\\\/blog\\\/tecnico-superior-en-dietetica-como-trabajar-en-salud-y-nutricion-inteligente-blog\\\/\"},\"author\":{\"name\":\"FP Superior UFV\",\"@id\":\"https:\\\/\\\/fpsuperiorufv.es\\\/blog\\\/#\\\/schema\\\/person\\\/c7ac6e2e7af298050da8d956ac824347\"},\"headline\":\"T\u00e9cnico Superior en Diet\u00e9tica: c\u00f3mo trabajar en salud y nutrici\u00f3n inteligente\",\"datePublished\":\"2025-12-09T17:31:04+00:00\",\"dateModified\":\"2025-12-15T13:33:17+00:00\",\"mainEntityOfPage\":{\"@id\":\"https:\\\/\\\/fpsuperiorufv.es\\\/blog\\\/tecnico-superior-en-dietetica-como-trabajar-en-salud-y-nutricion-inteligente-blog\\\/\"},\"wordCount\":954,\"publisher\":{\"@id\":\"https:\\\/\\\/fpsuperiorufv.es\\\/blog\\\/#organization\"},\"image\":{\"@id\":\"https:\\\/\\\/fpsuperiorufv.es\\\/blog\\\/tecnico-superior-en-dietetica-como-trabajar-en-salud-y-nutricion-inteligente-blog\\\/#primaryimage\"},\"thumbnailUrl\":\"https:\\\/\\\/fpsuperiorufv.es\\\/blog\\\/wp-content\\\/uploads\\\/2025\\\/07\\\/mujer-hermosa-deportiva-cocina-verduras-scaled-1.jpg\",\"articleSection\":[\"Blog\",\"Diet\u00e9tica\",\"Preguntas frecuentes\"],\"inLanguage\":\"es\"},{\"@type\":\"WebPage\",\"@id\":\"https:\\\/\\\/fpsuperiorufv.es\\\/blog\\\/tecnico-superior-en-dietetica-como-trabajar-en-salud-y-nutricion-inteligente-blog\\\/\",\"url\":\"https:\\\/\\\/fpsuperiorufv.es\\\/blog\\\/tecnico-superior-en-dietetica-como-trabajar-en-salud-y-nutricion-inteligente-blog\\\/\",\"name\":\"T\u00e9cnico Superior en Diet\u00e9tica: c\u00f3mo trabajar en salud y nutrici\u00f3n inteligente - Cetys\",\"isPartOf\":{\"@id\":\"https:\\\/\\\/fpsuperiorufv.es\\\/blog\\\/#website\"},\"primaryImageOfPage\":{\"@id\":\"https:\\\/\\\/fpsuperiorufv.es\\\/blog\\\/tecnico-superior-en-dietetica-como-trabajar-en-salud-y-nutricion-inteligente-blog\\\/#primaryimage\"},\"image\":{\"@id\":\"https:\\\/\\\/fpsuperiorufv.es\\\/blog\\\/tecnico-superior-en-dietetica-como-trabajar-en-salud-y-nutricion-inteligente-blog\\\/#primaryimage\"},\"thumbnailUrl\":\"https:\\\/\\\/fpsuperiorufv.es\\\/blog\\\/wp-content\\\/uploads\\\/2025\\\/07\\\/mujer-hermosa-deportiva-cocina-verduras-scaled-1.jpg\",\"datePublished\":\"2025-12-09T17:31:04+00:00\",\"dateModified\":\"2025-12-15T13:33:17+00:00\",\"breadcrumb\":{\"@id\":\"https:\\\/\\\/fpsuperiorufv.es\\\/blog\\\/tecnico-superior-en-dietetica-como-trabajar-en-salud-y-nutricion-inteligente-blog\\\/#breadcrumb\"},\"inLanguage\":\"es\",\"potentialAction\":[{\"@type\":\"ReadAction\",\"target\":[\"https:\\\/\\\/fpsuperiorufv.es\\\/blog\\\/tecnico-superior-en-dietetica-como-trabajar-en-salud-y-nutricion-inteligente-blog\\\/\"]}]},{\"@type\":\"ImageObject\",\"inLanguage\":\"es\",\"@id\":\"https:\\\/\\\/fpsuperiorufv.es\\\/blog\\\/tecnico-superior-en-dietetica-como-trabajar-en-salud-y-nutricion-inteligente-blog\\\/#primaryimage\",\"url\":\"https:\\\/\\\/fpsuperiorufv.es\\\/blog\\\/wp-content\\\/uploads\\\/2025\\\/07\\\/mujer-hermosa-deportiva-cocina-verduras-scaled-1.jpg\",\"contentUrl\":\"https:\\\/\\\/fpsuperiorufv.es\\\/blog\\\/wp-content\\\/uploads\\\/2025\\\/07\\\/mujer-hermosa-deportiva-cocina-verduras-scaled-1.jpg\",\"width\":2560,\"height\":1707},{\"@type\":\"BreadcrumbList\",\"@id\":\"https:\\\/\\\/fpsuperiorufv.es\\\/blog\\\/tecnico-superior-en-dietetica-como-trabajar-en-salud-y-nutricion-inteligente-blog\\\/#breadcrumb\",\"itemListElement\":[{\"@type\":\"ListItem\",\"position\":1,\"name\":\"Home\",\"item\":\"https:\\\/\\\/fpsuperiorufv.es\\\/blog\\\/\"},{\"@type\":\"ListItem\",\"position\":2,\"name\":\"T\u00e9cnico Superior en Diet\u00e9tica: c\u00f3mo trabajar en salud y nutrici\u00f3n inteligente\"}]},{\"@type\":\"WebSite\",\"@id\":\"https:\\\/\\\/fpsuperiorufv.es\\\/blog\\\/#website\",\"url\":\"https:\\\/\\\/fpsuperiorufv.es\\\/blog\\\/\",\"name\":\"Fp Superior Francisco de Vitoria\",\"description\":\"\",\"publisher\":{\"@id\":\"https:\\\/\\\/fpsuperiorufv.es\\\/blog\\\/#organization\"},\"alternateName\":\"Cetys\",\"potentialAction\":[{\"@type\":\"SearchAction\",\"target\":{\"@type\":\"EntryPoint\",\"urlTemplate\":\"https:\\\/\\\/fpsuperiorufv.es\\\/blog\\\/?s={search_term_string}\"},\"query-input\":{\"@type\":\"PropertyValueSpecification\",\"valueRequired\":true,\"valueName\":\"search_term_string\"}}],\"inLanguage\":\"es\"},{\"@type\":\"Organization\",\"@id\":\"https:\\\/\\\/fpsuperiorufv.es\\\/blog\\\/#organization\",\"name\":\"Cetys\",\"url\":\"https:\\\/\\\/fpsuperiorufv.es\\\/blog\\\/\",\"logo\":{\"@type\":\"ImageObject\",\"inLanguage\":\"es\",\"@id\":\"https:\\\/\\\/fpsuperiorufv.es\\\/blog\\\/#\\\/schema\\\/logo\\\/image\\\/\",\"url\":\"https:\\\/\\\/fpsuperiorufv.lo\\\/wp-content\\\/uploads\\\/2025\\\/02\\\/logo.svg\",\"contentUrl\":\"https:\\\/\\\/fpsuperiorufv.lo\\\/wp-content\\\/uploads\\\/2025\\\/02\\\/logo.svg\",\"width\":\"1024\",\"height\":\"1024\",\"caption\":\"Cetys\"},\"image\":{\"@id\":\"https:\\\/\\\/fpsuperiorufv.es\\\/blog\\\/#\\\/schema\\\/logo\\\/image\\\/\"}},{\"@type\":\"Person\",\"@id\":\"https:\\\/\\\/fpsuperiorufv.es\\\/blog\\\/#\\\/schema\\\/person\\\/c7ac6e2e7af298050da8d956ac824347\",\"name\":\"FP Superior UFV\",\"image\":{\"@type\":\"ImageObject\",\"inLanguage\":\"es\",\"@id\":\"https:\\\/\\\/secure.gravatar.com\\\/avatar\\\/002af9a4377d87096f281de7725cae2f359bff0b0b7439b98b80936e58af2d91?s=96&d=mm&r=g\",\"url\":\"https:\\\/\\\/secure.gravatar.com\\\/avatar\\\/002af9a4377d87096f281de7725cae2f359bff0b0b7439b98b80936e58af2d91?s=96&d=mm&r=g\",\"contentUrl\":\"https:\\\/\\\/secure.gravatar.com\\\/avatar\\\/002af9a4377d87096f281de7725cae2f359bff0b0b7439b98b80936e58af2d91?s=96&d=mm&r=g\",\"caption\":\"FP Superior UFV\"},\"sameAs\":[\"https:\\\/\\\/fpsuperiorufv.lo\"],\"url\":\"https:\\\/\\\/fpsuperiorufv.es\\\/blog\\\/author\\\/administrador\\\/\"}]}<\/script>\n<!-- \/ Yoast SEO plugin. -->","yoast_head_json":{"title":"T\u00e9cnico Superior en Diet\u00e9tica: c\u00f3mo trabajar en salud y nutrici\u00f3n inteligente - Cetys","robots":{"index":"index","follow":"follow","max-snippet":"max-snippet:-1","max-image-preview":"max-image-preview:large","max-video-preview":"max-video-preview:-1"},"canonical":"https:\/\/fpsuperiorufv.es\/blog\/tecnico-superior-en-dietetica-como-trabajar-en-salud-y-nutricion-inteligente-blog\/","og_locale":"es_ES","og_type":"article","og_title":"T\u00e9cnico Superior en Diet\u00e9tica: c\u00f3mo trabajar en salud y nutrici\u00f3n inteligente - Cetys","og_description":"\u00bfTe apasiona la salud y la nutrici\u00f3n? \u00bfQuieres ayudar a las personas a llevar una vida m\u00e1s saludable a trav\u00e9s de la alimentaci\u00f3n? Si tu respuesta es s\u00ed, el Ciclo Formativo &hellip;","og_url":"https:\/\/fpsuperiorufv.es\/blog\/tecnico-superior-en-dietetica-como-trabajar-en-salud-y-nutricion-inteligente-blog\/","og_site_name":"Cetys","article_published_time":"2025-12-09T17:31:04+00:00","article_modified_time":"2025-12-15T13:33:17+00:00","og_image":[{"width":2560,"height":1707,"url":"https:\/\/fpsuperiorufv.es\/blog\/wp-content\/uploads\/2025\/07\/mujer-hermosa-deportiva-cocina-verduras-scaled-1.jpg","type":"image\/jpeg"}],"author":"FP Superior UFV","twitter_card":"summary_large_image","twitter_misc":{"Escrito por":"FP Superior UFV","Tiempo de lectura":"5 minutos"},"schema":{"@context":"https:\/\/schema.org","@graph":[{"@type":"Article","@id":"https:\/\/fpsuperiorufv.es\/blog\/tecnico-superior-en-dietetica-como-trabajar-en-salud-y-nutricion-inteligente-blog\/#article","isPartOf":{"@id":"https:\/\/fpsuperiorufv.es\/blog\/tecnico-superior-en-dietetica-como-trabajar-en-salud-y-nutricion-inteligente-blog\/"},"author":{"name":"FP Superior UFV","@id":"https:\/\/fpsuperiorufv.es\/blog\/#\/schema\/person\/c7ac6e2e7af298050da8d956ac824347"},"headline":"T\u00e9cnico Superior en Diet\u00e9tica: c\u00f3mo trabajar en salud y nutrici\u00f3n inteligente","datePublished":"2025-12-09T17:31:04+00:00","dateModified":"2025-12-15T13:33:17+00:00","mainEntityOfPage":{"@id":"https:\/\/fpsuperiorufv.es\/blog\/tecnico-superior-en-dietetica-como-trabajar-en-salud-y-nutricion-inteligente-blog\/"},"wordCount":954,"publisher":{"@id":"https:\/\/fpsuperiorufv.es\/blog\/#organization"},"image":{"@id":"https:\/\/fpsuperiorufv.es\/blog\/tecnico-superior-en-dietetica-como-trabajar-en-salud-y-nutricion-inteligente-blog\/#primaryimage"},"thumbnailUrl":"https:\/\/fpsuperiorufv.es\/blog\/wp-content\/uploads\/2025\/07\/mujer-hermosa-deportiva-cocina-verduras-scaled-1.jpg","articleSection":["Blog","Diet\u00e9tica","Preguntas frecuentes"],"inLanguage":"es"},{"@type":"WebPage","@id":"https:\/\/fpsuperiorufv.es\/blog\/tecnico-superior-en-dietetica-como-trabajar-en-salud-y-nutricion-inteligente-blog\/","url":"https:\/\/fpsuperiorufv.es\/blog\/tecnico-superior-en-dietetica-como-trabajar-en-salud-y-nutricion-inteligente-blog\/","name":"T\u00e9cnico Superior en Diet\u00e9tica: c\u00f3mo trabajar en salud y nutrici\u00f3n inteligente - Cetys","isPartOf":{"@id":"https:\/\/fpsuperiorufv.es\/blog\/#website"},"primaryImageOfPage":{"@id":"https:\/\/fpsuperiorufv.es\/blog\/tecnico-superior-en-dietetica-como-trabajar-en-salud-y-nutricion-inteligente-blog\/#primaryimage"},"image":{"@id":"https:\/\/fpsuperiorufv.es\/blog\/tecnico-superior-en-dietetica-como-trabajar-en-salud-y-nutricion-inteligente-blog\/#primaryimage"},"thumbnailUrl":"https:\/\/fpsuperiorufv.es\/blog\/wp-content\/uploads\/2025\/07\/mujer-hermosa-deportiva-cocina-verduras-scaled-1.jpg","datePublished":"2025-12-09T17:31:04+00:00","dateModified":"2025-12-15T13:33:17+00:00","breadcrumb":{"@id":"https:\/\/fpsuperiorufv.es\/blog\/tecnico-superior-en-dietetica-como-trabajar-en-salud-y-nutricion-inteligente-blog\/#breadcrumb"},"inLanguage":"es","potentialAction":[{"@type":"ReadAction","target":["https:\/\/fpsuperiorufv.es\/blog\/tecnico-superior-en-dietetica-como-trabajar-en-salud-y-nutricion-inteligente-blog\/"]}]},{"@type":"ImageObject","inLanguage":"es","@id":"https:\/\/fpsuperiorufv.es\/blog\/tecnico-superior-en-dietetica-como-trabajar-en-salud-y-nutricion-inteligente-blog\/#primaryimage","url":"https:\/\/fpsuperiorufv.es\/blog\/wp-content\/uploads\/2025\/07\/mujer-hermosa-deportiva-cocina-verduras-scaled-1.jpg","contentUrl":"https:\/\/fpsuperiorufv.es\/blog\/wp-content\/uploads\/2025\/07\/mujer-hermosa-deportiva-cocina-verduras-scaled-1.jpg","width":2560,"height":1707},{"@type":"BreadcrumbList","@id":"https:\/\/fpsuperiorufv.es\/blog\/tecnico-superior-en-dietetica-como-trabajar-en-salud-y-nutricion-inteligente-blog\/#breadcrumb","itemListElement":[{"@type":"ListItem","position":1,"name":"Home","item":"https:\/\/fpsuperiorufv.es\/blog\/"},{"@type":"ListItem","position":2,"name":"T\u00e9cnico Superior en Diet\u00e9tica: c\u00f3mo trabajar en salud y nutrici\u00f3n inteligente"}]},{"@type":"WebSite","@id":"https:\/\/fpsuperiorufv.es\/blog\/#website","url":"https:\/\/fpsuperiorufv.es\/blog\/","name":"Fp Superior Francisco de Vitoria","description":"","publisher":{"@id":"https:\/\/fpsuperiorufv.es\/blog\/#organization"},"alternateName":"Cetys","potentialAction":[{"@type":"SearchAction","target":{"@type":"EntryPoint","urlTemplate":"https:\/\/fpsuperiorufv.es\/blog\/?s={search_term_string}"},"query-input":{"@type":"PropertyValueSpecification","valueRequired":true,"valueName":"search_term_string"}}],"inLanguage":"es"},{"@type":"Organization","@id":"https:\/\/fpsuperiorufv.es\/blog\/#organization","name":"Cetys","url":"https:\/\/fpsuperiorufv.es\/blog\/","logo":{"@type":"ImageObject","inLanguage":"es","@id":"https:\/\/fpsuperiorufv.es\/blog\/#\/schema\/logo\/image\/","url":"https:\/\/fpsuperiorufv.lo\/wp-content\/uploads\/2025\/02\/logo.svg","contentUrl":"https:\/\/fpsuperiorufv.lo\/wp-content\/uploads\/2025\/02\/logo.svg","width":"1024","height":"1024","caption":"Cetys"},"image":{"@id":"https:\/\/fpsuperiorufv.es\/blog\/#\/schema\/logo\/image\/"}},{"@type":"Person","@id":"https:\/\/fpsuperiorufv.es\/blog\/#\/schema\/person\/c7ac6e2e7af298050da8d956ac824347","name":"FP Superior UFV","image":{"@type":"ImageObject","inLanguage":"es","@id":"https:\/\/secure.gravatar.com\/avatar\/002af9a4377d87096f281de7725cae2f359bff0b0b7439b98b80936e58af2d91?s=96&d=mm&r=g","url":"https:\/\/secure.gravatar.com\/avatar\/002af9a4377d87096f281de7725cae2f359bff0b0b7439b98b80936e58af2d91?s=96&d=mm&r=g","contentUrl":"https:\/\/secure.gravatar.com\/avatar\/002af9a4377d87096f281de7725cae2f359bff0b0b7439b98b80936e58af2d91?s=96&d=mm&r=g","caption":"FP Superior UFV"},"sameAs":["https:\/\/fpsuperiorufv.lo"],"url":"https:\/\/fpsuperiorufv.es\/blog\/author\/administrador\/"}]}},"_links":{"self":[{"href":"https:\/\/fpsuperiorufv.es\/blog\/wp-json\/wp\/v2\/posts\/2931","targetHints":{"allow":["GET"]}}],"collection":[{"href":"https:\/\/fpsuperiorufv.es\/blog\/wp-json\/wp\/v2\/posts"}],"about":[{"href":"https:\/\/fpsuperiorufv.es\/blog\/wp-json\/wp\/v2\/types\/post"}],"author":[{"embeddable":true,"href":"https:\/\/fpsuperiorufv.es\/blog\/wp-json\/wp\/v2\/users\/1"}],"replies":[{"embeddable":true,"href":"https:\/\/fpsuperiorufv.es\/blog\/wp-json\/wp\/v2\/comments?post=2931"}],"version-history":[{"count":0,"href":"https:\/\/fpsuperiorufv.es\/blog\/wp-json\/wp\/v2\/posts\/2931\/revisions"}],"wp:featuredmedia":[{"embeddable":true,"href":"https:\/\/fpsuperiorufv.es\/blog\/wp-json\/wp\/v2\/media\/1274"}],"wp:attachment":[{"href":"https:\/\/fpsuperiorufv.es\/blog\/wp-json\/wp\/v2\/media?parent=2931"}],"wp:term":[{"taxonomy":"category","embeddable":true,"href":"https:\/\/fpsuperiorufv.es\/blog\/wp-json\/wp\/v2\/categories?post=2931"},{"taxonomy":"post_tag","embeddable":true,"href":"https:\/\/fpsuperiorufv.es\/blog\/wp-json\/wp\/v2\/tags?post=2931"}],"curies":[{"name":"wp","href":"https:\/\/api.w.org\/{rel}","templated":true}]}}