{"id":3020,"date":"2025-12-08T21:30:10","date_gmt":"2025-12-08T20:30:10","guid":{"rendered":"https:\/\/fpsuperiorufv.es\/blog\/testimonios-fp-cetys-ufv-blog\/"},"modified":"2025-12-15T14:31:27","modified_gmt":"2025-12-15T13:31:27","slug":"testimonios-fp-cetys-ufv-blog","status":"publish","type":"post","link":"https:\/\/fpsuperiorufv.es\/blog\/testimonios-fp-cetys-ufv-blog\/","title":{"rendered":"Testimonios FP CETYS UFV"},"content":{"rendered":"<p><\/p>\n\n<section>\n<h2>Introducci\u00f3n<\/h2>\n<p><span style=\"font-weight: 400;\">La elecci\u00f3n de un ciclo formativo es un paso fundamental en nuestra vida acad\u00e9mica y profesional. En CETYS UFV, cada experiencia cuenta, y queremos que t\u00fa tambi\u00e9n conozcas lo que nuestros alumnos y sus familias piensan sobre su paso por aqu\u00ed. En este art\u00edculo, encontrar\u00e1s testimonios reales que reflejan la cercan\u00eda de nuestro profesorado, la calidad de la formaci\u00f3n pr\u00e1ctica y la preparaci\u00f3n que ofrecemos para el mundo laboral.<\/span><\/p>\n<h2>Curiosidades sobre los Testimonios FP CETYS UFV<\/h2>\n<ul>\n<li>M\u00e1s del 90% de nuestros alumnos destacan la atenci\u00f3n personalizada de los profesores.<\/li>\n<li>El 85% de los graduados encuentra empleo en menos de seis meses tras finalizar el ciclo.<\/li>\n<li>Nuestra tasa de satisfacci\u00f3n entre estudiantes supera el 95%.<\/li>\n<li>Ofrecemos m\u00e1s de 20 ciclos formativos en diversas \u00e1reas profesionales.<\/li>\n<li>Las instalaciones cuentan con laboratorios y espacios dise\u00f1ados para una ense\u00f1anza pr\u00e1ctica y efectiva.<\/li>\n<\/ul>\n<\/section>\n<section>\n<h2>Testimonios de Alumnos y Familias<\/h2>\n<h3>Testimonio 1: Laura, alumna de Marketing y Publicidad<\/h3>\n<p><span style=\"font-weight: 400;\">Desde el primer d\u00eda en CETYS UFV, sent\u00ed que estaba en el lugar correcto. Los profesores son incre\u00edblemente cercanos y siempre est\u00e1n dispuestos a ayudarte. Lo que m\u00e1s valoro es la formaci\u00f3n pr\u00e1ctica que recib\u00ed, que me prepar\u00f3 para el mundo real. Gracias a las pr\u00e1cticas, consegu\u00ed un empleo antes de terminar el ciclo. \u00a1No podr\u00eda estar m\u00e1s agradecida!<\/span><\/p>\n<h3>Testimonio 2: Javier, padre de un alumno de Desarrollo de Aplicaciones Multiplataforma<\/h3>\n<p><span style=\"font-weight: 400;\">Como padre, siempre he querido lo mejor para mi hijo, y puedo decir con total seguridad que CETYS UFV lo ha logrado. La atenci\u00f3n que recibe de los docentes es excepcional. Adem\u00e1s, las instalaciones son modernas y est\u00e1n bien equipadas. Mi hijo ha crecido tanto personal como profesionalmente aqu\u00ed. \u00a1Estamos muy satisfechos!<\/span><\/p>\n<h3>Testimonio 3: Carla, alumna de Comercio Internacional<\/h3>\n<p><span style=\"font-weight: 400;\">Eleg\u00ed CETYS UFV porque quer\u00eda una formaci\u00f3n pr\u00e1ctica, y no me decepcion\u00f3. Los proyectos que realizamos en clase son muy similares a situaciones reales en el mercado laboral. Adem\u00e1s, el ambiente universitario es genial; he hecho amigos para toda la vida. Este lugar me ha ense\u00f1ado no solo sobre ventas, sino sobre trabajo en equipo y liderazgo.<\/span><\/p>\n<h3>Testimonio 4: Miguel, alumno de Administraci\u00f3n y Finanzas<\/h3>\n<p><span style=\"font-weight: 400;\">Lo que m\u00e1s me impresion\u00f3 de CETYS UFV fue el acompa\u00f1amiento personal que recib\u00ed. Siempre me sent\u00ed apoyado, tanto por mis compa\u00f1eros como por mis profesores. Las pr\u00e1cticas fueron una experiencia invaluable; me ayudaron a entender c\u00f3mo funciona realmente el mundo empresarial. Estoy muy agradecido por todo lo que he aprendido aqu\u00ed.<\/span><\/p>\n<\/section>\n<section>\n<h2>Valoraci\u00f3n de la Experiencia en CETYS UFV<\/h2>\n<p><span style=\"font-weight: 400;\">Los testimonios de nuestros alumnos y sus familias destacan la importancia de una educaci\u00f3n centrada en la pr\u00e1ctica. Aqu\u00ed, no solo aprendes teor\u00eda, sino que te preparas para los retos del mundo laboral. Con un profesorado cercano y comprometido, nuestro objetivo es que cada estudiante se sienta acompa\u00f1ado en su camino.<\/span><\/p>\n<h3>Aspectos Clave de la Experiencia<\/h3>\n<ul>\n<li><strong>Atenci\u00f3n Personalizada:<\/strong> Cada alumno recibe el apoyo necesario para sacar lo mejor de s\u00ed mismo.<\/li>\n<li><strong>Formaci\u00f3n Pr\u00e1ctica:<\/strong> Los proyectos y pr\u00e1cticas te preparan para el mercado laboral.<\/li>\n<li><strong>Instalaciones Modernas:<\/strong> Contamos con espacios dise\u00f1ados para el aprendizaje efectivo.<\/li>\n<li><strong>Ambiente Universitario:<\/strong> La UFV ofrece un entorno enriquecedor y din\u00e1mico.<\/li>\n<li><strong>Actividades Extracurriculares:<\/strong> Los clubes y actividades fomentan el desarrollo personal y social.<\/li>\n<\/ul>\n<\/section>\n<section>\n<h2>Preguntas Frecuentes<\/h2>\n<h3>\u00bfQu\u00e9 tipos de Ciclos Formativos se ofrecen en CETYS UFV?<\/h3>\n<p><span style=\"font-weight: 400;\">Ofrecemos una amplia variedad de Ciclos Formativos de Grado Superior en \u00e1reas como marketing, administraci\u00f3n, desarrollo de aplicaciones y m\u00e1s. Cada programa est\u00e1 dise\u00f1ado para ofrecer una formaci\u00f3n integral y pr\u00e1ctica.<\/span><\/p>\n<h3>\u00bfC\u00f3mo son las instalaciones del centro?<\/h3>\n<p><span style=\"font-weight: 400;\">Nuestras instalaciones son modernas y est\u00e1n equipadas con tecnolog\u00eda de \u00faltima generaci\u00f3n, laboratorios y espacios de trabajo colaborativo que favorecen el aprendizaje activo.<\/span><\/p>\n<h3>\u00bfQu\u00e9 tipo de apoyo reciben los alumnos durante su formaci\u00f3n?<\/h3>\n<p><span style=\"font-weight: 400;\">Los alumnos reciben un acompa\u00f1amiento personalizado. Los docentes est\u00e1n siempre disponibles para resolver dudas y guiar a los estudiantes en su desarrollo acad\u00e9mico y profesional.<\/span><\/p>\n<h3>\u00bfSe realizan pr\u00e1cticas durante el ciclo formativo?<\/h3>\n<p><span style=\"font-weight: 400;\">S\u00ed, todos nuestros ciclos incluyen pr\u00e1cticas en empresas, lo que permite a los alumnos aplicar lo aprendido y adquirir experiencia real en el campo.<\/span><\/p>\n<h3>\u00bfC\u00f3mo es el ambiente social en CETYS UFV?<\/h3>\n<p><span style=\"font-weight: 400;\">El ambiente es muy acogedor y din\u00e1mico. Hay muchas oportunidades para hacer amigos, participar en actividades extracurriculares y desarrollar habilidades sociales.<\/span><\/p>\n<\/section>\n<footer><span style=\"font-weight: 400;\">Si est\u00e1s listo para dar el siguiente paso en tu formaci\u00f3n, no dudes en unirte a nosotros en CETYS UFV. Estamos aqu\u00ed para apoyarte en cada paso de tu camino.<\/span><\/footer>\n<p><\/p>\n<p><\/p>\n","protected":false},"excerpt":{"rendered":"<p>[vc_section][vc_row][vc_column css=\".vc_custom_1655805738975{margin-top: 0px !important;margin-right: 0px !important;margin-bottom: 0px !important;margin-left: 0px !important;}\"][vc_breadcrumbs_module][\/vc_column][\/vc_row][\/vc_section][vc_section][vc_row el_class=\"container\" css=\".vc_custom_1655802988397{padding-top: 50px !important;padding-bottom: 50px !important;}\"][vc_column][vc_single_image source=\"featured_image\" img_size=\"full\" alignment=\"center\" css=\".vc_custom_1660030768789{padding-top: 20px !important;padding-bottom: 20px !important;}\"][vc_column_text] La elecci\u00f3n de un ciclo formativo es un paso fundamental en nuestra vida acad\u00e9mica y profesional. En CETYS UFV, cada experiencia cuenta, y queremos que t\u00fa tambi\u00e9n conozcas lo que nuestros &hellip;<\/p>\n","protected":false},"author":1,"featured_media":2616,"comment_status":"closed","ping_status":"open","sticky":false,"template":"","format":"standard","meta":{"inline_featured_image":false,"footnotes":""},"categories":[11,380,9,379,374,393],"tags":[],"class_list":["post-3020","post","type-post","status-publish","format-standard","has-post-thumbnail","hentry","category-administracion-y-finanzas","category-aplicaciones-multiplataforma","category-blog","category-comercio-internacional","category-marketing","category-preguntas-frecuentes"],"yoast_head":"<!-- This site is optimized with the Yoast SEO plugin v27.4 - https:\/\/yoast.com\/product\/yoast-seo-wordpress\/ -->\n<title>Testimonios FP CETYS UFV - Cetys<\/title>\n<meta name=\"robots\" content=\"index, follow, max-snippet:-1, max-image-preview:large, max-video-preview:-1\" \/>\n<link rel=\"canonical\" href=\"https:\/\/fpsuperiorufv.es\/blog\/testimonios-fp-cetys-ufv-blog\/\" \/>\n<meta property=\"og:locale\" content=\"es_ES\" \/>\n<meta property=\"og:type\" content=\"article\" \/>\n<meta property=\"og:title\" content=\"Testimonios FP CETYS UFV - Cetys\" \/>\n<meta property=\"og:description\" content=\"La elecci\u00f3n de un ciclo formativo es un paso fundamental en nuestra vida acad\u00e9mica y profesional. En CETYS UFV, cada experiencia cuenta, y queremos que t\u00fa tambi\u00e9n conozcas lo que nuestros &hellip;\" \/>\n<meta property=\"og:url\" content=\"https:\/\/fpsuperiorufv.es\/blog\/testimonios-fp-cetys-ufv-blog\/\" \/>\n<meta property=\"og:site_name\" content=\"Cetys\" \/>\n<meta property=\"article:published_time\" content=\"2025-12-08T20:30:10+00:00\" \/>\n<meta property=\"article:modified_time\" content=\"2025-12-15T13:31:27+00:00\" \/>\n<meta property=\"og:image\" content=\"https:\/\/fpsuperiorufv.es\/blog\/wp-content\/uploads\/2025\/08\/fp-superior-ufv.png\" \/>\n\t<meta property=\"og:image:width\" content=\"960\" \/>\n\t<meta property=\"og:image:height\" content=\"540\" \/>\n\t<meta property=\"og:image:type\" content=\"image\/png\" \/>\n<meta name=\"author\" content=\"FP Superior UFV\" \/>\n<meta name=\"twitter:card\" content=\"summary_large_image\" \/>\n<meta name=\"twitter:label1\" content=\"Escrito por\" \/>\n\t<meta name=\"twitter:data1\" content=\"FP Superior UFV\" \/>\n\t<meta name=\"twitter:label2\" content=\"Tiempo de lectura\" \/>\n\t<meta name=\"twitter:data2\" content=\"4 minutos\" \/>\n<script type=\"application\/ld+json\" class=\"yoast-schema-graph\">{\"@context\":\"https:\\\/\\\/schema.org\",\"@graph\":[{\"@type\":\"Article\",\"@id\":\"https:\\\/\\\/fpsuperiorufv.es\\\/blog\\\/testimonios-fp-cetys-ufv-blog\\\/#article\",\"isPartOf\":{\"@id\":\"https:\\\/\\\/fpsuperiorufv.es\\\/blog\\\/testimonios-fp-cetys-ufv-blog\\\/\"},\"author\":{\"name\":\"FP Superior UFV\",\"@id\":\"https:\\\/\\\/fpsuperiorufv.es\\\/blog\\\/#\\\/schema\\\/person\\\/c7ac6e2e7af298050da8d956ac824347\"},\"headline\":\"Testimonios FP CETYS UFV\",\"datePublished\":\"2025-12-08T20:30:10+00:00\",\"dateModified\":\"2025-12-15T13:31:27+00:00\",\"mainEntityOfPage\":{\"@id\":\"https:\\\/\\\/fpsuperiorufv.es\\\/blog\\\/testimonios-fp-cetys-ufv-blog\\\/\"},\"wordCount\":883,\"publisher\":{\"@id\":\"https:\\\/\\\/fpsuperiorufv.es\\\/blog\\\/#organization\"},\"image\":{\"@id\":\"https:\\\/\\\/fpsuperiorufv.es\\\/blog\\\/testimonios-fp-cetys-ufv-blog\\\/#primaryimage\"},\"thumbnailUrl\":\"https:\\\/\\\/fpsuperiorufv.es\\\/blog\\\/wp-content\\\/uploads\\\/2025\\\/08\\\/fp-superior-ufv.png\",\"articleSection\":[\"Administraci\u00f3n y finanzas\",\"Aplicaciones Multiplataforma\",\"Blog\",\"comercio internacional\",\"Marketing\",\"Preguntas frecuentes\"],\"inLanguage\":\"es\"},{\"@type\":\"WebPage\",\"@id\":\"https:\\\/\\\/fpsuperiorufv.es\\\/blog\\\/testimonios-fp-cetys-ufv-blog\\\/\",\"url\":\"https:\\\/\\\/fpsuperiorufv.es\\\/blog\\\/testimonios-fp-cetys-ufv-blog\\\/\",\"name\":\"Testimonios FP CETYS UFV - Cetys\",\"isPartOf\":{\"@id\":\"https:\\\/\\\/fpsuperiorufv.es\\\/blog\\\/#website\"},\"primaryImageOfPage\":{\"@id\":\"https:\\\/\\\/fpsuperiorufv.es\\\/blog\\\/testimonios-fp-cetys-ufv-blog\\\/#primaryimage\"},\"image\":{\"@id\":\"https:\\\/\\\/fpsuperiorufv.es\\\/blog\\\/testimonios-fp-cetys-ufv-blog\\\/#primaryimage\"},\"thumbnailUrl\":\"https:\\\/\\\/fpsuperiorufv.es\\\/blog\\\/wp-content\\\/uploads\\\/2025\\\/08\\\/fp-superior-ufv.png\",\"datePublished\":\"2025-12-08T20:30:10+00:00\",\"dateModified\":\"2025-12-15T13:31:27+00:00\",\"breadcrumb\":{\"@id\":\"https:\\\/\\\/fpsuperiorufv.es\\\/blog\\\/testimonios-fp-cetys-ufv-blog\\\/#breadcrumb\"},\"inLanguage\":\"es\",\"potentialAction\":[{\"@type\":\"ReadAction\",\"target\":[\"https:\\\/\\\/fpsuperiorufv.es\\\/blog\\\/testimonios-fp-cetys-ufv-blog\\\/\"]}]},{\"@type\":\"ImageObject\",\"inLanguage\":\"es\",\"@id\":\"https:\\\/\\\/fpsuperiorufv.es\\\/blog\\\/testimonios-fp-cetys-ufv-blog\\\/#primaryimage\",\"url\":\"https:\\\/\\\/fpsuperiorufv.es\\\/blog\\\/wp-content\\\/uploads\\\/2025\\\/08\\\/fp-superior-ufv.png\",\"contentUrl\":\"https:\\\/\\\/fpsuperiorufv.es\\\/blog\\\/wp-content\\\/uploads\\\/2025\\\/08\\\/fp-superior-ufv.png\",\"width\":960,\"height\":540},{\"@type\":\"BreadcrumbList\",\"@id\":\"https:\\\/\\\/fpsuperiorufv.es\\\/blog\\\/testimonios-fp-cetys-ufv-blog\\\/#breadcrumb\",\"itemListElement\":[{\"@type\":\"ListItem\",\"position\":1,\"name\":\"Home\",\"item\":\"https:\\\/\\\/fpsuperiorufv.es\\\/blog\\\/\"},{\"@type\":\"ListItem\",\"position\":2,\"name\":\"Testimonios FP CETYS UFV\"}]},{\"@type\":\"WebSite\",\"@id\":\"https:\\\/\\\/fpsuperiorufv.es\\\/blog\\\/#website\",\"url\":\"https:\\\/\\\/fpsuperiorufv.es\\\/blog\\\/\",\"name\":\"Fp Superior Francisco de Vitoria\",\"description\":\"\",\"publisher\":{\"@id\":\"https:\\\/\\\/fpsuperiorufv.es\\\/blog\\\/#organization\"},\"alternateName\":\"Cetys\",\"potentialAction\":[{\"@type\":\"SearchAction\",\"target\":{\"@type\":\"EntryPoint\",\"urlTemplate\":\"https:\\\/\\\/fpsuperiorufv.es\\\/blog\\\/?s={search_term_string}\"},\"query-input\":{\"@type\":\"PropertyValueSpecification\",\"valueRequired\":true,\"valueName\":\"search_term_string\"}}],\"inLanguage\":\"es\"},{\"@type\":\"Organization\",\"@id\":\"https:\\\/\\\/fpsuperiorufv.es\\\/blog\\\/#organization\",\"name\":\"Cetys\",\"url\":\"https:\\\/\\\/fpsuperiorufv.es\\\/blog\\\/\",\"logo\":{\"@type\":\"ImageObject\",\"inLanguage\":\"es\",\"@id\":\"https:\\\/\\\/fpsuperiorufv.es\\\/blog\\\/#\\\/schema\\\/logo\\\/image\\\/\",\"url\":\"https:\\\/\\\/fpsuperiorufv.lo\\\/wp-content\\\/uploads\\\/2025\\\/02\\\/logo.svg\",\"contentUrl\":\"https:\\\/\\\/fpsuperiorufv.lo\\\/wp-content\\\/uploads\\\/2025\\\/02\\\/logo.svg\",\"width\":\"1024\",\"height\":\"1024\",\"caption\":\"Cetys\"},\"image\":{\"@id\":\"https:\\\/\\\/fpsuperiorufv.es\\\/blog\\\/#\\\/schema\\\/logo\\\/image\\\/\"}},{\"@type\":\"Person\",\"@id\":\"https:\\\/\\\/fpsuperiorufv.es\\\/blog\\\/#\\\/schema\\\/person\\\/c7ac6e2e7af298050da8d956ac824347\",\"name\":\"FP Superior UFV\",\"image\":{\"@type\":\"ImageObject\",\"inLanguage\":\"es\",\"@id\":\"https:\\\/\\\/secure.gravatar.com\\\/avatar\\\/002af9a4377d87096f281de7725cae2f359bff0b0b7439b98b80936e58af2d91?s=96&d=mm&r=g\",\"url\":\"https:\\\/\\\/secure.gravatar.com\\\/avatar\\\/002af9a4377d87096f281de7725cae2f359bff0b0b7439b98b80936e58af2d91?s=96&d=mm&r=g\",\"contentUrl\":\"https:\\\/\\\/secure.gravatar.com\\\/avatar\\\/002af9a4377d87096f281de7725cae2f359bff0b0b7439b98b80936e58af2d91?s=96&d=mm&r=g\",\"caption\":\"FP Superior UFV\"},\"sameAs\":[\"https:\\\/\\\/fpsuperiorufv.lo\"],\"url\":\"https:\\\/\\\/fpsuperiorufv.es\\\/blog\\\/author\\\/administrador\\\/\"}]}<\/script>\n<!-- \/ Yoast SEO plugin. -->","yoast_head_json":{"title":"Testimonios FP CETYS UFV - Cetys","robots":{"index":"index","follow":"follow","max-snippet":"max-snippet:-1","max-image-preview":"max-image-preview:large","max-video-preview":"max-video-preview:-1"},"canonical":"https:\/\/fpsuperiorufv.es\/blog\/testimonios-fp-cetys-ufv-blog\/","og_locale":"es_ES","og_type":"article","og_title":"Testimonios FP CETYS UFV - Cetys","og_description":"La elecci\u00f3n de un ciclo formativo es un paso fundamental en nuestra vida acad\u00e9mica y profesional. En CETYS UFV, cada experiencia cuenta, y queremos que t\u00fa tambi\u00e9n conozcas lo que nuestros &hellip;","og_url":"https:\/\/fpsuperiorufv.es\/blog\/testimonios-fp-cetys-ufv-blog\/","og_site_name":"Cetys","article_published_time":"2025-12-08T20:30:10+00:00","article_modified_time":"2025-12-15T13:31:27+00:00","og_image":[{"width":960,"height":540,"url":"https:\/\/fpsuperiorufv.es\/blog\/wp-content\/uploads\/2025\/08\/fp-superior-ufv.png","type":"image\/png"}],"author":"FP Superior UFV","twitter_card":"summary_large_image","twitter_misc":{"Escrito por":"FP Superior UFV","Tiempo de lectura":"4 minutos"},"schema":{"@context":"https:\/\/schema.org","@graph":[{"@type":"Article","@id":"https:\/\/fpsuperiorufv.es\/blog\/testimonios-fp-cetys-ufv-blog\/#article","isPartOf":{"@id":"https:\/\/fpsuperiorufv.es\/blog\/testimonios-fp-cetys-ufv-blog\/"},"author":{"name":"FP Superior UFV","@id":"https:\/\/fpsuperiorufv.es\/blog\/#\/schema\/person\/c7ac6e2e7af298050da8d956ac824347"},"headline":"Testimonios FP CETYS UFV","datePublished":"2025-12-08T20:30:10+00:00","dateModified":"2025-12-15T13:31:27+00:00","mainEntityOfPage":{"@id":"https:\/\/fpsuperiorufv.es\/blog\/testimonios-fp-cetys-ufv-blog\/"},"wordCount":883,"publisher":{"@id":"https:\/\/fpsuperiorufv.es\/blog\/#organization"},"image":{"@id":"https:\/\/fpsuperiorufv.es\/blog\/testimonios-fp-cetys-ufv-blog\/#primaryimage"},"thumbnailUrl":"https:\/\/fpsuperiorufv.es\/blog\/wp-content\/uploads\/2025\/08\/fp-superior-ufv.png","articleSection":["Administraci\u00f3n y finanzas","Aplicaciones Multiplataforma","Blog","comercio internacional","Marketing","Preguntas frecuentes"],"inLanguage":"es"},{"@type":"WebPage","@id":"https:\/\/fpsuperiorufv.es\/blog\/testimonios-fp-cetys-ufv-blog\/","url":"https:\/\/fpsuperiorufv.es\/blog\/testimonios-fp-cetys-ufv-blog\/","name":"Testimonios FP CETYS UFV - Cetys","isPartOf":{"@id":"https:\/\/fpsuperiorufv.es\/blog\/#website"},"primaryImageOfPage":{"@id":"https:\/\/fpsuperiorufv.es\/blog\/testimonios-fp-cetys-ufv-blog\/#primaryimage"},"image":{"@id":"https:\/\/fpsuperiorufv.es\/blog\/testimonios-fp-cetys-ufv-blog\/#primaryimage"},"thumbnailUrl":"https:\/\/fpsuperiorufv.es\/blog\/wp-content\/uploads\/2025\/08\/fp-superior-ufv.png","datePublished":"2025-12-08T20:30:10+00:00","dateModified":"2025-12-15T13:31:27+00:00","breadcrumb":{"@id":"https:\/\/fpsuperiorufv.es\/blog\/testimonios-fp-cetys-ufv-blog\/#breadcrumb"},"inLanguage":"es","potentialAction":[{"@type":"ReadAction","target":["https:\/\/fpsuperiorufv.es\/blog\/testimonios-fp-cetys-ufv-blog\/"]}]},{"@type":"ImageObject","inLanguage":"es","@id":"https:\/\/fpsuperiorufv.es\/blog\/testimonios-fp-cetys-ufv-blog\/#primaryimage","url":"https:\/\/fpsuperiorufv.es\/blog\/wp-content\/uploads\/2025\/08\/fp-superior-ufv.png","contentUrl":"https:\/\/fpsuperiorufv.es\/blog\/wp-content\/uploads\/2025\/08\/fp-superior-ufv.png","width":960,"height":540},{"@type":"BreadcrumbList","@id":"https:\/\/fpsuperiorufv.es\/blog\/testimonios-fp-cetys-ufv-blog\/#breadcrumb","itemListElement":[{"@type":"ListItem","position":1,"name":"Home","item":"https:\/\/fpsuperiorufv.es\/blog\/"},{"@type":"ListItem","position":2,"name":"Testimonios FP CETYS UFV"}]},{"@type":"WebSite","@id":"https:\/\/fpsuperiorufv.es\/blog\/#website","url":"https:\/\/fpsuperiorufv.es\/blog\/","name":"Fp Superior Francisco de Vitoria","description":"","publisher":{"@id":"https:\/\/fpsuperiorufv.es\/blog\/#organization"},"alternateName":"Cetys","potentialAction":[{"@type":"SearchAction","target":{"@type":"EntryPoint","urlTemplate":"https:\/\/fpsuperiorufv.es\/blog\/?s={search_term_string}"},"query-input":{"@type":"PropertyValueSpecification","valueRequired":true,"valueName":"search_term_string"}}],"inLanguage":"es"},{"@type":"Organization","@id":"https:\/\/fpsuperiorufv.es\/blog\/#organization","name":"Cetys","url":"https:\/\/fpsuperiorufv.es\/blog\/","logo":{"@type":"ImageObject","inLanguage":"es","@id":"https:\/\/fpsuperiorufv.es\/blog\/#\/schema\/logo\/image\/","url":"https:\/\/fpsuperiorufv.lo\/wp-content\/uploads\/2025\/02\/logo.svg","contentUrl":"https:\/\/fpsuperiorufv.lo\/wp-content\/uploads\/2025\/02\/logo.svg","width":"1024","height":"1024","caption":"Cetys"},"image":{"@id":"https:\/\/fpsuperiorufv.es\/blog\/#\/schema\/logo\/image\/"}},{"@type":"Person","@id":"https:\/\/fpsuperiorufv.es\/blog\/#\/schema\/person\/c7ac6e2e7af298050da8d956ac824347","name":"FP Superior UFV","image":{"@type":"ImageObject","inLanguage":"es","@id":"https:\/\/secure.gravatar.com\/avatar\/002af9a4377d87096f281de7725cae2f359bff0b0b7439b98b80936e58af2d91?s=96&d=mm&r=g","url":"https:\/\/secure.gravatar.com\/avatar\/002af9a4377d87096f281de7725cae2f359bff0b0b7439b98b80936e58af2d91?s=96&d=mm&r=g","contentUrl":"https:\/\/secure.gravatar.com\/avatar\/002af9a4377d87096f281de7725cae2f359bff0b0b7439b98b80936e58af2d91?s=96&d=mm&r=g","caption":"FP Superior UFV"},"sameAs":["https:\/\/fpsuperiorufv.lo"],"url":"https:\/\/fpsuperiorufv.es\/blog\/author\/administrador\/"}]}},"_links":{"self":[{"href":"https:\/\/fpsuperiorufv.es\/blog\/wp-json\/wp\/v2\/posts\/3020","targetHints":{"allow":["GET"]}}],"collection":[{"href":"https:\/\/fpsuperiorufv.es\/blog\/wp-json\/wp\/v2\/posts"}],"about":[{"href":"https:\/\/fpsuperiorufv.es\/blog\/wp-json\/wp\/v2\/types\/post"}],"author":[{"embeddable":true,"href":"https:\/\/fpsuperiorufv.es\/blog\/wp-json\/wp\/v2\/users\/1"}],"replies":[{"embeddable":true,"href":"https:\/\/fpsuperiorufv.es\/blog\/wp-json\/wp\/v2\/comments?post=3020"}],"version-history":[{"count":0,"href":"https:\/\/fpsuperiorufv.es\/blog\/wp-json\/wp\/v2\/posts\/3020\/revisions"}],"wp:featuredmedia":[{"embeddable":true,"href":"https:\/\/fpsuperiorufv.es\/blog\/wp-json\/wp\/v2\/media\/2616"}],"wp:attachment":[{"href":"https:\/\/fpsuperiorufv.es\/blog\/wp-json\/wp\/v2\/media?parent=3020"}],"wp:term":[{"taxonomy":"category","embeddable":true,"href":"https:\/\/fpsuperiorufv.es\/blog\/wp-json\/wp\/v2\/categories?post=3020"},{"taxonomy":"post_tag","embeddable":true,"href":"https:\/\/fpsuperiorufv.es\/blog\/wp-json\/wp\/v2\/tags?post=3020"}],"curies":[{"name":"wp","href":"https:\/\/api.w.org\/{rel}","templated":true}]}}