{"id":3026,"date":"2025-12-02T04:39:10","date_gmt":"2025-12-02T03:39:10","guid":{"rendered":"https:\/\/fpsuperiorufv.es\/blog\/opiniones-fp-ufv-blog\/"},"modified":"2025-12-15T14:39:37","modified_gmt":"2025-12-15T13:39:37","slug":"opiniones-fp-ufv-blog","status":"publish","type":"post","link":"https:\/\/fpsuperiorufv.es\/blog\/opiniones-fp-ufv-blog\/","title":{"rendered":"Opiniones FP UFV"},"content":{"rendered":"<p><\/p>\n\n<article>\n<section>\n<h2>Introducci\u00f3n<\/h2>\n<p><span style=\"font-weight: 400;\">Si est\u00e1s pensando en matricularte en un Ciclo Formativo de Grado Superior, probablemente te est\u00e9s preguntando qu\u00e9 opinan los que ya han pasado por esta experiencia. En la FP UFV, nos enorgullecemos de ofrecer un entorno educativo que combina formaci\u00f3n te\u00f3rica con pr\u00e1cticas reales, y aqu\u00ed encontrar\u00e1s opiniones que reflejan la esencia de lo que somos.<\/span><\/p>\n<\/section>\n<section>\n<h2>Curiosidades y estad\u00edsticas sobre Opiniones FP UFV<\/h2>\n<ul>\n<li><strong>91%<\/strong> de nuestros alumnos han encontrado trabajo en menos de seis meses tras finalizar su formaci\u00f3n.<\/li>\n<li><strong>98%<\/strong> de los estudiantes valoran positivamente el trato del profesorado.<\/li>\n<li>El <strong>85%<\/strong> de los alumnos destaca la importancia de las pr\u00e1cticas en empresas.<\/li>\n<li>M\u00e1s de <strong>50<\/strong> empresas colaboran con nosotros para ofrecer oportunidades de pr\u00e1cticas.<\/li>\n<li>El ambiente universitario de la UFV es calificado como <strong>excelente<\/strong> por el <strong>90%<\/strong> de los estudiantes.<\/li>\n<\/ul>\n<\/section>\n<section>\n<h2>Testimonios de nuestros estudiantes<\/h2>\n<h3>Testimonio de Luc\u00eda M.<\/h3>\n<p><span style=\"font-weight: 400;\">\u201cEstudiar en la FP UFV ha sido una de las mejores decisiones de mi vida. El profesorado es incre\u00edblemente cercano y siempre est\u00e1 dispuesto a ayudarte. Las pr\u00e1cticas que realic\u00e9 fueron fundamentales para conseguir mi primer trabajo, y siento que estoy bien preparada para lo que viene.\u201d<\/span><\/p>\n<h3>Testimonio de Javier R.<\/h3>\n<p><span style=\"font-weight: 400;\">\u201cLa FP UFV me ofreci\u00f3 un ambiente muy positivo. Desde el primer d\u00eda, me sent\u00ed parte de una comunidad. Adem\u00e1s, las instalaciones son geniales y la formaci\u00f3n pr\u00e1ctica que recib\u00ed me dio la confianza que necesitaba para enfrentar el mundo laboral.\u201d<\/span><\/p>\n<h3>Testimonio de Marta G.<\/h3>\n<p><span style=\"font-weight: 400;\">\u201cAgradezco mucho el apoyo que recib\u00ed en la FP UFV. No solo aprend\u00ed mucho, sino que tambi\u00e9n hice amigos para toda la vida. Las actividades extracurriculares, como el club de debate, enriquecieron mi experiencia a\u00fan m\u00e1s.\u201d<\/span><\/p>\n<h3>Testimonio de Daniel T.<\/h3>\n<p><span style=\"font-weight: 400;\">\u201cMi experiencia en la FP UFV ha sido fenomenal. Las pr\u00e1cticas en empresas realmente me ayudaron a aplicar lo que aprend\u00ed en clase. Adem\u00e1s, el trato cercano de los profesores hizo que cada d\u00eda fuera motivador. Estoy muy agradecido por todo lo que me han ense\u00f1ado.\u201d<\/span><\/p>\n<h3>Testimonio de Clara B.<\/h3>\n<p><span style=\"font-weight: 400;\">\u201cMe siento muy afortunada de haber elegido la FP UFV. Las instalaciones son de primera y el ambiente es tan acogedor que te hace sentir en casa. La formaci\u00f3n que recib\u00ed me ha preparado para ser competitiva en el mercado laboral y eso es invaluable.\u201d<\/span><\/p>\n<\/section>\n<section>\n<h2>\u00bfPor qu\u00e9 elegir FP UFV?<\/h2>\n<p><span style=\"font-weight: 400;\">Elegir la FP UFV es optar por una formaci\u00f3n que se adapta a tus necesidades y aspiraciones. Nuestras caracter\u00edsticas destacan en el panorama educativo actual:<\/span><\/p>\n<ul>\n<li><strong>Formaci\u00f3n pr\u00e1ctica:<\/strong> La mayor\u00eda de nuestros ciclos incluyen pr\u00e1cticas en empresas, lo que te permite aplicar lo que aprendes.<\/li>\n<li><strong>Trato cercano:<\/strong> Nuestro profesorado est\u00e1 siempre disponible para guiarte y apoyarte en tu proceso de aprendizaje.<\/li>\n<li><strong>Ambiente universitario:<\/strong> La UFV ofrece un entorno acogedor y din\u00e1mico, ideal para crecer tanto acad\u00e9mica como personalmente.<\/li>\n<li><strong>Actividades extracurriculares:<\/strong> Desde clubes de lectura hasta deportes, hay algo para todos.<\/li>\n<li><strong>Red de contactos:<\/strong> La FP UFV tiene un amplio v\u00ednculo con empresas que facilitan oportunidades laborales.<\/li>\n<\/ul>\n<\/section>\n<section>\n<h2>Preparaci\u00f3n para el mundo laboral<\/h2>\n<p><span style=\"font-weight: 400;\">La FP UFV no solo te prepara acad\u00e9micamente, sino que tambi\u00e9n te equipa con las habilidades necesarias para el mundo laboral. Nuestros programas est\u00e1n dise\u00f1ados en colaboraci\u00f3n con empresas, lo que garantiza que nuestros contenidos sean relevantes y actuales.<\/span><\/p>\n<h3>Algunas de las habilidades que desarrollar\u00e1s incluyen:<\/h3>\n<ul>\n<li>Trabajo en equipo<\/li>\n<li>Resoluci\u00f3n de problemas<\/li>\n<li>Comunicaci\u00f3n efectiva<\/li>\n<li>Adaptabilidad<\/li>\n<li>Creatividad e innovaci\u00f3n<\/li>\n<\/ul>\n<\/section>\n<section>\n<h2>Preguntas frecuentes<\/h2>\n<h3>\u00bfQu\u00e9 tipos de ciclos formativos se ofrecen en la FP UFV?<\/h3>\n<p><span style=\"font-weight: 400;\">Ofrecemos una amplia variedad de ciclos formativos en \u00e1reas como administraci\u00f3n, marketing, dise\u00f1o, tecnolog\u00eda y m\u00e1s. Cada uno est\u00e1 dise\u00f1ado para ofrecerte una formaci\u00f3n integral y pr\u00e1ctica.<\/span><\/p>\n<h3>\u00bfC\u00f3mo son las instalaciones de la FP UFV?<\/h3>\n<p><span style=\"font-weight: 400;\">Nuestras instalaciones son modernas y est\u00e1n equipadas con la \u00faltima tecnolog\u00eda. Contamos con aulas amplias, laboratorios, espacios de estudio y \u00e1reas recreativas.<\/span><\/p>\n<h3>\u00bfQu\u00e9 tipo de apoyo recibir\u00e9 durante mis estudios?<\/h3>\n<p><span style=\"font-weight: 400;\">En la FP UFV, recibir\u00e1s un acompa\u00f1amiento personalizado. Nuestros tutores est\u00e1n siempre disponibles para resolver tus dudas y orientarte en tu desarrollo acad\u00e9mico y profesional.<\/span><\/p>\n<h3>\u00bfHay oportunidades de pr\u00e1cticas en empresas?<\/h3>\n<p><span style=\"font-weight: 400;\">S\u00ed, la mayor\u00eda de nuestros ciclos incluyen pr\u00e1cticas en empresas. Esto te permitir\u00e1 ganar experiencia real y establecer contactos en el sector.<\/span><\/p>\n<h3>\u00bfQu\u00e9 actividades extracurriculares se ofrecen?<\/h3>\n<p><span style=\"font-weight: 400;\">Ofrecemos una variedad de actividades, incluyendo clubes de debate, deportes, talleres creativos y m\u00e1s. Estas actividades son una excelente manera de hacer amigos y enriquecer tu experiencia universitaria.<\/span><\/p>\n<\/section>\n<\/article>\n<footer><span style=\"font-weight: 400;\">\u00a9 2023 FP Superior Francisco de Vitoria | Todos los derechos reservados.<\/span><\/footer>\n<p><\/p>\n<p><\/p>\n","protected":false},"excerpt":{"rendered":"<p>[vc_section][vc_row][vc_column css=\".vc_custom_1655805738975{margin-top: 0px !important;margin-right: 0px !important;margin-bottom: 0px !important;margin-left: 0px !important;}\"][vc_breadcrumbs_module][\/vc_column][\/vc_row][\/vc_section][vc_section][vc_row el_class=\"container\" css=\".vc_custom_1655802988397{padding-top: 50px !important;padding-bottom: 50px !important;}\"][vc_column][vc_single_image source=\"featured_image\" img_size=\"full\" alignment=\"center\" css=\".vc_custom_1660030768789{padding-top: 20px !important;padding-bottom: 20px !important;}\"][vc_column_text] Si est\u00e1s pensando en matricularte en un Ciclo Formativo de Grado Superior, probablemente te est\u00e9s preguntando qu\u00e9 opinan los que ya han pasado por esta experiencia. En la FP UFV, nos &hellip;<\/p>\n","protected":false},"author":1,"featured_media":2604,"comment_status":"closed","ping_status":"open","sticky":false,"template":"","format":"standard","meta":{"inline_featured_image":false,"footnotes":""},"categories":[9,373,393],"tags":[],"class_list":["post-3026","post","type-post","status-publish","format-standard","has-post-thumbnail","hentry","category-blog","category-genericas","category-preguntas-frecuentes"],"yoast_head":"<!-- This site is optimized with the Yoast SEO plugin v27.4 - https:\/\/yoast.com\/product\/yoast-seo-wordpress\/ -->\n<title>Opiniones FP UFV - Cetys<\/title>\n<meta name=\"robots\" content=\"index, follow, max-snippet:-1, max-image-preview:large, max-video-preview:-1\" \/>\n<link rel=\"canonical\" href=\"https:\/\/fpsuperiorufv.es\/blog\/opiniones-fp-ufv-blog\/\" \/>\n<meta property=\"og:locale\" content=\"es_ES\" \/>\n<meta property=\"og:type\" content=\"article\" \/>\n<meta property=\"og:title\" content=\"Opiniones FP UFV - Cetys\" \/>\n<meta property=\"og:description\" content=\"Si est\u00e1s pensando en matricularte en un Ciclo Formativo de Grado Superior, probablemente te est\u00e9s preguntando qu\u00e9 opinan los que ya han pasado por esta experiencia. En la FP UFV, nos &hellip;\" \/>\n<meta property=\"og:url\" content=\"https:\/\/fpsuperiorufv.es\/blog\/opiniones-fp-ufv-blog\/\" \/>\n<meta property=\"og:site_name\" content=\"Cetys\" \/>\n<meta property=\"article:published_time\" content=\"2025-12-02T03:39:10+00:00\" \/>\n<meta property=\"article:modified_time\" content=\"2025-12-15T13:39:37+00:00\" \/>\n<meta property=\"og:image\" content=\"https:\/\/fpsuperiorufv.es\/blog\/wp-content\/uploads\/2025\/08\/que-es-la-insercion-laboral.png\" \/>\n\t<meta property=\"og:image:width\" content=\"1280\" \/>\n\t<meta property=\"og:image:height\" content=\"768\" \/>\n\t<meta property=\"og:image:type\" content=\"image\/png\" \/>\n<meta name=\"author\" content=\"FP Superior UFV\" \/>\n<meta name=\"twitter:card\" content=\"summary_large_image\" \/>\n<meta name=\"twitter:label1\" content=\"Escrito por\" \/>\n\t<meta name=\"twitter:data1\" content=\"FP Superior UFV\" \/>\n\t<meta name=\"twitter:label2\" content=\"Tiempo de lectura\" \/>\n\t<meta name=\"twitter:data2\" content=\"4 minutos\" \/>\n<script type=\"application\/ld+json\" class=\"yoast-schema-graph\">{\"@context\":\"https:\\\/\\\/schema.org\",\"@graph\":[{\"@type\":\"Article\",\"@id\":\"https:\\\/\\\/fpsuperiorufv.es\\\/blog\\\/opiniones-fp-ufv-blog\\\/#article\",\"isPartOf\":{\"@id\":\"https:\\\/\\\/fpsuperiorufv.es\\\/blog\\\/opiniones-fp-ufv-blog\\\/\"},\"author\":{\"name\":\"FP Superior UFV\",\"@id\":\"https:\\\/\\\/fpsuperiorufv.es\\\/blog\\\/#\\\/schema\\\/person\\\/c7ac6e2e7af298050da8d956ac824347\"},\"headline\":\"Opiniones FP UFV\",\"datePublished\":\"2025-12-02T03:39:10+00:00\",\"dateModified\":\"2025-12-15T13:39:37+00:00\",\"mainEntityOfPage\":{\"@id\":\"https:\\\/\\\/fpsuperiorufv.es\\\/blog\\\/opiniones-fp-ufv-blog\\\/\"},\"wordCount\":882,\"publisher\":{\"@id\":\"https:\\\/\\\/fpsuperiorufv.es\\\/blog\\\/#organization\"},\"image\":{\"@id\":\"https:\\\/\\\/fpsuperiorufv.es\\\/blog\\\/opiniones-fp-ufv-blog\\\/#primaryimage\"},\"thumbnailUrl\":\"https:\\\/\\\/fpsuperiorufv.es\\\/blog\\\/wp-content\\\/uploads\\\/2025\\\/08\\\/que-es-la-insercion-laboral.png\",\"articleSection\":[\"Blog\",\"Gen\u00e9ricas\",\"Preguntas frecuentes\"],\"inLanguage\":\"es\"},{\"@type\":\"WebPage\",\"@id\":\"https:\\\/\\\/fpsuperiorufv.es\\\/blog\\\/opiniones-fp-ufv-blog\\\/\",\"url\":\"https:\\\/\\\/fpsuperiorufv.es\\\/blog\\\/opiniones-fp-ufv-blog\\\/\",\"name\":\"Opiniones FP UFV - Cetys\",\"isPartOf\":{\"@id\":\"https:\\\/\\\/fpsuperiorufv.es\\\/blog\\\/#website\"},\"primaryImageOfPage\":{\"@id\":\"https:\\\/\\\/fpsuperiorufv.es\\\/blog\\\/opiniones-fp-ufv-blog\\\/#primaryimage\"},\"image\":{\"@id\":\"https:\\\/\\\/fpsuperiorufv.es\\\/blog\\\/opiniones-fp-ufv-blog\\\/#primaryimage\"},\"thumbnailUrl\":\"https:\\\/\\\/fpsuperiorufv.es\\\/blog\\\/wp-content\\\/uploads\\\/2025\\\/08\\\/que-es-la-insercion-laboral.png\",\"datePublished\":\"2025-12-02T03:39:10+00:00\",\"dateModified\":\"2025-12-15T13:39:37+00:00\",\"breadcrumb\":{\"@id\":\"https:\\\/\\\/fpsuperiorufv.es\\\/blog\\\/opiniones-fp-ufv-blog\\\/#breadcrumb\"},\"inLanguage\":\"es\",\"potentialAction\":[{\"@type\":\"ReadAction\",\"target\":[\"https:\\\/\\\/fpsuperiorufv.es\\\/blog\\\/opiniones-fp-ufv-blog\\\/\"]}]},{\"@type\":\"ImageObject\",\"inLanguage\":\"es\",\"@id\":\"https:\\\/\\\/fpsuperiorufv.es\\\/blog\\\/opiniones-fp-ufv-blog\\\/#primaryimage\",\"url\":\"https:\\\/\\\/fpsuperiorufv.es\\\/blog\\\/wp-content\\\/uploads\\\/2025\\\/08\\\/que-es-la-insercion-laboral.png\",\"contentUrl\":\"https:\\\/\\\/fpsuperiorufv.es\\\/blog\\\/wp-content\\\/uploads\\\/2025\\\/08\\\/que-es-la-insercion-laboral.png\",\"width\":1280,\"height\":768},{\"@type\":\"BreadcrumbList\",\"@id\":\"https:\\\/\\\/fpsuperiorufv.es\\\/blog\\\/opiniones-fp-ufv-blog\\\/#breadcrumb\",\"itemListElement\":[{\"@type\":\"ListItem\",\"position\":1,\"name\":\"Home\",\"item\":\"https:\\\/\\\/fpsuperiorufv.es\\\/blog\\\/\"},{\"@type\":\"ListItem\",\"position\":2,\"name\":\"Opiniones FP UFV\"}]},{\"@type\":\"WebSite\",\"@id\":\"https:\\\/\\\/fpsuperiorufv.es\\\/blog\\\/#website\",\"url\":\"https:\\\/\\\/fpsuperiorufv.es\\\/blog\\\/\",\"name\":\"Fp Superior Francisco de Vitoria\",\"description\":\"\",\"publisher\":{\"@id\":\"https:\\\/\\\/fpsuperiorufv.es\\\/blog\\\/#organization\"},\"alternateName\":\"Cetys\",\"potentialAction\":[{\"@type\":\"SearchAction\",\"target\":{\"@type\":\"EntryPoint\",\"urlTemplate\":\"https:\\\/\\\/fpsuperiorufv.es\\\/blog\\\/?s={search_term_string}\"},\"query-input\":{\"@type\":\"PropertyValueSpecification\",\"valueRequired\":true,\"valueName\":\"search_term_string\"}}],\"inLanguage\":\"es\"},{\"@type\":\"Organization\",\"@id\":\"https:\\\/\\\/fpsuperiorufv.es\\\/blog\\\/#organization\",\"name\":\"Cetys\",\"url\":\"https:\\\/\\\/fpsuperiorufv.es\\\/blog\\\/\",\"logo\":{\"@type\":\"ImageObject\",\"inLanguage\":\"es\",\"@id\":\"https:\\\/\\\/fpsuperiorufv.es\\\/blog\\\/#\\\/schema\\\/logo\\\/image\\\/\",\"url\":\"https:\\\/\\\/fpsuperiorufv.lo\\\/wp-content\\\/uploads\\\/2025\\\/02\\\/logo.svg\",\"contentUrl\":\"https:\\\/\\\/fpsuperiorufv.lo\\\/wp-content\\\/uploads\\\/2025\\\/02\\\/logo.svg\",\"width\":\"1024\",\"height\":\"1024\",\"caption\":\"Cetys\"},\"image\":{\"@id\":\"https:\\\/\\\/fpsuperiorufv.es\\\/blog\\\/#\\\/schema\\\/logo\\\/image\\\/\"}},{\"@type\":\"Person\",\"@id\":\"https:\\\/\\\/fpsuperiorufv.es\\\/blog\\\/#\\\/schema\\\/person\\\/c7ac6e2e7af298050da8d956ac824347\",\"name\":\"FP Superior UFV\",\"image\":{\"@type\":\"ImageObject\",\"inLanguage\":\"es\",\"@id\":\"https:\\\/\\\/secure.gravatar.com\\\/avatar\\\/002af9a4377d87096f281de7725cae2f359bff0b0b7439b98b80936e58af2d91?s=96&d=mm&r=g\",\"url\":\"https:\\\/\\\/secure.gravatar.com\\\/avatar\\\/002af9a4377d87096f281de7725cae2f359bff0b0b7439b98b80936e58af2d91?s=96&d=mm&r=g\",\"contentUrl\":\"https:\\\/\\\/secure.gravatar.com\\\/avatar\\\/002af9a4377d87096f281de7725cae2f359bff0b0b7439b98b80936e58af2d91?s=96&d=mm&r=g\",\"caption\":\"FP Superior UFV\"},\"sameAs\":[\"https:\\\/\\\/fpsuperiorufv.lo\"],\"url\":\"https:\\\/\\\/fpsuperiorufv.es\\\/blog\\\/author\\\/administrador\\\/\"}]}<\/script>\n<!-- \/ Yoast SEO plugin. -->","yoast_head_json":{"title":"Opiniones FP UFV - Cetys","robots":{"index":"index","follow":"follow","max-snippet":"max-snippet:-1","max-image-preview":"max-image-preview:large","max-video-preview":"max-video-preview:-1"},"canonical":"https:\/\/fpsuperiorufv.es\/blog\/opiniones-fp-ufv-blog\/","og_locale":"es_ES","og_type":"article","og_title":"Opiniones FP UFV - Cetys","og_description":"Si est\u00e1s pensando en matricularte en un Ciclo Formativo de Grado Superior, probablemente te est\u00e9s preguntando qu\u00e9 opinan los que ya han pasado por esta experiencia. En la FP UFV, nos &hellip;","og_url":"https:\/\/fpsuperiorufv.es\/blog\/opiniones-fp-ufv-blog\/","og_site_name":"Cetys","article_published_time":"2025-12-02T03:39:10+00:00","article_modified_time":"2025-12-15T13:39:37+00:00","og_image":[{"width":1280,"height":768,"url":"https:\/\/fpsuperiorufv.es\/blog\/wp-content\/uploads\/2025\/08\/que-es-la-insercion-laboral.png","type":"image\/png"}],"author":"FP Superior UFV","twitter_card":"summary_large_image","twitter_misc":{"Escrito por":"FP Superior UFV","Tiempo de lectura":"4 minutos"},"schema":{"@context":"https:\/\/schema.org","@graph":[{"@type":"Article","@id":"https:\/\/fpsuperiorufv.es\/blog\/opiniones-fp-ufv-blog\/#article","isPartOf":{"@id":"https:\/\/fpsuperiorufv.es\/blog\/opiniones-fp-ufv-blog\/"},"author":{"name":"FP Superior UFV","@id":"https:\/\/fpsuperiorufv.es\/blog\/#\/schema\/person\/c7ac6e2e7af298050da8d956ac824347"},"headline":"Opiniones FP UFV","datePublished":"2025-12-02T03:39:10+00:00","dateModified":"2025-12-15T13:39:37+00:00","mainEntityOfPage":{"@id":"https:\/\/fpsuperiorufv.es\/blog\/opiniones-fp-ufv-blog\/"},"wordCount":882,"publisher":{"@id":"https:\/\/fpsuperiorufv.es\/blog\/#organization"},"image":{"@id":"https:\/\/fpsuperiorufv.es\/blog\/opiniones-fp-ufv-blog\/#primaryimage"},"thumbnailUrl":"https:\/\/fpsuperiorufv.es\/blog\/wp-content\/uploads\/2025\/08\/que-es-la-insercion-laboral.png","articleSection":["Blog","Gen\u00e9ricas","Preguntas frecuentes"],"inLanguage":"es"},{"@type":"WebPage","@id":"https:\/\/fpsuperiorufv.es\/blog\/opiniones-fp-ufv-blog\/","url":"https:\/\/fpsuperiorufv.es\/blog\/opiniones-fp-ufv-blog\/","name":"Opiniones FP UFV - Cetys","isPartOf":{"@id":"https:\/\/fpsuperiorufv.es\/blog\/#website"},"primaryImageOfPage":{"@id":"https:\/\/fpsuperiorufv.es\/blog\/opiniones-fp-ufv-blog\/#primaryimage"},"image":{"@id":"https:\/\/fpsuperiorufv.es\/blog\/opiniones-fp-ufv-blog\/#primaryimage"},"thumbnailUrl":"https:\/\/fpsuperiorufv.es\/blog\/wp-content\/uploads\/2025\/08\/que-es-la-insercion-laboral.png","datePublished":"2025-12-02T03:39:10+00:00","dateModified":"2025-12-15T13:39:37+00:00","breadcrumb":{"@id":"https:\/\/fpsuperiorufv.es\/blog\/opiniones-fp-ufv-blog\/#breadcrumb"},"inLanguage":"es","potentialAction":[{"@type":"ReadAction","target":["https:\/\/fpsuperiorufv.es\/blog\/opiniones-fp-ufv-blog\/"]}]},{"@type":"ImageObject","inLanguage":"es","@id":"https:\/\/fpsuperiorufv.es\/blog\/opiniones-fp-ufv-blog\/#primaryimage","url":"https:\/\/fpsuperiorufv.es\/blog\/wp-content\/uploads\/2025\/08\/que-es-la-insercion-laboral.png","contentUrl":"https:\/\/fpsuperiorufv.es\/blog\/wp-content\/uploads\/2025\/08\/que-es-la-insercion-laboral.png","width":1280,"height":768},{"@type":"BreadcrumbList","@id":"https:\/\/fpsuperiorufv.es\/blog\/opiniones-fp-ufv-blog\/#breadcrumb","itemListElement":[{"@type":"ListItem","position":1,"name":"Home","item":"https:\/\/fpsuperiorufv.es\/blog\/"},{"@type":"ListItem","position":2,"name":"Opiniones FP UFV"}]},{"@type":"WebSite","@id":"https:\/\/fpsuperiorufv.es\/blog\/#website","url":"https:\/\/fpsuperiorufv.es\/blog\/","name":"Fp Superior Francisco de Vitoria","description":"","publisher":{"@id":"https:\/\/fpsuperiorufv.es\/blog\/#organization"},"alternateName":"Cetys","potentialAction":[{"@type":"SearchAction","target":{"@type":"EntryPoint","urlTemplate":"https:\/\/fpsuperiorufv.es\/blog\/?s={search_term_string}"},"query-input":{"@type":"PropertyValueSpecification","valueRequired":true,"valueName":"search_term_string"}}],"inLanguage":"es"},{"@type":"Organization","@id":"https:\/\/fpsuperiorufv.es\/blog\/#organization","name":"Cetys","url":"https:\/\/fpsuperiorufv.es\/blog\/","logo":{"@type":"ImageObject","inLanguage":"es","@id":"https:\/\/fpsuperiorufv.es\/blog\/#\/schema\/logo\/image\/","url":"https:\/\/fpsuperiorufv.lo\/wp-content\/uploads\/2025\/02\/logo.svg","contentUrl":"https:\/\/fpsuperiorufv.lo\/wp-content\/uploads\/2025\/02\/logo.svg","width":"1024","height":"1024","caption":"Cetys"},"image":{"@id":"https:\/\/fpsuperiorufv.es\/blog\/#\/schema\/logo\/image\/"}},{"@type":"Person","@id":"https:\/\/fpsuperiorufv.es\/blog\/#\/schema\/person\/c7ac6e2e7af298050da8d956ac824347","name":"FP Superior UFV","image":{"@type":"ImageObject","inLanguage":"es","@id":"https:\/\/secure.gravatar.com\/avatar\/002af9a4377d87096f281de7725cae2f359bff0b0b7439b98b80936e58af2d91?s=96&d=mm&r=g","url":"https:\/\/secure.gravatar.com\/avatar\/002af9a4377d87096f281de7725cae2f359bff0b0b7439b98b80936e58af2d91?s=96&d=mm&r=g","contentUrl":"https:\/\/secure.gravatar.com\/avatar\/002af9a4377d87096f281de7725cae2f359bff0b0b7439b98b80936e58af2d91?s=96&d=mm&r=g","caption":"FP Superior UFV"},"sameAs":["https:\/\/fpsuperiorufv.lo"],"url":"https:\/\/fpsuperiorufv.es\/blog\/author\/administrador\/"}]}},"_links":{"self":[{"href":"https:\/\/fpsuperiorufv.es\/blog\/wp-json\/wp\/v2\/posts\/3026","targetHints":{"allow":["GET"]}}],"collection":[{"href":"https:\/\/fpsuperiorufv.es\/blog\/wp-json\/wp\/v2\/posts"}],"about":[{"href":"https:\/\/fpsuperiorufv.es\/blog\/wp-json\/wp\/v2\/types\/post"}],"author":[{"embeddable":true,"href":"https:\/\/fpsuperiorufv.es\/blog\/wp-json\/wp\/v2\/users\/1"}],"replies":[{"embeddable":true,"href":"https:\/\/fpsuperiorufv.es\/blog\/wp-json\/wp\/v2\/comments?post=3026"}],"version-history":[{"count":0,"href":"https:\/\/fpsuperiorufv.es\/blog\/wp-json\/wp\/v2\/posts\/3026\/revisions"}],"wp:featuredmedia":[{"embeddable":true,"href":"https:\/\/fpsuperiorufv.es\/blog\/wp-json\/wp\/v2\/media\/2604"}],"wp:attachment":[{"href":"https:\/\/fpsuperiorufv.es\/blog\/wp-json\/wp\/v2\/media?parent=3026"}],"wp:term":[{"taxonomy":"category","embeddable":true,"href":"https:\/\/fpsuperiorufv.es\/blog\/wp-json\/wp\/v2\/categories?post=3026"},{"taxonomy":"post_tag","embeddable":true,"href":"https:\/\/fpsuperiorufv.es\/blog\/wp-json\/wp\/v2\/tags?post=3026"}],"curies":[{"name":"wp","href":"https:\/\/api.w.org\/{rel}","templated":true}]}}