{"id":3027,"date":"2025-12-10T03:34:34","date_gmt":"2025-12-10T02:34:34","guid":{"rendered":"https:\/\/fpsuperiorufv.es\/blog\/experiencias-personales-fp-ufv-blog\/"},"modified":"2025-12-15T14:40:25","modified_gmt":"2025-12-15T13:40:25","slug":"experiencias-personales-fp-ufv-blog","status":"publish","type":"post","link":"https:\/\/fpsuperiorufv.es\/blog\/experiencias-personales-fp-ufv-blog\/","title":{"rendered":"Experiencias personales FP UFV"},"content":{"rendered":"<p><\/p>\n\n<section><span style=\"font-weight: 400;\">La Formaci\u00f3n Profesional (FP) en la Universidad Francisco de Vitoria (UFV) no solo se trata de adquirir conocimientos, sino de vivir una experiencia transformadora que te prepara para el futuro. Aqu\u00ed, cada d\u00eda es una oportunidad para aprender, crecer y conectarte con personas que comparten tus sue\u00f1os. En este art\u00edculo, quiero compartir contigo mi experiencia personal y la de otros compa\u00f1eros que han recorrido este camino.<\/span><\/p>\n<h2>Curiosidades y datos interesantes sobre la FP UFV<\/h2>\n<ul>\n<li>M\u00e1s del 90% de los estudiantes de FP UFV consigue un empleo relacionado con su formaci\u00f3n en menos de seis meses.<\/li>\n<li>Las instalaciones son modernas y est\u00e1n dise\u00f1adas para facilitar el aprendizaje pr\u00e1ctico.<\/li>\n<li>El profesorado tiene una amplia experiencia profesional y se preocupa por el desarrollo personal de cada alumno.<\/li>\n<li>UFV ofrece una variedad de clubes, como el de debate y deportes, que fomentan la participaci\u00f3n y el trabajo en equipo.<\/li>\n<li>Las pr\u00e1cticas en empresas son parte fundamental del curr\u00edculo, permitiendo aplicar lo aprendido en un entorno real.<\/li>\n<\/ul>\n<\/section>\n<section>\n<h2>Un ambiente cercano y acogedor<\/h2>\n<p><span style=\"font-weight: 400;\">Desde el primer d\u00eda en la FP UFV, sent\u00ed que estaba en un lugar donde realmente importaba. El trato cercano de los profesores y el personal administrativo hace que cada alumno se sienta valorado. Aqu\u00ed, no eres solo un n\u00famero; eres parte de una comunidad que se preocupa por ti.<\/span><\/p>\n<h2>La importancia del aprendizaje pr\u00e1ctico<\/h2>\n<p><span style=\"font-weight: 400;\">Una de las mejores decisiones que tom\u00e9 fue optar por una FP que se centra en la formaci\u00f3n pr\u00e1ctica. Las clases no son solo te\u00f3ricas; hay una gran cantidad de actividades que permiten aplicar los conocimientos en situaciones reales. Esto no solo me prepar\u00f3 para el mundo laboral, sino que tambi\u00e9n me dio confianza en mis habilidades.<\/span><\/p>\n<h2>Testimonios de estudiantes y familias<\/h2>\n<h3>Testimonio de Laura, estudiante de Marketing<\/h3>\n<p><span style=\"font-weight: 400;\">Decidirme por la FP UFV ha sido una de las mejores elecciones de mi vida. Los profesores son cercanos y siempre est\u00e1n dispuestos a ayudarte. La formaci\u00f3n pr\u00e1ctica me ha permitido entender mejor el mundo del marketing y, gracias a las pr\u00e1cticas, ya tengo mi primer trabajo. Estoy muy agradecida a toda la comunidad UFV por su apoyo.<\/span><\/p>\n<h3>Testimonio de Javier, estudiante de Administraci\u00f3n y Finanzas<\/h3>\n<p><span style=\"font-weight: 400;\">La experiencia en FP UFV ha superado mis expectativas. El ambiente es incre\u00edble, lleno de gente apasionada por aprender. Las instalaciones son modernas y acogedoras. Adem\u00e1s, las pr\u00e1cticas son una parte esencial de la formaci\u00f3n, lo que me ha permitido estar preparado para el mercado laboral. \u00a1No podr\u00eda estar m\u00e1s feliz!<\/span><\/p>\n<h3>Testimonio de Mar\u00eda, madre de alumno de Educaci\u00f3n Infantil<\/h3>\n<p><span style=\"font-weight: 400;\">Como madre, siempre he querido lo mejor para mi hijo. Elegir la FP UFV fue una decisi\u00f3n acertada. No solo ha aprendido mucho, sino que ha crecido personalmente. El profesorado es muy atento y eso se nota. Mi hijo se siente feliz y motivado, y eso me llena de orgullo.<\/span><\/p>\n<h3>Testimonio de Carlos, estudiante de Administraci\u00f3n de Sistemas Inform\u00e1ticos en Red<\/h3>\n<p><span style=\"font-weight: 400;\">Me encanta la FP UFV. He tenido la oportunidad de participar en proyectos reales que me han ense\u00f1ado mucho m\u00e1s que en clases tradicionales. Adem\u00e1s, el ambiente universitario es genial, con muchas actividades extracurriculares. Definitivamente, aqu\u00ed he encontrado mi lugar.<\/span><\/p>\n<\/section>\n<section>\n<h2>Preparaci\u00f3n para el mundo laboral<\/h2>\n<p><span style=\"font-weight: 400;\">En la FP UFV, la conexi\u00f3n con el mundo laboral es una prioridad. Las pr\u00e1cticas en empresas son una parte esencial del curr\u00edculo. Esto significa que no solo adquieres conocimientos, sino que tambi\u00e9n tienes la oportunidad de aplicarlos en situaciones reales.<\/span><\/p>\n<h2>Actividades extracurriculares y comunidad<\/h2>\n<p><span style=\"font-weight: 400;\">Adem\u00e1s de las clases, la universidad ofrece un ambiente vibrante con diversas actividades extracurriculares. Los clubes de debate, lectura y deportes permiten desarrollar habilidades interpersonales y de trabajo en equipo, esenciales para cualquier carrera.<\/span><\/p>\n<h2>Cierre emocional<\/h2>\n<p><span style=\"font-weight: 400;\">Para m\u00ed, la experiencia en la FP UFV ha sido m\u00e1s que una formaci\u00f3n acad\u00e9mica; ha sido un viaje de autodescubrimiento y crecimiento. Estoy agradecido por cada momento, cada clase y cada persona que he encontrado en este camino. Si est\u00e1s pensando en dar el paso hacia la FP, te animo a que lo hagas. Aqu\u00ed encontrar\u00e1s un hogar y la preparaci\u00f3n que necesitas para tu futuro.<\/span><\/p>\n<\/section>\n<section>\n<h2>Preguntas Frecuentes<\/h2>\n<h3>\u00bfQu\u00e9 ciclos formativos se ofrecen en FP UFV?<\/h3>\n<p><span style=\"font-weight: 400;\">Ofrecemos una variedad de ciclos formativos en \u00e1reas como Marketing, Administraci\u00f3n, Dise\u00f1o Gr\u00e1fico y Sistemas Inform\u00e1ticos, entre otros. Cada uno est\u00e1 dise\u00f1ado para brindarte una formaci\u00f3n integral y pr\u00e1ctica.<\/span><\/p>\n<h3>\u00bfC\u00f3mo son las instalaciones de la universidad?<\/h3>\n<p><span style=\"font-weight: 400;\">Las instalaciones son modernas y est\u00e1n equipadas con tecnolog\u00eda de vanguardia, lo que facilita un aprendizaje pr\u00e1ctico y din\u00e1mico. Los espacios son acogedores y fomentan la colaboraci\u00f3n entre estudiantes.<\/span><\/p>\n<h3>\u00bfQu\u00e9 tipo de apoyo se brinda a los estudiantes?<\/h3>\n<p><span style=\"font-weight: 400;\">Desde el primer d\u00eda, recibir\u00e1s acompa\u00f1amiento personal por parte de tutores y profesores, quienes est\u00e1n siempre dispuestos a ayudarte en tu proceso de aprendizaje y desarrollo personal.<\/span><\/p>\n<h3>\u00bfC\u00f3mo se gestionan las pr\u00e1cticas en empresas?<\/h3>\n<p><span style=\"font-weight: 400;\">La universidad tiene convenios con diversas empresas, lo que facilita la b\u00fasqueda de pr\u00e1cticas. Adem\u00e1s, contar\u00e1s con el apoyo de los profesores para preparar tu CV y afrontar entrevistas.<\/span><\/p>\n<h3>\u00bfQu\u00e9 actividades extracurriculares se ofrecen?<\/h3>\n<p><span style=\"font-weight: 400;\">En la FP UFV puedes participar en clubes de debate, lectura, deportes y muchas otras actividades que te ayudar\u00e1n a desarrollar habilidades sociales y profesionales, as\u00ed como a hacer nuevos amigos.<\/span><\/p>\n<\/section>\n<footer><span style=\"font-weight: 400;\">\u00a1Esperamos verte pronto en la FP UFV y que vivas una experiencia tan enriquecedora como la nuestra!<\/span><\/footer>\n<p><\/p>\n<p><\/p>\n","protected":false},"excerpt":{"rendered":"<p>[vc_section][vc_row][vc_column css=\".vc_custom_1655805738975{margin-top: 0px !important;margin-right: 0px !important;margin-bottom: 0px !important;margin-left: 0px !important;}\"][vc_breadcrumbs_module][\/vc_column][\/vc_row][\/vc_section][vc_section][vc_row el_class=\"container\" css=\".vc_custom_1655802988397{padding-top: 50px !important;padding-bottom: 50px !important;}\"][vc_column][vc_single_image source=\"featured_image\" img_size=\"full\" alignment=\"center\" css=\".vc_custom_1660030768789{padding-top: 20px !important;padding-bottom: 20px !important;}\"][vc_column_text] La Formaci\u00f3n Profesional (FP) en la Universidad Francisco de Vitoria (UFV) no solo se trata de adquirir conocimientos, sino de vivir una experiencia transformadora que te prepara para el futuro. Aqu\u00ed, &hellip;<\/p>\n","protected":false},"author":1,"featured_media":2652,"comment_status":"closed","ping_status":"open","sticky":false,"template":"","format":"standard","meta":{"inline_featured_image":false,"footnotes":""},"categories":[11,9,376,373,374,393,382],"tags":[],"class_list":["post-3027","post","type-post","status-publish","format-standard","has-post-thumbnail","hentry","category-administracion-y-finanzas","category-blog","category-educacion-infantil","category-genericas","category-marketing","category-preguntas-frecuentes","category-sistemas-informaticos-en-red"],"yoast_head":"<!-- This site is optimized with the Yoast SEO plugin v27.4 - https:\/\/yoast.com\/product\/yoast-seo-wordpress\/ -->\n<title>Experiencias personales FP UFV - Cetys<\/title>\n<meta name=\"robots\" content=\"index, follow, max-snippet:-1, max-image-preview:large, max-video-preview:-1\" \/>\n<link rel=\"canonical\" href=\"https:\/\/fpsuperiorufv.es\/blog\/experiencias-personales-fp-ufv-blog\/\" \/>\n<meta property=\"og:locale\" content=\"es_ES\" \/>\n<meta property=\"og:type\" content=\"article\" \/>\n<meta property=\"og:title\" content=\"Experiencias personales FP UFV - Cetys\" \/>\n<meta property=\"og:description\" content=\"La Formaci\u00f3n Profesional (FP) en la Universidad Francisco de Vitoria (UFV) no solo se trata de adquirir conocimientos, sino de vivir una experiencia transformadora que te prepara para el futuro. Aqu\u00ed, &hellip;\" \/>\n<meta property=\"og:url\" content=\"https:\/\/fpsuperiorufv.es\/blog\/experiencias-personales-fp-ufv-blog\/\" \/>\n<meta property=\"og:site_name\" content=\"Cetys\" \/>\n<meta property=\"article:published_time\" content=\"2025-12-10T02:34:34+00:00\" \/>\n<meta property=\"article:modified_time\" content=\"2025-12-15T13:40:25+00:00\" \/>\n<meta property=\"og:image\" content=\"https:\/\/fpsuperiorufv.es\/blog\/wp-content\/uploads\/2025\/08\/DSC8752-2-scaled-1.jpg\" \/>\n\t<meta property=\"og:image:width\" content=\"2560\" \/>\n\t<meta property=\"og:image:height\" content=\"1920\" \/>\n\t<meta property=\"og:image:type\" content=\"image\/jpeg\" \/>\n<meta name=\"author\" content=\"FP Superior UFV\" \/>\n<meta name=\"twitter:card\" content=\"summary_large_image\" \/>\n<meta name=\"twitter:label1\" content=\"Escrito por\" \/>\n\t<meta name=\"twitter:data1\" content=\"FP Superior UFV\" \/>\n\t<meta name=\"twitter:label2\" content=\"Tiempo de lectura\" \/>\n\t<meta name=\"twitter:data2\" content=\"5 minutos\" \/>\n<script type=\"application\/ld+json\" class=\"yoast-schema-graph\">{\"@context\":\"https:\\\/\\\/schema.org\",\"@graph\":[{\"@type\":\"Article\",\"@id\":\"https:\\\/\\\/fpsuperiorufv.es\\\/blog\\\/experiencias-personales-fp-ufv-blog\\\/#article\",\"isPartOf\":{\"@id\":\"https:\\\/\\\/fpsuperiorufv.es\\\/blog\\\/experiencias-personales-fp-ufv-blog\\\/\"},\"author\":{\"name\":\"FP Superior UFV\",\"@id\":\"https:\\\/\\\/fpsuperiorufv.es\\\/blog\\\/#\\\/schema\\\/person\\\/c7ac6e2e7af298050da8d956ac824347\"},\"headline\":\"Experiencias personales FP UFV\",\"datePublished\":\"2025-12-10T02:34:34+00:00\",\"dateModified\":\"2025-12-15T13:40:25+00:00\",\"mainEntityOfPage\":{\"@id\":\"https:\\\/\\\/fpsuperiorufv.es\\\/blog\\\/experiencias-personales-fp-ufv-blog\\\/\"},\"wordCount\":1048,\"publisher\":{\"@id\":\"https:\\\/\\\/fpsuperiorufv.es\\\/blog\\\/#organization\"},\"image\":{\"@id\":\"https:\\\/\\\/fpsuperiorufv.es\\\/blog\\\/experiencias-personales-fp-ufv-blog\\\/#primaryimage\"},\"thumbnailUrl\":\"https:\\\/\\\/fpsuperiorufv.es\\\/blog\\\/wp-content\\\/uploads\\\/2025\\\/08\\\/DSC8752-2-scaled-1.jpg\",\"articleSection\":[\"Administraci\u00f3n y finanzas\",\"Blog\",\"Educaci\u00f3n Infantil\",\"Gen\u00e9ricas\",\"Marketing\",\"Preguntas frecuentes\",\"Sistemas Inform\u00e1ticos en Red.\"],\"inLanguage\":\"es\"},{\"@type\":\"WebPage\",\"@id\":\"https:\\\/\\\/fpsuperiorufv.es\\\/blog\\\/experiencias-personales-fp-ufv-blog\\\/\",\"url\":\"https:\\\/\\\/fpsuperiorufv.es\\\/blog\\\/experiencias-personales-fp-ufv-blog\\\/\",\"name\":\"Experiencias personales FP UFV - Cetys\",\"isPartOf\":{\"@id\":\"https:\\\/\\\/fpsuperiorufv.es\\\/blog\\\/#website\"},\"primaryImageOfPage\":{\"@id\":\"https:\\\/\\\/fpsuperiorufv.es\\\/blog\\\/experiencias-personales-fp-ufv-blog\\\/#primaryimage\"},\"image\":{\"@id\":\"https:\\\/\\\/fpsuperiorufv.es\\\/blog\\\/experiencias-personales-fp-ufv-blog\\\/#primaryimage\"},\"thumbnailUrl\":\"https:\\\/\\\/fpsuperiorufv.es\\\/blog\\\/wp-content\\\/uploads\\\/2025\\\/08\\\/DSC8752-2-scaled-1.jpg\",\"datePublished\":\"2025-12-10T02:34:34+00:00\",\"dateModified\":\"2025-12-15T13:40:25+00:00\",\"breadcrumb\":{\"@id\":\"https:\\\/\\\/fpsuperiorufv.es\\\/blog\\\/experiencias-personales-fp-ufv-blog\\\/#breadcrumb\"},\"inLanguage\":\"es\",\"potentialAction\":[{\"@type\":\"ReadAction\",\"target\":[\"https:\\\/\\\/fpsuperiorufv.es\\\/blog\\\/experiencias-personales-fp-ufv-blog\\\/\"]}]},{\"@type\":\"ImageObject\",\"inLanguage\":\"es\",\"@id\":\"https:\\\/\\\/fpsuperiorufv.es\\\/blog\\\/experiencias-personales-fp-ufv-blog\\\/#primaryimage\",\"url\":\"https:\\\/\\\/fpsuperiorufv.es\\\/blog\\\/wp-content\\\/uploads\\\/2025\\\/08\\\/DSC8752-2-scaled-1.jpg\",\"contentUrl\":\"https:\\\/\\\/fpsuperiorufv.es\\\/blog\\\/wp-content\\\/uploads\\\/2025\\\/08\\\/DSC8752-2-scaled-1.jpg\",\"width\":2560,\"height\":1920},{\"@type\":\"BreadcrumbList\",\"@id\":\"https:\\\/\\\/fpsuperiorufv.es\\\/blog\\\/experiencias-personales-fp-ufv-blog\\\/#breadcrumb\",\"itemListElement\":[{\"@type\":\"ListItem\",\"position\":1,\"name\":\"Home\",\"item\":\"https:\\\/\\\/fpsuperiorufv.es\\\/blog\\\/\"},{\"@type\":\"ListItem\",\"position\":2,\"name\":\"Experiencias personales FP UFV\"}]},{\"@type\":\"WebSite\",\"@id\":\"https:\\\/\\\/fpsuperiorufv.es\\\/blog\\\/#website\",\"url\":\"https:\\\/\\\/fpsuperiorufv.es\\\/blog\\\/\",\"name\":\"Fp Superior Francisco de Vitoria\",\"description\":\"\",\"publisher\":{\"@id\":\"https:\\\/\\\/fpsuperiorufv.es\\\/blog\\\/#organization\"},\"alternateName\":\"Cetys\",\"potentialAction\":[{\"@type\":\"SearchAction\",\"target\":{\"@type\":\"EntryPoint\",\"urlTemplate\":\"https:\\\/\\\/fpsuperiorufv.es\\\/blog\\\/?s={search_term_string}\"},\"query-input\":{\"@type\":\"PropertyValueSpecification\",\"valueRequired\":true,\"valueName\":\"search_term_string\"}}],\"inLanguage\":\"es\"},{\"@type\":\"Organization\",\"@id\":\"https:\\\/\\\/fpsuperiorufv.es\\\/blog\\\/#organization\",\"name\":\"Cetys\",\"url\":\"https:\\\/\\\/fpsuperiorufv.es\\\/blog\\\/\",\"logo\":{\"@type\":\"ImageObject\",\"inLanguage\":\"es\",\"@id\":\"https:\\\/\\\/fpsuperiorufv.es\\\/blog\\\/#\\\/schema\\\/logo\\\/image\\\/\",\"url\":\"https:\\\/\\\/fpsuperiorufv.lo\\\/wp-content\\\/uploads\\\/2025\\\/02\\\/logo.svg\",\"contentUrl\":\"https:\\\/\\\/fpsuperiorufv.lo\\\/wp-content\\\/uploads\\\/2025\\\/02\\\/logo.svg\",\"width\":\"1024\",\"height\":\"1024\",\"caption\":\"Cetys\"},\"image\":{\"@id\":\"https:\\\/\\\/fpsuperiorufv.es\\\/blog\\\/#\\\/schema\\\/logo\\\/image\\\/\"}},{\"@type\":\"Person\",\"@id\":\"https:\\\/\\\/fpsuperiorufv.es\\\/blog\\\/#\\\/schema\\\/person\\\/c7ac6e2e7af298050da8d956ac824347\",\"name\":\"FP Superior UFV\",\"image\":{\"@type\":\"ImageObject\",\"inLanguage\":\"es\",\"@id\":\"https:\\\/\\\/secure.gravatar.com\\\/avatar\\\/002af9a4377d87096f281de7725cae2f359bff0b0b7439b98b80936e58af2d91?s=96&d=mm&r=g\",\"url\":\"https:\\\/\\\/secure.gravatar.com\\\/avatar\\\/002af9a4377d87096f281de7725cae2f359bff0b0b7439b98b80936e58af2d91?s=96&d=mm&r=g\",\"contentUrl\":\"https:\\\/\\\/secure.gravatar.com\\\/avatar\\\/002af9a4377d87096f281de7725cae2f359bff0b0b7439b98b80936e58af2d91?s=96&d=mm&r=g\",\"caption\":\"FP Superior UFV\"},\"sameAs\":[\"https:\\\/\\\/fpsuperiorufv.lo\"],\"url\":\"https:\\\/\\\/fpsuperiorufv.es\\\/blog\\\/author\\\/administrador\\\/\"}]}<\/script>\n<!-- \/ Yoast SEO plugin. -->","yoast_head_json":{"title":"Experiencias personales FP UFV - Cetys","robots":{"index":"index","follow":"follow","max-snippet":"max-snippet:-1","max-image-preview":"max-image-preview:large","max-video-preview":"max-video-preview:-1"},"canonical":"https:\/\/fpsuperiorufv.es\/blog\/experiencias-personales-fp-ufv-blog\/","og_locale":"es_ES","og_type":"article","og_title":"Experiencias personales FP UFV - Cetys","og_description":"La Formaci\u00f3n Profesional (FP) en la Universidad Francisco de Vitoria (UFV) no solo se trata de adquirir conocimientos, sino de vivir una experiencia transformadora que te prepara para el futuro. Aqu\u00ed, &hellip;","og_url":"https:\/\/fpsuperiorufv.es\/blog\/experiencias-personales-fp-ufv-blog\/","og_site_name":"Cetys","article_published_time":"2025-12-10T02:34:34+00:00","article_modified_time":"2025-12-15T13:40:25+00:00","og_image":[{"width":2560,"height":1920,"url":"https:\/\/fpsuperiorufv.es\/blog\/wp-content\/uploads\/2025\/08\/DSC8752-2-scaled-1.jpg","type":"image\/jpeg"}],"author":"FP Superior UFV","twitter_card":"summary_large_image","twitter_misc":{"Escrito por":"FP Superior UFV","Tiempo de lectura":"5 minutos"},"schema":{"@context":"https:\/\/schema.org","@graph":[{"@type":"Article","@id":"https:\/\/fpsuperiorufv.es\/blog\/experiencias-personales-fp-ufv-blog\/#article","isPartOf":{"@id":"https:\/\/fpsuperiorufv.es\/blog\/experiencias-personales-fp-ufv-blog\/"},"author":{"name":"FP Superior UFV","@id":"https:\/\/fpsuperiorufv.es\/blog\/#\/schema\/person\/c7ac6e2e7af298050da8d956ac824347"},"headline":"Experiencias personales FP UFV","datePublished":"2025-12-10T02:34:34+00:00","dateModified":"2025-12-15T13:40:25+00:00","mainEntityOfPage":{"@id":"https:\/\/fpsuperiorufv.es\/blog\/experiencias-personales-fp-ufv-blog\/"},"wordCount":1048,"publisher":{"@id":"https:\/\/fpsuperiorufv.es\/blog\/#organization"},"image":{"@id":"https:\/\/fpsuperiorufv.es\/blog\/experiencias-personales-fp-ufv-blog\/#primaryimage"},"thumbnailUrl":"https:\/\/fpsuperiorufv.es\/blog\/wp-content\/uploads\/2025\/08\/DSC8752-2-scaled-1.jpg","articleSection":["Administraci\u00f3n y finanzas","Blog","Educaci\u00f3n Infantil","Gen\u00e9ricas","Marketing","Preguntas frecuentes","Sistemas Inform\u00e1ticos en Red."],"inLanguage":"es"},{"@type":"WebPage","@id":"https:\/\/fpsuperiorufv.es\/blog\/experiencias-personales-fp-ufv-blog\/","url":"https:\/\/fpsuperiorufv.es\/blog\/experiencias-personales-fp-ufv-blog\/","name":"Experiencias personales FP UFV - Cetys","isPartOf":{"@id":"https:\/\/fpsuperiorufv.es\/blog\/#website"},"primaryImageOfPage":{"@id":"https:\/\/fpsuperiorufv.es\/blog\/experiencias-personales-fp-ufv-blog\/#primaryimage"},"image":{"@id":"https:\/\/fpsuperiorufv.es\/blog\/experiencias-personales-fp-ufv-blog\/#primaryimage"},"thumbnailUrl":"https:\/\/fpsuperiorufv.es\/blog\/wp-content\/uploads\/2025\/08\/DSC8752-2-scaled-1.jpg","datePublished":"2025-12-10T02:34:34+00:00","dateModified":"2025-12-15T13:40:25+00:00","breadcrumb":{"@id":"https:\/\/fpsuperiorufv.es\/blog\/experiencias-personales-fp-ufv-blog\/#breadcrumb"},"inLanguage":"es","potentialAction":[{"@type":"ReadAction","target":["https:\/\/fpsuperiorufv.es\/blog\/experiencias-personales-fp-ufv-blog\/"]}]},{"@type":"ImageObject","inLanguage":"es","@id":"https:\/\/fpsuperiorufv.es\/blog\/experiencias-personales-fp-ufv-blog\/#primaryimage","url":"https:\/\/fpsuperiorufv.es\/blog\/wp-content\/uploads\/2025\/08\/DSC8752-2-scaled-1.jpg","contentUrl":"https:\/\/fpsuperiorufv.es\/blog\/wp-content\/uploads\/2025\/08\/DSC8752-2-scaled-1.jpg","width":2560,"height":1920},{"@type":"BreadcrumbList","@id":"https:\/\/fpsuperiorufv.es\/blog\/experiencias-personales-fp-ufv-blog\/#breadcrumb","itemListElement":[{"@type":"ListItem","position":1,"name":"Home","item":"https:\/\/fpsuperiorufv.es\/blog\/"},{"@type":"ListItem","position":2,"name":"Experiencias personales FP UFV"}]},{"@type":"WebSite","@id":"https:\/\/fpsuperiorufv.es\/blog\/#website","url":"https:\/\/fpsuperiorufv.es\/blog\/","name":"Fp Superior Francisco de Vitoria","description":"","publisher":{"@id":"https:\/\/fpsuperiorufv.es\/blog\/#organization"},"alternateName":"Cetys","potentialAction":[{"@type":"SearchAction","target":{"@type":"EntryPoint","urlTemplate":"https:\/\/fpsuperiorufv.es\/blog\/?s={search_term_string}"},"query-input":{"@type":"PropertyValueSpecification","valueRequired":true,"valueName":"search_term_string"}}],"inLanguage":"es"},{"@type":"Organization","@id":"https:\/\/fpsuperiorufv.es\/blog\/#organization","name":"Cetys","url":"https:\/\/fpsuperiorufv.es\/blog\/","logo":{"@type":"ImageObject","inLanguage":"es","@id":"https:\/\/fpsuperiorufv.es\/blog\/#\/schema\/logo\/image\/","url":"https:\/\/fpsuperiorufv.lo\/wp-content\/uploads\/2025\/02\/logo.svg","contentUrl":"https:\/\/fpsuperiorufv.lo\/wp-content\/uploads\/2025\/02\/logo.svg","width":"1024","height":"1024","caption":"Cetys"},"image":{"@id":"https:\/\/fpsuperiorufv.es\/blog\/#\/schema\/logo\/image\/"}},{"@type":"Person","@id":"https:\/\/fpsuperiorufv.es\/blog\/#\/schema\/person\/c7ac6e2e7af298050da8d956ac824347","name":"FP Superior UFV","image":{"@type":"ImageObject","inLanguage":"es","@id":"https:\/\/secure.gravatar.com\/avatar\/002af9a4377d87096f281de7725cae2f359bff0b0b7439b98b80936e58af2d91?s=96&d=mm&r=g","url":"https:\/\/secure.gravatar.com\/avatar\/002af9a4377d87096f281de7725cae2f359bff0b0b7439b98b80936e58af2d91?s=96&d=mm&r=g","contentUrl":"https:\/\/secure.gravatar.com\/avatar\/002af9a4377d87096f281de7725cae2f359bff0b0b7439b98b80936e58af2d91?s=96&d=mm&r=g","caption":"FP Superior UFV"},"sameAs":["https:\/\/fpsuperiorufv.lo"],"url":"https:\/\/fpsuperiorufv.es\/blog\/author\/administrador\/"}]}},"_links":{"self":[{"href":"https:\/\/fpsuperiorufv.es\/blog\/wp-json\/wp\/v2\/posts\/3027","targetHints":{"allow":["GET"]}}],"collection":[{"href":"https:\/\/fpsuperiorufv.es\/blog\/wp-json\/wp\/v2\/posts"}],"about":[{"href":"https:\/\/fpsuperiorufv.es\/blog\/wp-json\/wp\/v2\/types\/post"}],"author":[{"embeddable":true,"href":"https:\/\/fpsuperiorufv.es\/blog\/wp-json\/wp\/v2\/users\/1"}],"replies":[{"embeddable":true,"href":"https:\/\/fpsuperiorufv.es\/blog\/wp-json\/wp\/v2\/comments?post=3027"}],"version-history":[{"count":0,"href":"https:\/\/fpsuperiorufv.es\/blog\/wp-json\/wp\/v2\/posts\/3027\/revisions"}],"wp:featuredmedia":[{"embeddable":true,"href":"https:\/\/fpsuperiorufv.es\/blog\/wp-json\/wp\/v2\/media\/2652"}],"wp:attachment":[{"href":"https:\/\/fpsuperiorufv.es\/blog\/wp-json\/wp\/v2\/media?parent=3027"}],"wp:term":[{"taxonomy":"category","embeddable":true,"href":"https:\/\/fpsuperiorufv.es\/blog\/wp-json\/wp\/v2\/categories?post=3027"},{"taxonomy":"post_tag","embeddable":true,"href":"https:\/\/fpsuperiorufv.es\/blog\/wp-json\/wp\/v2\/tags?post=3027"}],"curies":[{"name":"wp","href":"https:\/\/api.w.org\/{rel}","templated":true}]}}