{"id":3150,"date":"2025-12-14T17:28:22","date_gmt":"2025-12-14T16:28:22","guid":{"rendered":"https:\/\/fpsuperiorufv.es\/blog\/?p=3150"},"modified":"2025-12-15T14:06:33","modified_gmt":"2025-12-15T13:06:33","slug":"cuales-son-los-requisitos-para-estudiar-integracion-social-blog","status":"publish","type":"post","link":"https:\/\/fpsuperiorufv.es\/blog\/cuales-son-los-requisitos-para-estudiar-integracion-social-blog\/","title":{"rendered":"\u00bfCu\u00e1les son los requisitos para estudiar Integraci\u00f3n Social?"},"content":{"rendered":"<p><\/p>\n\n<p><span style=\"font-weight: 400;\">\u00bfEst\u00e1s interesado en el \u00e1mbito social y quieres ayudar a las personas en su desarrollo y bienestar? Estudiar Integraci\u00f3n Social puede ser tu camino ideal. En FP Superior Francisco de Vitoria, ofrecemos el Ciclo Formativo de T\u00e9cnico Superior en Integraci\u00f3n Social a distancia, permiti\u00e9ndote formarte desde cualquier lugar. En este art\u00edculo, exploraremos los requisitos necesarios para que puedas comenzar tu aventura en esta apasionante profesi\u00f3n.<\/span><\/p>\n<h2>Curiosidades y datos interesantes sobre la Integraci\u00f3n Social<\/h2>\n<ul>\n<li>La demanda de profesionales en Integraci\u00f3n Social ha crecido un 20% en los \u00faltimos cinco a\u00f1os.<\/li>\n<li>El 85% de los egresados de este ciclo formativo encuentra empleo en menos de seis meses.<\/li>\n<li>En Espa\u00f1a, hay m\u00e1s de 1.000 organizaciones que trabajan en el \u00e1mbito de la inclusi\u00f3n social.<\/li>\n<li>Los profesionales en Integraci\u00f3n Social pueden trabajar en diversas \u00e1reas, como la atenci\u00f3n a personas con discapacidades, la infancia o la tercera edad.<\/li>\n<li>La formaci\u00f3n en Integraci\u00f3n Social fomenta habilidades de comunicaci\u00f3n, empat\u00eda y trabajo en equipo.<\/li>\n<\/ul>\n<h2>Requisitos acad\u00e9micos<\/h2>\n<p><span style=\"font-weight: 400;\">Para acceder al Ciclo Formativo de T\u00e9cnico Superior en Integraci\u00f3n Social, es necesario cumplir con algunos requisitos acad\u00e9micos. Aqu\u00ed te los detallamos:<\/span><\/p>\n<ul>\n<li><strong>Estar en posesi\u00f3n del t\u00edtulo de Bachillerato:<\/strong> Este es uno de los requisitos m\u00e1s comunes. Si has completado tus estudios de Bachillerato, est\u00e1s listo para comenzar.<\/li>\n<li><strong>Tener un t\u00edtulo de T\u00e9cnico Superior:<\/strong> Si ya has obtenido un ciclo formativo de grado medio o superior, puedes acceder directamente al ciclo de Integraci\u00f3n Social.<\/li>\n<li><strong>Superar la prueba de acceso:<\/strong> Si no cuentas con el Bachillerato ni con un ciclo formativo, tendr\u00e1s que presentarte y aprobar una prueba espec\u00edfica para poder acceder.<\/li>\n<\/ul>\n<h2>Requisitos personales y habilidades<\/h2>\n<p><span style=\"font-weight: 400;\">Adem\u00e1s de los requisitos acad\u00e9micos, hay ciertas cualidades personales que son necesarias para triunfar en el campo de la Integraci\u00f3n Social:<\/span><\/p>\n<ul>\n<li><strong>Empat\u00eda:<\/strong> La capacidad de ponerse en el lugar del otro es fundamental para entender las necesidades de los usuarios.<\/li>\n<li><strong>Capacidad de comunicaci\u00f3n:<\/strong> Saber escuchar y transmitir informaci\u00f3n de forma clara es clave en esta profesi\u00f3n.<\/li>\n<li><strong>Trabajo en equipo:<\/strong> La colaboraci\u00f3n con otros profesionales y entidades es esencial para lograr un impacto positivo.<\/li>\n<li><strong>Adaptabilidad:<\/strong> Las situaciones sociales pueden cambiar r\u00e1pidamente, y es importante saber adaptarse a diferentes entornos.<\/li>\n<\/ul>\n<h2>\u00bfPor qu\u00e9 elegir el T\u00e9cnico Superior en Integraci\u00f3n Social a distancia?<\/h2>\n<p><span style=\"font-weight: 400;\">Estudiar Integraci\u00f3n Social a distancia desde FP Superior Francisco de Vitoria te brinda flexibilidad y comodidad. Puedes organizar tu tiempo y recursos para estudiar desde la comodidad de tu hogar, sin sacrificar la calidad de la formaci\u00f3n. A continuaci\u00f3n, te presentamos algunas ventajas de elegir nuestro programa:<\/span><\/p>\n<ul>\n<li><strong>Acceso a recursos online:<\/strong> Contamos con una plataforma educativa rica en contenido y herramientas para facilitar tu aprendizaje.<\/li>\n<li><strong>Formaci\u00f3n pr\u00e1ctica:<\/strong> A pesar de ser a distancia, ofrecemos pr\u00e1cticas en empresas y organizaciones para que puedas aplicar lo aprendido.<\/li>\n<li><strong>Soporte continuo:<\/strong> Nuestro equipo docente est\u00e1 siempre disponible para resolver tus dudas y acompa\u00f1arte en tu proceso formativo.<\/li>\n<\/ul>\n<p><span style=\"font-weight: 400;\">Si quieres conocer m\u00e1s sobre el <a href=https:\/\/fpsuperiorufv.es\/tecnico-superior-en-integracion-social-a-distancia\/>T\u00e9cnico Superior en Integraci\u00f3n Social a distancia<\/a>, no dudes en visitar nuestra p\u00e1gina.<\/span><\/p>\n<h2>Ejemplos de salidas profesionales<\/h2>\n<p><span style=\"font-weight: 400;\">Una vez finalices tu formaci\u00f3n en Integraci\u00f3n Social, tendr\u00e1s la oportunidad de trabajar en diversos \u00e1mbitos. Algunos ejemplos de salidas profesionales incluyen:<\/span><\/p>\n<ul>\n<li><strong>T\u00e9cnico en inserci\u00f3n laboral:<\/strong> Ayudar\u00e1s a personas a encontrar empleo y mejorar su situaci\u00f3n laboral.<\/li>\n<li><strong>Educador social:<\/strong> Trabajar\u00e1s en entornos educativos, apoyando a ni\u00f1os y j\u00f3venes en riesgo de exclusi\u00f3n.<\/li>\n<li><strong>Trabajador en servicios sociales:<\/strong> Colaborar\u00e1s con instituciones y organizaciones que ofrecen apoyo a personas en situaciones vulnerables.<\/li>\n<li><strong>Gestor de proyectos de inclusi\u00f3n:<\/strong> Planificar\u00e1s y ejecutar\u00e1s proyectos orientados a la inclusi\u00f3n social de diferentes colectivos.<\/li>\n<\/ul>\n<h2>Condiciones de acceso y matr\u00edcula<\/h2>\n<p><span style=\"font-weight: 400;\">Para matricularte en el Ciclo Formativo de T\u00e9cnico Superior en Integraci\u00f3n Social, necesitar\u00e1s cumplir con las siguientes condiciones:<\/span><\/p>\n<ul>\n<li><strong>Documentaci\u00f3n requerida:<\/strong> Presentar tus certificados acad\u00e9micos y documentos de identificaci\u00f3n.<\/li>\n<li><strong>Plazo de inscripci\u00f3n:<\/strong> Presta atenci\u00f3n a las fechas de matr\u00edcula, ya que son limitadas.<\/li>\n<li><strong>Pago de matr\u00edcula:<\/strong> Aseg\u00farate de conocer los m\u00e9todos de pago disponibles y las posibles becas o ayudas econ\u00f3micas.<\/li>\n<\/ul>\n<h2>Preguntas Frecuentes<\/h2>\n<h3>\u00bfPuedo estudiar Integraci\u00f3n Social si no tengo el t\u00edtulo de Bachillerato?<\/h3>\n<p><span style=\"font-weight: 400;\">S\u00ed, puedes acceder a trav\u00e9s de una prueba de acceso. Esta prueba est\u00e1 dise\u00f1ada para evaluar tus conocimientos y habilidades necesarias para el ciclo formativo.<\/span><\/p>\n<h3>\u00bfQu\u00e9 tipo de pr\u00e1cticas incluye el ciclo?<\/h3>\n<p><span style=\"font-weight: 400;\">El ciclo incluye pr\u00e1cticas en empresas y organizaciones del \u00e1mbito social, donde podr\u00e1s aplicar tus conocimientos y adquirir experiencia en el campo.<\/span><\/p>\n<h3>\u00bfQu\u00e9 duraci\u00f3n tiene el ciclo formativo?<\/h3>\n<p><span style=\"font-weight: 400;\">Normalmente, la duraci\u00f3n del ciclo es de dos a\u00f1os, dependiendo de la carga horaria y la modalidad de estudio elegida.<\/span><\/p>\n<h3>\u00bfQu\u00e9 tipo de titulaci\u00f3n obtendr\u00e9 al finalizar el ciclo?<\/h3>\n<p><span style=\"font-weight: 400;\">Al finalizar, obtendr\u00e1s el t\u00edtulo de T\u00e9cnico Superior en Integraci\u00f3n Social, que te habilitar\u00e1 para trabajar en diversas \u00e1reas del sector.<\/span><\/p>\n<p><span style=\"font-weight: 400;\">Si est\u00e1s listo para dar el siguiente paso en tu carrera, no dudes en inscribirte en el <a href=https:\/\/fpsuperiorufv.es\/tecnico-superior-en-integracion-social-a-distancia\/>T\u00e9cnico Superior en Integraci\u00f3n Social a distancia<\/a> en FP Superior Francisco de Vitoria. \u00a1Te esperamos!<\/span><\/p>\n<p><\/p>\n<p><\/p>\n","protected":false},"excerpt":{"rendered":"<p>[vc_section][vc_row][vc_column css=\".vc_custom_1655805738975{margin-top: 0px !important;margin-right: 0px !important;margin-bottom: 0px !important;margin-left: 0px !important;}\"][vc_breadcrumbs_module][\/vc_column][\/vc_row][\/vc_section][vc_section][vc_row el_class=\"container\" css=\".vc_custom_1655802988397{padding-top: 50px !important;padding-bottom: 50px !important;}\"][vc_column][vc_single_image source=\"featured_image\" img_size=\"full\" alignment=\"center\" css=\".vc_custom_1660030768789{padding-top: 20px !important;padding-bottom: 20px !important;}\"][vc_column_text] \u00bfEst\u00e1s interesado en el \u00e1mbito social y quieres ayudar a las personas en su desarrollo y bienestar? Estudiar Integraci\u00f3n Social puede ser tu camino ideal. En FP Superior Francisco de Vitoria, &hellip;<\/p>\n","protected":false},"author":1,"featured_media":2689,"comment_status":"closed","ping_status":"open","sticky":false,"template":"","format":"standard","meta":{"inline_featured_image":false,"footnotes":""},"categories":[9,406,393],"tags":[],"class_list":["post-3150","post","type-post","status-publish","format-standard","has-post-thumbnail","hentry","category-blog","category-integracion-social","category-preguntas-frecuentes"],"yoast_head":"<!-- This site is optimized with the Yoast SEO plugin v27.4 - https:\/\/yoast.com\/product\/yoast-seo-wordpress\/ -->\n<title>\u00bfCu\u00e1les son los requisitos para estudiar Integraci\u00f3n Social? - Cetys<\/title>\n<meta name=\"robots\" content=\"index, follow, max-snippet:-1, max-image-preview:large, max-video-preview:-1\" \/>\n<link rel=\"canonical\" href=\"https:\/\/fpsuperiorufv.es\/blog\/cuales-son-los-requisitos-para-estudiar-integracion-social-blog\/\" \/>\n<meta property=\"og:locale\" content=\"es_ES\" \/>\n<meta property=\"og:type\" content=\"article\" \/>\n<meta property=\"og:title\" content=\"\u00bfCu\u00e1les son los requisitos para estudiar Integraci\u00f3n Social? - Cetys\" \/>\n<meta property=\"og:description\" content=\"\u00bfEst\u00e1s interesado en el \u00e1mbito social y quieres ayudar a las personas en su desarrollo y bienestar? Estudiar Integraci\u00f3n Social puede ser tu camino ideal. En FP Superior Francisco de Vitoria, &hellip;\" \/>\n<meta property=\"og:url\" content=\"https:\/\/fpsuperiorufv.es\/blog\/cuales-son-los-requisitos-para-estudiar-integracion-social-blog\/\" \/>\n<meta property=\"og:site_name\" content=\"Cetys\" \/>\n<meta property=\"article:published_time\" content=\"2025-12-14T16:28:22+00:00\" \/>\n<meta property=\"article:modified_time\" content=\"2025-12-15T13:06:33+00:00\" \/>\n<meta property=\"og:image\" content=\"https:\/\/fpsuperiorufv.es\/blog\/wp-content\/uploads\/2025\/08\/EducacionInfantil_010-scaled-1.jpg\" \/>\n\t<meta property=\"og:image:width\" content=\"2560\" \/>\n\t<meta property=\"og:image:height\" content=\"1707\" \/>\n\t<meta property=\"og:image:type\" content=\"image\/jpeg\" \/>\n<meta name=\"author\" content=\"FP Superior UFV\" \/>\n<meta name=\"twitter:card\" content=\"summary_large_image\" \/>\n<meta name=\"twitter:label1\" content=\"Escrito por\" \/>\n\t<meta name=\"twitter:data1\" content=\"FP Superior UFV\" \/>\n\t<meta name=\"twitter:label2\" content=\"Tiempo de lectura\" \/>\n\t<meta name=\"twitter:data2\" content=\"5 minutos\" \/>\n<script type=\"application\/ld+json\" class=\"yoast-schema-graph\">{\"@context\":\"https:\\\/\\\/schema.org\",\"@graph\":[{\"@type\":\"Article\",\"@id\":\"https:\\\/\\\/fpsuperiorufv.es\\\/blog\\\/cuales-son-los-requisitos-para-estudiar-integracion-social-blog\\\/#article\",\"isPartOf\":{\"@id\":\"https:\\\/\\\/fpsuperiorufv.es\\\/blog\\\/cuales-son-los-requisitos-para-estudiar-integracion-social-blog\\\/\"},\"author\":{\"name\":\"FP Superior UFV\",\"@id\":\"https:\\\/\\\/fpsuperiorufv.es\\\/blog\\\/#\\\/schema\\\/person\\\/c7ac6e2e7af298050da8d956ac824347\"},\"headline\":\"\u00bfCu\u00e1les son los requisitos para estudiar Integraci\u00f3n Social?\",\"datePublished\":\"2025-12-14T16:28:22+00:00\",\"dateModified\":\"2025-12-15T13:06:33+00:00\",\"mainEntityOfPage\":{\"@id\":\"https:\\\/\\\/fpsuperiorufv.es\\\/blog\\\/cuales-son-los-requisitos-para-estudiar-integracion-social-blog\\\/\"},\"wordCount\":1010,\"publisher\":{\"@id\":\"https:\\\/\\\/fpsuperiorufv.es\\\/blog\\\/#organization\"},\"image\":{\"@id\":\"https:\\\/\\\/fpsuperiorufv.es\\\/blog\\\/cuales-son-los-requisitos-para-estudiar-integracion-social-blog\\\/#primaryimage\"},\"thumbnailUrl\":\"https:\\\/\\\/fpsuperiorufv.es\\\/blog\\\/wp-content\\\/uploads\\\/2025\\\/08\\\/EducacionInfantil_010-scaled-1.jpg\",\"articleSection\":[\"Blog\",\"Integraci\u00f3n Social\",\"Preguntas frecuentes\"],\"inLanguage\":\"es\"},{\"@type\":\"WebPage\",\"@id\":\"https:\\\/\\\/fpsuperiorufv.es\\\/blog\\\/cuales-son-los-requisitos-para-estudiar-integracion-social-blog\\\/\",\"url\":\"https:\\\/\\\/fpsuperiorufv.es\\\/blog\\\/cuales-son-los-requisitos-para-estudiar-integracion-social-blog\\\/\",\"name\":\"\u00bfCu\u00e1les son los requisitos para estudiar Integraci\u00f3n Social? - Cetys\",\"isPartOf\":{\"@id\":\"https:\\\/\\\/fpsuperiorufv.es\\\/blog\\\/#website\"},\"primaryImageOfPage\":{\"@id\":\"https:\\\/\\\/fpsuperiorufv.es\\\/blog\\\/cuales-son-los-requisitos-para-estudiar-integracion-social-blog\\\/#primaryimage\"},\"image\":{\"@id\":\"https:\\\/\\\/fpsuperiorufv.es\\\/blog\\\/cuales-son-los-requisitos-para-estudiar-integracion-social-blog\\\/#primaryimage\"},\"thumbnailUrl\":\"https:\\\/\\\/fpsuperiorufv.es\\\/blog\\\/wp-content\\\/uploads\\\/2025\\\/08\\\/EducacionInfantil_010-scaled-1.jpg\",\"datePublished\":\"2025-12-14T16:28:22+00:00\",\"dateModified\":\"2025-12-15T13:06:33+00:00\",\"breadcrumb\":{\"@id\":\"https:\\\/\\\/fpsuperiorufv.es\\\/blog\\\/cuales-son-los-requisitos-para-estudiar-integracion-social-blog\\\/#breadcrumb\"},\"inLanguage\":\"es\",\"potentialAction\":[{\"@type\":\"ReadAction\",\"target\":[\"https:\\\/\\\/fpsuperiorufv.es\\\/blog\\\/cuales-son-los-requisitos-para-estudiar-integracion-social-blog\\\/\"]}]},{\"@type\":\"ImageObject\",\"inLanguage\":\"es\",\"@id\":\"https:\\\/\\\/fpsuperiorufv.es\\\/blog\\\/cuales-son-los-requisitos-para-estudiar-integracion-social-blog\\\/#primaryimage\",\"url\":\"https:\\\/\\\/fpsuperiorufv.es\\\/blog\\\/wp-content\\\/uploads\\\/2025\\\/08\\\/EducacionInfantil_010-scaled-1.jpg\",\"contentUrl\":\"https:\\\/\\\/fpsuperiorufv.es\\\/blog\\\/wp-content\\\/uploads\\\/2025\\\/08\\\/EducacionInfantil_010-scaled-1.jpg\",\"width\":2560,\"height\":1707},{\"@type\":\"BreadcrumbList\",\"@id\":\"https:\\\/\\\/fpsuperiorufv.es\\\/blog\\\/cuales-son-los-requisitos-para-estudiar-integracion-social-blog\\\/#breadcrumb\",\"itemListElement\":[{\"@type\":\"ListItem\",\"position\":1,\"name\":\"Home\",\"item\":\"https:\\\/\\\/fpsuperiorufv.es\\\/blog\\\/\"},{\"@type\":\"ListItem\",\"position\":2,\"name\":\"\u00bfCu\u00e1les son los requisitos para estudiar Integraci\u00f3n Social?\"}]},{\"@type\":\"WebSite\",\"@id\":\"https:\\\/\\\/fpsuperiorufv.es\\\/blog\\\/#website\",\"url\":\"https:\\\/\\\/fpsuperiorufv.es\\\/blog\\\/\",\"name\":\"Fp Superior Francisco de Vitoria\",\"description\":\"\",\"publisher\":{\"@id\":\"https:\\\/\\\/fpsuperiorufv.es\\\/blog\\\/#organization\"},\"alternateName\":\"Cetys\",\"potentialAction\":[{\"@type\":\"SearchAction\",\"target\":{\"@type\":\"EntryPoint\",\"urlTemplate\":\"https:\\\/\\\/fpsuperiorufv.es\\\/blog\\\/?s={search_term_string}\"},\"query-input\":{\"@type\":\"PropertyValueSpecification\",\"valueRequired\":true,\"valueName\":\"search_term_string\"}}],\"inLanguage\":\"es\"},{\"@type\":\"Organization\",\"@id\":\"https:\\\/\\\/fpsuperiorufv.es\\\/blog\\\/#organization\",\"name\":\"Cetys\",\"url\":\"https:\\\/\\\/fpsuperiorufv.es\\\/blog\\\/\",\"logo\":{\"@type\":\"ImageObject\",\"inLanguage\":\"es\",\"@id\":\"https:\\\/\\\/fpsuperiorufv.es\\\/blog\\\/#\\\/schema\\\/logo\\\/image\\\/\",\"url\":\"https:\\\/\\\/fpsuperiorufv.lo\\\/wp-content\\\/uploads\\\/2025\\\/02\\\/logo.svg\",\"contentUrl\":\"https:\\\/\\\/fpsuperiorufv.lo\\\/wp-content\\\/uploads\\\/2025\\\/02\\\/logo.svg\",\"width\":\"1024\",\"height\":\"1024\",\"caption\":\"Cetys\"},\"image\":{\"@id\":\"https:\\\/\\\/fpsuperiorufv.es\\\/blog\\\/#\\\/schema\\\/logo\\\/image\\\/\"}},{\"@type\":\"Person\",\"@id\":\"https:\\\/\\\/fpsuperiorufv.es\\\/blog\\\/#\\\/schema\\\/person\\\/c7ac6e2e7af298050da8d956ac824347\",\"name\":\"FP Superior UFV\",\"image\":{\"@type\":\"ImageObject\",\"inLanguage\":\"es\",\"@id\":\"https:\\\/\\\/secure.gravatar.com\\\/avatar\\\/002af9a4377d87096f281de7725cae2f359bff0b0b7439b98b80936e58af2d91?s=96&d=mm&r=g\",\"url\":\"https:\\\/\\\/secure.gravatar.com\\\/avatar\\\/002af9a4377d87096f281de7725cae2f359bff0b0b7439b98b80936e58af2d91?s=96&d=mm&r=g\",\"contentUrl\":\"https:\\\/\\\/secure.gravatar.com\\\/avatar\\\/002af9a4377d87096f281de7725cae2f359bff0b0b7439b98b80936e58af2d91?s=96&d=mm&r=g\",\"caption\":\"FP Superior UFV\"},\"sameAs\":[\"https:\\\/\\\/fpsuperiorufv.lo\"],\"url\":\"https:\\\/\\\/fpsuperiorufv.es\\\/blog\\\/author\\\/administrador\\\/\"}]}<\/script>\n<!-- \/ Yoast SEO plugin. -->","yoast_head_json":{"title":"\u00bfCu\u00e1les son los requisitos para estudiar Integraci\u00f3n Social? - Cetys","robots":{"index":"index","follow":"follow","max-snippet":"max-snippet:-1","max-image-preview":"max-image-preview:large","max-video-preview":"max-video-preview:-1"},"canonical":"https:\/\/fpsuperiorufv.es\/blog\/cuales-son-los-requisitos-para-estudiar-integracion-social-blog\/","og_locale":"es_ES","og_type":"article","og_title":"\u00bfCu\u00e1les son los requisitos para estudiar Integraci\u00f3n Social? - Cetys","og_description":"\u00bfEst\u00e1s interesado en el \u00e1mbito social y quieres ayudar a las personas en su desarrollo y bienestar? Estudiar Integraci\u00f3n Social puede ser tu camino ideal. En FP Superior Francisco de Vitoria, &hellip;","og_url":"https:\/\/fpsuperiorufv.es\/blog\/cuales-son-los-requisitos-para-estudiar-integracion-social-blog\/","og_site_name":"Cetys","article_published_time":"2025-12-14T16:28:22+00:00","article_modified_time":"2025-12-15T13:06:33+00:00","og_image":[{"width":2560,"height":1707,"url":"https:\/\/fpsuperiorufv.es\/blog\/wp-content\/uploads\/2025\/08\/EducacionInfantil_010-scaled-1.jpg","type":"image\/jpeg"}],"author":"FP Superior UFV","twitter_card":"summary_large_image","twitter_misc":{"Escrito por":"FP Superior UFV","Tiempo de lectura":"5 minutos"},"schema":{"@context":"https:\/\/schema.org","@graph":[{"@type":"Article","@id":"https:\/\/fpsuperiorufv.es\/blog\/cuales-son-los-requisitos-para-estudiar-integracion-social-blog\/#article","isPartOf":{"@id":"https:\/\/fpsuperiorufv.es\/blog\/cuales-son-los-requisitos-para-estudiar-integracion-social-blog\/"},"author":{"name":"FP Superior UFV","@id":"https:\/\/fpsuperiorufv.es\/blog\/#\/schema\/person\/c7ac6e2e7af298050da8d956ac824347"},"headline":"\u00bfCu\u00e1les son los requisitos para estudiar Integraci\u00f3n Social?","datePublished":"2025-12-14T16:28:22+00:00","dateModified":"2025-12-15T13:06:33+00:00","mainEntityOfPage":{"@id":"https:\/\/fpsuperiorufv.es\/blog\/cuales-son-los-requisitos-para-estudiar-integracion-social-blog\/"},"wordCount":1010,"publisher":{"@id":"https:\/\/fpsuperiorufv.es\/blog\/#organization"},"image":{"@id":"https:\/\/fpsuperiorufv.es\/blog\/cuales-son-los-requisitos-para-estudiar-integracion-social-blog\/#primaryimage"},"thumbnailUrl":"https:\/\/fpsuperiorufv.es\/blog\/wp-content\/uploads\/2025\/08\/EducacionInfantil_010-scaled-1.jpg","articleSection":["Blog","Integraci\u00f3n Social","Preguntas frecuentes"],"inLanguage":"es"},{"@type":"WebPage","@id":"https:\/\/fpsuperiorufv.es\/blog\/cuales-son-los-requisitos-para-estudiar-integracion-social-blog\/","url":"https:\/\/fpsuperiorufv.es\/blog\/cuales-son-los-requisitos-para-estudiar-integracion-social-blog\/","name":"\u00bfCu\u00e1les son los requisitos para estudiar Integraci\u00f3n Social? - Cetys","isPartOf":{"@id":"https:\/\/fpsuperiorufv.es\/blog\/#website"},"primaryImageOfPage":{"@id":"https:\/\/fpsuperiorufv.es\/blog\/cuales-son-los-requisitos-para-estudiar-integracion-social-blog\/#primaryimage"},"image":{"@id":"https:\/\/fpsuperiorufv.es\/blog\/cuales-son-los-requisitos-para-estudiar-integracion-social-blog\/#primaryimage"},"thumbnailUrl":"https:\/\/fpsuperiorufv.es\/blog\/wp-content\/uploads\/2025\/08\/EducacionInfantil_010-scaled-1.jpg","datePublished":"2025-12-14T16:28:22+00:00","dateModified":"2025-12-15T13:06:33+00:00","breadcrumb":{"@id":"https:\/\/fpsuperiorufv.es\/blog\/cuales-son-los-requisitos-para-estudiar-integracion-social-blog\/#breadcrumb"},"inLanguage":"es","potentialAction":[{"@type":"ReadAction","target":["https:\/\/fpsuperiorufv.es\/blog\/cuales-son-los-requisitos-para-estudiar-integracion-social-blog\/"]}]},{"@type":"ImageObject","inLanguage":"es","@id":"https:\/\/fpsuperiorufv.es\/blog\/cuales-son-los-requisitos-para-estudiar-integracion-social-blog\/#primaryimage","url":"https:\/\/fpsuperiorufv.es\/blog\/wp-content\/uploads\/2025\/08\/EducacionInfantil_010-scaled-1.jpg","contentUrl":"https:\/\/fpsuperiorufv.es\/blog\/wp-content\/uploads\/2025\/08\/EducacionInfantil_010-scaled-1.jpg","width":2560,"height":1707},{"@type":"BreadcrumbList","@id":"https:\/\/fpsuperiorufv.es\/blog\/cuales-son-los-requisitos-para-estudiar-integracion-social-blog\/#breadcrumb","itemListElement":[{"@type":"ListItem","position":1,"name":"Home","item":"https:\/\/fpsuperiorufv.es\/blog\/"},{"@type":"ListItem","position":2,"name":"\u00bfCu\u00e1les son los requisitos para estudiar Integraci\u00f3n Social?"}]},{"@type":"WebSite","@id":"https:\/\/fpsuperiorufv.es\/blog\/#website","url":"https:\/\/fpsuperiorufv.es\/blog\/","name":"Fp Superior Francisco de Vitoria","description":"","publisher":{"@id":"https:\/\/fpsuperiorufv.es\/blog\/#organization"},"alternateName":"Cetys","potentialAction":[{"@type":"SearchAction","target":{"@type":"EntryPoint","urlTemplate":"https:\/\/fpsuperiorufv.es\/blog\/?s={search_term_string}"},"query-input":{"@type":"PropertyValueSpecification","valueRequired":true,"valueName":"search_term_string"}}],"inLanguage":"es"},{"@type":"Organization","@id":"https:\/\/fpsuperiorufv.es\/blog\/#organization","name":"Cetys","url":"https:\/\/fpsuperiorufv.es\/blog\/","logo":{"@type":"ImageObject","inLanguage":"es","@id":"https:\/\/fpsuperiorufv.es\/blog\/#\/schema\/logo\/image\/","url":"https:\/\/fpsuperiorufv.lo\/wp-content\/uploads\/2025\/02\/logo.svg","contentUrl":"https:\/\/fpsuperiorufv.lo\/wp-content\/uploads\/2025\/02\/logo.svg","width":"1024","height":"1024","caption":"Cetys"},"image":{"@id":"https:\/\/fpsuperiorufv.es\/blog\/#\/schema\/logo\/image\/"}},{"@type":"Person","@id":"https:\/\/fpsuperiorufv.es\/blog\/#\/schema\/person\/c7ac6e2e7af298050da8d956ac824347","name":"FP Superior UFV","image":{"@type":"ImageObject","inLanguage":"es","@id":"https:\/\/secure.gravatar.com\/avatar\/002af9a4377d87096f281de7725cae2f359bff0b0b7439b98b80936e58af2d91?s=96&d=mm&r=g","url":"https:\/\/secure.gravatar.com\/avatar\/002af9a4377d87096f281de7725cae2f359bff0b0b7439b98b80936e58af2d91?s=96&d=mm&r=g","contentUrl":"https:\/\/secure.gravatar.com\/avatar\/002af9a4377d87096f281de7725cae2f359bff0b0b7439b98b80936e58af2d91?s=96&d=mm&r=g","caption":"FP Superior UFV"},"sameAs":["https:\/\/fpsuperiorufv.lo"],"url":"https:\/\/fpsuperiorufv.es\/blog\/author\/administrador\/"}]}},"_links":{"self":[{"href":"https:\/\/fpsuperiorufv.es\/blog\/wp-json\/wp\/v2\/posts\/3150","targetHints":{"allow":["GET"]}}],"collection":[{"href":"https:\/\/fpsuperiorufv.es\/blog\/wp-json\/wp\/v2\/posts"}],"about":[{"href":"https:\/\/fpsuperiorufv.es\/blog\/wp-json\/wp\/v2\/types\/post"}],"author":[{"embeddable":true,"href":"https:\/\/fpsuperiorufv.es\/blog\/wp-json\/wp\/v2\/users\/1"}],"replies":[{"embeddable":true,"href":"https:\/\/fpsuperiorufv.es\/blog\/wp-json\/wp\/v2\/comments?post=3150"}],"version-history":[{"count":1,"href":"https:\/\/fpsuperiorufv.es\/blog\/wp-json\/wp\/v2\/posts\/3150\/revisions"}],"predecessor-version":[{"id":3318,"href":"https:\/\/fpsuperiorufv.es\/blog\/wp-json\/wp\/v2\/posts\/3150\/revisions\/3318"}],"wp:featuredmedia":[{"embeddable":true,"href":"https:\/\/fpsuperiorufv.es\/blog\/wp-json\/wp\/v2\/media\/2689"}],"wp:attachment":[{"href":"https:\/\/fpsuperiorufv.es\/blog\/wp-json\/wp\/v2\/media?parent=3150"}],"wp:term":[{"taxonomy":"category","embeddable":true,"href":"https:\/\/fpsuperiorufv.es\/blog\/wp-json\/wp\/v2\/categories?post=3150"},{"taxonomy":"post_tag","embeddable":true,"href":"https:\/\/fpsuperiorufv.es\/blog\/wp-json\/wp\/v2\/tags?post=3150"}],"curies":[{"name":"wp","href":"https:\/\/api.w.org\/{rel}","templated":true}]}}