{"id":3181,"date":"2025-12-08T19:33:01","date_gmt":"2025-12-08T18:33:01","guid":{"rendered":"https:\/\/fpsuperiorufv.es\/blog\/?p=3181"},"modified":"2025-12-15T15:03:30","modified_gmt":"2025-12-15T14:03:30","slug":"que-carrera-hacer-despues-de-integracion-social-blog","status":"publish","type":"post","link":"https:\/\/fpsuperiorufv.es\/blog\/que-carrera-hacer-despues-de-integracion-social-blog\/","title":{"rendered":"\u00bfQu\u00e9 carrera hacer despu\u00e9s de Integraci\u00f3n Social?"},"content":{"rendered":"<p><\/p>\n\n<p>    <span style=\"font-weight: 400;\">Si ya has finalizado o est\u00e1s a punto de completar tu formaci\u00f3n en <strong>T\u00e9cnico Superior en Integraci\u00f3n Social<\/strong>, es probable que te est\u00e9s preguntando: \u00bfqu\u00e9 camino seguir despu\u00e9s? En este art\u00edculo, vamos a explorar las diferentes opciones que tienes a tu disposici\u00f3n y c\u00f3mo puedes continuar tu desarrollo profesional. \u00a1Sigue leyendo!<\/span><\/p>\n<h2>Curiosidades e informaci\u00f3n interesante<\/h2>\n<ul>\n<li>El campo de la integraci\u00f3n social est\u00e1 en constante crecimiento, con una demanda creciente de profesionales capacitados.<\/li>\n<li>M\u00e1s del 70% de los graduados en Integraci\u00f3n Social encuentran empleo en menos de seis meses tras finalizar su formaci\u00f3n.<\/li>\n<li>Las habilidades interpersonales y la capacidad de trabajo en equipo son altamente valoradas en este sector.<\/li>\n<li>Existen muchas especializaciones y oportunidades de posgrado que pueden complementar tu formaci\u00f3n inicial.<\/li>\n<li>Los profesionales en integraci\u00f3n social pueden trabajar en \u00e1mbitos tan diversos como la educaci\u00f3n, la salud y el bienestar social.<\/li>\n<\/ul>\n<h2>Opciones de estudio despu\u00e9s de Integraci\u00f3n Social<\/h2>\n<p>    <span style=\"font-weight: 400;\">Una vez que completes tu ciclo formativo, tienes varias opciones que puedes considerar para avanzar en tu carrera. Algunas de las m\u00e1s destacadas incluyen:<\/span><\/p>\n<h3>1. Formaci\u00f3n en Psicolog\u00eda<\/h3>\n<p>    <span style=\"font-weight: 400;\">La psicolog\u00eda es una de las opciones m\u00e1s populares. Al estudiar esta disciplina, podr\u00e1s comprender mejor el comportamiento humano y aplicar esta comprensi\u00f3n en tu trabajo en integraci\u00f3n social.<\/span><\/p>\n<h3>2. Trabajo Social<\/h3>\n<p>    <span style=\"font-weight: 400;\">El trabajo social es otra carrera que complementa perfectamente tus conocimientos en integraci\u00f3n social. Aqu\u00ed podr\u00e1s ayudar a personas y comunidades a mejorar su calidad de vida.<\/span><\/p>\n<h3>3. Educaci\u00f3n Social<\/h3>\n<p>    <span style=\"font-weight: 400;\">Si te apasiona la ense\u00f1anza y la formaci\u00f3n, la educaci\u00f3n social te permitir\u00e1 trabajar en entornos educativos, promoviendo la inclusi\u00f3n y el aprendizaje en diversas poblaciones.<\/span><\/p>\n<h3>4. Terapia Ocupacional<\/h3>\n<p>    <span style=\"font-weight: 400;\">La terapia ocupacional se centra en ayudar a las personas a desarrollar habilidades para la vida diaria. Esta formaci\u00f3n te brindar\u00e1 herramientas para mejorar la autonom\u00eda de las personas con discapacidad o en situaci\u00f3n de dependencia.<\/span><\/p>\n<h3>5. Especializaciones en Salud Mental<\/h3>\n<p>    <span style=\"font-weight: 400;\">Las especializaciones en salud mental son cada vez m\u00e1s relevantes. Puedes optar por cursos que te permitan trabajar con personas que enfrentan problemas de salud mental, brindando apoyo y orientaci\u00f3n.<\/span><\/p>\n<h2>Ventajas de continuar tu formaci\u00f3n<\/h2>\n<p>    <span style=\"font-weight: 400;\">Ampliar tus estudios tiene muchas ventajas. Aqu\u00ed te dejamos algunas de las m\u00e1s importantes:<\/span><\/p>\n<ul>\n<li><strong>Mejoras en la empleabilidad:<\/strong> Cuanto m\u00e1s diverso sea tu perfil profesional, m\u00e1s atractiva ser\u00e1s para los empleadores.<\/li>\n<li><strong>Incremento salarial:<\/strong> Las personas con estudios superiores tienden a tener mejores salarios y condiciones laborales.<\/li>\n<li><strong>Desarrollo personal:<\/strong> Aprender nuevas habilidades y conocimientos puede ser muy enriquecedor a nivel personal.<\/li>\n<li><strong>Red de contactos:<\/strong> Continuar tus estudios te permitir\u00e1 conocer a otros profesionales y crear una red de contactos que te beneficiar\u00e1 en el futuro.<\/li>\n<\/ul>\n<h2>\u00bfD\u00f3nde estudiar?<\/h2>\n<p>    <span style=\"font-weight: 400;\">En <strong>FP Superior Francisco de Vitoria<\/strong>, ofrecemos el <a href=https:\/\/fpsuperiorufv.es\/tecnico-superior-en-integracion-social-a-distancia\/>T\u00e9cnico Superior en Integraci\u00f3n Social a distancia<\/a>, una excelente opci\u00f3n si deseas comenzar tu carrera en este \u00e1mbito. Adem\u00e1s, al finalizar, tendr\u00e1s las herramientas necesarias para seguir form\u00e1ndote y especializ\u00e1ndote en las \u00e1reas que m\u00e1s te interesen.<\/span><\/p>\n<h2>Ejemplos de trayectorias profesionales<\/h2>\n<p>    <span style=\"font-weight: 400;\">Existen m\u00faltiples trayectorias que puedes seguir despu\u00e9s de completar tu formaci\u00f3n en integraci\u00f3n social. Aqu\u00ed tienes algunos ejemplos:<\/span><\/p>\n<ul>\n<li><strong>Trabajador social en ONGs:<\/strong> Colaborando en proyectos que ayudan a comunidades desfavorecidas.<\/li>\n<li><strong>Educador en centros de reinserci\u00f3n:<\/strong> Ayudando a j\u00f3venes en riesgo a encontrar su camino.<\/li>\n<li><strong>Psic\u00f3logo en cl\u00ednicas:<\/strong> Ofreciendo apoyo psicol\u00f3gico a personas en crisis.<\/li>\n<li><strong>Formador de voluntarios:<\/strong> Capacitando a personas que quieren colaborar en el \u00e1mbito social.<\/li>\n<\/ul>\n<h2>Preguntas frecuentes<\/h2>\n<h3>\u00bfQu\u00e9 requisitos necesito para acceder a estas carreras?<\/h3>\n<p>    <span style=\"font-weight: 400;\">Generalmente, necesitar\u00e1s haber completado tu formaci\u00f3n en Integraci\u00f3n Social y, en algunos casos, realizar pruebas espec\u00edficas de acceso o tener una titulaci\u00f3n previa relacionada.<\/span><\/p>\n<h3>\u00bfPuedo trabajar mientras estudio?<\/h3>\n<p>    <span style=\"font-weight: 400;\">S\u00ed, muchas de las opciones de formaci\u00f3n a las que puedes acceder ofrecen modalidades flexibles, como clases a distancia, que te permitir\u00e1n compatibilizar tus estudios con tu trabajo.<\/span><\/p>\n<h3>\u00bfCu\u00e1l es la duraci\u00f3n de los estudios en estas carreras?<\/h3>\n<p>    <span style=\"font-weight: 400;\">La duraci\u00f3n var\u00eda seg\u00fan la carrera y la modalidad de estudio, pero en general, suelen oscilar entre uno y cuatro a\u00f1os.<\/span><\/p>\n<h3>\u00bfD\u00f3nde puedo encontrar m\u00e1s informaci\u00f3n sobre el T\u00e9cnico Superior en Integraci\u00f3n Social?<\/h3>\n<p>    <span style=\"font-weight: 400;\">Te invitamos a visitar nuestra p\u00e1gina web para obtener m\u00e1s detalles sobre el <a href=https:\/\/fpsuperiorufv.es\/tecnico-superior-en-integracion-social-a-distancia\/>T\u00e9cnico Superior en Integraci\u00f3n Social a distancia<\/a>. All\u00ed encontrar\u00e1s toda la informaci\u00f3n necesaria para dar el siguiente paso en tu formaci\u00f3n.<\/span><\/p>\n<p>    <span style=\"font-weight: 400;\">\u00a1Esperamos que este art\u00edculo te haya sido \u00fatil y que est\u00e9s listo para tomar una decisi\u00f3n sobre tu futuro profesional! La formaci\u00f3n continua es clave para crecer en el \u00e1mbito de la integraci\u00f3n social y contribuir a mejorar la vida de las personas.<\/span><br \/>\n<\/p>\n<p><\/p>\n","protected":false},"excerpt":{"rendered":"<p>[vc_section][vc_row][vc_column css=\".vc_custom_1655805738975{margin-top: 0px !important;margin-right: 0px !important;margin-bottom: 0px !important;margin-left: 0px !important;}\"][vc_breadcrumbs_module][\/vc_column][\/vc_row][\/vc_section][vc_section][vc_row el_class=\"container\" css=\".vc_custom_1655802988397{padding-top: 50px !important;padding-bottom: 50px !important;}\"][vc_column][vc_single_image source=\"featured_image\" img_size=\"full\" alignment=\"center\" css=\".vc_custom_1660030768789{padding-top: 20px !important;padding-bottom: 20px !important;}\"][vc_column_text] Si ya has finalizado o est\u00e1s a punto de completar tu formaci\u00f3n en T\u00e9cnico Superior en Integraci\u00f3n Social, es probable que te est\u00e9s preguntando: \u00bfqu\u00e9 camino seguir despu\u00e9s? En este art\u00edculo, &hellip;<\/p>\n","protected":false},"author":1,"featured_media":2698,"comment_status":"closed","ping_status":"open","sticky":false,"template":"","format":"standard","meta":{"inline_featured_image":false,"footnotes":""},"categories":[9,406,393],"tags":[],"class_list":["post-3181","post","type-post","status-publish","format-standard","has-post-thumbnail","hentry","category-blog","category-integracion-social","category-preguntas-frecuentes"],"yoast_head":"<!-- This site is optimized with the Yoast SEO plugin v27.4 - https:\/\/yoast.com\/product\/yoast-seo-wordpress\/ -->\n<title>\u00bfQu\u00e9 carrera hacer despu\u00e9s de Integraci\u00f3n Social? - Cetys<\/title>\n<meta name=\"robots\" content=\"index, follow, max-snippet:-1, max-image-preview:large, max-video-preview:-1\" \/>\n<link rel=\"canonical\" href=\"https:\/\/fpsuperiorufv.es\/blog\/que-carrera-hacer-despues-de-integracion-social-blog\/\" \/>\n<meta property=\"og:locale\" content=\"es_ES\" \/>\n<meta property=\"og:type\" content=\"article\" \/>\n<meta property=\"og:title\" content=\"\u00bfQu\u00e9 carrera hacer despu\u00e9s de Integraci\u00f3n Social? - Cetys\" \/>\n<meta property=\"og:description\" content=\"Si ya has finalizado o est\u00e1s a punto de completar tu formaci\u00f3n en T\u00e9cnico Superior en Integraci\u00f3n Social, es probable que te est\u00e9s preguntando: \u00bfqu\u00e9 camino seguir despu\u00e9s? En este art\u00edculo, &hellip;\" \/>\n<meta property=\"og:url\" content=\"https:\/\/fpsuperiorufv.es\/blog\/que-carrera-hacer-despues-de-integracion-social-blog\/\" \/>\n<meta property=\"og:site_name\" content=\"Cetys\" \/>\n<meta property=\"article:published_time\" content=\"2025-12-08T18:33:01+00:00\" \/>\n<meta property=\"article:modified_time\" content=\"2025-12-15T14:03:30+00:00\" \/>\n<meta property=\"og:image\" content=\"https:\/\/fpsuperiorufv.es\/blog\/wp-content\/uploads\/2025\/08\/DSC08497-scaled-1.jpg\" \/>\n\t<meta property=\"og:image:width\" content=\"2560\" \/>\n\t<meta property=\"og:image:height\" content=\"1707\" \/>\n\t<meta property=\"og:image:type\" content=\"image\/jpeg\" \/>\n<meta name=\"author\" content=\"FP Superior UFV\" \/>\n<meta name=\"twitter:card\" content=\"summary_large_image\" \/>\n<meta name=\"twitter:label1\" content=\"Escrito por\" \/>\n\t<meta name=\"twitter:data1\" content=\"FP Superior UFV\" \/>\n\t<meta name=\"twitter:label2\" content=\"Tiempo de lectura\" \/>\n\t<meta name=\"twitter:data2\" content=\"4 minutos\" \/>\n<script type=\"application\/ld+json\" class=\"yoast-schema-graph\">{\"@context\":\"https:\\\/\\\/schema.org\",\"@graph\":[{\"@type\":\"Article\",\"@id\":\"https:\\\/\\\/fpsuperiorufv.es\\\/blog\\\/que-carrera-hacer-despues-de-integracion-social-blog\\\/#article\",\"isPartOf\":{\"@id\":\"https:\\\/\\\/fpsuperiorufv.es\\\/blog\\\/que-carrera-hacer-despues-de-integracion-social-blog\\\/\"},\"author\":{\"name\":\"FP Superior UFV\",\"@id\":\"https:\\\/\\\/fpsuperiorufv.es\\\/blog\\\/#\\\/schema\\\/person\\\/c7ac6e2e7af298050da8d956ac824347\"},\"headline\":\"\u00bfQu\u00e9 carrera hacer despu\u00e9s de Integraci\u00f3n Social?\",\"datePublished\":\"2025-12-08T18:33:01+00:00\",\"dateModified\":\"2025-12-15T14:03:30+00:00\",\"mainEntityOfPage\":{\"@id\":\"https:\\\/\\\/fpsuperiorufv.es\\\/blog\\\/que-carrera-hacer-despues-de-integracion-social-blog\\\/\"},\"wordCount\":930,\"publisher\":{\"@id\":\"https:\\\/\\\/fpsuperiorufv.es\\\/blog\\\/#organization\"},\"image\":{\"@id\":\"https:\\\/\\\/fpsuperiorufv.es\\\/blog\\\/que-carrera-hacer-despues-de-integracion-social-blog\\\/#primaryimage\"},\"thumbnailUrl\":\"https:\\\/\\\/fpsuperiorufv.es\\\/blog\\\/wp-content\\\/uploads\\\/2025\\\/08\\\/DSC08497-scaled-1.jpg\",\"articleSection\":[\"Blog\",\"Integraci\u00f3n Social\",\"Preguntas frecuentes\"],\"inLanguage\":\"es\"},{\"@type\":\"WebPage\",\"@id\":\"https:\\\/\\\/fpsuperiorufv.es\\\/blog\\\/que-carrera-hacer-despues-de-integracion-social-blog\\\/\",\"url\":\"https:\\\/\\\/fpsuperiorufv.es\\\/blog\\\/que-carrera-hacer-despues-de-integracion-social-blog\\\/\",\"name\":\"\u00bfQu\u00e9 carrera hacer despu\u00e9s de Integraci\u00f3n Social? - Cetys\",\"isPartOf\":{\"@id\":\"https:\\\/\\\/fpsuperiorufv.es\\\/blog\\\/#website\"},\"primaryImageOfPage\":{\"@id\":\"https:\\\/\\\/fpsuperiorufv.es\\\/blog\\\/que-carrera-hacer-despues-de-integracion-social-blog\\\/#primaryimage\"},\"image\":{\"@id\":\"https:\\\/\\\/fpsuperiorufv.es\\\/blog\\\/que-carrera-hacer-despues-de-integracion-social-blog\\\/#primaryimage\"},\"thumbnailUrl\":\"https:\\\/\\\/fpsuperiorufv.es\\\/blog\\\/wp-content\\\/uploads\\\/2025\\\/08\\\/DSC08497-scaled-1.jpg\",\"datePublished\":\"2025-12-08T18:33:01+00:00\",\"dateModified\":\"2025-12-15T14:03:30+00:00\",\"breadcrumb\":{\"@id\":\"https:\\\/\\\/fpsuperiorufv.es\\\/blog\\\/que-carrera-hacer-despues-de-integracion-social-blog\\\/#breadcrumb\"},\"inLanguage\":\"es\",\"potentialAction\":[{\"@type\":\"ReadAction\",\"target\":[\"https:\\\/\\\/fpsuperiorufv.es\\\/blog\\\/que-carrera-hacer-despues-de-integracion-social-blog\\\/\"]}]},{\"@type\":\"ImageObject\",\"inLanguage\":\"es\",\"@id\":\"https:\\\/\\\/fpsuperiorufv.es\\\/blog\\\/que-carrera-hacer-despues-de-integracion-social-blog\\\/#primaryimage\",\"url\":\"https:\\\/\\\/fpsuperiorufv.es\\\/blog\\\/wp-content\\\/uploads\\\/2025\\\/08\\\/DSC08497-scaled-1.jpg\",\"contentUrl\":\"https:\\\/\\\/fpsuperiorufv.es\\\/blog\\\/wp-content\\\/uploads\\\/2025\\\/08\\\/DSC08497-scaled-1.jpg\",\"width\":2560,\"height\":1707},{\"@type\":\"BreadcrumbList\",\"@id\":\"https:\\\/\\\/fpsuperiorufv.es\\\/blog\\\/que-carrera-hacer-despues-de-integracion-social-blog\\\/#breadcrumb\",\"itemListElement\":[{\"@type\":\"ListItem\",\"position\":1,\"name\":\"Home\",\"item\":\"https:\\\/\\\/fpsuperiorufv.es\\\/blog\\\/\"},{\"@type\":\"ListItem\",\"position\":2,\"name\":\"\u00bfQu\u00e9 carrera hacer despu\u00e9s de Integraci\u00f3n Social?\"}]},{\"@type\":\"WebSite\",\"@id\":\"https:\\\/\\\/fpsuperiorufv.es\\\/blog\\\/#website\",\"url\":\"https:\\\/\\\/fpsuperiorufv.es\\\/blog\\\/\",\"name\":\"Fp Superior Francisco de Vitoria\",\"description\":\"\",\"publisher\":{\"@id\":\"https:\\\/\\\/fpsuperiorufv.es\\\/blog\\\/#organization\"},\"alternateName\":\"Cetys\",\"potentialAction\":[{\"@type\":\"SearchAction\",\"target\":{\"@type\":\"EntryPoint\",\"urlTemplate\":\"https:\\\/\\\/fpsuperiorufv.es\\\/blog\\\/?s={search_term_string}\"},\"query-input\":{\"@type\":\"PropertyValueSpecification\",\"valueRequired\":true,\"valueName\":\"search_term_string\"}}],\"inLanguage\":\"es\"},{\"@type\":\"Organization\",\"@id\":\"https:\\\/\\\/fpsuperiorufv.es\\\/blog\\\/#organization\",\"name\":\"Cetys\",\"url\":\"https:\\\/\\\/fpsuperiorufv.es\\\/blog\\\/\",\"logo\":{\"@type\":\"ImageObject\",\"inLanguage\":\"es\",\"@id\":\"https:\\\/\\\/fpsuperiorufv.es\\\/blog\\\/#\\\/schema\\\/logo\\\/image\\\/\",\"url\":\"https:\\\/\\\/fpsuperiorufv.lo\\\/wp-content\\\/uploads\\\/2025\\\/02\\\/logo.svg\",\"contentUrl\":\"https:\\\/\\\/fpsuperiorufv.lo\\\/wp-content\\\/uploads\\\/2025\\\/02\\\/logo.svg\",\"width\":\"1024\",\"height\":\"1024\",\"caption\":\"Cetys\"},\"image\":{\"@id\":\"https:\\\/\\\/fpsuperiorufv.es\\\/blog\\\/#\\\/schema\\\/logo\\\/image\\\/\"}},{\"@type\":\"Person\",\"@id\":\"https:\\\/\\\/fpsuperiorufv.es\\\/blog\\\/#\\\/schema\\\/person\\\/c7ac6e2e7af298050da8d956ac824347\",\"name\":\"FP Superior UFV\",\"image\":{\"@type\":\"ImageObject\",\"inLanguage\":\"es\",\"@id\":\"https:\\\/\\\/secure.gravatar.com\\\/avatar\\\/002af9a4377d87096f281de7725cae2f359bff0b0b7439b98b80936e58af2d91?s=96&d=mm&r=g\",\"url\":\"https:\\\/\\\/secure.gravatar.com\\\/avatar\\\/002af9a4377d87096f281de7725cae2f359bff0b0b7439b98b80936e58af2d91?s=96&d=mm&r=g\",\"contentUrl\":\"https:\\\/\\\/secure.gravatar.com\\\/avatar\\\/002af9a4377d87096f281de7725cae2f359bff0b0b7439b98b80936e58af2d91?s=96&d=mm&r=g\",\"caption\":\"FP Superior UFV\"},\"sameAs\":[\"https:\\\/\\\/fpsuperiorufv.lo\"],\"url\":\"https:\\\/\\\/fpsuperiorufv.es\\\/blog\\\/author\\\/administrador\\\/\"}]}<\/script>\n<!-- \/ Yoast SEO plugin. -->","yoast_head_json":{"title":"\u00bfQu\u00e9 carrera hacer despu\u00e9s de Integraci\u00f3n Social? - Cetys","robots":{"index":"index","follow":"follow","max-snippet":"max-snippet:-1","max-image-preview":"max-image-preview:large","max-video-preview":"max-video-preview:-1"},"canonical":"https:\/\/fpsuperiorufv.es\/blog\/que-carrera-hacer-despues-de-integracion-social-blog\/","og_locale":"es_ES","og_type":"article","og_title":"\u00bfQu\u00e9 carrera hacer despu\u00e9s de Integraci\u00f3n Social? - Cetys","og_description":"Si ya has finalizado o est\u00e1s a punto de completar tu formaci\u00f3n en T\u00e9cnico Superior en Integraci\u00f3n Social, es probable que te est\u00e9s preguntando: \u00bfqu\u00e9 camino seguir despu\u00e9s? En este art\u00edculo, &hellip;","og_url":"https:\/\/fpsuperiorufv.es\/blog\/que-carrera-hacer-despues-de-integracion-social-blog\/","og_site_name":"Cetys","article_published_time":"2025-12-08T18:33:01+00:00","article_modified_time":"2025-12-15T14:03:30+00:00","og_image":[{"width":2560,"height":1707,"url":"https:\/\/fpsuperiorufv.es\/blog\/wp-content\/uploads\/2025\/08\/DSC08497-scaled-1.jpg","type":"image\/jpeg"}],"author":"FP Superior UFV","twitter_card":"summary_large_image","twitter_misc":{"Escrito por":"FP Superior UFV","Tiempo de lectura":"4 minutos"},"schema":{"@context":"https:\/\/schema.org","@graph":[{"@type":"Article","@id":"https:\/\/fpsuperiorufv.es\/blog\/que-carrera-hacer-despues-de-integracion-social-blog\/#article","isPartOf":{"@id":"https:\/\/fpsuperiorufv.es\/blog\/que-carrera-hacer-despues-de-integracion-social-blog\/"},"author":{"name":"FP Superior UFV","@id":"https:\/\/fpsuperiorufv.es\/blog\/#\/schema\/person\/c7ac6e2e7af298050da8d956ac824347"},"headline":"\u00bfQu\u00e9 carrera hacer despu\u00e9s de Integraci\u00f3n Social?","datePublished":"2025-12-08T18:33:01+00:00","dateModified":"2025-12-15T14:03:30+00:00","mainEntityOfPage":{"@id":"https:\/\/fpsuperiorufv.es\/blog\/que-carrera-hacer-despues-de-integracion-social-blog\/"},"wordCount":930,"publisher":{"@id":"https:\/\/fpsuperiorufv.es\/blog\/#organization"},"image":{"@id":"https:\/\/fpsuperiorufv.es\/blog\/que-carrera-hacer-despues-de-integracion-social-blog\/#primaryimage"},"thumbnailUrl":"https:\/\/fpsuperiorufv.es\/blog\/wp-content\/uploads\/2025\/08\/DSC08497-scaled-1.jpg","articleSection":["Blog","Integraci\u00f3n Social","Preguntas frecuentes"],"inLanguage":"es"},{"@type":"WebPage","@id":"https:\/\/fpsuperiorufv.es\/blog\/que-carrera-hacer-despues-de-integracion-social-blog\/","url":"https:\/\/fpsuperiorufv.es\/blog\/que-carrera-hacer-despues-de-integracion-social-blog\/","name":"\u00bfQu\u00e9 carrera hacer despu\u00e9s de Integraci\u00f3n Social? - Cetys","isPartOf":{"@id":"https:\/\/fpsuperiorufv.es\/blog\/#website"},"primaryImageOfPage":{"@id":"https:\/\/fpsuperiorufv.es\/blog\/que-carrera-hacer-despues-de-integracion-social-blog\/#primaryimage"},"image":{"@id":"https:\/\/fpsuperiorufv.es\/blog\/que-carrera-hacer-despues-de-integracion-social-blog\/#primaryimage"},"thumbnailUrl":"https:\/\/fpsuperiorufv.es\/blog\/wp-content\/uploads\/2025\/08\/DSC08497-scaled-1.jpg","datePublished":"2025-12-08T18:33:01+00:00","dateModified":"2025-12-15T14:03:30+00:00","breadcrumb":{"@id":"https:\/\/fpsuperiorufv.es\/blog\/que-carrera-hacer-despues-de-integracion-social-blog\/#breadcrumb"},"inLanguage":"es","potentialAction":[{"@type":"ReadAction","target":["https:\/\/fpsuperiorufv.es\/blog\/que-carrera-hacer-despues-de-integracion-social-blog\/"]}]},{"@type":"ImageObject","inLanguage":"es","@id":"https:\/\/fpsuperiorufv.es\/blog\/que-carrera-hacer-despues-de-integracion-social-blog\/#primaryimage","url":"https:\/\/fpsuperiorufv.es\/blog\/wp-content\/uploads\/2025\/08\/DSC08497-scaled-1.jpg","contentUrl":"https:\/\/fpsuperiorufv.es\/blog\/wp-content\/uploads\/2025\/08\/DSC08497-scaled-1.jpg","width":2560,"height":1707},{"@type":"BreadcrumbList","@id":"https:\/\/fpsuperiorufv.es\/blog\/que-carrera-hacer-despues-de-integracion-social-blog\/#breadcrumb","itemListElement":[{"@type":"ListItem","position":1,"name":"Home","item":"https:\/\/fpsuperiorufv.es\/blog\/"},{"@type":"ListItem","position":2,"name":"\u00bfQu\u00e9 carrera hacer despu\u00e9s de Integraci\u00f3n Social?"}]},{"@type":"WebSite","@id":"https:\/\/fpsuperiorufv.es\/blog\/#website","url":"https:\/\/fpsuperiorufv.es\/blog\/","name":"Fp Superior Francisco de Vitoria","description":"","publisher":{"@id":"https:\/\/fpsuperiorufv.es\/blog\/#organization"},"alternateName":"Cetys","potentialAction":[{"@type":"SearchAction","target":{"@type":"EntryPoint","urlTemplate":"https:\/\/fpsuperiorufv.es\/blog\/?s={search_term_string}"},"query-input":{"@type":"PropertyValueSpecification","valueRequired":true,"valueName":"search_term_string"}}],"inLanguage":"es"},{"@type":"Organization","@id":"https:\/\/fpsuperiorufv.es\/blog\/#organization","name":"Cetys","url":"https:\/\/fpsuperiorufv.es\/blog\/","logo":{"@type":"ImageObject","inLanguage":"es","@id":"https:\/\/fpsuperiorufv.es\/blog\/#\/schema\/logo\/image\/","url":"https:\/\/fpsuperiorufv.lo\/wp-content\/uploads\/2025\/02\/logo.svg","contentUrl":"https:\/\/fpsuperiorufv.lo\/wp-content\/uploads\/2025\/02\/logo.svg","width":"1024","height":"1024","caption":"Cetys"},"image":{"@id":"https:\/\/fpsuperiorufv.es\/blog\/#\/schema\/logo\/image\/"}},{"@type":"Person","@id":"https:\/\/fpsuperiorufv.es\/blog\/#\/schema\/person\/c7ac6e2e7af298050da8d956ac824347","name":"FP Superior UFV","image":{"@type":"ImageObject","inLanguage":"es","@id":"https:\/\/secure.gravatar.com\/avatar\/002af9a4377d87096f281de7725cae2f359bff0b0b7439b98b80936e58af2d91?s=96&d=mm&r=g","url":"https:\/\/secure.gravatar.com\/avatar\/002af9a4377d87096f281de7725cae2f359bff0b0b7439b98b80936e58af2d91?s=96&d=mm&r=g","contentUrl":"https:\/\/secure.gravatar.com\/avatar\/002af9a4377d87096f281de7725cae2f359bff0b0b7439b98b80936e58af2d91?s=96&d=mm&r=g","caption":"FP Superior UFV"},"sameAs":["https:\/\/fpsuperiorufv.lo"],"url":"https:\/\/fpsuperiorufv.es\/blog\/author\/administrador\/"}]}},"_links":{"self":[{"href":"https:\/\/fpsuperiorufv.es\/blog\/wp-json\/wp\/v2\/posts\/3181","targetHints":{"allow":["GET"]}}],"collection":[{"href":"https:\/\/fpsuperiorufv.es\/blog\/wp-json\/wp\/v2\/posts"}],"about":[{"href":"https:\/\/fpsuperiorufv.es\/blog\/wp-json\/wp\/v2\/types\/post"}],"author":[{"embeddable":true,"href":"https:\/\/fpsuperiorufv.es\/blog\/wp-json\/wp\/v2\/users\/1"}],"replies":[{"embeddable":true,"href":"https:\/\/fpsuperiorufv.es\/blog\/wp-json\/wp\/v2\/comments?post=3181"}],"version-history":[{"count":1,"href":"https:\/\/fpsuperiorufv.es\/blog\/wp-json\/wp\/v2\/posts\/3181\/revisions"}],"predecessor-version":[{"id":3251,"href":"https:\/\/fpsuperiorufv.es\/blog\/wp-json\/wp\/v2\/posts\/3181\/revisions\/3251"}],"wp:featuredmedia":[{"embeddable":true,"href":"https:\/\/fpsuperiorufv.es\/blog\/wp-json\/wp\/v2\/media\/2698"}],"wp:attachment":[{"href":"https:\/\/fpsuperiorufv.es\/blog\/wp-json\/wp\/v2\/media?parent=3181"}],"wp:term":[{"taxonomy":"category","embeddable":true,"href":"https:\/\/fpsuperiorufv.es\/blog\/wp-json\/wp\/v2\/categories?post=3181"},{"taxonomy":"post_tag","embeddable":true,"href":"https:\/\/fpsuperiorufv.es\/blog\/wp-json\/wp\/v2\/tags?post=3181"}],"curies":[{"name":"wp","href":"https:\/\/api.w.org\/{rel}","templated":true}]}}