{"id":3186,"date":"2025-12-11T12:02:33","date_gmt":"2025-12-11T11:02:33","guid":{"rendered":"https:\/\/fpsuperiorufv.es\/blog\/?p=3186"},"modified":"2025-12-15T14:34:38","modified_gmt":"2025-12-15T13:34:38","slug":"que-salidas-tiene-la-integracion-social-blog-2","status":"publish","type":"post","link":"https:\/\/fpsuperiorufv.es\/blog\/que-salidas-tiene-la-integracion-social-blog-2\/","title":{"rendered":"\u00bfQu\u00e9 salidas tiene la integraci\u00f3n social?"},"content":{"rendered":"<p><\/p>\n\n<p><span style=\"font-weight: 400;\">La educaci\u00f3n social es un campo apasionante y lleno de oportunidades. Nos permite trabajar en la mejora de la calidad de vida de las personas y en la construcci\u00f3n de una sociedad m\u00e1s inclusiva. Si te est\u00e1s planteando formarte en este \u00e1mbito, \u00a1est\u00e1s en el lugar correcto! En este art\u00edculo, exploraremos las diversas salidas profesionales que ofrece la educaci\u00f3n social y c\u00f3mo puedes aprovecharlas al m\u00e1ximo.<\/span><\/p>\n<h2>Curiosidades y datos interesantes sobre la educaci\u00f3n social<\/h2>\n<ul>\n<li>En Espa\u00f1a, m\u00e1s de 200.000 profesionales trabajan en el \u00e1mbito de la educaci\u00f3n social.<\/li>\n<li>El 60% de los educadores sociales trabaja en el \u00e1mbito de la intervenci\u00f3n social.<\/li>\n<li>La demanda de educadores sociales ha crecido un 20% en la \u00faltima d\u00e9cada.<\/li>\n<li>Las tasas de empleo en este sector son superiores al 80% tras finalizar la formaci\u00f3n.<\/li>\n<li>Los educadores sociales pueden desempe\u00f1ar su labor en diversos entornos, desde escuelas hasta comunidades de vecinos.<\/li>\n<\/ul>\n<h2>Salidas profesionales en integraci\u00f3n social<\/h2>\n<p><span style=\"font-weight: 400;\">Las salidas profesionales en intagraci\u00f3n social son muy variadas y se adaptan a diferentes intereses y habilidades. Algunos de los campos en los que podemos trabajar incluyen:<\/span><\/p>\n<h3>1. Intervenci\u00f3n social<\/h3>\n<p><span style=\"font-weight: 400;\">En este \u00e1mbito, los educadores sociales trabajan con grupos en riesgo de exclusi\u00f3n social, como:<\/span><\/p>\n<ul>\n<li>Personas sin hogar<\/li>\n<li>Minor\u00edas \u00e9tnicas<\/li>\n<li>Adolescentes en conflicto<\/li>\n<li>Personas con discapacidad<\/li>\n<\/ul>\n<p><span style=\"font-weight: 400;\">La intervenci\u00f3n social busca mejorar las condiciones de vida de estos colectivos y promover su integraci\u00f3n en la sociedad.<\/span><\/p>\n<h3>2. Educaci\u00f3n no formal<\/h3>\n<p><span style=\"font-weight: 400;\">En este sector, podemos desarrollar programas educativos fuera del sistema formal, como:<\/span><\/p>\n<ul>\n<li>Talleres de habilidades<\/li>\n<li>Actividades recreativas<\/li>\n<li>Programas de sensibilizaci\u00f3n<\/li>\n<\/ul>\n<p><span style=\"font-weight: 400;\">El objetivo es fomentar el aprendizaje y el desarrollo personal de las personas involucradas.<\/span><\/p>\n<h3>3. Mediaci\u00f3n y resoluci\u00f3n de conflictos<\/h3>\n<p><span style=\"font-weight: 400;\">La mediaci\u00f3n es un \u00e1rea en crecimiento. Los educadores sociales pueden ayudar a resolver conflictos en diversos contextos, como:<\/span><\/p>\n<ul>\n<li>Escuelas<\/li>\n<li>Comunidades<\/li>\n<li>Familias<\/li>\n<\/ul>\n<p><span style=\"font-weight: 400;\">La mediaci\u00f3n busca alcanzar acuerdos y promover una convivencia pac\u00edfica.<\/span><\/p>\n<h3>4. Orientaci\u00f3n y asesoramiento<\/h3>\n<p><span style=\"font-weight: 400;\">En este \u00e1mbito, los educadores sociales pueden brindar apoyo a:<\/span><\/p>\n<ul>\n<li>Estudiantes en riesgo de abandono escolar<\/li>\n<li>Personas en b\u00fasqueda de empleo<\/li>\n<li>Familias en crisis<\/li>\n<\/ul>\n<p><span style=\"font-weight: 400;\">El asesoramiento es clave para ayudar a las personas a encontrar su camino y tomar decisiones informadas.<\/span><\/p>\n<h3>5. Trabajo en instituciones p\u00fablicas y ONG<\/h3>\n<p><span style=\"font-weight: 400;\">Las instituciones p\u00fablicas y las organizaciones no gubernamentales son grandes empleadores de educadores sociales. Podemos encontrar oportunidades en:<\/span><\/p>\n<ul>\n<li>Centros de atenci\u00f3n a menores<\/li>\n<li>Programas de prevenci\u00f3n de la violencia<\/li>\n<li>Centros de d\u00eda para personas mayores<\/li>\n<\/ul>\n<p><span style=\"font-weight: 400;\">Trabajar en estas entidades nos permite impactar directamente en la vida de muchas personas.<\/span><\/p>\n<h2>\u00bfPor qu\u00e9 estudiar el T\u00e9cnico Superior en Integraci\u00f3n Social a distancia?<\/h2>\n<p><span style=\"font-weight: 400;\">Si te interesa la educaci\u00f3n social, una de las mejores opciones es formarte como T\u00e9cnico Superior en Integraci\u00f3n Social. Este ciclo formativo te ofrece:<\/span><\/p>\n<ul>\n<li>Una formaci\u00f3n completa y actualizada en el \u00e1mbito de la intervenci\u00f3n social.<\/li>\n<li>La posibilidad de estudiar a distancia, adaptando la formaci\u00f3n a tus necesidades.<\/li>\n<li>Una gran variedad de pr\u00e1cticas que te permitir\u00e1n aplicar los conocimientos adquiridos.<\/li>\n<\/ul>\n<p><span style=\"font-weight: 400;\">Con nosotros, podr\u00e1s acceder a una educaci\u00f3n de calidad que te abrir\u00e1 las puertas a un futuro profesional prometedor. Para m\u00e1s informaci\u00f3n, puedes visitar nuestra p\u00e1gina de <a href=\"https:\/\/fpsuperiorufv.es\/tecnico-superior-en-integracion-social-a-distancia\/\">T\u00e9cnico Superior en Integraci\u00f3n Social a distancia<\/a>.<\/span><\/p>\n<h2>Perspectivas laborales y futuro en la educaci\u00f3n social<\/h2>\n<p><span style=\"font-weight: 400;\">El futuro del sector de la educaci\u00f3n social es muy prometedor. La creciente conciencia sobre la importancia de la inclusi\u00f3n y el bienestar social ha llevado a un aumento en la demanda de profesionales capacitados. A medida que la poblaci\u00f3n envejece y la diversidad cultural aumenta, las oportunidades laborales seguir\u00e1n expandi\u00e9ndose. Algunas de las tendencias que marcar\u00e1n el futuro son:<\/span><\/p>\n<ul>\n<li>El crecimiento de programas de intervenci\u00f3n social en comunidades multiculturales.<\/li>\n<li>La necesidad de profesionales en el \u00e1mbito de la salud mental.<\/li>\n<li>El aumento de la importancia de la educaci\u00f3n emocional en las escuelas.<\/li>\n<\/ul>\n<h2>Preguntas frecuentes<\/h2>\n<h3>1. \u00bfQu\u00e9 habilidades necesito para trabajar en educaci\u00f3n social?<\/h3>\n<p><span style=\"font-weight: 400;\">Las habilidades m\u00e1s valoradas incluyen la empat\u00eda, la comunicaci\u00f3n efectiva, la resoluci\u00f3n de conflictos y la capacidad de trabajar en equipo.<\/span><\/p>\n<h3>2. \u00bfEs necesario tener experiencia previa para estudiar el T\u00e9cnico Superior en Integraci\u00f3n Social?<\/h3>\n<p><span style=\"font-weight: 400;\">No es necesario tener experiencia previa, pero es recomendable tener inter\u00e9s en el \u00e1mbito social y ganas de aprender.<\/span><\/p>\n<h3>3. \u00bfQu\u00e9 tipo de pr\u00e1cticas se realizan durante el ciclo formativo?<\/h3>\n<p><span style=\"font-weight: 400;\">Las pr\u00e1cticas se realizan en diversos entornos, como centros de atenci\u00f3n a menores, instituciones p\u00fablicas y ONG, y permiten aplicar lo aprendido en un contexto real.<\/span><\/p>\n<h3>4. \u00bfCu\u00e1l es el perfil profesional de un T\u00e9cnico Superior en Integraci\u00f3n Social?<\/h3>\n<p><span style=\"font-weight: 400;\">El perfil incluye ser un profesional capacitado para intervenir en situaciones de riesgo, promover la inclusi\u00f3n social y trabajar en equipos multidisciplinarios.<\/span><\/p>\n<h3>5. \u00bfD\u00f3nde puedo trabajar tras finalizar el ciclo formativo?<\/h3>\n<p><span style=\"font-weight: 400;\">Puedes trabajar en instituciones p\u00fablicas, ONG, escuelas, centros de atenci\u00f3n a menores, residencias de mayores, y muchos m\u00e1s.<\/span><\/p>\n<p><span style=\"font-weight: 400;\">Si quieres dar el primer paso hacia una carrera emocionante y enriquecedora, considera matricularte en nuestro T\u00e9cnico Superior en Integraci\u00f3n Social a distancia. \u00a1Estamos aqu\u00ed para ayudarte a construir tu futuro!<\/span><\/p>\n<p><\/p>\n<p><\/p>\n","protected":false},"excerpt":{"rendered":"<p>[vc_section][vc_row][vc_column css=\".vc_custom_1655805738975{margin-top: 0px !important;margin-right: 0px !important;margin-bottom: 0px !important;margin-left: 0px !important;}\"][vc_breadcrumbs_module][\/vc_column][\/vc_row][\/vc_section][vc_section][vc_row el_class=\"container\" css=\".vc_custom_1655802988397{padding-top: 50px !important;padding-bottom: 50px !important;}\"][vc_column][vc_single_image source=\"featured_image\" img_size=\"full\" alignment=\"center\" css=\".vc_custom_1660030768789{padding-top: 20px !important;padding-bottom: 20px !important;}\"][vc_column_text] La educaci\u00f3n social es un campo apasionante y lleno de oportunidades. Nos permite trabajar en la mejora de la calidad de vida de las personas y en la construcci\u00f3n de una &hellip;<\/p>\n","protected":false},"author":1,"featured_media":2690,"comment_status":"closed","ping_status":"open","sticky":false,"template":"","format":"standard","meta":{"inline_featured_image":false,"footnotes":""},"categories":[9,406,393],"tags":[],"class_list":["post-3186","post","type-post","status-publish","format-standard","has-post-thumbnail","hentry","category-blog","category-integracion-social","category-preguntas-frecuentes"],"yoast_head":"<!-- This site is optimized with the Yoast SEO plugin v27.4 - https:\/\/yoast.com\/product\/yoast-seo-wordpress\/ -->\n<title>\u00bfQu\u00e9 salidas tiene la integraci\u00f3n social? - Cetys<\/title>\n<meta name=\"robots\" content=\"index, follow, max-snippet:-1, max-image-preview:large, max-video-preview:-1\" \/>\n<link rel=\"canonical\" href=\"https:\/\/fpsuperiorufv.es\/blog\/que-salidas-tiene-la-integracion-social-blog-2\/\" \/>\n<meta property=\"og:locale\" content=\"es_ES\" \/>\n<meta property=\"og:type\" content=\"article\" \/>\n<meta property=\"og:title\" content=\"\u00bfQu\u00e9 salidas tiene la integraci\u00f3n social? - Cetys\" \/>\n<meta property=\"og:description\" content=\"La educaci\u00f3n social es un campo apasionante y lleno de oportunidades. Nos permite trabajar en la mejora de la calidad de vida de las personas y en la construcci\u00f3n de una &hellip;\" \/>\n<meta property=\"og:url\" content=\"https:\/\/fpsuperiorufv.es\/blog\/que-salidas-tiene-la-integracion-social-blog-2\/\" \/>\n<meta property=\"og:site_name\" content=\"Cetys\" \/>\n<meta property=\"article:published_time\" content=\"2025-12-11T11:02:33+00:00\" \/>\n<meta property=\"article:modified_time\" content=\"2025-12-15T13:34:38+00:00\" \/>\n<meta property=\"og:image\" content=\"https:\/\/fpsuperiorufv.es\/blog\/wp-content\/uploads\/2025\/08\/EducacionInfantil_013-scaled-1.jpg\" \/>\n\t<meta property=\"og:image:width\" content=\"2560\" \/>\n\t<meta property=\"og:image:height\" content=\"1707\" \/>\n\t<meta property=\"og:image:type\" content=\"image\/jpeg\" \/>\n<meta name=\"author\" content=\"FP Superior UFV\" \/>\n<meta name=\"twitter:card\" content=\"summary_large_image\" \/>\n<meta name=\"twitter:label1\" content=\"Escrito por\" \/>\n\t<meta name=\"twitter:data1\" content=\"FP Superior UFV\" \/>\n\t<meta name=\"twitter:label2\" content=\"Tiempo de lectura\" \/>\n\t<meta name=\"twitter:data2\" content=\"5 minutos\" \/>\n<script type=\"application\/ld+json\" class=\"yoast-schema-graph\">{\"@context\":\"https:\\\/\\\/schema.org\",\"@graph\":[{\"@type\":\"Article\",\"@id\":\"https:\\\/\\\/fpsuperiorufv.es\\\/blog\\\/que-salidas-tiene-la-integracion-social-blog-2\\\/#article\",\"isPartOf\":{\"@id\":\"https:\\\/\\\/fpsuperiorufv.es\\\/blog\\\/que-salidas-tiene-la-integracion-social-blog-2\\\/\"},\"author\":{\"name\":\"FP Superior UFV\",\"@id\":\"https:\\\/\\\/fpsuperiorufv.es\\\/blog\\\/#\\\/schema\\\/person\\\/c7ac6e2e7af298050da8d956ac824347\"},\"headline\":\"\u00bfQu\u00e9 salidas tiene la integraci\u00f3n social?\",\"datePublished\":\"2025-12-11T11:02:33+00:00\",\"dateModified\":\"2025-12-15T13:34:38+00:00\",\"mainEntityOfPage\":{\"@id\":\"https:\\\/\\\/fpsuperiorufv.es\\\/blog\\\/que-salidas-tiene-la-integracion-social-blog-2\\\/\"},\"wordCount\":985,\"publisher\":{\"@id\":\"https:\\\/\\\/fpsuperiorufv.es\\\/blog\\\/#organization\"},\"image\":{\"@id\":\"https:\\\/\\\/fpsuperiorufv.es\\\/blog\\\/que-salidas-tiene-la-integracion-social-blog-2\\\/#primaryimage\"},\"thumbnailUrl\":\"https:\\\/\\\/fpsuperiorufv.es\\\/blog\\\/wp-content\\\/uploads\\\/2025\\\/08\\\/EducacionInfantil_013-scaled-1.jpg\",\"articleSection\":[\"Blog\",\"Integraci\u00f3n Social\",\"Preguntas frecuentes\"],\"inLanguage\":\"es\"},{\"@type\":\"WebPage\",\"@id\":\"https:\\\/\\\/fpsuperiorufv.es\\\/blog\\\/que-salidas-tiene-la-integracion-social-blog-2\\\/\",\"url\":\"https:\\\/\\\/fpsuperiorufv.es\\\/blog\\\/que-salidas-tiene-la-integracion-social-blog-2\\\/\",\"name\":\"\u00bfQu\u00e9 salidas tiene la integraci\u00f3n social? - Cetys\",\"isPartOf\":{\"@id\":\"https:\\\/\\\/fpsuperiorufv.es\\\/blog\\\/#website\"},\"primaryImageOfPage\":{\"@id\":\"https:\\\/\\\/fpsuperiorufv.es\\\/blog\\\/que-salidas-tiene-la-integracion-social-blog-2\\\/#primaryimage\"},\"image\":{\"@id\":\"https:\\\/\\\/fpsuperiorufv.es\\\/blog\\\/que-salidas-tiene-la-integracion-social-blog-2\\\/#primaryimage\"},\"thumbnailUrl\":\"https:\\\/\\\/fpsuperiorufv.es\\\/blog\\\/wp-content\\\/uploads\\\/2025\\\/08\\\/EducacionInfantil_013-scaled-1.jpg\",\"datePublished\":\"2025-12-11T11:02:33+00:00\",\"dateModified\":\"2025-12-15T13:34:38+00:00\",\"breadcrumb\":{\"@id\":\"https:\\\/\\\/fpsuperiorufv.es\\\/blog\\\/que-salidas-tiene-la-integracion-social-blog-2\\\/#breadcrumb\"},\"inLanguage\":\"es\",\"potentialAction\":[{\"@type\":\"ReadAction\",\"target\":[\"https:\\\/\\\/fpsuperiorufv.es\\\/blog\\\/que-salidas-tiene-la-integracion-social-blog-2\\\/\"]}]},{\"@type\":\"ImageObject\",\"inLanguage\":\"es\",\"@id\":\"https:\\\/\\\/fpsuperiorufv.es\\\/blog\\\/que-salidas-tiene-la-integracion-social-blog-2\\\/#primaryimage\",\"url\":\"https:\\\/\\\/fpsuperiorufv.es\\\/blog\\\/wp-content\\\/uploads\\\/2025\\\/08\\\/EducacionInfantil_013-scaled-1.jpg\",\"contentUrl\":\"https:\\\/\\\/fpsuperiorufv.es\\\/blog\\\/wp-content\\\/uploads\\\/2025\\\/08\\\/EducacionInfantil_013-scaled-1.jpg\",\"width\":2560,\"height\":1707},{\"@type\":\"BreadcrumbList\",\"@id\":\"https:\\\/\\\/fpsuperiorufv.es\\\/blog\\\/que-salidas-tiene-la-integracion-social-blog-2\\\/#breadcrumb\",\"itemListElement\":[{\"@type\":\"ListItem\",\"position\":1,\"name\":\"Home\",\"item\":\"https:\\\/\\\/fpsuperiorufv.es\\\/blog\\\/\"},{\"@type\":\"ListItem\",\"position\":2,\"name\":\"\u00bfQu\u00e9 salidas tiene la integraci\u00f3n social?\"}]},{\"@type\":\"WebSite\",\"@id\":\"https:\\\/\\\/fpsuperiorufv.es\\\/blog\\\/#website\",\"url\":\"https:\\\/\\\/fpsuperiorufv.es\\\/blog\\\/\",\"name\":\"Fp Superior Francisco de Vitoria\",\"description\":\"\",\"publisher\":{\"@id\":\"https:\\\/\\\/fpsuperiorufv.es\\\/blog\\\/#organization\"},\"alternateName\":\"Cetys\",\"potentialAction\":[{\"@type\":\"SearchAction\",\"target\":{\"@type\":\"EntryPoint\",\"urlTemplate\":\"https:\\\/\\\/fpsuperiorufv.es\\\/blog\\\/?s={search_term_string}\"},\"query-input\":{\"@type\":\"PropertyValueSpecification\",\"valueRequired\":true,\"valueName\":\"search_term_string\"}}],\"inLanguage\":\"es\"},{\"@type\":\"Organization\",\"@id\":\"https:\\\/\\\/fpsuperiorufv.es\\\/blog\\\/#organization\",\"name\":\"Cetys\",\"url\":\"https:\\\/\\\/fpsuperiorufv.es\\\/blog\\\/\",\"logo\":{\"@type\":\"ImageObject\",\"inLanguage\":\"es\",\"@id\":\"https:\\\/\\\/fpsuperiorufv.es\\\/blog\\\/#\\\/schema\\\/logo\\\/image\\\/\",\"url\":\"https:\\\/\\\/fpsuperiorufv.lo\\\/wp-content\\\/uploads\\\/2025\\\/02\\\/logo.svg\",\"contentUrl\":\"https:\\\/\\\/fpsuperiorufv.lo\\\/wp-content\\\/uploads\\\/2025\\\/02\\\/logo.svg\",\"width\":\"1024\",\"height\":\"1024\",\"caption\":\"Cetys\"},\"image\":{\"@id\":\"https:\\\/\\\/fpsuperiorufv.es\\\/blog\\\/#\\\/schema\\\/logo\\\/image\\\/\"}},{\"@type\":\"Person\",\"@id\":\"https:\\\/\\\/fpsuperiorufv.es\\\/blog\\\/#\\\/schema\\\/person\\\/c7ac6e2e7af298050da8d956ac824347\",\"name\":\"FP Superior UFV\",\"image\":{\"@type\":\"ImageObject\",\"inLanguage\":\"es\",\"@id\":\"https:\\\/\\\/secure.gravatar.com\\\/avatar\\\/002af9a4377d87096f281de7725cae2f359bff0b0b7439b98b80936e58af2d91?s=96&d=mm&r=g\",\"url\":\"https:\\\/\\\/secure.gravatar.com\\\/avatar\\\/002af9a4377d87096f281de7725cae2f359bff0b0b7439b98b80936e58af2d91?s=96&d=mm&r=g\",\"contentUrl\":\"https:\\\/\\\/secure.gravatar.com\\\/avatar\\\/002af9a4377d87096f281de7725cae2f359bff0b0b7439b98b80936e58af2d91?s=96&d=mm&r=g\",\"caption\":\"FP Superior UFV\"},\"sameAs\":[\"https:\\\/\\\/fpsuperiorufv.lo\"],\"url\":\"https:\\\/\\\/fpsuperiorufv.es\\\/blog\\\/author\\\/administrador\\\/\"}]}<\/script>\n<!-- \/ Yoast SEO plugin. -->","yoast_head_json":{"title":"\u00bfQu\u00e9 salidas tiene la integraci\u00f3n social? - Cetys","robots":{"index":"index","follow":"follow","max-snippet":"max-snippet:-1","max-image-preview":"max-image-preview:large","max-video-preview":"max-video-preview:-1"},"canonical":"https:\/\/fpsuperiorufv.es\/blog\/que-salidas-tiene-la-integracion-social-blog-2\/","og_locale":"es_ES","og_type":"article","og_title":"\u00bfQu\u00e9 salidas tiene la integraci\u00f3n social? - Cetys","og_description":"La educaci\u00f3n social es un campo apasionante y lleno de oportunidades. Nos permite trabajar en la mejora de la calidad de vida de las personas y en la construcci\u00f3n de una &hellip;","og_url":"https:\/\/fpsuperiorufv.es\/blog\/que-salidas-tiene-la-integracion-social-blog-2\/","og_site_name":"Cetys","article_published_time":"2025-12-11T11:02:33+00:00","article_modified_time":"2025-12-15T13:34:38+00:00","og_image":[{"width":2560,"height":1707,"url":"https:\/\/fpsuperiorufv.es\/blog\/wp-content\/uploads\/2025\/08\/EducacionInfantil_013-scaled-1.jpg","type":"image\/jpeg"}],"author":"FP Superior UFV","twitter_card":"summary_large_image","twitter_misc":{"Escrito por":"FP Superior UFV","Tiempo de lectura":"5 minutos"},"schema":{"@context":"https:\/\/schema.org","@graph":[{"@type":"Article","@id":"https:\/\/fpsuperiorufv.es\/blog\/que-salidas-tiene-la-integracion-social-blog-2\/#article","isPartOf":{"@id":"https:\/\/fpsuperiorufv.es\/blog\/que-salidas-tiene-la-integracion-social-blog-2\/"},"author":{"name":"FP Superior UFV","@id":"https:\/\/fpsuperiorufv.es\/blog\/#\/schema\/person\/c7ac6e2e7af298050da8d956ac824347"},"headline":"\u00bfQu\u00e9 salidas tiene la integraci\u00f3n social?","datePublished":"2025-12-11T11:02:33+00:00","dateModified":"2025-12-15T13:34:38+00:00","mainEntityOfPage":{"@id":"https:\/\/fpsuperiorufv.es\/blog\/que-salidas-tiene-la-integracion-social-blog-2\/"},"wordCount":985,"publisher":{"@id":"https:\/\/fpsuperiorufv.es\/blog\/#organization"},"image":{"@id":"https:\/\/fpsuperiorufv.es\/blog\/que-salidas-tiene-la-integracion-social-blog-2\/#primaryimage"},"thumbnailUrl":"https:\/\/fpsuperiorufv.es\/blog\/wp-content\/uploads\/2025\/08\/EducacionInfantil_013-scaled-1.jpg","articleSection":["Blog","Integraci\u00f3n Social","Preguntas frecuentes"],"inLanguage":"es"},{"@type":"WebPage","@id":"https:\/\/fpsuperiorufv.es\/blog\/que-salidas-tiene-la-integracion-social-blog-2\/","url":"https:\/\/fpsuperiorufv.es\/blog\/que-salidas-tiene-la-integracion-social-blog-2\/","name":"\u00bfQu\u00e9 salidas tiene la integraci\u00f3n social? - Cetys","isPartOf":{"@id":"https:\/\/fpsuperiorufv.es\/blog\/#website"},"primaryImageOfPage":{"@id":"https:\/\/fpsuperiorufv.es\/blog\/que-salidas-tiene-la-integracion-social-blog-2\/#primaryimage"},"image":{"@id":"https:\/\/fpsuperiorufv.es\/blog\/que-salidas-tiene-la-integracion-social-blog-2\/#primaryimage"},"thumbnailUrl":"https:\/\/fpsuperiorufv.es\/blog\/wp-content\/uploads\/2025\/08\/EducacionInfantil_013-scaled-1.jpg","datePublished":"2025-12-11T11:02:33+00:00","dateModified":"2025-12-15T13:34:38+00:00","breadcrumb":{"@id":"https:\/\/fpsuperiorufv.es\/blog\/que-salidas-tiene-la-integracion-social-blog-2\/#breadcrumb"},"inLanguage":"es","potentialAction":[{"@type":"ReadAction","target":["https:\/\/fpsuperiorufv.es\/blog\/que-salidas-tiene-la-integracion-social-blog-2\/"]}]},{"@type":"ImageObject","inLanguage":"es","@id":"https:\/\/fpsuperiorufv.es\/blog\/que-salidas-tiene-la-integracion-social-blog-2\/#primaryimage","url":"https:\/\/fpsuperiorufv.es\/blog\/wp-content\/uploads\/2025\/08\/EducacionInfantil_013-scaled-1.jpg","contentUrl":"https:\/\/fpsuperiorufv.es\/blog\/wp-content\/uploads\/2025\/08\/EducacionInfantil_013-scaled-1.jpg","width":2560,"height":1707},{"@type":"BreadcrumbList","@id":"https:\/\/fpsuperiorufv.es\/blog\/que-salidas-tiene-la-integracion-social-blog-2\/#breadcrumb","itemListElement":[{"@type":"ListItem","position":1,"name":"Home","item":"https:\/\/fpsuperiorufv.es\/blog\/"},{"@type":"ListItem","position":2,"name":"\u00bfQu\u00e9 salidas tiene la integraci\u00f3n social?"}]},{"@type":"WebSite","@id":"https:\/\/fpsuperiorufv.es\/blog\/#website","url":"https:\/\/fpsuperiorufv.es\/blog\/","name":"Fp Superior Francisco de Vitoria","description":"","publisher":{"@id":"https:\/\/fpsuperiorufv.es\/blog\/#organization"},"alternateName":"Cetys","potentialAction":[{"@type":"SearchAction","target":{"@type":"EntryPoint","urlTemplate":"https:\/\/fpsuperiorufv.es\/blog\/?s={search_term_string}"},"query-input":{"@type":"PropertyValueSpecification","valueRequired":true,"valueName":"search_term_string"}}],"inLanguage":"es"},{"@type":"Organization","@id":"https:\/\/fpsuperiorufv.es\/blog\/#organization","name":"Cetys","url":"https:\/\/fpsuperiorufv.es\/blog\/","logo":{"@type":"ImageObject","inLanguage":"es","@id":"https:\/\/fpsuperiorufv.es\/blog\/#\/schema\/logo\/image\/","url":"https:\/\/fpsuperiorufv.lo\/wp-content\/uploads\/2025\/02\/logo.svg","contentUrl":"https:\/\/fpsuperiorufv.lo\/wp-content\/uploads\/2025\/02\/logo.svg","width":"1024","height":"1024","caption":"Cetys"},"image":{"@id":"https:\/\/fpsuperiorufv.es\/blog\/#\/schema\/logo\/image\/"}},{"@type":"Person","@id":"https:\/\/fpsuperiorufv.es\/blog\/#\/schema\/person\/c7ac6e2e7af298050da8d956ac824347","name":"FP Superior UFV","image":{"@type":"ImageObject","inLanguage":"es","@id":"https:\/\/secure.gravatar.com\/avatar\/002af9a4377d87096f281de7725cae2f359bff0b0b7439b98b80936e58af2d91?s=96&d=mm&r=g","url":"https:\/\/secure.gravatar.com\/avatar\/002af9a4377d87096f281de7725cae2f359bff0b0b7439b98b80936e58af2d91?s=96&d=mm&r=g","contentUrl":"https:\/\/secure.gravatar.com\/avatar\/002af9a4377d87096f281de7725cae2f359bff0b0b7439b98b80936e58af2d91?s=96&d=mm&r=g","caption":"FP Superior UFV"},"sameAs":["https:\/\/fpsuperiorufv.lo"],"url":"https:\/\/fpsuperiorufv.es\/blog\/author\/administrador\/"}]}},"_links":{"self":[{"href":"https:\/\/fpsuperiorufv.es\/blog\/wp-json\/wp\/v2\/posts\/3186","targetHints":{"allow":["GET"]}}],"collection":[{"href":"https:\/\/fpsuperiorufv.es\/blog\/wp-json\/wp\/v2\/posts"}],"about":[{"href":"https:\/\/fpsuperiorufv.es\/blog\/wp-json\/wp\/v2\/types\/post"}],"author":[{"embeddable":true,"href":"https:\/\/fpsuperiorufv.es\/blog\/wp-json\/wp\/v2\/users\/1"}],"replies":[{"embeddable":true,"href":"https:\/\/fpsuperiorufv.es\/blog\/wp-json\/wp\/v2\/comments?post=3186"}],"version-history":[{"count":1,"href":"https:\/\/fpsuperiorufv.es\/blog\/wp-json\/wp\/v2\/posts\/3186\/revisions"}],"predecessor-version":[{"id":3226,"href":"https:\/\/fpsuperiorufv.es\/blog\/wp-json\/wp\/v2\/posts\/3186\/revisions\/3226"}],"wp:featuredmedia":[{"embeddable":true,"href":"https:\/\/fpsuperiorufv.es\/blog\/wp-json\/wp\/v2\/media\/2690"}],"wp:attachment":[{"href":"https:\/\/fpsuperiorufv.es\/blog\/wp-json\/wp\/v2\/media?parent=3186"}],"wp:term":[{"taxonomy":"category","embeddable":true,"href":"https:\/\/fpsuperiorufv.es\/blog\/wp-json\/wp\/v2\/categories?post=3186"},{"taxonomy":"post_tag","embeddable":true,"href":"https:\/\/fpsuperiorufv.es\/blog\/wp-json\/wp\/v2\/tags?post=3186"}],"curies":[{"name":"wp","href":"https:\/\/api.w.org\/{rel}","templated":true}]}}