{"id":3189,"date":"2025-12-03T18:24:32","date_gmt":"2025-12-03T17:24:32","guid":{"rendered":"https:\/\/fpsuperiorufv.es\/blog\/?p=3189"},"modified":"2025-12-15T14:52:59","modified_gmt":"2025-12-15T13:52:59","slug":"que-asignaturas-se-dan-en-integracion-social-blog","status":"publish","type":"post","link":"https:\/\/fpsuperiorufv.es\/blog\/que-asignaturas-se-dan-en-integracion-social-blog\/","title":{"rendered":"\u00bfQu\u00e9 asignaturas se dan en Integraci\u00f3n Social?"},"content":{"rendered":"<p><\/p>\n\n<section><span style=\"font-weight: 400;\"><br \/>\nEn el mundo actual, la inclusi\u00f3n social es m\u00e1s importante que nunca.<br \/>\nSi est\u00e1s interesado en ayudar a las personas en situaciones de vulnerabilidad, el ciclo formativo de<br \/>\n<strong>T\u00e9cnico Superior en Integraci\u00f3n Social<\/strong> es la opci\u00f3n ideal para ti.<br \/>\nEste programa te ofrece una formaci\u00f3n completa que te preparar\u00e1 para trabajar en diversos contextos sociales.<br \/>\nA continuaci\u00f3n, exploraremos las asignaturas que componen este ciclo y c\u00f3mo cada una de ellas contribuye a tu formaci\u00f3n profesional.<br \/>\n<\/span><\/section>\n<section>\n<h2>Curiosidades sobre el Ciclo Formativo en Integraci\u00f3n Social<\/h2>\n<ul>\n<li>El ciclo formativo tiene una duraci\u00f3n de dos a\u00f1os, donde se combinan teor\u00eda y pr\u00e1ctica.<\/li>\n<li>M\u00e1s del 70% de nuestros estudiantes encuentran empleo en el \u00e1mbito social al finalizar sus estudios.<\/li>\n<li>Las asignaturas est\u00e1n orientadas a la pr\u00e1ctica, lo que facilita la inserci\u00f3n laboral.<\/li>\n<li>El ciclo incluye pr\u00e1cticas en empresas y organizaciones del sector, lo que te permitir\u00e1 aplicar lo aprendido.<\/li>\n<li>La formaci\u00f3n se puede realizar a distancia, lo que te da flexibilidad para compaginar tus estudios con otras actividades.<\/li>\n<\/ul>\n<\/section>\n<section>\n<h2>Asignaturas del Ciclo Formativo en Integraci\u00f3n Social<\/h2>\n<p><span style=\"font-weight: 400;\"><br \/>\nDurante el ciclo formativo, estudiar\u00e1s una variedad de asignaturas que te proporcionar\u00e1n las herramientas necesarias para desempe\u00f1arte en el \u00e1mbito de la integraci\u00f3n social.<br \/>\nAqu\u00ed te presentamos las asignaturas m\u00e1s relevantes que encontrar\u00e1s en el programa:<br \/>\n<\/span><\/p>\n<h3>1. Contexto de la intervenci\u00f3n social<\/h3>\n<p><span style=\"font-weight: 400;\"><br \/>\nEsta asignatura es fundamental, ya que te ofrece una visi\u00f3n general sobre el entorno social y los diferentes factores que influyen en la integraci\u00f3n de las personas.<br \/>\nAprender\u00e1s sobre las pol\u00edticas sociales, los recursos disponibles y c\u00f3mo se estructura el sistema de bienestar social en Espa\u00f1a.<br \/>\n<\/span><\/p>\n<h3>2. T\u00e9cnicas de intervenci\u00f3n social<\/h3>\n<p><span style=\"font-weight: 400;\"><br \/>\nAqu\u00ed aprenderemos diferentes metodolog\u00edas y t\u00e9cnicas que podemos aplicar para trabajar con personas en situaciones de riesgo.<br \/>\nDesde el trabajo en grupo hasta la mediaci\u00f3n, esta asignatura te dotar\u00e1 de herramientas pr\u00e1cticas para tu futura carrera.<br \/>\n<\/span><\/p>\n<h3>3. Dise\u00f1o y evaluaci\u00f3n de proyectos de intervenci\u00f3n social<\/h3>\n<p><span style=\"font-weight: 400;\"><br \/>\nEn esta asignatura, nos enfocamos en c\u00f3mo dise\u00f1ar, implementar y evaluar proyectos sociales.<br \/>\nAprender\u00e1s a identificar necesidades, establecer objetivos y medir el impacto de las intervenciones sociales.<br \/>\n<\/span><\/p>\n<h3>4. La comunicaci\u00f3n en la intervenci\u00f3n social<\/h3>\n<p><span style=\"font-weight: 400;\"><br \/>\nLa comunicaci\u00f3n es clave en el trabajo social. En esta asignatura, nos centraremos en desarrollar habilidades comunicativas y de escucha activa,<br \/>\nadem\u00e1s de aprender a trabajar con personas de diferentes contextos culturales.<br \/>\n<\/span><\/p>\n<h3>5. Atenci\u00f3n a las v\u00edctimas de violencia de g\u00e9nero<\/h3>\n<p><span style=\"font-weight: 400;\"><br \/>\nEsta asignatura es especialmente relevante hoy en d\u00eda. Aprenderemos sobre las diferentes formas de violencia de g\u00e9nero,<br \/>\ny c\u00f3mo podemos ofrecer apoyo y recursos a las v\u00edctimas.<br \/>\n<\/span><\/p>\n<h3>6. Mediaci\u00f3n comunitaria<\/h3>\n<p><span style=\"font-weight: 400;\"><br \/>\nEn un mundo donde los conflictos son comunes, esta asignatura te ense\u00f1ar\u00e1 a mediar en situaciones de conflicto en la comunidad.<br \/>\nAprenderemos t\u00e9cnicas de resoluci\u00f3n de conflictos y la importancia de la empat\u00eda en la mediaci\u00f3n.<br \/>\n<\/span><\/p>\n<h3>7. Pr\u00e1cticas en empresas y organizaciones<\/h3>\n<p><span style=\"font-weight: 400;\"><br \/>\nUna parte esencial de tu formaci\u00f3n son las pr\u00e1cticas en el sector. Tendr\u00e1s la oportunidad de aplicar lo aprendido en entornos reales,<br \/>\ntrabajando directamente con profesionales del \u00e1mbito social. Esto te permitir\u00e1 adquirir experiencia y contactos en el sector.<br \/>\n<\/span><\/p>\n<p><span style=\"font-weight: 400;\"><br \/>\nSi te interesa conocer m\u00e1s sobre el programa, no dudes en visitar nuestra p\u00e1gina sobre el<br \/>\n<a href=\"https:\/\/fpsuperiorufv.es\/tecnico-superior-en-integracion-social-a-distancia\/\">T\u00e9cnico Superior en Integraci\u00f3n Social a distancia<\/a>.<br \/>\n<\/span><\/p>\n<\/section>\n<section>\n<h2>\u00bfPor qu\u00e9 elegir el ciclo formativo en Integraci\u00f3n Social?<\/h2>\n<p><span style=\"font-weight: 400;\"><br \/>\nElegir este ciclo formativo no solo es una decisi\u00f3n acad\u00e9mica, sino tambi\u00e9n una elecci\u00f3n de vida.<br \/>\nTe proporcionar\u00e1 la oportunidad de hacer una diferencia en la vida de las personas.<br \/>\nAqu\u00ed te dejamos algunas razones para elegir este camino:<br \/>\n<\/span><\/p>\n<ul>\n<li><strong>Contribuci\u00f3n social:<\/strong> Te permitir\u00e1 ayudar a los dem\u00e1s y contribuir al bienestar de la sociedad.<\/li>\n<li><strong>Amplias salidas laborales:<\/strong> Existen m\u00faltiples \u00e1reas donde podr\u00e1s trabajar, desde ONG hasta instituciones p\u00fablicas.<\/li>\n<li><strong>Formaci\u00f3n continua:<\/strong> Siempre hay oportunidades para seguir form\u00e1ndote y especializ\u00e1ndote en diferentes \u00e1reas.<\/li>\n<li><strong>Desarrollo personal:<\/strong> Aprender\u00e1s mucho sobre ti mismo y sobre c\u00f3mo relacionarte con los dem\u00e1s.<\/li>\n<\/ul>\n<\/section>\n<section>\n<h2>Preguntas Frecuentes<\/h2>\n<h3>\u00bfQu\u00e9 salidas laborales tiene el ciclo formativo en Integraci\u00f3n Social?<\/h3>\n<p><span style=\"font-weight: 400;\"><br \/>\nPodr\u00e1s trabajar en diversas \u00e1reas, como educador social, mediador comunitario, t\u00e9cnico en programas de inclusi\u00f3n,<br \/>\ny en organizaciones no gubernamentales, entre otros.<br \/>\n<\/span><\/p>\n<h3>\u00bfPuedo estudiar a distancia?<\/h3>\n<p><span style=\"font-weight: 400;\"><br \/>\nS\u00ed, ofrecemos la modalidad a distancia, que te permite organizar tu tiempo y compaginar tus estudios con otras responsabilidades.<br \/>\n<\/span><\/p>\n<h3>\u00bfHay pr\u00e1cticas incluidas en el programa?<\/h3>\n<p><span style=\"font-weight: 400;\"><br \/>\nS\u00ed, el ciclo incluye un m\u00f3dulo de pr\u00e1cticas en empresas y organizaciones, donde podr\u00e1s aplicar lo aprendido en un entorno real.<br \/>\n<\/span><\/p>\n<h3>\u00bfQu\u00e9 requisitos necesito para acceder al ciclo formativo?<\/h3>\n<p><span style=\"font-weight: 400;\"><br \/>\nNecesitar\u00e1s tener el t\u00edtulo de Bachillerato, de Formaci\u00f3n Profesional de Grado Medio o cumplir con los requisitos de acceso a la universidad.<br \/>\n<\/span><\/p>\n<h3>\u00bfC\u00f3mo puedo matricularme?<\/h3>\n<p><span style=\"font-weight: 400;\"><br \/>\nPuedes obtener m\u00e1s informaci\u00f3n y matricularte a trav\u00e9s de nuestra web, en la secci\u00f3n del<br \/>\n<a href=\"https:\/\/fpsuperiorufv.es\/tecnico-superior-en-integracion-social-a-distancia\/\">T\u00e9cnico Superior en Integraci\u00f3n Social a distancia<\/a>.<br \/>\n<\/span><\/p>\n<\/section>\n<footer><span style=\"font-weight: 400;\">\u00a1No pierdas la oportunidad de convertirte en un profesional en el \u00e1mbito de la integraci\u00f3n social!<br \/>\nTe esperamos en el ciclo formativo de FP Superior Francisco de Vitoria.<\/span><\/footer>\n<p><\/p>\n<p><\/p>\n","protected":false},"excerpt":{"rendered":"<p>[vc_section][vc_row][vc_column css=\".vc_custom_1655805738975{margin-top: 0px !important;margin-right: 0px !important;margin-bottom: 0px !important;margin-left: 0px !important;}\"][vc_breadcrumbs_module][\/vc_column][\/vc_row][\/vc_section][vc_section][vc_row el_class=\"container\" css=\".vc_custom_1655802988397{padding-top: 50px !important;padding-bottom: 50px !important;}\"][vc_column][vc_single_image source=\"featured_image\" img_size=\"full\" alignment=\"center\" css=\".vc_custom_1660030768789{padding-top: 20px !important;padding-bottom: 20px !important;}\"][vc_column_text] En el mundo actual, la inclusi\u00f3n social es m\u00e1s importante que nunca. Si est\u00e1s interesado en ayudar a las personas en situaciones de vulnerabilidad, el ciclo formativo de T\u00e9cnico Superior en &hellip;<\/p>\n","protected":false},"author":1,"featured_media":3190,"comment_status":"closed","ping_status":"open","sticky":false,"template":"","format":"standard","meta":{"inline_featured_image":false,"footnotes":""},"categories":[9,406,393],"tags":[],"class_list":["post-3189","post","type-post","status-publish","format-standard","has-post-thumbnail","hentry","category-blog","category-integracion-social","category-preguntas-frecuentes"],"yoast_head":"<!-- This site is optimized with the Yoast SEO plugin v27.4 - https:\/\/yoast.com\/product\/yoast-seo-wordpress\/ -->\n<title>\u00bfQu\u00e9 asignaturas se dan en Integraci\u00f3n Social? - Cetys<\/title>\n<meta name=\"robots\" content=\"index, follow, max-snippet:-1, max-image-preview:large, max-video-preview:-1\" \/>\n<link rel=\"canonical\" href=\"https:\/\/fpsuperiorufv.es\/blog\/que-asignaturas-se-dan-en-integracion-social-blog\/\" \/>\n<meta property=\"og:locale\" content=\"es_ES\" \/>\n<meta property=\"og:type\" content=\"article\" \/>\n<meta property=\"og:title\" content=\"\u00bfQu\u00e9 asignaturas se dan en Integraci\u00f3n Social? - Cetys\" \/>\n<meta property=\"og:description\" content=\"En el mundo actual, la inclusi\u00f3n social es m\u00e1s importante que nunca. Si est\u00e1s interesado en ayudar a las personas en situaciones de vulnerabilidad, el ciclo formativo de T\u00e9cnico Superior en &hellip;\" \/>\n<meta property=\"og:url\" content=\"https:\/\/fpsuperiorufv.es\/blog\/que-asignaturas-se-dan-en-integracion-social-blog\/\" \/>\n<meta property=\"og:site_name\" content=\"Cetys\" \/>\n<meta property=\"article:published_time\" content=\"2025-12-03T17:24:32+00:00\" \/>\n<meta property=\"article:modified_time\" content=\"2025-12-15T13:52:59+00:00\" \/>\n<meta property=\"og:image\" content=\"https:\/\/fpsuperiorufv.es\/blog\/wp-content\/uploads\/2025\/11\/padres-nino-pasan-tiempo-juntos-al-aire-libre-1-scaled-1.jpg\" \/>\n\t<meta property=\"og:image:width\" content=\"2560\" \/>\n\t<meta property=\"og:image:height\" content=\"1440\" \/>\n\t<meta property=\"og:image:type\" content=\"image\/jpeg\" \/>\n<meta name=\"author\" content=\"FP Superior UFV\" \/>\n<meta name=\"twitter:card\" content=\"summary_large_image\" \/>\n<meta name=\"twitter:label1\" content=\"Escrito por\" \/>\n\t<meta name=\"twitter:data1\" content=\"FP Superior UFV\" \/>\n\t<meta name=\"twitter:label2\" content=\"Tiempo de lectura\" \/>\n\t<meta name=\"twitter:data2\" content=\"4 minutos\" \/>\n<script type=\"application\/ld+json\" class=\"yoast-schema-graph\">{\"@context\":\"https:\\\/\\\/schema.org\",\"@graph\":[{\"@type\":\"Article\",\"@id\":\"https:\\\/\\\/fpsuperiorufv.es\\\/blog\\\/que-asignaturas-se-dan-en-integracion-social-blog\\\/#article\",\"isPartOf\":{\"@id\":\"https:\\\/\\\/fpsuperiorufv.es\\\/blog\\\/que-asignaturas-se-dan-en-integracion-social-blog\\\/\"},\"author\":{\"name\":\"FP Superior UFV\",\"@id\":\"https:\\\/\\\/fpsuperiorufv.es\\\/blog\\\/#\\\/schema\\\/person\\\/c7ac6e2e7af298050da8d956ac824347\"},\"headline\":\"\u00bfQu\u00e9 asignaturas se dan en Integraci\u00f3n Social?\",\"datePublished\":\"2025-12-03T17:24:32+00:00\",\"dateModified\":\"2025-12-15T13:52:59+00:00\",\"mainEntityOfPage\":{\"@id\":\"https:\\\/\\\/fpsuperiorufv.es\\\/blog\\\/que-asignaturas-se-dan-en-integracion-social-blog\\\/\"},\"wordCount\":998,\"publisher\":{\"@id\":\"https:\\\/\\\/fpsuperiorufv.es\\\/blog\\\/#organization\"},\"image\":{\"@id\":\"https:\\\/\\\/fpsuperiorufv.es\\\/blog\\\/que-asignaturas-se-dan-en-integracion-social-blog\\\/#primaryimage\"},\"thumbnailUrl\":\"https:\\\/\\\/fpsuperiorufv.es\\\/blog\\\/wp-content\\\/uploads\\\/2025\\\/11\\\/padres-nino-pasan-tiempo-juntos-al-aire-libre-1-scaled-1.jpg\",\"articleSection\":[\"Blog\",\"Integraci\u00f3n Social\",\"Preguntas frecuentes\"],\"inLanguage\":\"es\"},{\"@type\":\"WebPage\",\"@id\":\"https:\\\/\\\/fpsuperiorufv.es\\\/blog\\\/que-asignaturas-se-dan-en-integracion-social-blog\\\/\",\"url\":\"https:\\\/\\\/fpsuperiorufv.es\\\/blog\\\/que-asignaturas-se-dan-en-integracion-social-blog\\\/\",\"name\":\"\u00bfQu\u00e9 asignaturas se dan en Integraci\u00f3n Social? - Cetys\",\"isPartOf\":{\"@id\":\"https:\\\/\\\/fpsuperiorufv.es\\\/blog\\\/#website\"},\"primaryImageOfPage\":{\"@id\":\"https:\\\/\\\/fpsuperiorufv.es\\\/blog\\\/que-asignaturas-se-dan-en-integracion-social-blog\\\/#primaryimage\"},\"image\":{\"@id\":\"https:\\\/\\\/fpsuperiorufv.es\\\/blog\\\/que-asignaturas-se-dan-en-integracion-social-blog\\\/#primaryimage\"},\"thumbnailUrl\":\"https:\\\/\\\/fpsuperiorufv.es\\\/blog\\\/wp-content\\\/uploads\\\/2025\\\/11\\\/padres-nino-pasan-tiempo-juntos-al-aire-libre-1-scaled-1.jpg\",\"datePublished\":\"2025-12-03T17:24:32+00:00\",\"dateModified\":\"2025-12-15T13:52:59+00:00\",\"breadcrumb\":{\"@id\":\"https:\\\/\\\/fpsuperiorufv.es\\\/blog\\\/que-asignaturas-se-dan-en-integracion-social-blog\\\/#breadcrumb\"},\"inLanguage\":\"es\",\"potentialAction\":[{\"@type\":\"ReadAction\",\"target\":[\"https:\\\/\\\/fpsuperiorufv.es\\\/blog\\\/que-asignaturas-se-dan-en-integracion-social-blog\\\/\"]}]},{\"@type\":\"ImageObject\",\"inLanguage\":\"es\",\"@id\":\"https:\\\/\\\/fpsuperiorufv.es\\\/blog\\\/que-asignaturas-se-dan-en-integracion-social-blog\\\/#primaryimage\",\"url\":\"https:\\\/\\\/fpsuperiorufv.es\\\/blog\\\/wp-content\\\/uploads\\\/2025\\\/11\\\/padres-nino-pasan-tiempo-juntos-al-aire-libre-1-scaled-1.jpg\",\"contentUrl\":\"https:\\\/\\\/fpsuperiorufv.es\\\/blog\\\/wp-content\\\/uploads\\\/2025\\\/11\\\/padres-nino-pasan-tiempo-juntos-al-aire-libre-1-scaled-1.jpg\",\"width\":2560,\"height\":1440},{\"@type\":\"BreadcrumbList\",\"@id\":\"https:\\\/\\\/fpsuperiorufv.es\\\/blog\\\/que-asignaturas-se-dan-en-integracion-social-blog\\\/#breadcrumb\",\"itemListElement\":[{\"@type\":\"ListItem\",\"position\":1,\"name\":\"Home\",\"item\":\"https:\\\/\\\/fpsuperiorufv.es\\\/blog\\\/\"},{\"@type\":\"ListItem\",\"position\":2,\"name\":\"\u00bfQu\u00e9 asignaturas se dan en Integraci\u00f3n Social?\"}]},{\"@type\":\"WebSite\",\"@id\":\"https:\\\/\\\/fpsuperiorufv.es\\\/blog\\\/#website\",\"url\":\"https:\\\/\\\/fpsuperiorufv.es\\\/blog\\\/\",\"name\":\"Fp Superior Francisco de Vitoria\",\"description\":\"\",\"publisher\":{\"@id\":\"https:\\\/\\\/fpsuperiorufv.es\\\/blog\\\/#organization\"},\"alternateName\":\"Cetys\",\"potentialAction\":[{\"@type\":\"SearchAction\",\"target\":{\"@type\":\"EntryPoint\",\"urlTemplate\":\"https:\\\/\\\/fpsuperiorufv.es\\\/blog\\\/?s={search_term_string}\"},\"query-input\":{\"@type\":\"PropertyValueSpecification\",\"valueRequired\":true,\"valueName\":\"search_term_string\"}}],\"inLanguage\":\"es\"},{\"@type\":\"Organization\",\"@id\":\"https:\\\/\\\/fpsuperiorufv.es\\\/blog\\\/#organization\",\"name\":\"Cetys\",\"url\":\"https:\\\/\\\/fpsuperiorufv.es\\\/blog\\\/\",\"logo\":{\"@type\":\"ImageObject\",\"inLanguage\":\"es\",\"@id\":\"https:\\\/\\\/fpsuperiorufv.es\\\/blog\\\/#\\\/schema\\\/logo\\\/image\\\/\",\"url\":\"https:\\\/\\\/fpsuperiorufv.lo\\\/wp-content\\\/uploads\\\/2025\\\/02\\\/logo.svg\",\"contentUrl\":\"https:\\\/\\\/fpsuperiorufv.lo\\\/wp-content\\\/uploads\\\/2025\\\/02\\\/logo.svg\",\"width\":\"1024\",\"height\":\"1024\",\"caption\":\"Cetys\"},\"image\":{\"@id\":\"https:\\\/\\\/fpsuperiorufv.es\\\/blog\\\/#\\\/schema\\\/logo\\\/image\\\/\"}},{\"@type\":\"Person\",\"@id\":\"https:\\\/\\\/fpsuperiorufv.es\\\/blog\\\/#\\\/schema\\\/person\\\/c7ac6e2e7af298050da8d956ac824347\",\"name\":\"FP Superior UFV\",\"image\":{\"@type\":\"ImageObject\",\"inLanguage\":\"es\",\"@id\":\"https:\\\/\\\/secure.gravatar.com\\\/avatar\\\/002af9a4377d87096f281de7725cae2f359bff0b0b7439b98b80936e58af2d91?s=96&d=mm&r=g\",\"url\":\"https:\\\/\\\/secure.gravatar.com\\\/avatar\\\/002af9a4377d87096f281de7725cae2f359bff0b0b7439b98b80936e58af2d91?s=96&d=mm&r=g\",\"contentUrl\":\"https:\\\/\\\/secure.gravatar.com\\\/avatar\\\/002af9a4377d87096f281de7725cae2f359bff0b0b7439b98b80936e58af2d91?s=96&d=mm&r=g\",\"caption\":\"FP Superior UFV\"},\"sameAs\":[\"https:\\\/\\\/fpsuperiorufv.lo\"],\"url\":\"https:\\\/\\\/fpsuperiorufv.es\\\/blog\\\/author\\\/administrador\\\/\"}]}<\/script>\n<!-- \/ Yoast SEO plugin. -->","yoast_head_json":{"title":"\u00bfQu\u00e9 asignaturas se dan en Integraci\u00f3n Social? - Cetys","robots":{"index":"index","follow":"follow","max-snippet":"max-snippet:-1","max-image-preview":"max-image-preview:large","max-video-preview":"max-video-preview:-1"},"canonical":"https:\/\/fpsuperiorufv.es\/blog\/que-asignaturas-se-dan-en-integracion-social-blog\/","og_locale":"es_ES","og_type":"article","og_title":"\u00bfQu\u00e9 asignaturas se dan en Integraci\u00f3n Social? - Cetys","og_description":"En el mundo actual, la inclusi\u00f3n social es m\u00e1s importante que nunca. Si est\u00e1s interesado en ayudar a las personas en situaciones de vulnerabilidad, el ciclo formativo de T\u00e9cnico Superior en &hellip;","og_url":"https:\/\/fpsuperiorufv.es\/blog\/que-asignaturas-se-dan-en-integracion-social-blog\/","og_site_name":"Cetys","article_published_time":"2025-12-03T17:24:32+00:00","article_modified_time":"2025-12-15T13:52:59+00:00","og_image":[{"width":2560,"height":1440,"url":"https:\/\/fpsuperiorufv.es\/blog\/wp-content\/uploads\/2025\/11\/padres-nino-pasan-tiempo-juntos-al-aire-libre-1-scaled-1.jpg","type":"image\/jpeg"}],"author":"FP Superior UFV","twitter_card":"summary_large_image","twitter_misc":{"Escrito por":"FP Superior UFV","Tiempo de lectura":"4 minutos"},"schema":{"@context":"https:\/\/schema.org","@graph":[{"@type":"Article","@id":"https:\/\/fpsuperiorufv.es\/blog\/que-asignaturas-se-dan-en-integracion-social-blog\/#article","isPartOf":{"@id":"https:\/\/fpsuperiorufv.es\/blog\/que-asignaturas-se-dan-en-integracion-social-blog\/"},"author":{"name":"FP Superior UFV","@id":"https:\/\/fpsuperiorufv.es\/blog\/#\/schema\/person\/c7ac6e2e7af298050da8d956ac824347"},"headline":"\u00bfQu\u00e9 asignaturas se dan en Integraci\u00f3n Social?","datePublished":"2025-12-03T17:24:32+00:00","dateModified":"2025-12-15T13:52:59+00:00","mainEntityOfPage":{"@id":"https:\/\/fpsuperiorufv.es\/blog\/que-asignaturas-se-dan-en-integracion-social-blog\/"},"wordCount":998,"publisher":{"@id":"https:\/\/fpsuperiorufv.es\/blog\/#organization"},"image":{"@id":"https:\/\/fpsuperiorufv.es\/blog\/que-asignaturas-se-dan-en-integracion-social-blog\/#primaryimage"},"thumbnailUrl":"https:\/\/fpsuperiorufv.es\/blog\/wp-content\/uploads\/2025\/11\/padres-nino-pasan-tiempo-juntos-al-aire-libre-1-scaled-1.jpg","articleSection":["Blog","Integraci\u00f3n Social","Preguntas frecuentes"],"inLanguage":"es"},{"@type":"WebPage","@id":"https:\/\/fpsuperiorufv.es\/blog\/que-asignaturas-se-dan-en-integracion-social-blog\/","url":"https:\/\/fpsuperiorufv.es\/blog\/que-asignaturas-se-dan-en-integracion-social-blog\/","name":"\u00bfQu\u00e9 asignaturas se dan en Integraci\u00f3n Social? - Cetys","isPartOf":{"@id":"https:\/\/fpsuperiorufv.es\/blog\/#website"},"primaryImageOfPage":{"@id":"https:\/\/fpsuperiorufv.es\/blog\/que-asignaturas-se-dan-en-integracion-social-blog\/#primaryimage"},"image":{"@id":"https:\/\/fpsuperiorufv.es\/blog\/que-asignaturas-se-dan-en-integracion-social-blog\/#primaryimage"},"thumbnailUrl":"https:\/\/fpsuperiorufv.es\/blog\/wp-content\/uploads\/2025\/11\/padres-nino-pasan-tiempo-juntos-al-aire-libre-1-scaled-1.jpg","datePublished":"2025-12-03T17:24:32+00:00","dateModified":"2025-12-15T13:52:59+00:00","breadcrumb":{"@id":"https:\/\/fpsuperiorufv.es\/blog\/que-asignaturas-se-dan-en-integracion-social-blog\/#breadcrumb"},"inLanguage":"es","potentialAction":[{"@type":"ReadAction","target":["https:\/\/fpsuperiorufv.es\/blog\/que-asignaturas-se-dan-en-integracion-social-blog\/"]}]},{"@type":"ImageObject","inLanguage":"es","@id":"https:\/\/fpsuperiorufv.es\/blog\/que-asignaturas-se-dan-en-integracion-social-blog\/#primaryimage","url":"https:\/\/fpsuperiorufv.es\/blog\/wp-content\/uploads\/2025\/11\/padres-nino-pasan-tiempo-juntos-al-aire-libre-1-scaled-1.jpg","contentUrl":"https:\/\/fpsuperiorufv.es\/blog\/wp-content\/uploads\/2025\/11\/padres-nino-pasan-tiempo-juntos-al-aire-libre-1-scaled-1.jpg","width":2560,"height":1440},{"@type":"BreadcrumbList","@id":"https:\/\/fpsuperiorufv.es\/blog\/que-asignaturas-se-dan-en-integracion-social-blog\/#breadcrumb","itemListElement":[{"@type":"ListItem","position":1,"name":"Home","item":"https:\/\/fpsuperiorufv.es\/blog\/"},{"@type":"ListItem","position":2,"name":"\u00bfQu\u00e9 asignaturas se dan en Integraci\u00f3n Social?"}]},{"@type":"WebSite","@id":"https:\/\/fpsuperiorufv.es\/blog\/#website","url":"https:\/\/fpsuperiorufv.es\/blog\/","name":"Fp Superior Francisco de Vitoria","description":"","publisher":{"@id":"https:\/\/fpsuperiorufv.es\/blog\/#organization"},"alternateName":"Cetys","potentialAction":[{"@type":"SearchAction","target":{"@type":"EntryPoint","urlTemplate":"https:\/\/fpsuperiorufv.es\/blog\/?s={search_term_string}"},"query-input":{"@type":"PropertyValueSpecification","valueRequired":true,"valueName":"search_term_string"}}],"inLanguage":"es"},{"@type":"Organization","@id":"https:\/\/fpsuperiorufv.es\/blog\/#organization","name":"Cetys","url":"https:\/\/fpsuperiorufv.es\/blog\/","logo":{"@type":"ImageObject","inLanguage":"es","@id":"https:\/\/fpsuperiorufv.es\/blog\/#\/schema\/logo\/image\/","url":"https:\/\/fpsuperiorufv.lo\/wp-content\/uploads\/2025\/02\/logo.svg","contentUrl":"https:\/\/fpsuperiorufv.lo\/wp-content\/uploads\/2025\/02\/logo.svg","width":"1024","height":"1024","caption":"Cetys"},"image":{"@id":"https:\/\/fpsuperiorufv.es\/blog\/#\/schema\/logo\/image\/"}},{"@type":"Person","@id":"https:\/\/fpsuperiorufv.es\/blog\/#\/schema\/person\/c7ac6e2e7af298050da8d956ac824347","name":"FP Superior UFV","image":{"@type":"ImageObject","inLanguage":"es","@id":"https:\/\/secure.gravatar.com\/avatar\/002af9a4377d87096f281de7725cae2f359bff0b0b7439b98b80936e58af2d91?s=96&d=mm&r=g","url":"https:\/\/secure.gravatar.com\/avatar\/002af9a4377d87096f281de7725cae2f359bff0b0b7439b98b80936e58af2d91?s=96&d=mm&r=g","contentUrl":"https:\/\/secure.gravatar.com\/avatar\/002af9a4377d87096f281de7725cae2f359bff0b0b7439b98b80936e58af2d91?s=96&d=mm&r=g","caption":"FP Superior UFV"},"sameAs":["https:\/\/fpsuperiorufv.lo"],"url":"https:\/\/fpsuperiorufv.es\/blog\/author\/administrador\/"}]}},"_links":{"self":[{"href":"https:\/\/fpsuperiorufv.es\/blog\/wp-json\/wp\/v2\/posts\/3189","targetHints":{"allow":["GET"]}}],"collection":[{"href":"https:\/\/fpsuperiorufv.es\/blog\/wp-json\/wp\/v2\/posts"}],"about":[{"href":"https:\/\/fpsuperiorufv.es\/blog\/wp-json\/wp\/v2\/types\/post"}],"author":[{"embeddable":true,"href":"https:\/\/fpsuperiorufv.es\/blog\/wp-json\/wp\/v2\/users\/1"}],"replies":[{"embeddable":true,"href":"https:\/\/fpsuperiorufv.es\/blog\/wp-json\/wp\/v2\/comments?post=3189"}],"version-history":[{"count":1,"href":"https:\/\/fpsuperiorufv.es\/blog\/wp-json\/wp\/v2\/posts\/3189\/revisions"}],"predecessor-version":[{"id":3237,"href":"https:\/\/fpsuperiorufv.es\/blog\/wp-json\/wp\/v2\/posts\/3189\/revisions\/3237"}],"wp:featuredmedia":[{"embeddable":true,"href":"https:\/\/fpsuperiorufv.es\/blog\/wp-json\/wp\/v2\/media\/3190"}],"wp:attachment":[{"href":"https:\/\/fpsuperiorufv.es\/blog\/wp-json\/wp\/v2\/media?parent=3189"}],"wp:term":[{"taxonomy":"category","embeddable":true,"href":"https:\/\/fpsuperiorufv.es\/blog\/wp-json\/wp\/v2\/categories?post=3189"},{"taxonomy":"post_tag","embeddable":true,"href":"https:\/\/fpsuperiorufv.es\/blog\/wp-json\/wp\/v2\/tags?post=3189"}],"curies":[{"name":"wp","href":"https:\/\/api.w.org\/{rel}","templated":true}]}}