{"id":3193,"date":"2025-12-05T13:37:59","date_gmt":"2025-12-05T12:37:59","guid":{"rendered":"https:\/\/fpsuperiorufv.es\/blog\/?p=3193"},"modified":"2025-12-15T14:17:58","modified_gmt":"2025-12-15T13:17:58","slug":"que-hacer-despues-de-la-integracion-social-blog","status":"publish","type":"post","link":"https:\/\/fpsuperiorufv.es\/blog\/que-hacer-despues-de-la-integracion-social-blog\/","title":{"rendered":"\u00bfQu\u00e9 hacer despu\u00e9s de la Integraci\u00f3n Social?"},"content":{"rendered":"<p><\/p>\n\n<section><span style=\"font-weight: 400;\">\u00a1Enhorabuena! Has completado el ciclo de <strong>T\u00e9cnico Superior en Integraci\u00f3n Social<\/strong>. Ahora es momento de reflexionar sobre qu\u00e9 pasos seguir para continuar construyendo tu futuro profesional. En este art\u00edculo, te guiar\u00e9 a trav\u00e9s de las diversas opciones que tienes a tu disposici\u00f3n y c\u00f3mo puedes aprovechar al m\u00e1ximo tus habilidades y conocimientos adquiridos.<\/span><\/section>\n<section>\n<h2>Curiosidades y estad\u00edsticas sobre la Integraci\u00f3n Social<\/h2>\n<ul>\n<li>El 80% de los graduados en Integraci\u00f3n Social encuentran empleo en menos de un a\u00f1o.<\/li>\n<li>Los profesionales de la integraci\u00f3n social pueden trabajar en m\u00e1s de 25 \u00e1mbitos diferentes, desde la educaci\u00f3n hasta la salud.<\/li>\n<li>Las habilidades interpersonales son la clave del \u00e9xito en este campo, y el 90% de los empleadores buscan estas competencias en los candidatos.<\/li>\n<li>M\u00e1s del 50% de los integradores sociales se especializan en \u00e1reas como la atenci\u00f3n a la diversidad o la violencia de g\u00e9nero.<\/li>\n<li>Las oportunidades laborales en el \u00e1mbito social est\u00e1n en constante crecimiento, con un aumento del 15% en los \u00faltimos cinco a\u00f1os.<\/li>\n<\/ul>\n<\/section>\n<section>\n<h2>Opciones laborales tras finalizar la Integraci\u00f3n Social<\/h2>\n<p><span style=\"font-weight: 400;\">Una vez que completes tu formaci\u00f3n, tendr\u00e1s una amplia gama de opciones laborales disponibles. Estos son algunos de los caminos que puedes considerar:<\/span><\/p>\n<ul>\n<li><strong>Trabajar en instituciones sociales:<\/strong> Puedes unirte a ONGs, residencias, centros de d\u00eda o programas de atenci\u00f3n a personas con discapacidad.<\/li>\n<li><strong>Educador\/a social:<\/strong> Tu formaci\u00f3n te permitir\u00e1 trabajar en el \u00e1mbito educativo, apoyando a j\u00f3venes en riesgo de exclusi\u00f3n social.<\/li>\n<li><strong>Especialista en mediaci\u00f3n:<\/strong> Puedes convertirte en mediador en conflictos familiares, escolares o comunitarios.<\/li>\n<li><strong>Orientador\/a laboral:<\/strong> Ayuda a personas a encontrar su camino profesional, apoyando su inserci\u00f3n en el mercado laboral.<\/li>\n<li><strong>Promotor\/a de la igualdad:<\/strong> Trabaja en proyectos que fomenten la igualdad de g\u00e9nero y la diversidad.<\/li>\n<\/ul>\n<\/section>\n<section>\n<h2>Continuar form\u00e1ndote<\/h2>\n<p><span style=\"font-weight: 400;\">La formaci\u00f3n continua es esencial para destacar en el \u00e1mbito social. Considera las siguientes opciones:<\/span><\/p>\n<ul>\n<li><strong>M\u00e1ster o postgrados:<\/strong> Especial\u00edzate en \u00e1reas como la intervenci\u00f3n social, la mediaci\u00f3n o la gesti\u00f3n de proyectos.<\/li>\n<li><strong>Cursos de especializaci\u00f3n:<\/strong> Existen m\u00faltiples cursos que te permitir\u00e1n adquirir habilidades espec\u00edficas, como gesti\u00f3n de conflictos o atenci\u00f3n a la diversidad.<\/li>\n<li><strong>Formaci\u00f3n online:<\/strong> Aprovecha la flexibilidad de la educaci\u00f3n a distancia para seguir aprendiendo mientras trabajas.<\/li>\n<\/ul>\n<p><span style=\"font-weight: 400;\">Si est\u00e1s interesado en formarte en este \u00e1mbito, no dudes en explorar nuestro programa de <a href=\"https:\/\/fpsuperiorufv.es\/tecnico-superior-en-integracion-social-a-distancia\/\">T\u00e9cnico Superior en Integraci\u00f3n Social a distancia<\/a>.<\/span><\/p>\n<\/section>\n<section>\n<h2>Emprender un proyecto propio<\/h2>\n<p><span style=\"font-weight: 400;\">Otra alternativa es emprender tu propio proyecto. Aqu\u00ed tienes algunas ideas:<\/span><\/p>\n<ul>\n<li><strong>Crear una consultor\u00eda social:<\/strong> Ofrece servicios a organizaciones que necesiten apoyo en la implementaci\u00f3n de proyectos sociales.<\/li>\n<li><strong>Desarrollar un programa de voluntariado:<\/strong> Organiza y gestiona un programa que conecte a voluntarios con causas sociales.<\/li>\n<li><strong>Iniciar un blog o canal de YouTube:<\/strong> Comparte tus conocimientos y experiencias en el campo de la integraci\u00f3n social.<\/li>\n<\/ul>\n<\/section>\n<section>\n<h2>Redes profesionales y networking<\/h2>\n<p><span style=\"font-weight: 400;\">Formar parte de redes profesionales es crucial para tu desarrollo. Aqu\u00ed te dejo algunas recomendaciones:<\/span><\/p>\n<ul>\n<li><strong>Asiste a conferencias y talleres:<\/strong> Participa en eventos relacionados con la integraci\u00f3n social para conocer a otros profesionales del sector.<\/li>\n<li><strong>\u00danete a asociaciones:<\/strong> Af\u00edliate a organizaciones que trabajen en el \u00e1mbito social para ampliar tu red de contactos.<\/li>\n<li><strong>Con\u00e9ctate en redes sociales:<\/strong> Utiliza plataformas como LinkedIn para conectar con otros profesionales y estar al tanto de oportunidades laborales.<\/li>\n<\/ul>\n<\/section>\n<section>\n<h2>Voluntariado y experiencia pr\u00e1ctica<\/h2>\n<p><span style=\"font-weight: 400;\">El voluntariado es una excelente forma de adquirir experiencia y hacer contactos en el sector. Considera:<\/span><\/p>\n<ul>\n<li><strong>Voluntariado en ONGs:<\/strong> Trabaja en proyectos que te interesen y te permitan aplicar tus conocimientos.<\/li>\n<li><strong>Pr\u00e1cticas profesionales:<\/strong> Busca oportunidades de pr\u00e1cticas en instituciones sociales para ganar experiencia laboral.<\/li>\n<li><strong>Proyectos comunitarios:<\/strong> Invol\u00facrate en iniciativas locales que necesiten apoyo en la gesti\u00f3n social.<\/li>\n<\/ul>\n<\/section>\n<section>\n<h2>Preguntas Frecuentes<\/h2>\n<h3>\u00bfQu\u00e9 tipo de trabajos puedo conseguir con el t\u00edtulo de Integraci\u00f3n Social?<\/h3>\n<p><span style=\"font-weight: 400;\">Con este t\u00edtulo, podr\u00e1s trabajar en diversos \u00e1mbitos, como la educaci\u00f3n, la atenci\u00f3n a personas con discapacidad, y la mediaci\u00f3n social, entre otros.<\/span><\/p>\n<h3>\u00bfEs necesario seguir form\u00e1ndome despu\u00e9s de terminar el ciclo?<\/h3>\n<p><span style=\"font-weight: 400;\">No es obligatorio, pero la formaci\u00f3n continua te ayudar\u00e1 a destacar y a mantenerte actualizado en un sector en constante evoluci\u00f3n.<\/span><\/p>\n<h3>\u00bfD\u00f3nde puedo encontrar ofertas de empleo en Integraci\u00f3n Social?<\/h3>\n<p><span style=\"font-weight: 400;\">Puedes buscar en portales de empleo espec\u00edficos, redes sociales profesionales como LinkedIn, y en p\u00e1ginas de ONGs y organizaciones sociales.<\/span><\/p>\n<h3>\u00bfQu\u00e9 habilidades son m\u00e1s valoradas en el \u00e1mbito de la integraci\u00f3n social?<\/h3>\n<p><span style=\"font-weight: 400;\">Las habilidades interpersonales, la empat\u00eda, la capacidad de resoluci\u00f3n de conflictos y una buena comunicaci\u00f3n son altamente valoradas en este sector.<\/span><\/p>\n<\/section>\n<footer><span style=\"font-weight: 400;\">Si est\u00e1s listo para dar el siguiente paso en tu formaci\u00f3n y carrera, \u00a1explora nuestro programa de <a href=\"https:\/\/fpsuperiorufv.es\/tecnico-superior-en-integracion-social-a-distancia\/\">T\u00e9cnico Superior en Integraci\u00f3n Social a distancia<\/a> y prep\u00e1rate para un futuro lleno de oportunidades!<\/span><\/footer>\n<p><\/p>\n<p><\/p>\n","protected":false},"excerpt":{"rendered":"<p>[vc_section][vc_row][vc_column css=\".vc_custom_1655805738975{margin-top: 0px !important;margin-right: 0px !important;margin-bottom: 0px !important;margin-left: 0px !important;}\"][vc_breadcrumbs_module][\/vc_column][\/vc_row][\/vc_section][vc_section][vc_row el_class=\"container\" css=\".vc_custom_1655802988397{padding-top: 50px !important;padding-bottom: 50px !important;}\"][vc_column][vc_single_image source=\"featured_image\" img_size=\"full\" alignment=\"center\" css=\".vc_custom_1660030768789{padding-top: 20px !important;padding-bottom: 20px !important;}\"][vc_column_text] \u00a1Enhorabuena! Has completado el ciclo de T\u00e9cnico Superior en Integraci\u00f3n Social. Ahora es momento de reflexionar sobre qu\u00e9 pasos seguir para continuar construyendo tu futuro profesional. En este art\u00edculo, te guiar\u00e9 &hellip;<\/p>\n","protected":false},"author":1,"featured_media":2616,"comment_status":"closed","ping_status":"open","sticky":false,"template":"","format":"standard","meta":{"inline_featured_image":false,"footnotes":""},"categories":[9,406,393],"tags":[],"class_list":["post-3193","post","type-post","status-publish","format-standard","has-post-thumbnail","hentry","category-blog","category-integracion-social","category-preguntas-frecuentes"],"yoast_head":"<!-- This site is optimized with the Yoast SEO plugin v27.4 - https:\/\/yoast.com\/product\/yoast-seo-wordpress\/ -->\n<title>\u00bfQu\u00e9 hacer despu\u00e9s de la Integraci\u00f3n Social? - Cetys<\/title>\n<meta name=\"robots\" content=\"index, follow, max-snippet:-1, max-image-preview:large, max-video-preview:-1\" \/>\n<link rel=\"canonical\" href=\"https:\/\/fpsuperiorufv.es\/blog\/que-hacer-despues-de-la-integracion-social-blog\/\" \/>\n<meta property=\"og:locale\" content=\"es_ES\" \/>\n<meta property=\"og:type\" content=\"article\" \/>\n<meta property=\"og:title\" content=\"\u00bfQu\u00e9 hacer despu\u00e9s de la Integraci\u00f3n Social? - Cetys\" \/>\n<meta property=\"og:description\" content=\"\u00a1Enhorabuena! Has completado el ciclo de T\u00e9cnico Superior en Integraci\u00f3n Social. Ahora es momento de reflexionar sobre qu\u00e9 pasos seguir para continuar construyendo tu futuro profesional. En este art\u00edculo, te guiar\u00e9 &hellip;\" \/>\n<meta property=\"og:url\" content=\"https:\/\/fpsuperiorufv.es\/blog\/que-hacer-despues-de-la-integracion-social-blog\/\" \/>\n<meta property=\"og:site_name\" content=\"Cetys\" \/>\n<meta property=\"article:published_time\" content=\"2025-12-05T12:37:59+00:00\" \/>\n<meta property=\"article:modified_time\" content=\"2025-12-15T13:17:58+00:00\" \/>\n<meta property=\"og:image\" content=\"https:\/\/fpsuperiorufv.es\/blog\/wp-content\/uploads\/2025\/08\/fp-superior-ufv.png\" \/>\n\t<meta property=\"og:image:width\" content=\"960\" \/>\n\t<meta property=\"og:image:height\" content=\"540\" \/>\n\t<meta property=\"og:image:type\" content=\"image\/png\" \/>\n<meta name=\"author\" content=\"FP Superior UFV\" \/>\n<meta name=\"twitter:card\" content=\"summary_large_image\" \/>\n<meta name=\"twitter:label1\" content=\"Escrito por\" \/>\n\t<meta name=\"twitter:data1\" content=\"FP Superior UFV\" \/>\n\t<meta name=\"twitter:label2\" content=\"Tiempo de lectura\" \/>\n\t<meta name=\"twitter:data2\" content=\"4 minutos\" \/>\n<script type=\"application\/ld+json\" class=\"yoast-schema-graph\">{\"@context\":\"https:\\\/\\\/schema.org\",\"@graph\":[{\"@type\":\"Article\",\"@id\":\"https:\\\/\\\/fpsuperiorufv.es\\\/blog\\\/que-hacer-despues-de-la-integracion-social-blog\\\/#article\",\"isPartOf\":{\"@id\":\"https:\\\/\\\/fpsuperiorufv.es\\\/blog\\\/que-hacer-despues-de-la-integracion-social-blog\\\/\"},\"author\":{\"name\":\"FP Superior UFV\",\"@id\":\"https:\\\/\\\/fpsuperiorufv.es\\\/blog\\\/#\\\/schema\\\/person\\\/c7ac6e2e7af298050da8d956ac824347\"},\"headline\":\"\u00bfQu\u00e9 hacer despu\u00e9s de la Integraci\u00f3n Social?\",\"datePublished\":\"2025-12-05T12:37:59+00:00\",\"dateModified\":\"2025-12-15T13:17:58+00:00\",\"mainEntityOfPage\":{\"@id\":\"https:\\\/\\\/fpsuperiorufv.es\\\/blog\\\/que-hacer-despues-de-la-integracion-social-blog\\\/\"},\"wordCount\":930,\"publisher\":{\"@id\":\"https:\\\/\\\/fpsuperiorufv.es\\\/blog\\\/#organization\"},\"image\":{\"@id\":\"https:\\\/\\\/fpsuperiorufv.es\\\/blog\\\/que-hacer-despues-de-la-integracion-social-blog\\\/#primaryimage\"},\"thumbnailUrl\":\"https:\\\/\\\/fpsuperiorufv.es\\\/blog\\\/wp-content\\\/uploads\\\/2025\\\/08\\\/fp-superior-ufv.png\",\"articleSection\":[\"Blog\",\"Integraci\u00f3n Social\",\"Preguntas frecuentes\"],\"inLanguage\":\"es\"},{\"@type\":\"WebPage\",\"@id\":\"https:\\\/\\\/fpsuperiorufv.es\\\/blog\\\/que-hacer-despues-de-la-integracion-social-blog\\\/\",\"url\":\"https:\\\/\\\/fpsuperiorufv.es\\\/blog\\\/que-hacer-despues-de-la-integracion-social-blog\\\/\",\"name\":\"\u00bfQu\u00e9 hacer despu\u00e9s de la Integraci\u00f3n Social? - Cetys\",\"isPartOf\":{\"@id\":\"https:\\\/\\\/fpsuperiorufv.es\\\/blog\\\/#website\"},\"primaryImageOfPage\":{\"@id\":\"https:\\\/\\\/fpsuperiorufv.es\\\/blog\\\/que-hacer-despues-de-la-integracion-social-blog\\\/#primaryimage\"},\"image\":{\"@id\":\"https:\\\/\\\/fpsuperiorufv.es\\\/blog\\\/que-hacer-despues-de-la-integracion-social-blog\\\/#primaryimage\"},\"thumbnailUrl\":\"https:\\\/\\\/fpsuperiorufv.es\\\/blog\\\/wp-content\\\/uploads\\\/2025\\\/08\\\/fp-superior-ufv.png\",\"datePublished\":\"2025-12-05T12:37:59+00:00\",\"dateModified\":\"2025-12-15T13:17:58+00:00\",\"breadcrumb\":{\"@id\":\"https:\\\/\\\/fpsuperiorufv.es\\\/blog\\\/que-hacer-despues-de-la-integracion-social-blog\\\/#breadcrumb\"},\"inLanguage\":\"es\",\"potentialAction\":[{\"@type\":\"ReadAction\",\"target\":[\"https:\\\/\\\/fpsuperiorufv.es\\\/blog\\\/que-hacer-despues-de-la-integracion-social-blog\\\/\"]}]},{\"@type\":\"ImageObject\",\"inLanguage\":\"es\",\"@id\":\"https:\\\/\\\/fpsuperiorufv.es\\\/blog\\\/que-hacer-despues-de-la-integracion-social-blog\\\/#primaryimage\",\"url\":\"https:\\\/\\\/fpsuperiorufv.es\\\/blog\\\/wp-content\\\/uploads\\\/2025\\\/08\\\/fp-superior-ufv.png\",\"contentUrl\":\"https:\\\/\\\/fpsuperiorufv.es\\\/blog\\\/wp-content\\\/uploads\\\/2025\\\/08\\\/fp-superior-ufv.png\",\"width\":960,\"height\":540},{\"@type\":\"BreadcrumbList\",\"@id\":\"https:\\\/\\\/fpsuperiorufv.es\\\/blog\\\/que-hacer-despues-de-la-integracion-social-blog\\\/#breadcrumb\",\"itemListElement\":[{\"@type\":\"ListItem\",\"position\":1,\"name\":\"Home\",\"item\":\"https:\\\/\\\/fpsuperiorufv.es\\\/blog\\\/\"},{\"@type\":\"ListItem\",\"position\":2,\"name\":\"\u00bfQu\u00e9 hacer despu\u00e9s de la Integraci\u00f3n Social?\"}]},{\"@type\":\"WebSite\",\"@id\":\"https:\\\/\\\/fpsuperiorufv.es\\\/blog\\\/#website\",\"url\":\"https:\\\/\\\/fpsuperiorufv.es\\\/blog\\\/\",\"name\":\"Fp Superior Francisco de Vitoria\",\"description\":\"\",\"publisher\":{\"@id\":\"https:\\\/\\\/fpsuperiorufv.es\\\/blog\\\/#organization\"},\"alternateName\":\"Cetys\",\"potentialAction\":[{\"@type\":\"SearchAction\",\"target\":{\"@type\":\"EntryPoint\",\"urlTemplate\":\"https:\\\/\\\/fpsuperiorufv.es\\\/blog\\\/?s={search_term_string}\"},\"query-input\":{\"@type\":\"PropertyValueSpecification\",\"valueRequired\":true,\"valueName\":\"search_term_string\"}}],\"inLanguage\":\"es\"},{\"@type\":\"Organization\",\"@id\":\"https:\\\/\\\/fpsuperiorufv.es\\\/blog\\\/#organization\",\"name\":\"Cetys\",\"url\":\"https:\\\/\\\/fpsuperiorufv.es\\\/blog\\\/\",\"logo\":{\"@type\":\"ImageObject\",\"inLanguage\":\"es\",\"@id\":\"https:\\\/\\\/fpsuperiorufv.es\\\/blog\\\/#\\\/schema\\\/logo\\\/image\\\/\",\"url\":\"https:\\\/\\\/fpsuperiorufv.lo\\\/wp-content\\\/uploads\\\/2025\\\/02\\\/logo.svg\",\"contentUrl\":\"https:\\\/\\\/fpsuperiorufv.lo\\\/wp-content\\\/uploads\\\/2025\\\/02\\\/logo.svg\",\"width\":\"1024\",\"height\":\"1024\",\"caption\":\"Cetys\"},\"image\":{\"@id\":\"https:\\\/\\\/fpsuperiorufv.es\\\/blog\\\/#\\\/schema\\\/logo\\\/image\\\/\"}},{\"@type\":\"Person\",\"@id\":\"https:\\\/\\\/fpsuperiorufv.es\\\/blog\\\/#\\\/schema\\\/person\\\/c7ac6e2e7af298050da8d956ac824347\",\"name\":\"FP Superior UFV\",\"image\":{\"@type\":\"ImageObject\",\"inLanguage\":\"es\",\"@id\":\"https:\\\/\\\/secure.gravatar.com\\\/avatar\\\/002af9a4377d87096f281de7725cae2f359bff0b0b7439b98b80936e58af2d91?s=96&d=mm&r=g\",\"url\":\"https:\\\/\\\/secure.gravatar.com\\\/avatar\\\/002af9a4377d87096f281de7725cae2f359bff0b0b7439b98b80936e58af2d91?s=96&d=mm&r=g\",\"contentUrl\":\"https:\\\/\\\/secure.gravatar.com\\\/avatar\\\/002af9a4377d87096f281de7725cae2f359bff0b0b7439b98b80936e58af2d91?s=96&d=mm&r=g\",\"caption\":\"FP Superior UFV\"},\"sameAs\":[\"https:\\\/\\\/fpsuperiorufv.lo\"],\"url\":\"https:\\\/\\\/fpsuperiorufv.es\\\/blog\\\/author\\\/administrador\\\/\"}]}<\/script>\n<!-- \/ Yoast SEO plugin. -->","yoast_head_json":{"title":"\u00bfQu\u00e9 hacer despu\u00e9s de la Integraci\u00f3n Social? - Cetys","robots":{"index":"index","follow":"follow","max-snippet":"max-snippet:-1","max-image-preview":"max-image-preview:large","max-video-preview":"max-video-preview:-1"},"canonical":"https:\/\/fpsuperiorufv.es\/blog\/que-hacer-despues-de-la-integracion-social-blog\/","og_locale":"es_ES","og_type":"article","og_title":"\u00bfQu\u00e9 hacer despu\u00e9s de la Integraci\u00f3n Social? - Cetys","og_description":"\u00a1Enhorabuena! Has completado el ciclo de T\u00e9cnico Superior en Integraci\u00f3n Social. Ahora es momento de reflexionar sobre qu\u00e9 pasos seguir para continuar construyendo tu futuro profesional. En este art\u00edculo, te guiar\u00e9 &hellip;","og_url":"https:\/\/fpsuperiorufv.es\/blog\/que-hacer-despues-de-la-integracion-social-blog\/","og_site_name":"Cetys","article_published_time":"2025-12-05T12:37:59+00:00","article_modified_time":"2025-12-15T13:17:58+00:00","og_image":[{"width":960,"height":540,"url":"https:\/\/fpsuperiorufv.es\/blog\/wp-content\/uploads\/2025\/08\/fp-superior-ufv.png","type":"image\/png"}],"author":"FP Superior UFV","twitter_card":"summary_large_image","twitter_misc":{"Escrito por":"FP Superior UFV","Tiempo de lectura":"4 minutos"},"schema":{"@context":"https:\/\/schema.org","@graph":[{"@type":"Article","@id":"https:\/\/fpsuperiorufv.es\/blog\/que-hacer-despues-de-la-integracion-social-blog\/#article","isPartOf":{"@id":"https:\/\/fpsuperiorufv.es\/blog\/que-hacer-despues-de-la-integracion-social-blog\/"},"author":{"name":"FP Superior UFV","@id":"https:\/\/fpsuperiorufv.es\/blog\/#\/schema\/person\/c7ac6e2e7af298050da8d956ac824347"},"headline":"\u00bfQu\u00e9 hacer despu\u00e9s de la Integraci\u00f3n Social?","datePublished":"2025-12-05T12:37:59+00:00","dateModified":"2025-12-15T13:17:58+00:00","mainEntityOfPage":{"@id":"https:\/\/fpsuperiorufv.es\/blog\/que-hacer-despues-de-la-integracion-social-blog\/"},"wordCount":930,"publisher":{"@id":"https:\/\/fpsuperiorufv.es\/blog\/#organization"},"image":{"@id":"https:\/\/fpsuperiorufv.es\/blog\/que-hacer-despues-de-la-integracion-social-blog\/#primaryimage"},"thumbnailUrl":"https:\/\/fpsuperiorufv.es\/blog\/wp-content\/uploads\/2025\/08\/fp-superior-ufv.png","articleSection":["Blog","Integraci\u00f3n Social","Preguntas frecuentes"],"inLanguage":"es"},{"@type":"WebPage","@id":"https:\/\/fpsuperiorufv.es\/blog\/que-hacer-despues-de-la-integracion-social-blog\/","url":"https:\/\/fpsuperiorufv.es\/blog\/que-hacer-despues-de-la-integracion-social-blog\/","name":"\u00bfQu\u00e9 hacer despu\u00e9s de la Integraci\u00f3n Social? - Cetys","isPartOf":{"@id":"https:\/\/fpsuperiorufv.es\/blog\/#website"},"primaryImageOfPage":{"@id":"https:\/\/fpsuperiorufv.es\/blog\/que-hacer-despues-de-la-integracion-social-blog\/#primaryimage"},"image":{"@id":"https:\/\/fpsuperiorufv.es\/blog\/que-hacer-despues-de-la-integracion-social-blog\/#primaryimage"},"thumbnailUrl":"https:\/\/fpsuperiorufv.es\/blog\/wp-content\/uploads\/2025\/08\/fp-superior-ufv.png","datePublished":"2025-12-05T12:37:59+00:00","dateModified":"2025-12-15T13:17:58+00:00","breadcrumb":{"@id":"https:\/\/fpsuperiorufv.es\/blog\/que-hacer-despues-de-la-integracion-social-blog\/#breadcrumb"},"inLanguage":"es","potentialAction":[{"@type":"ReadAction","target":["https:\/\/fpsuperiorufv.es\/blog\/que-hacer-despues-de-la-integracion-social-blog\/"]}]},{"@type":"ImageObject","inLanguage":"es","@id":"https:\/\/fpsuperiorufv.es\/blog\/que-hacer-despues-de-la-integracion-social-blog\/#primaryimage","url":"https:\/\/fpsuperiorufv.es\/blog\/wp-content\/uploads\/2025\/08\/fp-superior-ufv.png","contentUrl":"https:\/\/fpsuperiorufv.es\/blog\/wp-content\/uploads\/2025\/08\/fp-superior-ufv.png","width":960,"height":540},{"@type":"BreadcrumbList","@id":"https:\/\/fpsuperiorufv.es\/blog\/que-hacer-despues-de-la-integracion-social-blog\/#breadcrumb","itemListElement":[{"@type":"ListItem","position":1,"name":"Home","item":"https:\/\/fpsuperiorufv.es\/blog\/"},{"@type":"ListItem","position":2,"name":"\u00bfQu\u00e9 hacer despu\u00e9s de la Integraci\u00f3n Social?"}]},{"@type":"WebSite","@id":"https:\/\/fpsuperiorufv.es\/blog\/#website","url":"https:\/\/fpsuperiorufv.es\/blog\/","name":"Fp Superior Francisco de Vitoria","description":"","publisher":{"@id":"https:\/\/fpsuperiorufv.es\/blog\/#organization"},"alternateName":"Cetys","potentialAction":[{"@type":"SearchAction","target":{"@type":"EntryPoint","urlTemplate":"https:\/\/fpsuperiorufv.es\/blog\/?s={search_term_string}"},"query-input":{"@type":"PropertyValueSpecification","valueRequired":true,"valueName":"search_term_string"}}],"inLanguage":"es"},{"@type":"Organization","@id":"https:\/\/fpsuperiorufv.es\/blog\/#organization","name":"Cetys","url":"https:\/\/fpsuperiorufv.es\/blog\/","logo":{"@type":"ImageObject","inLanguage":"es","@id":"https:\/\/fpsuperiorufv.es\/blog\/#\/schema\/logo\/image\/","url":"https:\/\/fpsuperiorufv.lo\/wp-content\/uploads\/2025\/02\/logo.svg","contentUrl":"https:\/\/fpsuperiorufv.lo\/wp-content\/uploads\/2025\/02\/logo.svg","width":"1024","height":"1024","caption":"Cetys"},"image":{"@id":"https:\/\/fpsuperiorufv.es\/blog\/#\/schema\/logo\/image\/"}},{"@type":"Person","@id":"https:\/\/fpsuperiorufv.es\/blog\/#\/schema\/person\/c7ac6e2e7af298050da8d956ac824347","name":"FP Superior UFV","image":{"@type":"ImageObject","inLanguage":"es","@id":"https:\/\/secure.gravatar.com\/avatar\/002af9a4377d87096f281de7725cae2f359bff0b0b7439b98b80936e58af2d91?s=96&d=mm&r=g","url":"https:\/\/secure.gravatar.com\/avatar\/002af9a4377d87096f281de7725cae2f359bff0b0b7439b98b80936e58af2d91?s=96&d=mm&r=g","contentUrl":"https:\/\/secure.gravatar.com\/avatar\/002af9a4377d87096f281de7725cae2f359bff0b0b7439b98b80936e58af2d91?s=96&d=mm&r=g","caption":"FP Superior UFV"},"sameAs":["https:\/\/fpsuperiorufv.lo"],"url":"https:\/\/fpsuperiorufv.es\/blog\/author\/administrador\/"}]}},"_links":{"self":[{"href":"https:\/\/fpsuperiorufv.es\/blog\/wp-json\/wp\/v2\/posts\/3193","targetHints":{"allow":["GET"]}}],"collection":[{"href":"https:\/\/fpsuperiorufv.es\/blog\/wp-json\/wp\/v2\/posts"}],"about":[{"href":"https:\/\/fpsuperiorufv.es\/blog\/wp-json\/wp\/v2\/types\/post"}],"author":[{"embeddable":true,"href":"https:\/\/fpsuperiorufv.es\/blog\/wp-json\/wp\/v2\/users\/1"}],"replies":[{"embeddable":true,"href":"https:\/\/fpsuperiorufv.es\/blog\/wp-json\/wp\/v2\/comments?post=3193"}],"version-history":[{"count":1,"href":"https:\/\/fpsuperiorufv.es\/blog\/wp-json\/wp\/v2\/posts\/3193\/revisions"}],"predecessor-version":[{"id":3232,"href":"https:\/\/fpsuperiorufv.es\/blog\/wp-json\/wp\/v2\/posts\/3193\/revisions\/3232"}],"wp:featuredmedia":[{"embeddable":true,"href":"https:\/\/fpsuperiorufv.es\/blog\/wp-json\/wp\/v2\/media\/2616"}],"wp:attachment":[{"href":"https:\/\/fpsuperiorufv.es\/blog\/wp-json\/wp\/v2\/media?parent=3193"}],"wp:term":[{"taxonomy":"category","embeddable":true,"href":"https:\/\/fpsuperiorufv.es\/blog\/wp-json\/wp\/v2\/categories?post=3193"},{"taxonomy":"post_tag","embeddable":true,"href":"https:\/\/fpsuperiorufv.es\/blog\/wp-json\/wp\/v2\/tags?post=3193"}],"curies":[{"name":"wp","href":"https:\/\/api.w.org\/{rel}","templated":true}]}}